{"id":19033,"date":"2016-05-19T23:19:37","date_gmt":"2016-05-19T20:19:37","guid":{"rendered":"http:\/\/www.bghaber.org\/bghaber\/?p=19033"},"modified":"2016-05-19T23:30:53","modified_gmt":"2016-05-19T20:30:53","slug":"bulgaristan-basbakani-borisov-ozbekistanda","status":"publish","type":"post","link":"https:\/\/www.bghaber.org\/bghaber\/bulgaristan-basbakani-borisov-ozbekistanda\/","title":{"rendered":"Bulgaristan Ba\u015fbakan\u0131 Borisov \u00d6zbekistan&#8217;da"},"content":{"rendered":"<h2><a class=\"tkktLnk\" href=\"http:\/\/www.sabah.com.tr\/haberleri\/bulgaristan\" target=\"_blank\" rel=\"tag\"><img data-recalc-dims=\"1\" decoding=\"async\" src=\"https:\/\/i0.wp.com\/static.bnr.bg\/gallery\/14\/1401815545c8849cdb162cf772a621a3.jpg?w=640\" \/><\/a><\/h2>\n<h2><a class=\"tkktLnk\" href=\"http:\/\/www.sabah.com.tr\/haberleri\/bulgaristan\" target=\"_blank\" rel=\"tag\">Bulgaristan<\/a> Ba\u015fbakan\u0131 Boyko Borisov, resmi ziyaret i\u00e7in geldi\u011fi <a class=\"tkktLnk\" href=\"http:\/\/www.sabah.com.tr\/haberleri\/ozbekistan\" target=\"_blank\" rel=\"tag\">\u00d6zbekistan<\/a>&#8216;da Cumhurba\u015fkan\u0131 \u0130slam Kerimov taraf\u0131ndan kabul edildi.<\/h2>\n<p>Cumhurba\u015fkanl\u0131\u011f\u0131 Bas\u0131n B\u00fcrosu&#8217;ndan yap\u0131lan a\u00e7\u0131klamaya g\u00f6re, g\u00f6r\u00fc\u015fme s\u0131ras\u0131nda petrol ve do\u011falgaz konusunda i\u015fbirli\u011fi de dahil taraflar aras\u0131ndaki ticari, ekonomik ve yat\u0131r\u0131m alan\u0131ndaki i\u015fbirli\u011fi meseleleri ele al\u0131nd\u0131.<\/p>\n<p>Kerimov g\u00f6r\u00fc\u015fmede, <a class=\"tkktLnk\" href=\"http:\/\/www.sabah.com.tr\/haberleri\/bulgaristan\" target=\"_blank\" rel=\"tag\">Bulgaristan<\/a> Ba\u015fbakan\u0131&#8217;n\u0131n <a class=\"tkktLnk\" href=\"http:\/\/www.sabah.com.tr\/haberleri\/ozbekistan\" target=\"_blank\" rel=\"tag\">\u00d6zbekistan<\/a>&#8216;a yapt\u0131\u011f\u0131 s\u00f6z konusu ilk resmi ziyaretin \u00fclkeler aras\u0131ndaki ili\u015fkilerde \u00f6nemli oldu\u011funu kaydederken, bu ziyaretin \u00d6zbekistan-<a class=\"tkktLnk\" href=\"http:\/\/www.sabah.com.tr\/haberleri\/bulgaristan\" target=\"_blank\" rel=\"tag\">Bulgaristan<\/a>i\u015fbirli\u011finin geli\u015ftirilmesi i\u00e7in iyi bir f\u0131rsat oldu\u011funu dile getirdi. Kerimov, Bulgaristan&#8217;da s\u00fcrd\u00fcr\u00fclen rekabete dayal\u0131 ekonominin geli\u015ftirilmesi, yat\u0131r\u0131mlar\u0131n artt\u0131r\u0131lmas\u0131 ve KOB\u0130&#8217;lerin desteklenmesine y\u00f6nelik ekonomik politikalar\u0131 desteklediklerini belirtti.<\/p>\n<p>Boyko Borisov da \u00d6zbekistan&#8217;\u0131n ba\u011f\u0131ms\u0131zl\u0131k y\u0131llar\u0131nda ger\u00e7ekle\u015ftirdi\u011fi geni\u015f kapsaml\u0131 reform stratejisi sonucunda sosyo-ekonomik alanda b\u00fcy\u00fck de\u011fi\u015fimler ya\u015fand\u0131\u011f\u0131 de\u011ferlendirmesinde bulunarak, bu reform ve yenileme s\u00fcrecinin \u00d6zbekistan&#8217;\u0131n geli\u015fmesinde \u00f6nemli etken olaca\u011f\u0131n\u0131 ifade etti. Borisov, yeni faaliyete a\u00e7\u0131lan motor ya\u011f\u0131 \u00fcretimi yapan Uz-Prista \u00d6zbek-Bulgar ortak i\u015fletmesinin ihracat potansiyelinin y\u00fcksek oldu\u011funu anlatarak, \u00fclkenin yabanc\u0131 sermaye i\u00e7in olumlu ko\u015fullar sundu\u011funu, bunun yat\u0131r\u0131m projelerinin ger\u00e7ekle\u015ftirilmesinde \u00f6nemli rol oynayaca\u011f\u0131n\u0131 s\u00f6yledi. Borisov, samimi kabul i\u00e7in Kerimov&#8217;a te\u015fekk\u00fcr ederken, \u00fclkesinin \u00d6zbekistan ile \u00e7ok y\u00f6nl\u00fc i\u015fbirli\u011fini geni\u015fletmekten yana oldu\u011funu belirtti.<\/p>\n<p>G\u00f6r\u00fc\u015fmede, ticaret, sanayi, ula\u015f\u0131m, seyahat ve yat\u0131r\u0131m alanlar\u0131 da dahil taraflar aras\u0131ndaki i\u015fbirli\u011finin t\u00fcm y\u00f6nleri ele al\u0131n\u0131rken, ayr\u0131ca ortak i\u015fletmelerin olu\u015fturulmas\u0131 konusunda da fikir al\u0131\u015fveri\u015finde bulunuldu. G\u00f6r\u00fc\u015fmede taraflar, kar\u015f\u0131l\u0131kl\u0131 ticari ili\u015fkilerin daha da geli\u015ftirilmesi i\u00e7in her iki \u00fclkenin de b\u00fcy\u00fck potansiyele sahip oldu\u011funu vurgulayarak, bu kapsamda \u00d6zbekistan&#8217;\u0131n Bulgaristan&#8217;a sanayi \u00fcr\u00fcnleri, Bulgaristan&#8217;\u0131n ise bu \u00fclkeye y\u00fcksek teknoloji ihra\u00e7 etmesinin her iki \u00fclkenin de yarar\u0131na olaca\u011f\u0131 g\u00f6r\u00fc\u015f\u00fcnde birle\u015fti.<\/p>\n<p>G\u00f6r\u00fc\u015fmede, \u00d6zbekistan ile Bulgaristan aras\u0131ndaki ticari, ekonomik ve yat\u0131r\u0131m alan\u0131nda yeni projelerin hayata ge\u00e7irilmesi ve bu \u00e7er\u00e7evede heyetlerin kar\u015f\u0131l\u0131kl\u0131 ziyaret yapmas\u0131 konusunda uzla\u015fma sa\u011fland\u0131. Taraflar, \u00d6zbekistan \u00fcr\u00fcnlerinin Avrupa&#8217;ya, Bulgaristan \u00fcr\u00fcnlerinin de Asya \u00fclkelerine sevk\u0131yat\u0131nda her iki \u00fclkenin ula\u015f\u0131m altyap\u0131s\u0131 ve transit potansiyelinin \u00f6nemine dikkati \u00e7ekti.<\/p><div id=\"bghab-480494527\" class=\"bghab-icerik-icine bghab-entity-placement\"><script async src=\"\/\/pagead2.googlesyndication.com\/pagead\/js\/adsbygoogle.js?client=ca-pub-6203283170189293\" crossorigin=\"anonymous\"><\/script><ins class=\"adsbygoogle\" style=\"display:block; text-align:center;\" data-ad-client=\"ca-pub-6203283170189293\" \ndata-ad-slot=\"7303146466\" \ndata-ad-layout=\"in-article\"\ndata-ad-format=\"fluid\" data-full-width-responsive=\"true\"><\/ins>\n<script> \n(adsbygoogle = window.adsbygoogle || []).push({}); \n<\/script>\n<\/div>\n<p>Borisov \u00d6zbekistan ziyaretinde, d\u00fcn Ta\u015fkent&#8217;te a\u00e7\u0131lan Petrol-Gaz Uluslararas\u0131 Fuar\u0131&#8217;n\u0131n a\u00e7\u0131l\u0131\u015f\u0131na kat\u0131l\u0131rken, Uz-Prista Recycling \u00d6zbek-Bulgar ortak i\u015fletmesinin a\u00e7\u0131l\u0131\u015f\u0131nda da bulunmu\u015ftu.<\/p>\n<div id=\"bghab-1412270966\" class=\"bghab-yazi-altinda bghab-entity-placement\"><div class=\"bghab-adlabel\">Reklamlar<\/div><script async src=\"https:\/\/pagead2.googlesyndication.com\/pagead\/js\/adsbygoogle.js\"><\/script>\r\n<!-- bghaber-yaz\u0131-sonu -->\r\n<ins class=\"adsbygoogle\"\r\n     style=\"display:block\"\r\n     data-ad-client=\"ca-pub-6203283170189293\"\r\n     data-ad-slot=\"4222328180\"\r\n     data-ad-format=\"auto\"\r\n     data-full-width-responsive=\"true\"><\/ins>\r\n<script>\r\n     (adsbygoogle = window.adsbygoogle || []).push({});\r\n<\/script><\/div><br style=\"clear: both; display: block; float: none;\"\/>","protected":false},"excerpt":{"rendered":"<p>Bulgaristan Ba\u015fbakan\u0131 Boyko Borisov, resmi ziyaret i\u00e7in geldi\u011fi \u00d6zbekistan&#8216;da Cumhurba\u015fkan\u0131 \u0130slam Kerimov taraf\u0131ndan kabul edildi. Cumhurba\u015fkanl\u0131\u011f\u0131 Bas\u0131n B\u00fcrosu&#8217;ndan yap\u0131lan a\u00e7\u0131klamaya g\u00f6re, g\u00f6r\u00fc\u015fme s\u0131ras\u0131nda petrol ve<\/p>\n","protected":false},"author":13,"featured_media":13881,"comment_status":"closed","ping_status":"closed","sticky":false,"template":"","format":"standard","meta":{"advanced_seo_description":"","jetpack_seo_html_title":"","jetpack_seo_noindex":false,"_jetpack_memberships_contains_paid_content":false,"footnotes":""},"categories":[4],"tags":[],"class_list":["post-19033","post","type-post","status-publish","format-standard","has-post-thumbnail","hentry","category-siyaset"],"jetpack_featured_media_url":"https:\/\/i0.wp.com\/www.bghaber.org\/bghaber\/wp-content\/uploads\/2015\/02\/boyko-bg.jpg?fit=610%2C343&ssl=1","jetpack_sharing_enabled":true,"jetpack_likes_enabled":true,"jetpack-related-posts":[],"jetpack_shortlink":"https:\/\/wp.me\/pc2PfJ-4WZ","_links":{"self":[{"href":"https:\/\/www.bghaber.org\/bghaber\/wp-json\/wp\/v2\/posts\/19033","targetHints":{"allow":["GET"]}}],"collection":[{"href":"https:\/\/www.bghaber.org\/bghaber\/wp-json\/wp\/v2\/posts"}],"about":[{"href":"https:\/\/www.bghaber.org\/bghaber\/wp-json\/wp\/v2\/types\/post"}],"author":[{"embeddable":true,"href":"https:\/\/www.bghaber.org\/bghaber\/wp-json\/wp\/v2\/users\/13"}],"replies":[{"embeddable":true,"href":"https:\/\/www.bghaber.org\/bghaber\/wp-json\/wp\/v2\/comments?post=19033"}],"version-history":[{"count":0,"href":"https:\/\/www.bghaber.org\/bghaber\/wp-json\/wp\/v2\/posts\/19033\/revisions"}],"wp:featuredmedia":[{"embeddable":true,"href":"https:\/\/www.bghaber.org\/bghaber\/wp-json\/wp\/v2\/media\/13881"}],"wp:attachment":[{"href":"https:\/\/www.bghaber.org\/bghaber\/wp-json\/wp\/v2\/media?parent=19033"}],"wp:term":[{"taxonomy":"category","embeddable":true,"href":"https:\/\/www.bghaber.org\/bghaber\/wp-json\/wp\/v2\/categories?post=19033"},{"taxonomy":"post_tag","embeddable":true,"href":"https:\/\/www.bghaber.org\/bghaber\/wp-json\/wp\/v2\/tags?post=19033"}],"curies":[{"name":"wp","href":"https:\/\/api.w.org\/{rel}","templated":true}]}}