{"id":19024,"date":"2016-05-19T22:59:01","date_gmt":"2016-05-19T19:59:01","guid":{"rendered":"http:\/\/www.bghaber.org\/bghaber\/?p=19024"},"modified":"2016-05-19T23:06:22","modified_gmt":"2016-05-19T20:06:22","slug":"sampiyon-besiktas-kupasina-kavustu","status":"publish","type":"post","link":"https:\/\/www.bghaber.org\/bghaber\/sampiyon-besiktas-kupasina-kavustu\/","title":{"rendered":"\u015eampiyon Be\u015fikta\u015f, kupas\u0131na kavu\u015ftu"},"content":{"rendered":"<h2><img data-recalc-dims=\"1\" decoding=\"async\" src=\"https:\/\/i0.wp.com\/i.sabah.com.tr\/sbh\/2016\/05\/19\/650x344\/1463665828717.jpg?w=640\" alt=\"Be\u015fikta\u015f'tan \u015fampiyonluk pozu\" \/><\/h2>\n<h2>S\u00fcper Lig&#8217;i \u015fampiyonlukla kapatan <a class=\"tkktLnk\" href=\"http:\/\/www.sabah.com.tr\/haberleri\/besiktas\" target=\"_blank\" rel=\"tag\">Be\u015fikta\u015f<\/a>, Vodafone Arena&#8217;da ger\u00e7ekle\u015fecek kutlamalar i\u00e7in <a class=\"tkktLnk\" href=\"http:\/\/www.sabah.com.tr\/haberleri\/deniz\" target=\"_blank\" rel=\"tag\">deniz<\/a> yoluyla Dolmabah\u00e7e&#8217;ye do\u011fru hareket etti.<\/h2>\n<p>Spor Toto S\u00fcper Ligi 2015-2016 Hasan Do\u011fan Sezonu \u015fampiyonu<a class=\"tkktLnk\" href=\"http:\/\/www.sabah.com.tr\/haberleri\/besiktas\" target=\"_blank\" rel=\"tag\">Be\u015fikta\u015f<\/a>, Arena&#8217;da \u015fampiyonluk kupas\u0131n\u0131 ald\u0131 ve kutlama yapt\u0131.<\/p>\n<p><img data-recalc-dims=\"1\" decoding=\"async\" src=\"https:\/\/i0.wp.com\/i.sabah.com.tr\/sbh\/2016\/05\/19\/1463687588233.jpg?w=640\" alt=\"\" \/><\/p>\n<p><strong>MUHTE\u015eEM G\u00d6R\u00dcNT\u00dcLER<\/strong><\/p>\n<p>Sezonu zirvede tamamlayan siyah-beyazl\u0131lar, evinde kupas\u0131n\u0131 ald\u0131.<\/p>\n<p>Kupa t\u00f6reni \u00f6ncesinde ise trib\u00fcnlerde bulunan taraftarlar muhte\u015fem \u015fovlara imza att\u0131lar.<\/p>\n<p><img data-recalc-dims=\"1\" decoding=\"async\" src=\"https:\/\/i0.wp.com\/spormega.com\/uploads\/images\/besiktas.jpg?w=640\" \/><\/p>\n<p><strong>TOSIC&#8217;\u0130N E\u015e\u0130 DE SAHNE ALDI<\/strong><\/p><div id=\"bghab-1176088048\" class=\"bghab-icerik-icine bghab-entity-placement\"><script async src=\"\/\/pagead2.googlesyndication.com\/pagead\/js\/adsbygoogle.js?client=ca-pub-6203283170189293\" crossorigin=\"anonymous\"><\/script><ins class=\"adsbygoogle\" style=\"display:block; text-align:center;\" data-ad-client=\"ca-pub-6203283170189293\" \ndata-ad-slot=\"7303146466\" \ndata-ad-layout=\"in-article\"\ndata-ad-format=\"fluid\" data-full-width-responsive=\"true\"><\/ins>\n<script> \n(adsbygoogle = window.adsbygoogle || []).push({}); \n<\/script>\n<\/div>\n<p>Siyah-beyazl\u0131lar\u0131n \u015fampiyonluk kutlamas\u0131nda S\u0131rp futbolcu Dusko Tosic&#8217;in e\u015fi Jelena da sahne ald\u0131 ve taraftarlar\u0131 co\u015fturdu.<\/p>\n<p><img data-recalc-dims=\"1\" decoding=\"async\" src=\"https:\/\/i0.wp.com\/i.sabah.com.tr\/sbh\/2016\/05\/19\/1463687649269.jpg?w=640\" alt=\"\" \/><\/p>\n<p>&nbsp;<\/p>\n<p><img data-recalc-dims=\"1\" decoding=\"async\" src=\"https:\/\/i0.wp.com\/i.hurimg.com\/i\/hurriyet\/90\/0x0\/5738baea67b0a91f5482afc9.jpg?w=640\" \/><\/p>\n<p><img data-recalc-dims=\"1\" loading=\"lazy\" decoding=\"async\" class=\"\" src=\"https:\/\/i0.wp.com\/www.resimbul.com\/sonuc\/besiktas\/besiktas-sampiyonluklari\/besiktas-sampiyonluklari-cddf77.jpg?resize=542%2C361\" width=\"542\" height=\"361\" \/><\/p>\n<p><img data-recalc-dims=\"1\" height=\"420\" width=\"640\" decoding=\"async\" src=\"https:\/\/i0.wp.com\/www.sporkolik.net\/wp-content\/uploads\/2016\/04\/2015-2016-sampiyon-besiktas-642x421.jpg?resize=640%2C420\" \/><\/p>\n<div id=\"bghab-2013582409\" class=\"bghab-yazi-altinda bghab-entity-placement\"><div class=\"bghab-adlabel\">Reklamlar<\/div><script async src=\"https:\/\/pagead2.googlesyndication.com\/pagead\/js\/adsbygoogle.js\"><\/script>\r\n<!-- bghaber-yaz\u0131-sonu -->\r\n<ins class=\"adsbygoogle\"\r\n     style=\"display:block\"\r\n     data-ad-client=\"ca-pub-6203283170189293\"\r\n     data-ad-slot=\"4222328180\"\r\n     data-ad-format=\"auto\"\r\n     data-full-width-responsive=\"true\"><\/ins>\r\n<script>\r\n     (adsbygoogle = window.adsbygoogle || []).push({});\r\n<\/script><\/div><br style=\"clear: both; display: block; float: none;\"\/>","protected":false},"excerpt":{"rendered":"<p>S\u00fcper Lig&#8217;i \u015fampiyonlukla kapatan Be\u015fikta\u015f, Vodafone Arena&#8217;da ger\u00e7ekle\u015fecek kutlamalar i\u00e7in deniz yoluyla Dolmabah\u00e7e&#8217;ye do\u011fru hareket etti. Spor Toto S\u00fcper Ligi 2015-2016 Hasan Do\u011fan Sezonu \u015fampiyonuBe\u015fikta\u015f,<\/p>\n","protected":false},"author":13,"featured_media":0,"comment_status":"closed","ping_status":"closed","sticky":false,"template":"","format":"standard","meta":{"advanced_seo_description":"","jetpack_seo_html_title":"","jetpack_seo_noindex":false,"_jetpack_memberships_contains_paid_content":false,"footnotes":""},"categories":[7],"tags":[],"class_list":["post-19024","post","type-post","status-publish","format-standard","hentry","category-saglik-spor"],"jetpack_featured_media_url":"","jetpack_sharing_enabled":true,"jetpack_likes_enabled":true,"jetpack-related-posts":[],"jetpack_shortlink":"https:\/\/wp.me\/pc2PfJ-4WQ","_links":{"self":[{"href":"https:\/\/www.bghaber.org\/bghaber\/wp-json\/wp\/v2\/posts\/19024","targetHints":{"allow":["GET"]}}],"collection":[{"href":"https:\/\/www.bghaber.org\/bghaber\/wp-json\/wp\/v2\/posts"}],"about":[{"href":"https:\/\/www.bghaber.org\/bghaber\/wp-json\/wp\/v2\/types\/post"}],"author":[{"embeddable":true,"href":"https:\/\/www.bghaber.org\/bghaber\/wp-json\/wp\/v2\/users\/13"}],"replies":[{"embeddable":true,"href":"https:\/\/www.bghaber.org\/bghaber\/wp-json\/wp\/v2\/comments?post=19024"}],"version-history":[{"count":0,"href":"https:\/\/www.bghaber.org\/bghaber\/wp-json\/wp\/v2\/posts\/19024\/revisions"}],"wp:attachment":[{"href":"https:\/\/www.bghaber.org\/bghaber\/wp-json\/wp\/v2\/media?parent=19024"}],"wp:term":[{"taxonomy":"category","embeddable":true,"href":"https:\/\/www.bghaber.org\/bghaber\/wp-json\/wp\/v2\/categories?post=19024"},{"taxonomy":"post_tag","embeddable":true,"href":"https:\/\/www.bghaber.org\/bghaber\/wp-json\/wp\/v2\/tags?post=19024"}],"curies":[{"name":"wp","href":"https:\/\/api.w.org\/{rel}","templated":true}]}}