{"id":19017,"date":"2016-05-19T22:25:16","date_gmt":"2016-05-19T19:25:16","guid":{"rendered":"http:\/\/www.bghaber.org\/bghaber\/?p=19017"},"modified":"2016-05-19T23:34:02","modified_gmt":"2016-05-19T20:34:02","slug":"bulgaristan-disinda-secmen-haklari-sinirlaniyor-mu","status":"publish","type":"post","link":"https:\/\/www.bghaber.org\/bghaber\/bulgaristan-disinda-secmen-haklari-sinirlaniyor-mu\/","title":{"rendered":"Bulgaristan D\u0131\u015f\u0131nda Se\u00e7men Haklar\u0131 S\u0131n\u0131rlan\u0131yor mu?"},"content":{"rendered":"<p><a class=\"keyword\" title=\"Bulgaristan Haberleri\" href=\"http:\/\/www.haberler.com\/bulgaristan\/\" rel=\"nofollow\"><img data-recalc-dims=\"1\" decoding=\"async\" src=\"https:\/\/i0.wp.com\/www.bghaber.org\/bghaber\/wp-content\/uploads\/2016\/03\/bg-cumhur.jpg?w=640\" alt=\"bg cumhur\" \/><\/a><\/p>\n<p><a class=\"keyword\" title=\"Bulgaristan Haberleri\" href=\"http:\/\/www.haberler.com\/bulgaristan\/\" rel=\"nofollow\">Bulgaristan<\/a> Parlamentosu, <a class=\"keyword\" title=\"Cumhurba\u015fkan\u0131 Haberleri\" href=\"http:\/\/www.haberler.com\/cumhurbaskani\/\" rel=\"nofollow\">Cumhurba\u015fkan\u0131<\/a> <a class=\"keyword\" title=\"Rosen Plevneliev Haberleri\" href=\"http:\/\/www.haberler.com\/rosen-plevneliev\/\" rel=\"nofollow\">Rosen Plevneliev<\/a>&#8216;in veto etti\u011fi se\u00e7im yasas\u0131n\u0131 yeniden kabul etti.\u00a0T\u00fcrkiye ba\u015fta olmak \u00fczere, yurt d\u0131\u015f\u0131ndaki <a class=\"keyword\" title=\"Bulgaristan Haberleri\" href=\"http:\/\/www.haberler.com\/bulgaristan\/\" rel=\"nofollow\">Bulgaristan<\/a> vatanda\u015f\u0131 se\u00e7menlerin haklar\u0131n\u0131 s\u0131n\u0131rland\u0131ran yasa ile ilgili oylamaya \u00e7o\u011funlu\u011funu T\u00fcrklerin olu\u015fturdu\u011fu Hak ve \u00d6zg\u00fcrl\u00fckler Hareketi (H\u00d6H) Partisi milletvekilleri de kat\u0131ld\u0131.<\/p>\n<p>Oylamaya kat\u0131lan 165 milletvekilli\u011finden 135&#8217;i kabul, 27&#8217;si ise ret oyu kulland\u0131. 3 <a class=\"keyword\" title=\"milletvekili Haberleri\" href=\"http:\/\/www.haberler.com\/milletvekili\/\" rel=\"nofollow\">milletvekili<\/a>\u00a0de \u00e7ekimser kald\u0131.<br \/>\nBa\u015fbakan Boyko Borisov&#8217;un 3 partili h\u00fckumetine d\u0131\u015far\u0131dan kilit destek veren \u0131rk\u00e7\u0131 ve a\u015f\u0131r\u0131 milliyet\u00e7i Vatansever Cephe (PF) koalisyonunun telkini ile yap\u0131lan se\u00e7im yasas\u0131 de\u011fi\u015fikliklerine g\u00f6re, oy kullan\u0131m\u0131 yurt i\u00e7inde zorunlu, yurt d\u0131\u015f\u0131nda ise iste\u011fe ba\u011fl\u0131 olarak belirlendi.<\/p>\n<p>Buna g\u00f6re, arka arkaya iki se\u00e7imde oy kullanmayan vatanda\u015flar\u0131n isimleri se\u00e7men listelerinden silinecek ve oy kullanma yerlerinin <a class=\"keyword\" title=\"Bulgaristan Haberleri\" href=\"http:\/\/www.haberler.com\/bulgaristan\/\" rel=\"nofollow\">Bulgaristan<\/a>&#8216;\u0131n sadece diplomatik temsilciliklerinde, n\u00fcfusu 1 milyonu a\u015fan \u015fehirlerde ise en az 100 se\u00e7menin yaz\u0131l\u0131 talebi ile a\u00e7\u0131lmas\u0131na izin verilecek.<\/p>\n<p>\u00dclkede 2013 y\u0131l\u0131nda yap\u0131lan son genel se\u00e7imde <a class=\"keyword\" title=\"T\u00fcrkiye Haberleri\" href=\"http:\/\/www.haberler.com\/turkiye\/\" rel=\"nofollow\">T\u00fcrkiye<\/a>&#8216;deki 136 se\u00e7im sand\u0131\u011f\u0131nda oy kullan\u0131lm\u0131\u015ft\u0131.<\/p>\n<p>PF E\u015f Ba\u015fkan\u0131 Krasimir Karaka\u00e7anov da <a class=\"keyword\" title=\"T\u00fcrkiye Haberleri\" href=\"http:\/\/www.haberler.com\/turkiye\/\" rel=\"nofollow\">T\u00fcrkiye<\/a>&#8216;den s\u00f6zde <strong>&#8220;kontrols\u00fcz&#8221;<\/strong> gelen oylar\u0131n \u00f6n\u00fcne engel konulmas\u0131ndan memnuniyet duydu\u011funu ifade etti.<br \/>\nCumhurba\u015fkan\u0131 <a class=\"keyword\" title=\"Rosen Plevneliev Haberleri\" href=\"http:\/\/www.haberler.com\/rosen-plevneliev\/\" rel=\"nofollow\">Rosen Plevneliev<\/a>&#8216;in yasay\u0131 onaylad\u0131ktan sonra, H\u00d6H Partisi&#8217;nin yasa de\u011fi\u015fikli\u011fini Anayasa Mahkemesine g\u00f6t\u00fcrmesi bekleniyor.<\/p><div id=\"bghab-3027506309\" class=\"bghab-icerik-icine bghab-entity-placement\"><script async src=\"\/\/pagead2.googlesyndication.com\/pagead\/js\/adsbygoogle.js?client=ca-pub-6203283170189293\" crossorigin=\"anonymous\"><\/script><ins class=\"adsbygoogle\" style=\"display:block; text-align:center;\" data-ad-client=\"ca-pub-6203283170189293\" \ndata-ad-slot=\"7303146466\" \ndata-ad-layout=\"in-article\"\ndata-ad-format=\"fluid\" data-full-width-responsive=\"true\"><\/ins>\n<script> \n(adsbygoogle = window.adsbygoogle || []).push({}); \n<\/script>\n<\/div>\n<div id=\"bghab-2209494521\" class=\"bghab-yazi-altinda bghab-entity-placement\"><div class=\"bghab-adlabel\">Reklamlar<\/div><script async src=\"https:\/\/pagead2.googlesyndication.com\/pagead\/js\/adsbygoogle.js\"><\/script>\r\n<!-- bghaber-yaz\u0131-sonu -->\r\n<ins class=\"adsbygoogle\"\r\n     style=\"display:block\"\r\n     data-ad-client=\"ca-pub-6203283170189293\"\r\n     data-ad-slot=\"4222328180\"\r\n     data-ad-format=\"auto\"\r\n     data-full-width-responsive=\"true\"><\/ins>\r\n<script>\r\n     (adsbygoogle = window.adsbygoogle || []).push({});\r\n<\/script><\/div><br style=\"clear: both; display: block; float: none;\"\/>","protected":false},"excerpt":{"rendered":"<p>Bulgaristan Parlamentosu, Cumhurba\u015fkan\u0131 Rosen Plevneliev&#8216;in veto etti\u011fi se\u00e7im yasas\u0131n\u0131 yeniden kabul etti.\u00a0T\u00fcrkiye ba\u015fta olmak \u00fczere, yurt d\u0131\u015f\u0131ndaki Bulgaristan vatanda\u015f\u0131 se\u00e7menlerin haklar\u0131n\u0131 s\u0131n\u0131rland\u0131ran yasa ile ilgili<\/p>\n","protected":false},"author":13,"featured_media":18349,"comment_status":"closed","ping_status":"closed","sticky":false,"template":"","format":"standard","meta":{"advanced_seo_description":"","jetpack_seo_html_title":"","jetpack_seo_noindex":false,"_jetpack_memberships_contains_paid_content":false,"footnotes":""},"categories":[5],"tags":[],"class_list":["post-19017","post","type-post","status-publish","format-standard","has-post-thumbnail","hentry","category-yasam"],"jetpack_featured_media_url":"https:\/\/i0.wp.com\/www.bghaber.org\/bghaber\/wp-content\/uploads\/2016\/03\/bg-cumhur.jpg?fit=610%2C343&ssl=1","jetpack_sharing_enabled":true,"jetpack_likes_enabled":true,"jetpack-related-posts":[],"jetpack_shortlink":"https:\/\/wp.me\/pc2PfJ-4WJ","_links":{"self":[{"href":"https:\/\/www.bghaber.org\/bghaber\/wp-json\/wp\/v2\/posts\/19017","targetHints":{"allow":["GET"]}}],"collection":[{"href":"https:\/\/www.bghaber.org\/bghaber\/wp-json\/wp\/v2\/posts"}],"about":[{"href":"https:\/\/www.bghaber.org\/bghaber\/wp-json\/wp\/v2\/types\/post"}],"author":[{"embeddable":true,"href":"https:\/\/www.bghaber.org\/bghaber\/wp-json\/wp\/v2\/users\/13"}],"replies":[{"embeddable":true,"href":"https:\/\/www.bghaber.org\/bghaber\/wp-json\/wp\/v2\/comments?post=19017"}],"version-history":[{"count":0,"href":"https:\/\/www.bghaber.org\/bghaber\/wp-json\/wp\/v2\/posts\/19017\/revisions"}],"wp:featuredmedia":[{"embeddable":true,"href":"https:\/\/www.bghaber.org\/bghaber\/wp-json\/wp\/v2\/media\/18349"}],"wp:attachment":[{"href":"https:\/\/www.bghaber.org\/bghaber\/wp-json\/wp\/v2\/media?parent=19017"}],"wp:term":[{"taxonomy":"category","embeddable":true,"href":"https:\/\/www.bghaber.org\/bghaber\/wp-json\/wp\/v2\/categories?post=19017"},{"taxonomy":"post_tag","embeddable":true,"href":"https:\/\/www.bghaber.org\/bghaber\/wp-json\/wp\/v2\/tags?post=19017"}],"curies":[{"name":"wp","href":"https:\/\/api.w.org\/{rel}","templated":true}]}}