{"id":19013,"date":"2016-05-18T23:42:15","date_gmt":"2016-05-18T20:42:15","guid":{"rendered":"http:\/\/www.bghaber.org\/bghaber\/?p=19013"},"modified":"2016-05-18T23:42:15","modified_gmt":"2016-05-18T20:42:15","slug":"insanlari-kullanip-kullanip-bir-pecete-gibi-attilar","status":"publish","type":"post","link":"https:\/\/www.bghaber.org\/bghaber\/insanlari-kullanip-kullanip-bir-pecete-gibi-attilar\/","title":{"rendered":"\u0130nsanlar\u0131 kullan\u0131p kullan\u0131p bir pe\u00e7ete gibi att\u0131lar"},"content":{"rendered":"<p><img data-recalc-dims=\"1\" loading=\"lazy\" decoding=\"async\" class=\"\" src=\"https:\/\/i0.wp.com\/www.bghaber.org\/bghaber\/wp-content\/uploads\/2016\/01\/levent1.jpg?resize=85%2C106\" alt=\"levent1\" width=\"85\" height=\"106\" \/>\u00a0Levent RAS\u0130M<\/p>\n<p>Konu:\u00a0 <strong>Nank\u00f6r, g\u00f6rd\u00fc\u011f\u00fc iyili\u011fi unutand\u0131r.<\/strong><strong>\u00a0 \u00a0 \u00a0 \u00a0 \u00a0 \u00a0 \u00a0<\/strong><\/p>\n<p><strong>Vatan\u0131n\u0131 yitirirsen e\u011fer\u00a0<\/strong><strong><br \/>\n\u0130\u015fin en k\u00f6t\u00fcs\u00fc i\u015fte budur<br \/>\n\u00d6l\u00fcler gibi tamtak\u0131rs\u0131n<\/strong><\/p>\n<table>\n<tbody>\n<tr>\n<td width=\"614\">Bu s\u00f6zler K\u0131rcaali ayd\u0131n\u0131 Niyazi H\u00fcseyin Bahtiyar&#8217;a aittir.<\/p>\n<p>Bunun i\u00e7in ben bizi vatan\u0131m\u0131z\u0131 b\u0131rak\u0131p g\u00f6\u00e7\u00f6e zorlayanlara en b\u00fcy\u00fck <strong>NANK\u00d6R <\/strong>diyorum. Ben bir Deliormanl\u0131y\u0131m. Bizim \u00e7ift\u00e7i insanlar\u0131m\u0131z\u0131n basit felsefesinde <strong>NANK\u00d6RL\u00dcK<\/strong> yoktur.\u00a0 S\u00f6ylemek istedi\u011fim \u015fudur:<\/p>\n<p>Baz\u0131 insanlar\u0131 sanki her zaman aldatabilirsiniz, (1985&#8217;te bize siz Bulgars\u0131n\u0131z dedikleri gibi);<\/p>\n<p>Herkesi de bazen aldatabilirsiniz (1990&#8217;da Hak ve \u00d6zg\u00fcrl\u00fckler Hareketi &#8211; H\u00d6H partisi kurulurken hainlerin hepimizi birden aldatt\u0131\u011f\u0131 gibi. Haklar\u0131n\u0131z\u0131 alacaks\u0131n\u0131z demediler miydi?);<\/p>\n<p>Fakat her zaman aldatamazs\u0131n\u0131z (\u00e7\u00fcnk\u00fc halk\u0131n do\u011frular\u0131 fark etmesi engellenemez bir s\u00fcre\u00e7tir, bilin\u00e7lenmek do\u011fald\u0131r, ezilenin akl\u0131 mutlaka gelir, \u00a0biz aldat\u0131lm\u0131\u015f oldu\u011fumuzu sezinleriz ve i\u015fleri d\u00fczeltmeye \u00e7al\u0131\u015f\u0131r\u0131z, 2015 yerel se\u00e7imlerinden Deliorman&#8217;da ise al\u0131nan sonu\u00e7lar ortadad\u0131r, ba\u011f\u0131ms\u0131zlar\u0131 \u00f6ne s\u00fcrd\u00fck ve se\u00e7tik yani i\u015fleri yoluna koyabildik. H\u00d6H-\u00e7\u00fc yalanc\u0131lar siyasi \u00e7\u00f6pe itildi.)<\/p>\n<p>Biz s\u00f6z\u00fcn\u00fc etti\u011fim yerel se\u00e7imlerde <strong>g\u00fcvenilir ama beceriksiz<\/strong>; <strong>becerikli ama H\u00d6H y\u00f6netiminin g\u00fcvenmedi\u011fi<\/strong> kadrolara aras\u0131nda se\u00e7im yapmak zorunda kald\u0131k. Hangisini mi se\u00e7tik. Tabii ki, becerikli olanlar. Becerikli ve d\u00fcr\u00fcst olan kadrolar her zaman taban g\u00fcveni kazan\u0131r. Se\u00e7im isabetli oldu.<\/p>\n<p><strong>H\u00d6H y\u00f6netimi s\u00f6zde g\u00fcvendi\u011fi kadrolar\u0131 hep kullan\u0131p kullan\u0131p sonra da pa\u00e7avra gibi atmad\u0131 m\u0131?<\/strong> 10 bin ayd\u0131n g\u00f6\u00e7e zorlanmad\u0131 m\u0131? T\u00fcrkiye&#8217;de okuyan 1 500 \u00f6\u011frenci neden geri gelmiyor? Bunun hayr\u0131n\u0131 g\u00f6receklerini mi san\u0131yorlar? En g\u00fcvendikleri kadrolardan olan, belediye ba\u015fkan\u0131, doktor, milletvekili Nihat Tabakov\u00a0 Varna hapishanesinde yatm\u0131yor mu?\u00a0 Ak Kad\u0131nlar milletvekili, Silistre H\u00d6H \u0130l Ba\u015fkan\u0131 sanc\u0131l\u0131ktan tebligat beklemiyor mu? Bu ne kadar b\u00f6yle devam edebilir? Bir T\u00fcrk\u00fcn hainler ba\u015f\u0131 Ahmet Do\u011fan&#8217;\u0131n g\u00fcvenini kazanmas\u0131 hi\u00e7 bir anlama gelmez, \u00e7\u00fcnk\u00fc &#8220;<strong>lider&#8221; ge\u00e7inen nank\u00f6r<\/strong> halk\u0131n sevdi\u011fi kadrolar\u0131 kullan\u0131p kullan\u0131p \u00e7\u00f6pe att\u0131. \u015eimdi kapam\u0131\u015f kendini &#8220;<strong>saray<\/strong>&#8220;a bah\u00e7ede k\u00f6pek besliyor. 3 milletvekili d\u0131\u015f\u0131nda &#8220;<strong>kimse ile g\u00f6r\u00fc\u015fmek, konu\u015fmak, mektup almak, telefon kald\u0131rmak istemiyoruym<\/strong>,&#8221;\u00a0 demi\u015f. Ba\u015f\u0131n\u0131 kald\u0131r\u0131p g\u00fcne\u015fe bakmaya \u00fc\u015fenen bir NANK\u00d6R&#8217;den ne beklenir ki! Beklemek yanl\u0131\u015f&#8230;<\/p>\n<p>O bir beceriksizdir ve beceriksiz biri bundan sonra bizim i\u015fimize yaramaz.<\/p>\n<p>Ahmet Do\u011fan&#8217;\u0131n \u015fi\u015firilmi\u015f bir balon oldu\u011funu art\u0131k herkes anlad\u0131. Diplomas\u0131 yok, \u00fcniversiteye yaz\u0131lm\u0131\u015f, Bulgarca okumu\u015f felsefe bitirmi\u015f, yaz\u0131lm\u0131\u015f bi\u015fr tek kitab\u0131 yok hop Felsefe Doktoru olmu\u015f, bunlar\u0131 ba\u015fkas\u0131na anlats\u0131nlar. Balonun patlamas\u0131n\u0131 bekliyoruz.<\/p>\n<p>\u015eu yeni se\u00e7ilen Mustafa Karaday\u0131 i\u00e7in de s\u00f6ylemek istedi\u011fim birka\u00e7 s\u00f6z var. Bu gen\u00e7 Deliormanl\u0131 de\u011fil. Rodop Da\u011flar\u0131n\u0131n Borino k\u00f6y\u00fcnde kom pil tarlar\u0131nda ve \u00e7amlar aras\u0131nda yeti\u015fmi\u015f. \u015eu onun \u00e7amlar aras\u0131nda yeti\u015fip de ulusal dava haini Ahmet Do\u011fan&#8217;a erkek sekreter olacak kadar al\u00e7ak d\u00fc\u015fmesiyle ilgili akl\u0131ma gelen bir f\u0131kra var, sizinle payla\u015fmak istiyorum:<\/p>\n<p>&#8220;Birka\u00e7 oduncu birle\u015fmi\u015fler, bir \u00e7am\u0131 yar\u0131yorlarm\u0131\u015f; \u00f6nce a\u011fac\u0131n odunundan \u00fc\u00e7 be\u015f tane kama yapt\u0131klar\u0131 i\u00e7in i\u015fleri kolay gidiyormu\u015f. Koca \u00e7amlar\u0131 \u00e7at\u0131rdaya\u00a0 \u00e7at\u0131rdaya yar\u0131yorlarm\u0131\u015f.\u00a0 \u00c7am, duruma bakm\u0131\u015f bakm\u0131\u015f: <strong>&#8216;Baltaya k\u0131zm\u0131yorum, elbette keser beni; ama benden do\u011fan\u00a0 \u015fu kamalar yok mu, as\u0131l onlar\u0131nki g\u00fcc\u00fcme gidiyor!<\/strong>&#8216; &#8221; demi\u015f.<\/p>\n<p>\u0130yili\u011fe kar\u015f\u0131 kemlik g\u00f6rmek, vefas\u0131zl\u0131\u011f\u0131n kor ate\u015fiyle k\u0131vranmak ve yaralanm\u0131\u015f duygular\u0131n\u00a0 ac\u0131s\u0131yla ya\u015famak insana zor geliyor.<\/p>\n<p>Kukla ba\u015fkan\u00a0 Karaday\u0131 da \u00e7amlar aras\u0131nda yeti\u015fmi\u015f ama adam olamam\u0131\u015f. Y\u00f6netimini \u00fcstlendi\u011fi partinin ana amac\u0131n\u0131n nank\u00f6rl\u00fck yapmak oldu\u011funu g\u00f6rd\u00fc, \u00e7ok iyi biliyor ama, kendisi de bo\u011faz\u0131na kadar katran kazan\u0131na d\u00fc\u015ft\u00fc\u011f\u00fc i\u00e7in pes olmu\u015f, seme seme konu\u015fuyor. Onu bu kazana d\u00fc\u015f\u00fcren de Ahmet Do\u011fan. T\u00fcrklerden toplanan &#8220;kompensatorkalarla&#8221; 2 \u00e7ocuklu Karaday\u0131 ailesine cebinden tek be\u015f leva \u00e7\u0131kmadan Sofya&#8217;dan daire verilmi\u015ftir. \u0130\u015fte bu yara \u00f6m\u00fcr boyu kapanmaz. \u00c7\u00fcnk\u00fc o kompensatorkalar\u0131n sahipleri memleketlerinden kovulan karde\u015flerimizdir, onlar i\u00e7in \u00f6m\u00fcr boyu ter d\u00f6km\u00fc\u015flerdir. Karaday\u0131&#8217;ya kul hakk\u0131 ge\u00e7mi\u015ftir ve <strong>bu yolsuzlu\u011fun dinimizde ve ahlak\u0131m\u0131zda AFFI YOKTUR.<\/strong><\/p>\n<p><strong>\u0130leride \u00f6n\u00fcne yeni f\u0131rsat \u00e7\u0131kt\u0131\u011f\u0131nda o art\u0131k &#8220;lider&#8221; bozuntusu olarak bu yolsuzlu\u011fu tekrarlar, \u00e7\u00fcnk\u00fc birincisi ya\u011f\u0131l\u0131 ball\u0131 gelmi\u015ftir. \u00dcst\u00fcne \u00fcstelik ailesi ve yak\u01318n arkada\u015flar\u0131 bu nank\u00f6rl\u00fc\u011f\u00fc ho\u015f g\u00f6rm\u00fc\u015ft\u00fcr, tepki g\u00f6stermemi\u015ftir, meclisteki arkada\u015flar\u0131 da g\u00f6z yummu\u015f ve susmu\u015ftur ki, bu tutum onlar\u0131 da su\u00e7lu duruma d\u00fc\u015f\u00fcrm\u00fc\u015ft\u00fcr. Bulgar makamlar\u0131 bu yolsuzluklara vurdum duymaz yakla\u015f\u0131rken, insan av\u0131na \u00e7\u0131kar ve art\u0131k Karaday\u0131 ben &#8220;anam\u0131n ak s\u00fctt\u00fc gibiyim&#8221; dese bile hi\u00e7 birimizi, hi\u00e7 kimseyi ikna edemez. <\/strong><\/p>\n<p>Analizimizi bu mant\u0131kla s\u00fcrd\u00fcrd\u00fc\u011f\u00fcm\u00fczde, H\u00d6H &#8220;<strong>fahri ba\u015fkan\u0131<\/strong>&#8221; na da \u00e7ok kez iyilik yap\u0131ld\u0131. Burada k\u00f6t\u00fc ve nank\u00f6r nitelikli olan insanlar\u0131m\u0131z\u0131n Ahmet Do\u011fan&#8217;a iyilik yapmas\u0131 ve onun da nank\u00f6r davranmas\u0131yla birlikte, bir de\u00a0 iyilik yapt\u0131\u011f\u0131 insandan nank\u00f6rl\u00fck g\u00f6rmesine ra\u011fmen, Do\u011fan&#8217;\u0131 20 y\u0131l ba\u015f tac\u0131 etmesidir ki, bu da enayice bir hareketten ba\u015fka bir \u015fey de\u011fildir. Bu durumu halk\u0131m\u0131za kadar indirdi\u011fimizde, insanlar\u0131m\u0131z\u0131n y\u0131llardan beri A. Do\u011fan gibi birini asla g\u00f6rmedi\u011fi, ama inek ve koyunlar\u0131 k\u00f6y meras\u0131na sald\u0131rmayan, ormandan k\u0131\u015fl\u0131k odun kestirmeyen muhtar\u0131n, Ahmet Do\u011fan ad\u0131n\u0131 kullanarak, &#8220;yasak\u00e7\u0131&#8221; kesildi\u011fi ortadad\u0131r ve akla gelen: &#8220;<strong>Bal\u0131k ba\u015ftan kokar<\/strong>&#8221; atas\u00f6z\u00fcm\u00fczd\u00fcr.<\/p>\n<p>&#8220;Vefay\u0131 k\u00f6pekten \u00f6\u011fren&#8221; der bizim atas\u00f6z\u00fcm\u00fcz. K\u00f6pek, yemek yedi\u011fi\u00a0 kap\u0131ya daima sad\u0131k kal\u0131r. H\u00d6H&#8217;l\u00fc muhtarlar\u0131n tavr\u0131 budur.<\/p>\n<p>Biz bug\u00fcnk\u00fc durumda Ahmet Do\u011fan ve etraf\u0131ndaki r\u00fc\u015fvet \u00e7etesinin 26 y\u0131ldan beri s\u00fcregelen nank\u00f6rl\u00fcklerini af edemeyiz. Buy bize a\u011f\u0131r gelir. \u00c7\u00fcnk\u00fc biz vefas\u0131zl\u0131\u011f\u0131 ho\u015f g\u00f6remeyiz. G\u00f6rd\u00fc\u011f\u00fcm\u00fcz an ortam bozulmaya ba\u015flar.<\/p>\n<p>Bizim kurallar\u0131m\u0131z \u015f\u00f6yledir: Biz k\u00f6y\u00fcm\u00fcz\u00fcn ya\u015fl\u0131lar\u0131na baba, akranlar\u0131m\u0131za bilazer, (karde\u015f) der, k\u00fc\u00e7\u00fck olanlar\u0131 da evlat yerine kabul eder, severiz. Ya\u015fl\u0131lara h\u00fcrmetimiz sonsuzdur, ya\u015f\u0131tlar\u0131m\u0131za merhametliyizdir, k\u00fc\u00e7\u00fcklere de \u015fefkat g\u00f6steririz.\u00a0 Bu bizim ya\u015fam\u0131m\u0131zda sars\u0131lmayan bir orta direktir.<\/p>\n<p>Bizim Deliormanl\u0131 anlay\u0131\u015f\u0131m\u0131zda, yerel d\u00fczeyde devlet \u00e7ark\u0131n\u0131n bozulmas\u0131na, disiplinsizlik ve ba\u015f\u0131bozuklu\u011fun yay\u0131lmas\u0131na, ihmalkarl\u0131k ve yolsuzlu\u011fun\u00a0 al\u0131\u015fkanl\u0131k haline getirilmesine sebep olanlara kar\u015f\u0131 insafl\u0131 ve merhametli davranmak\u00a0 onlar\u0131n ekme\u011fine ya\u011f s\u00fcrmekten ba\u015fka bir i\u015fe yaramaz. Biz H\u00d6H s\u00fcr\u00fcs\u00fcnden bu sebeple ayr\u0131lm\u0131\u015f bulunuyoruz.\u00a0 Siyasetimizin \u00f6z\u00fcnde &#8220;Gel, b\u00fcy\u00fck insan olmak istiyorsan, k\u00fc\u00e7\u00fck insanlara davran, onlara yard\u0131m et, onlar\u0131 \u00f6rg\u00fctle, vard\u0131r. Bu ger\u00e7ek burada g\u00fcnl\u00fck i\u015flerde, k\u00f6yde, pazarda, tarlada ya\u015f\u0131yor.<\/p>\n<p>Do\u011fruyu konu\u015fursak, Do\u011fan ve \u00e7etesi -onlar\u0131n 200-300 ki\u015fiden fazla &#8211; oldu\u011funa inanm\u0131yorum halk\u0131m\u0131za zul\u00fcm edenlerin yay\u0131nda yer alm\u0131\u015ft\u0131r. Anlay\u0131\u015f\u0131m\u0131zda, zul\u00fcm kini davet eder, k\u00f6t\u00fc muamele sahibine d\u00f6ner. 2014&#8217;ten beri bizim burada izlenen bu d\u00f6n\u00fc\u015ft\u00fcr. Bask\u0131 ve ter\u00f6r \u015feklinde ensemize \u00e7ullanan zul\u00fcm, halk\u0131n k\u0131zg\u0131nl\u0131\u011f\u0131na ve kinlenmesine, May\u0131s 1989 \u0130syan\u0131na yol a\u00e7t\u0131. Eskilerin, &#8220;<strong>Eden bulur<\/strong>!&#8221; s\u00f6z\u00fcn\u00fcn anlam\u0131 buydur. Ayaklanmam\u0131z, zulme u\u011fram\u0131\u015f insanlar\u0131m\u0131z\u0131n intikam alman\u0131n yolunu aramas\u0131yd\u0131. Yaral\u0131 ve \u00f6l\u00fcler yeni yaralar a\u00e7arken, unutulmayan kahramanlar do\u011fdu.\u00a0 <strong>Ahmet Do\u011fan Todor Zivkov, Sergey Stan\u0131\u015fev, Georgi Parvanov, Volen Siderov ve Saks Koburggotski vb. ile yan yana omuz omuza y\u00fcr\u00fcmeyi se\u00e7ti. Jivkov ile Stani\u015fev y\u0131k\u0131ld\u0131. Di\u011ferleri de sallan\u0131yor.<\/strong> <strong>Hepsi y\u0131k\u0131lmaya mahkumdur<\/strong>. Ayn\u0131 zamanda zul\u00fcm etmeyi bir al\u0131\u015fkanl\u0131k haline getirmi\u015f bir devlet de uzun zaman ayakta kalamaz. Zul\u00fcm, kendi iktidar\u0131n\u0131 y\u0131kan en b\u00fcy\u00fck g\u00fclledir. 10 Kas\u0131m 1989 unutulmamal\u0131d\u0131r.<\/p>\n<p>Anneannem \u015fu anlatmaya \u00e7al\u0131\u015ft\u0131klar\u0131m\u0131 \u015f\u00f6yle \u00f6zetlerdi:<\/p>\n<p><strong>Zul\u00fcm korku do\u011furur&#8230;Korku ise kin&#8230;Zul\u00fcm korkunun babas\u0131d\u0131r, kinin dedesidir.<\/strong><\/p>\n<p>1989 Ayaklanmam\u0131zda en \u00e7ok neden korktu\u011fumuzu d\u00fc\u015f\u00fcn\u00fcyorum. Korku kayna\u011f\u0131 \u00f6l\u00fcm de\u011fildi. <strong>Korkumuz \u00a0VATANSIZ kalmakt\u0131r<\/strong>. Bunu d\u00fc\u015fman\u0131m\u0131z bildi\u011fi i\u00e7in bizi bu noktada en fazla zorlam\u0131\u015ft\u0131. &#8220;<strong>Al\u0131n ba\u015f\u0131n\u0131z\u0131 <\/strong>gidin!&#8221; s\u00f6zleri bug\u00fcn de yank\u0131lan\u0131yor kulaklar\u0131mda.\u00a0 Avlumuza girmi\u015f erlerin ve polislerin silah \u015fak\u0131rt\u0131s\u0131n\u0131 unutam\u0131yorum. <strong>Bizim ku\u015fak b\u00fcy\u00fck bir nank\u00f6rl\u00fc\u011f\u00fcn silinmeyen yaras\u0131yla ya\u015f\u0131yor. \u00a0Bu ger\u00e7ekleri unutturmaya \u00e7al\u0131\u015fmak da nank\u00f6rl\u00fckt\u00fcr.<\/strong><\/p>\n<p>Bize kar\u015f\u0131 taktik ve stratejik olmak \u00fczere iki \u00e7e\u015fit yalan uygulan\u0131yordu. Stratejik olan\u00a0 &#8220;G\u00f6\u00e7 olmayacak&#8221; yalan\u0131yd\u0131. Taktik olansa g\u00fcnl\u00fck ayak oyunlar\u0131yd\u0131. \u00d6rne\u011fin sosyalist d\u00fczenin bir refah d\u00fczeni oldu\u011fu yalan\u0131 da stratejik bir yaland\u0131. Toplumu geri vitese tak\u0131p sosyalizmden kapitalizmin serbest pazar ekonomisine\u00a0 geri \u00e7evirme i\u015fi de stratejik bir yaland\u0131. Bunun imkans\u0131z oldu\u011funu bilenler hep \u0130svi\u00e7re kahvelerinde\u00a0 Cenevre g\u00f6l\u00fcnde ku\u011fu seyrederken s\u00fctl\u00fc kahve i\u00e7tiler ve g\u00fcl\u00fc\u015ft\u00fcler. Bo\u015fa k\u00fcrek \u00e7ekildi\u011fini biliyorlard\u0131. <strong>Her \u015feyi yok ettik ama yerine bir \u015feyler koyamad\u0131k. \u00dcretimi durdurduk. Al\u0131\u015f-veri\u015f onlar\u0131n AVM, Mooll, Pickadilly, Billa, Fantastiko, Metro vb ma\u011fazalar\u0131ndan yapmaya zorland\u0131k. \u00dcretmeden ya\u015famay\u0131 d\u00fc\u015f\u00fcnmeye mecbur b\u0131rak\u0131ld\u0131k ve bu bir Nank\u00f6rl\u00fckt\u00fc. <\/strong>Biz ba\u011f\u0131ms\u0131zl\u0131\u011f\u0131 ararken &#8220;esi,r&#8221; olduk. Esirlerin bir tek vazifesi vard\u0131r. \u00d6l\u00fcm\u00fc beklemek. Bizi esir alanlar ise bizden yaln\u0131z oy kullanmam\u0131z\u0131 istiyor. Biz oyumuzu onlar\u0131n listelerine verdik\u00e7e pa\u015fa pa\u015fa ya\u015f\u0131yorlar.<\/p>\n<p>Stratejik yalan s\u00f6yleyen nank\u00f6rd\u00fcr. Bunun i\u00e7in pazar ekonomisi bir nank\u00f6rl\u00fckt\u00fc. Pazar oldu\u011fu yerde ekonomisi de olur. Bizde 800 seneden beri pazar kuruluyor. Pazarc\u0131k, Yeni Pazar, kad\u0131n pazar\u0131, cuma pazar\u0131, dernek pazar vb s\u00f6zler bizim &#8220;<strong>pazar ekonomisini<\/strong>&#8221; bu topraklara getirenler oldu\u011fumuzun kan\u0131t\u0131d\u0131r. Bu a\u00e7\u0131dan &#8220;pazar ekonomisi&#8221; kavram\u0131n\u0131 ilk ve son kullanan halk\u0131m\u0131z\u0131 bug\u00fcn de aldat\u0131yor. Yan\u0131 nank\u00f6rl\u00fck etmeye devam ediyor.<\/p>\n<p>Sofya&#8217;da mecliste, bakanlar kurulunda ve cumhurba\u015fkanl\u0131\u011f\u0131nda son g\u00fcnlerde T.C&#8217;deki soyda\u015flar\u0131n oy kullanma yolunu kesme &#8220;<strong>pazarl\u0131klar\u0131<\/strong>&#8221; \u00a0yap\u0131l\u0131yor. Bizim s\u00f6z\u00fcm\u00fcz\u00fc kollananlkar bizim kuyumuzu kazmaya \u00e7al\u0131\u015f\u0131yorlar.\u00a0 D\u0131\u015fardaki T\u00fcrklerin oy kullanma yolu kesilmezse &#8220;Yurtsever cephe&#8221; (PF) \u0131rk\u00e7\u0131lar\u0131, h\u00fck\u00fcmetten ayr\u0131lacaklarm\u0131\u015f. Memlekette kendimi bildim bileli pazarl\u0131k konusu olan hep biz T\u00fcrkler ve T.C. &#8216;deki soyda\u015flar\u0131m\u0131zd\u0131r. Bulgar siyaseti hep bizim \u00fczerimizden kuruluyor.\u00a0 &#8220;<strong>Soya d\u00f6n\u00fc\u015f&#8221;, &#8220;B\u00fcy\u00fck G\u00f6\u00e7&#8221;, &#8220;Bulgar Etnik Modeli<\/strong>&#8221; hep bizimle ilgili stratejik siyaset \u00e7izgileridir. Bir devlet 30 y\u0131l bo\u015f i\u015flerle u\u011fra\u015f\u0131r m\u0131 ama u\u011fra\u015f\u0131yor i\u015fte. Ona u\u015fakl\u0131k edenler de var, nank\u00f6rler s\u00fcr\u00fcs\u00fc bir t\u00fcrl\u00fc yok edilemedi&#8230;<\/p>\n<p>Biz Deliorman&#8217;da birlikten g\u00fc\u00e7 do\u011fdu\u011funa inanan insanlar\u0131z. \u0130lk ba\u015far\u0131lar\u0131m\u0131z art\u0131k ilham kayna\u011f\u0131 oluyor. Nank\u00f6rleri belediye meclislerinden kovabildik. kendi ba\u015fkanlar\u0131m\u0131z\u0131 g\u00f6re \u00e7ektik. \u0130\u015flere yeni \u00e7eki d\u00fczen veriyoruz. Bu bahar ekilmedik bir kar\u0131\u015f toprak kalmad\u0131. Umutluyuz!<\/p>\n<p>Ku\u015fkusuz yeni tuzaklar da kuracaklar. Su \u00fcst\u00fcnde leke gibi durmaya \u00e7al\u0131\u015fan hainler teslim olmuyor. Deliorman y\u00f6resinde korku var, tehdit savuranlar\u00a0 boy g\u00f6stermeye \u00e7al\u0131\u015f\u0131yor. <strong>Son haftalarda DOST partisine imza topluyoruz. Sofya Mahkemesi&#8217;nin DOST dosyas\u0131n\u0131 rafa kald\u0131raca\u011f\u0131ndan ve i\u015fleri geciktirece\u011finden korkuyoruz. L. Mestan ve arkada\u015flar\u0131n\u0131n inat\u00e7\u0131 tutumdan vazge\u00e7ip H\u00d6H-\u00e7\u00fclerle DOST-cular aras\u0131nda memleket \u00e7ap\u0131nda bir kavga ba\u015flamas\u0131na yol vermeden, daha geni\u015f ve demokratik bir tabanda Ahmet Do\u011fan aleyhtarlar\u0131yla yak\u0131nla\u015fma, toplanma ve birle\u015fme, gerekirse ortak cephe olu\u015fturmaya a\u00e7\u0131lmas\u0131 zaman\u0131 yakla\u015f\u0131yor.<\/strong> Cumhurba\u015fkanl\u0131\u011f\u0131 se\u00e7imleri yakla\u015f\u0131rken DOST partisinin ard\u0131mda 500 bin oy var diyebilmesi gerekiyor. Yarinin Bulgar Cumhurba\u015fkan\u0131 ancak DOST partisi oylar\u0131yla se\u00e7ilebilir kan\u0131s\u0131 a\u011f\u0131r basmal\u0131d\u0131r. Telkin edilmesi gereken bir ba\u015fka fikir de, genel erken meclis se\u00e7imleri i\u00e7in de yine ortak demokratik cephede bulu\u015fma \u015fiar\u0131n\u0131n daha \u015fimdiden y\u00fckselmesi zorunlulu\u011funun art\u0131k g\u00fcnde olma zaman\u0131n\u0131n gelmi\u015f olmas\u0131d\u0131r.<\/p>\n<p>Tarlan\u0131n tohum bekledi\u011fi, fidan bekledi\u011fi gibi halk\u0131m\u0131z da DOST etraf\u0131nda birle\u015fmeyi umuyor. Birle\u015femezsek H\u00d6H hain s\u00fcr\u00fcs\u00fcn\u00fc yenemeyiz, siyaset \u00e7\u00f6pl\u00fc\u011f\u00fcne atamay\u0131z. 2016 y\u0131l\u0131 hepimize \u00e7ok b\u00fcy\u00fck bir \u015fans tan\u0131mak istiyor. Bizi s\u0131n\u0131yor. T\u00fcrkler tarih boyunca birle\u015fme yolunu bulmu\u015f, yaban bu\u011fday\u0131 bulup ekmek yapm\u0131\u015f, atlar\u0131 evcille\u015ftirmi\u015f y\u00fczlerce yeni bulguyla yeni medeniyetler ya\u015fatm\u0131\u015ft\u0131r. Bu defa da g\u00fcne\u015fin bizim da\u011flardan do\u011faca\u011f\u0131na inanmak zorunday\u0131z. G\u00fccenip, k\u0131r\u0131l\u0131p dar\u0131lacak bir \u015fey yok &#8220;<strong>H\u00d6H partisinin zaman\u0131 doldu<\/strong>!&#8221;\u00a0 Buna itiraz etmek nank\u00f6rl\u00fck olur.<\/td>\n<\/tr>\n<\/tbody>\n<\/table>\n<div id=\"bghab-3145973082\" class=\"bghab-yazi-altinda bghab-entity-placement\"><div class=\"bghab-adlabel\">Reklamlar<\/div><script async src=\"https:\/\/pagead2.googlesyndication.com\/pagead\/js\/adsbygoogle.js\"><\/script>\r\n<!-- bghaber-yaz\u0131-sonu -->\r\n<ins class=\"adsbygoogle\"\r\n     style=\"display:block\"\r\n     data-ad-client=\"ca-pub-6203283170189293\"\r\n     data-ad-slot=\"4222328180\"\r\n     data-ad-format=\"auto\"\r\n     data-full-width-responsive=\"true\"><\/ins>\r\n<script>\r\n     (adsbygoogle = window.adsbygoogle || []).push({});\r\n<\/script><\/div><br style=\"clear: both; display: block; float: none;\"\/>","protected":false},"excerpt":{"rendered":"<p>\u00a0Levent RAS\u0130M Konu:\u00a0 Nank\u00f6r, g\u00f6rd\u00fc\u011f\u00fc iyili\u011fi unutand\u0131r.\u00a0 \u00a0 \u00a0 \u00a0 \u00a0 \u00a0 \u00a0 Vatan\u0131n\u0131 yitirirsen e\u011fer\u00a0 \u0130\u015fin en k\u00f6t\u00fcs\u00fc i\u015fte budur \u00d6l\u00fcler gibi tamtak\u0131rs\u0131n Bu<\/p>\n","protected":false},"author":13,"featured_media":0,"comment_status":"closed","ping_status":"closed","sticky":false,"template":"","format":"standard","meta":{"advanced_seo_description":"","jetpack_seo_html_title":"","jetpack_seo_noindex":false,"_jetpack_memberships_contains_paid_content":false,"footnotes":""},"categories":[6],"tags":[],"class_list":["post-19013","post","type-post","status-publish","format-standard","hentry","category-yorum"],"jetpack_featured_media_url":"","jetpack_sharing_enabled":true,"jetpack_likes_enabled":true,"jetpack-related-posts":[],"jetpack_shortlink":"https:\/\/wp.me\/pc2PfJ-4WF","_links":{"self":[{"href":"https:\/\/www.bghaber.org\/bghaber\/wp-json\/wp\/v2\/posts\/19013","targetHints":{"allow":["GET"]}}],"collection":[{"href":"https:\/\/www.bghaber.org\/bghaber\/wp-json\/wp\/v2\/posts"}],"about":[{"href":"https:\/\/www.bghaber.org\/bghaber\/wp-json\/wp\/v2\/types\/post"}],"author":[{"embeddable":true,"href":"https:\/\/www.bghaber.org\/bghaber\/wp-json\/wp\/v2\/users\/13"}],"replies":[{"embeddable":true,"href":"https:\/\/www.bghaber.org\/bghaber\/wp-json\/wp\/v2\/comments?post=19013"}],"version-history":[{"count":0,"href":"https:\/\/www.bghaber.org\/bghaber\/wp-json\/wp\/v2\/posts\/19013\/revisions"}],"wp:attachment":[{"href":"https:\/\/www.bghaber.org\/bghaber\/wp-json\/wp\/v2\/media?parent=19013"}],"wp:term":[{"taxonomy":"category","embeddable":true,"href":"https:\/\/www.bghaber.org\/bghaber\/wp-json\/wp\/v2\/categories?post=19013"},{"taxonomy":"post_tag","embeddable":true,"href":"https:\/\/www.bghaber.org\/bghaber\/wp-json\/wp\/v2\/tags?post=19013"}],"curies":[{"name":"wp","href":"https:\/\/api.w.org\/{rel}","templated":true}]}}