{"id":19009,"date":"2016-05-18T01:58:42","date_gmt":"2016-05-17T22:58:42","guid":{"rendered":"http:\/\/www.bghaber.org\/bghaber\/?p=19009"},"modified":"2016-05-20T00:43:23","modified_gmt":"2016-05-19T21:43:23","slug":"mutlaka-birlesmeliyiz","status":"publish","type":"post","link":"https:\/\/www.bghaber.org\/bghaber\/mutlaka-birlesmeliyiz\/","title":{"rendered":"Mutlaka Birle\u015fmeliyiz"},"content":{"rendered":"<p><strong><img data-recalc-dims=\"1\" loading=\"lazy\" decoding=\"async\" class=\"\" src=\"https:\/\/i0.wp.com\/www.bghaber.org\/bghaber\/wp-content\/uploads\/2016\/05\/rafett33.jpg?resize=230%2C184\" alt=\"rafett33\" width=\"230\" height=\"184\" \/>\u00a0Rafet ULUTURK<\/strong><\/p>\n<p>Konu:\u00a0 <strong>S\u00f6z vermek bor\u00e7tur.<\/strong><strong>\u00a0 \u00a0 \u00a0 \u00a0 \u00a0 \u00a0 \u00a0 \u00a0 \u00a0 \u00a0 \u00a0 \u00a0 \u00a0 \u00a0 \u00a0<\/strong><\/p>\n<p>Biz halk\u0131m\u0131za bor\u00e7luyuz, \u00e7\u00fcnk\u00fc ona Bulgaristan&#8217;da T\u00fcrkl\u00fc\u011f\u00fc yeniden y\u00fcceltmeye s\u00f6z verdik.<\/p>\n<p>1990&#8217;dan beri bunu yapamad\u0131k, \u00e7\u00fcnk\u00fc <strong>&#8220;\u0130tin yolda\u015f\u0131 ittir&#8221;<\/strong> atas\u00f6z\u00fcm\u00fcze inanmad\u0131k.<\/p>\n<p>&#8220;<strong>Amam hepsi bizden de\u011fil mi? <\/strong><\/p><div id=\"bghab-2705723265\" class=\"bghab-icerik-icine bghab-entity-placement\"><script async src=\"\/\/pagead2.googlesyndication.com\/pagead\/js\/adsbygoogle.js?client=ca-pub-6203283170189293\" crossorigin=\"anonymous\"><\/script><ins class=\"adsbygoogle\" style=\"display:block; text-align:center;\" data-ad-client=\"ca-pub-6203283170189293\" \ndata-ad-slot=\"7303146466\" \ndata-ad-layout=\"in-article\"\ndata-ad-format=\"fluid\" data-full-width-responsive=\"true\"><\/ins>\n<script> \n(adsbygoogle = window.adsbygoogle || []).push({}); \n<\/script>\n<\/div>\n<p><strong>Su akar yolunu bulur<\/strong>!&#8221; deyip kendimizi avuttuk .<\/p>\n<p>Bize, &#8220;<strong>\u015eu Ahmet ter d\u00f6kmemi\u015f, kitaps\u0131zd\u0131r, ezilmemi\u015ftir<\/strong>&#8221; diyenlere inanmad\u0131k. Kendisine g\u00fcven duyulmayacak bir &#8220;<strong>Lider<\/strong>&#8221; bozuntusunun pe\u015finden giderek, aptal oldu\u011fumuzu kendi hareketlerimizle kan\u0131tlad\u0131k.<\/p>\n<p>\u015eimdi bug\u00fcn art\u0131k &#8220;<strong>Ba\u015fkalar\u0131n\u0131n teriyle saraylar kuranlar\u0131n vay haline! <\/strong><\/p>\n<p><strong>Her bir ta\u015f bir cinayet demektir!<\/strong>&#8221; fikirleri dola\u015f\u0131yor kafam\u0131zda ve sesiz sesiz i\u00e7ten i\u00e7e &#8220;<strong>Vay biz ne yapt\u0131k!<\/strong>&#8221; diyoruz.<\/p>\n<p>Son y\u0131llarda r\u00fczgar d\u00f6nd\u00fc. T\u00fcrklerimiz tiksindikleri hain\u00a0Do\u011fan&#8217;dan usulca ayr\u0131l\u0131p Boyko Borisov&#8217;un GERB partisine 120 bin oy verdiler.<\/p><div id=\"bghab-2349852071\" class=\"bghab-icerik-icine-10-paragraf bghab-entity-placement\"><script async src=\"\/\/pagead2.googlesyndication.com\/pagead\/js\/adsbygoogle.js?client=ca-pub-6203283170189293\" crossorigin=\"anonymous\"><\/script><ins class=\"adsbygoogle\" style=\"display:block; text-align:center;\" data-ad-client=\"ca-pub-6203283170189293\" \ndata-ad-slot=\"7303146466\" \ndata-ad-layout=\"in-article\"\ndata-ad-format=\"fluid\" data-full-width-responsive=\"true\"><\/ins>\n<script> \n(adsbygoogle = window.adsbygoogle || []).push({}); \n<\/script>\n<\/div>\n<p>Razgrad&#8217;a ba\u011fl\u0131 Kubrat-\u0130sperih\u00a0belediyelerinde H\u00d6H listesinde s\u0131ralamay\u0131 bozan se\u00e7men, bilin\u00e7li hareket ederek H\u00fcsmen G\u00fcney&#8217;i Sofya meclisine g\u00f6nderdi. Blagoevgratd se\u00e7meni de Pa\u015fov&#8217;u se\u00e7ti. Bu iki milletvekilinin Sofya meclisinde belirmesi bir isyand\u0131.<\/p>\n<p>Se\u00e7men &#8220;<strong>siz bizi aldatamazs\u0131n\u0131z<\/strong>!&#8221; dedi ve <strong>&#8220;a\u011fa\u00e7lar\u0131 yemi\u015flerine g\u00f6re de\u011ferlendirdi\u011fi gibi H\u00d6H y\u00f6netimini de i\u015fine, ald\u0131\u011f\u0131 kararlara, sergiledi\u011fi vizyona g\u00f6re de\u011ferlendirmeye ba\u015flad\u0131&#8221;.<\/strong><\/p>\n<p>Bu e\u011filim son yerel se\u00e7imlerde daha da derinle\u015fti ve H\u00d6H Dobruca ve Bat\u0131 Rodoplar\u0131 kaybetti.<\/p>\n<p>1989 May\u0131s Ayaklanmas\u0131ndan sonra 20 y\u0131ldan fazla bir yerinde sayma ve bocalama ritmine itilen se\u00e7menimiz parti y\u00f6netiminin ilgisizli\u011fine tepki vermi\u015f oldu. Ve i\u015fe bir an \u00f6nce son verilmesi gerekti\u011fine inand\u0131.<\/p>\n<p>\u015eu \u00f6nemsiz g\u00f6r\u00fclen i\u015fler zaman gelir bizim ba\u015f\u0131m\u0131za, T\u00fcrkl\u00fck davam\u0131za daha b\u00fcy\u00fck i\u015fler a\u00e7abilir\u00a0 inanc\u0131 k\u00f6k sald\u0131.<\/p><div id=\"bghab-3613020962\" class=\"bghab-icerik-icine-15-paragraf bghab-entity-placement\"><script async src=\"\/\/pagead2.googlesyndication.com\/pagead\/js\/adsbygoogle.js?client=ca-pub-6203283170189293\" crossorigin=\"anonymous\"><\/script><ins class=\"adsbygoogle\" style=\"display:block; text-align:center;\" data-ad-client=\"ca-pub-6203283170189293\" \ndata-ad-slot=\"7303146466\" \ndata-ad-layout=\"in-article\"\ndata-ad-format=\"fluid\" data-full-width-responsive=\"true\"><\/ins>\n<script> \n(adsbygoogle = window.adsbygoogle || []).push({}); \n<\/script>\n<\/div>\n<p>Hain Do\u011fan&#8217;\u0131n liderlik otoritesinin s\u00f6k\u00fclmesi de b\u00f6yle ba\u015flad\u0131. Halktan ka\u00e7ma, halktan uzak kalma, saraya saklanma, 3 y\u0131lda bir kurultayda boy g\u00f6sterme, umursamad\u0131\u011f\u0131 davay\u0131 tamamen \u00e7\u00f6pe atma onun ilgisizli\u011fine kan\u0131t oldu.<\/p>\n<p>Bulgaristan T\u00fcrlerinin hak ve \u00f6zg\u00fcrl\u00fck, adalet ve demokrasi davas\u0131n\u0131 rafa kald\u0131r\u0131p, yaln\u0131z oligar\u015fi-mafya tak\u0131m\u0131n\u0131n ve kulis ard\u0131 oligar\u015finin \u00e7\u0131karlar\u0131na hizmet etmek, partinin misyonuna ve halk\u0131n dertlerine ilgisiz kalmak, gelece\u011fimizi karartan kara delik oldu.<\/p>\n<p>Art\u0131k anla\u015f\u0131ld\u0131\u011f\u0131na g\u00f6re, hen\u00fcz bir a\u00e7\u0131klama yap\u0131p da ger\u00e7ekleri\u00a0 se\u00e7mene a\u00e7\u0131klamaya pek yana\u015fmayan DOST partisi Genel Ba\u015fkan\u0131 L. Mestan&#8217;\u0131n H\u00d6H-DPS <strong>partisini i\u00e7 ar\u0131nmaya zorlad\u0131\u011f\u0131<\/strong>, meclis k\u00fcrs\u00fcs\u00fcnden \u00e7ok s\u0131k tekrar etti\u011fi &#8220;<strong>katarzis&#8221;<\/strong> dedi\u011finde i\u015fte tam da bu mafya ve oligar\u015fi asalaklar\u0131ndan temizlenmemiz gerekti\u011fine i\u015faret etti\u011fi art\u0131k ortaya \u00e7\u0131kt\u0131.<\/p>\n<p>Mestan,\u00a0 DOST partisini kurarken yapt\u0131\u011f\u0131 konu\u015fmalarda, 17 Aral\u0131k 2015 tarihinde H\u00d6H Genel Ba\u015fkanl\u0131\u011f\u0131ndan uzakla\u015ft\u0131r\u0131ld\u0131ktan sonra H\u00d6H&#8217;te mafya bozuntular\u0131ndan\u00a0 i\u00e7i temizli\u011fi ger\u00e7ekle\u015ftirebilme olana\u011f\u0131n\u0131 yitirdi\u011fini, buna ra\u011fmen onlar\u0131n d\u0131\u015f ba\u011flar\u0131n\u0131 keserek, baltalayarak insanlar\u0131m\u0131z\u0131 bu kan emicilerden kurtarma azminden vazge\u00e7medi\u011fini dile getirdi.<\/p>\n<p>\u0130\u015fte bu noktadan \u00e7\u0131karak, DOST partisinin m\u00fccadele ruhlu yeni bir olu\u015fum olarak ortaya \u00e7\u0131kmas\u0131 ve halkla ilk g\u00f6r\u00fc\u015fmelerinde ger\u00e7ekleri g\u00f6rebilen ve adalet ve demokrasi u\u011fruna dire\u015fken oldu\u011funu ortaya koymas\u0131yla dengeler de\u011fi\u015fti.<\/p><div id=\"bghab-4004266705\" class=\"bghab-icerik-icine-20-paragraf bghab-entity-placement\"><script async src=\"\/\/pagead2.googlesyndication.com\/pagead\/js\/adsbygoogle.js?client=ca-pub-6203283170189293\" crossorigin=\"anonymous\"><\/script><ins class=\"adsbygoogle\" style=\"display:block; text-align:center;\" data-ad-client=\"ca-pub-6203283170189293\" \ndata-ad-slot=\"7303146466\" \ndata-ad-layout=\"in-article\"\ndata-ad-format=\"fluid\" data-full-width-responsive=\"true\"><\/ins>\n<script> \n(adsbygoogle = window.adsbygoogle || []).push({}); \n<\/script>\n<\/div>\n<p>H\u00d6H partisi 1990&#8217;da M\u00fcsl\u00fcman T\u00fcrk kitle bile Bulgar demokratik g\u00fc\u00e7lerinin kayna\u015fmas\u0131n\u0131n \u00f6nlenmesi i\u00e7in kurulmu\u015ftu. T\u00fcrklerin &#8220;<strong>Bulgar Etnik Modeline<\/strong>&#8221; kapay\u0131p bo\u011fulma ve yok olana kadar da kulis menfaatlerine g\u00f6re kullanma\u00a0 plan\u0131 g\u00f6zle g\u00f6r\u00fcld\u00fc\u011f\u00fcnde 1993&#8217;ten sonra H\u00d6H partisinin da\u011f\u0131tma ve memlekete milliyet\u00e7i-\u0131rk\u00e7\u0131 Bulgar partisi kurulmas\u0131na yol verilmemesi tezi a\u011f\u0131rl\u0131k kazand\u0131.<\/p>\n<p>Ne yaz\u0131k ki, H\u00d6H partisi milletvekilleri 24&#8217;ten 17&#8217;ye indi\u011finde, Bulgaristan T\u00fcrklerinin Bulgar ulusu ile kavga istemedi\u011fi dikkati \u00e7ekti.<\/p>\n<p>\u00c7\u00f6z\u00fcl\u00fcp yok olmaktan korkan saray bek\u00e7ileri para verip sol a\u015f\u0131r\u0131 milliyet\u00e7i, Moskof\u00e7u &#8220;<strong>Araka<\/strong>&#8221; partisi kurdurarak rahatlad\u0131lar.<\/p>\n<p>Saflar\u0131na bir i\u015fe yaramayanlar\u0131, bo\u015f kafalar\u0131 toplayan ve aralar\u0131nda en bo\u015f olan\u0131 da ba\u015f yapan bu zihniyet, hem Bulgaristan hem ve karma b\u00f6lgelerde ya\u015fayanlar i\u00e7in zararl\u0131 olmaya ba\u015flad\u0131.<\/p>\n<p><strong>Yani k\u0131saca Y\u00f6netim se\u00e7menden koptu. <\/strong><\/p><div id=\"bghab-1251135608\" class=\"bghab-icerik-icine-25-paragraf bghab-entity-placement\"><script async src=\"\/\/pagead2.googlesyndication.com\/pagead\/js\/adsbygoogle.js?client=ca-pub-6203283170189293\" crossorigin=\"anonymous\"><\/script><ins class=\"adsbygoogle\" style=\"display:block; text-align:center;\" data-ad-client=\"ca-pub-6203283170189293\" \ndata-ad-slot=\"7303146466\" \ndata-ad-layout=\"in-article\"\ndata-ad-format=\"fluid\" data-full-width-responsive=\"true\"><\/ins>\n<script> \n(adsbygoogle = window.adsbygoogle || []).push({}); \n<\/script>\n<\/div>\n<p>Yerel \u00f6rg\u00fctler bozuldu, tembeller ba\u015fa ge\u00e7ti, yalanc\u0131 ve iki y\u00fczl\u00fcler \u00e7anta ta\u015f\u0131maya ve ofislerde oturmaya ba\u015flad\u0131. Ba\u015f, \u015firketler \u00e7emberi arac\u0131l\u0131\u011f\u0131yla \u00e7almaya ba\u015flay\u0131nca, yerli\u00a0 h\u0131rs\u0131zlara ilham kayna\u011f\u0131 oldu ve i\u015fler bozuldu.\u00a0 <strong>Bizim i\u00e7in \u00e7al\u0131\u015fmak ibadettir<\/strong>. Bir g\u00f6reve se\u00e7ilmek, isim yapmak, say\u0131lan olmak, sevilen olmak, yorucu gayretle, s\u0131k\u0131 \u00e7al\u0131\u015fmalarla elde edilir.<\/p>\n<p>\u0130\u015fte b\u00f6yle bir ortamda, &#8220;<strong>saraya<\/strong>&#8221; kapanmakla, g\u00f6lge beklemekle, gizlenmekle, sabah ak\u015fam i\u00e7mekle i\u015flerin \u00e7\u00f6z\u00fclemeyece\u011fi g\u00fcn gibi parlad\u0131.<\/p>\n<p><strong>Ve halk, H\u00d6H partisinden g\u00f6n\u00fcl \u00e7evirdi<\/strong><\/p>\n<p>DOST partisinin do\u011fu\u015fu i\u015fte b\u00f6yle bir ortamda \u00e7ok gerekli bir zorunluluk olarak ortaya \u00e7\u0131kt\u0131. Sanki halk -DOST&#8217;u bekliyordu. Bu gereklili\u011fin \u00f6z\u00fcnde baz\u0131 b\u00fcy\u00fck ger\u00e7eklerin hemen ele al\u0131nmas\u0131 ve a\u015f\u0131lanmas\u0131 \u00f6n plandayd\u0131.<\/p>\n<p>Bir, T\u00fcrk oldu\u011fumuz, M\u00fcsl\u00fcman oldu\u011fumuz ve asla Bulgar ve H\u0131ristiyan olmak isteyi\u015fimiz; Bunun anlam\u0131 bizim Bulgaristan&#8217;daki t\u00fcm T\u00fcrk ve M\u00fcsl\u00fcman ta\u015f\u0131nmazlar\u0131n\u0131n miras\u00e7\u0131s\u0131, koruyucusu ve kullan\u0131c\u0131s\u0131 ger\u00e7e\u011fine dayan\u0131r. Camilerimiz, mekteplerimiz, k\u00fclliyatlar\u0131m\u0131z, hamamlar\u0131m\u0131z,topraklar\u0131m\u0131z hemen geri verilmelidir.<\/p><div id=\"bghab-2938264230\" class=\"bghab-icerik-icine-30-paragraf bghab-entity-placement\"><script async src=\"\/\/pagead2.googlesyndication.com\/pagead\/js\/adsbygoogle.js?client=ca-pub-6203283170189293\" crossorigin=\"anonymous\"><\/script><ins class=\"adsbygoogle\" style=\"display:block; text-align:center;\" data-ad-client=\"ca-pub-6203283170189293\" \ndata-ad-slot=\"7303146466\" \ndata-ad-layout=\"in-article\"\ndata-ad-format=\"fluid\" data-full-width-responsive=\"true\"><\/ins>\n<script> \n(adsbygoogle = window.adsbygoogle || []).push({}); \n<\/script>\n<\/div>\n<p>\u0130ki, Bulgaristan&#8217;da fakat kendi \u00f6z k\u00fclt\u00fcr\u00fcm\u00fczle, \u00f6rf ve adetlerimizle, M\u00fcsl\u00fcman T\u00fcrk gibi ya\u015fama arzumuza sayg\u0131 duyulmal\u0131d\u0131r.<\/p>\n<p><strong>Radyo ve TV programlar\u0131m\u0131z ana dilimizde a\u00e7\u0131lmal\u0131 ve yay\u0131n yapmal\u0131d\u0131r.<\/strong><\/p>\n<p>Entelekt\u00fcellerimize engel olunmamal\u0131, hepsi \u00a0g\u00f6rev ba\u015f\u0131na \u00e7a\u011fr\u0131lmal\u0131d\u0131r. Ya\u015fama, dinimize, \u00f6rf ve adetlerimize, halk sanat\u0131m\u0131za dayanan bir manevi d\u00fcnyada ya\u015famam\u0131za engel olunamaz.<\/p>\n<p><strong>\u00d6zg\u00fcn k\u00fclt\u00fcrel varl\u0131\u011f\u0131m\u0131z ya\u015fam hakk\u0131 bulmal\u0131d\u0131r.<\/strong><\/p>\n<p>\u00dc\u00e7, \u00c7ok k\u00fclt\u00fcrl\u00fc adil ve demokratik \u00e7o\u011fulcu bir toplumda e\u015fit hakl\u0131 olmam\u0131z ka\u00e7\u0131n\u0131lmaz oldu. Anayasa ve yasa de\u011fi\u015fikleriyle karma b\u00f6lgelerde ya\u015fayanlara bu hakla ve \u00f6zg\u00fcrl\u00fckler b\u00fct\u00fcn\u00fcyle tan\u0131nmak zorundad\u0131r.<\/p><div id=\"bghab-3899118473\" class=\"bghab-icerik-icine-35-paragraf bghab-entity-placement\"><script async src=\"\/\/pagead2.googlesyndication.com\/pagead\/js\/adsbygoogle.js?client=ca-pub-6203283170189293\" crossorigin=\"anonymous\"><\/script><ins class=\"adsbygoogle\" style=\"display:block; text-align:center;\" data-ad-client=\"ca-pub-6203283170189293\" \ndata-ad-slot=\"7303146466\" \ndata-ad-layout=\"in-article\"\ndata-ad-format=\"fluid\" data-full-width-responsive=\"true\"><\/ins>\n<script> \n(adsbygoogle = window.adsbygoogle || []).push({}); \n<\/script>\n<\/div>\n<p>D\u00f6rt, Avrupa Birli\u011fi \u00fcyesi olarak\u00a0 dilimize, dinimize, ya\u015fam bi\u00e7imimize sayg\u0131l\u0131 bir e\u015fit hakl\u0131 etnik az\u0131nl\u0131k olarak var olmak ve T\u00fcrkiye ile yak\u0131n k\u00fclt\u00fcrel ve ekonomik etkile\u015fim i\u00e7inde bulunmak vb. gibi isteklerimiz esast\u0131r.<\/p>\n<p>E\u011fer DOST partisinin mahkemede tescili gecikmeye devam ederse, yakla\u015fan Cumhurba\u015fkanl\u0131\u011f\u0131 ve olas\u0131 erken meclis se\u00e7imleri dikkate al\u0131nd\u0131\u011f\u0131nda yeni bir form\u00fcl bulmak zorunday\u0131z. Herkes bilsin ki, biz soyda\u015flar, \u0130zmir, \u0130stanbul, \u0130zmit, Ankara ve Bursa&#8217;da H\u00d6H-DPS partisinin T\u00fcrkl\u00fc\u011fe ihanet politikas\u0131na bir tek oy vermemekte hakl\u0131y\u0131z.<\/p>\n<p><strong>Bizi Rus\u00e7u yapmak isteyenler bizden oy alamaz.\u00a0H\u00d6H&#8217;e oy verenlerin T\u00fcrkiye Cumhuriyetinde i\u015fi yoktur ve olamaz.<\/strong><\/p>\n<p>Bu defa H\u00d6H partisinin se\u00e7im ofislerine u\u011frayan olmayacakt\u0131r. H\u00d6H defteri d\u00fcr\u00fclm\u00fc\u015f ve \u00e7\u00f6pe at\u0131lm\u0131\u015ft\u0131r, bu da \u00f6n\u00fcm\u00fczdeki ilk se\u00e7imlerde g\u00f6r\u00fclecektir.<\/p>\n<p><strong>DOST partisi ile Korman \u0130smailov y\u00f6netimindeki, Kas\u0131m Dal giri\u015fimiyle kurulan \u00d6zg\u00fcrl\u00fck \u015eeref ve Demokrasi partisi aras\u0131nda se\u00e7ime\u00a0 birlikte girme s\u00f6zle\u015fmesi imzalanabilir. Bu koalisyona G\u00fcner Tahir ile Osman Oktay ve Menderes KUNG\u00dcN, Adem Kenan&#8217;\u0131n partisi, irili ufakl\u0131 Pomak ve Romen partileri de kat\u0131labilir. B\u00f6yle bir birle\u015fmenin, GERB&#8217;e kayan 120 bin oyu geri alabilece\u011fine ve T\u00fcrkiye&#8217;deki soyda\u015flar\u0131m\u0131zdan ve Bat\u0131 Avrupa \u00fclkelerinde i\u015fte olan karde\u015flerimizden en az 150\u00a0&#8211; 180\u00a0bin oy alabilece\u011fine de inanmak istiyorum. Milliyet\u00e7i \u0131rk\u00e7\u0131 d\u00fc\u015fmanlar\u0131m\u0131z\u0131 Sofya parlamentosundan atmam\u0131z\u0131n a\u00e7\u0131k yolu da budur. <\/strong><\/p><div id=\"bghab-558733627\" class=\"bghab-icerik-icine-40-paragraf bghab-entity-placement\"><script async src=\"\/\/pagead2.googlesyndication.com\/pagead\/js\/adsbygoogle.js?client=ca-pub-6203283170189293\" crossorigin=\"anonymous\"><\/script><ins class=\"adsbygoogle\" style=\"display:block; text-align:center;\" data-ad-client=\"ca-pub-6203283170189293\" \ndata-ad-slot=\"7303146466\" \ndata-ad-layout=\"in-article\"\ndata-ad-format=\"fluid\" data-full-width-responsive=\"true\"><\/ins>\n<script> \n(adsbygoogle = window.adsbygoogle || []).push({}); \n<\/script>\n<\/div>\n<p><strong>30\u00a0milletvekilinden fazla \u00e7\u0131kard\u0131\u011f\u0131m\u0131z an, tarihimizde ilk kez Bulgar Meclisinde 2 parti olaca\u011f\u0131z ve her\u00a0h\u00fckumete\u00a0kat\u0131lmam\u0131z, yasama\u00a0organ\u0131nda y\u00fcr\u00fctmedeki s\u00f6z\u00fcm\u00fcz daha a\u011f\u0131r basacakt\u0131r. Bu ger\u00e7ek, Cumhurba\u015fkanl\u0131\u011f\u0131 se\u00e7imleri ve yerel idare organlar\u0131 i\u00e7in de ge\u00e7erli oldu\u011fu kadar yeni bir anlam da kazan\u0131yor, kazanacakt\u0131r.<\/strong><\/p>\n<p>Yeri gelmi\u015fken \u015funu \u00f6nemle belirtmek istiyorum. Sivil toplum \u00f6rg\u00fctleri g\u00fc\u00e7l\u00fc olmayan bir \u00fclkede demokrasi olamaz. S\u00f6zlerimi Amerika ger\u00e7ekli\u011fiyle \u00f6rneklersem, <strong>Birle\u015fik Amerika&#8217;da her vatanda\u015f\u0131n en az 2-3 dernek, vak\u0131f, kul\u00fcp, birlik vb \u00fcyesi oldu\u011funu g\u00f6r\u00fcr\u00fcz<\/strong>.<\/p>\n<p>Bizde k\u00fclt\u00fcr dernek\u00e7ili\u011fimiz iyi k\u00f6k salmaya \u00e7al\u0131\u015fsa da, dernek\u00e7ili\u011fin genelde \u015fehir n\u00fcfus aras\u0131nda daha kolay k\u00f6k sald\u0131\u011f\u0131ndan, k\u00f6yl\u00fck alanda tar\u0131msal \u00fcnitelerde \u00f6rg\u00fctlenme, dini t\u00f6renlerde beraberli\u011fimiz d\u0131\u015f\u0131nda\u00a0 halen pek fazla bir \u015fey yap\u0131lam\u0131yor. Bu bahar Deliorman&#8217;da tekke ziyaretlerinin \u00e7ok ba\u015far\u0131l\u0131 ve anlaml\u0131 ge\u00e7mesi, edebiyat programlar\u0131yla desteklenmesi, \u00e7ok anlaml\u0131 oldu.<\/p>\n<p>19 May\u0131s Cebel&#8217;de May\u0131s \u0130syan\u0131&#8217;n\u0131 anma t\u00f6renleri \u00e7ok farkl\u0131 yar\u0131\u015f ve turnuvalarla ger\u00e7ekle\u015fece\u011fi i\u00e7in ilgi \u00f6zellikle b\u00fcy\u00fck olacak. \u015eehir merkezindeki kitle etkinliklerine DOST partisi yeni anlaml\u0131 siyasi konu\u015fmalarla ve k\u00fclt\u00fcrel etkinliklerle renk kazand\u0131rmaya haz\u0131rlan\u0131rken, H\u00d6H de bu \u00e7orbada bu sene de tuzum olsun anlam\u0131nda Cebellilerin yal\u0131n ate\u015fini s\u00f6nd\u00fcrme, art\u0131k yak\u0131n ve uza\u011f\u0131 g\u00f6rebilenleri do\u011fru yoldan sapt\u0131rma gayretlerinden vazge\u00e7miyor.<\/p>\n<p>Halk\u0131n \u00f6n\u00fcne \u00e7\u0131kmaya y\u00fcz\u00fc olmayan hain Do\u011fan saraydan d\u0131\u015far\u0131 ad\u0131m atamad\u0131\u011f\u0131 i\u00e7in yerine davam\u0131zdan uzak yeni H\u00d6H palya\u00e7olar\u0131n\u0131 g\u00f6ndermeye haz\u0131rlan\u0131yor. Bu t\u00f6rensel anma bulu\u015fmas\u0131n\u0131n T\u00fcrkiye&#8217;den gidecek olan dernek ve federasyon\u00a0 ba\u015fkan ve heyetlerinin der son d\u00f6nem Bulgaristan&#8217;da meydana gelen de\u011fi\u015fikli\u011fi, halk\u0131n uyan\u0131\u015f\u0131n\u0131 ve yeni bir aray\u0131\u015f i\u00e7ine giri\u015fin kavramas\u0131na yard\u0131mc\u0131 olur. Bu y\u0131l Cebel bulu\u015fmas\u0131n\u0131n \u00e7ok anlaml\u0131 olaca\u011f\u0131na inan\u0131yoruz. T\u00f6rende BULT\u00dcRK-\u0130stanbul temsilcileri de yer alacakt\u0131r.<\/p><div id=\"bghab-3001788693\" class=\"bghab-icerik-icine-45-paragraf bghab-entity-placement\"><script async src=\"\/\/pagead2.googlesyndication.com\/pagead\/js\/adsbygoogle.js?client=ca-pub-6203283170189293\" crossorigin=\"anonymous\"><\/script><ins class=\"adsbygoogle\" style=\"display:block; text-align:center;\" data-ad-client=\"ca-pub-6203283170189293\" \ndata-ad-slot=\"7303146466\" \ndata-ad-layout=\"in-article\"\ndata-ad-format=\"fluid\" data-full-width-responsive=\"true\"><\/ins>\n<script> \n(adsbygoogle = window.adsbygoogle || []).push({}); \n<\/script>\n<\/div>\n<p>Gerek DOST partisi ve gerekse\u00a0 koalisyona davet etti\u011fimiz di\u011fer parti ve sivil toplum kurulu\u015flar\u0131, bu ad\u0131m\u0131 atmazsak, ba\u015f g\u00f6sterecek tehlikeyi, hi\u00e7 bir T\u00fcrk partisinin meclise girememesini, politik sahneden at\u0131lmam\u0131z\u0131, Bulgar \u0131rk\u00e7\u0131lar\u0131n\u0131 bayram edi\u015flerini \u015fimdi g\u00f6rebilmi\u015f olmal\u0131d\u0131r.<\/p>\n<p>H\u00d6H eski genel ba\u015fkan yard\u0131mc\u0131s\u0131 Osman Oktay&#8217;\u0131n Bulgar TV yay\u0131nlar\u0131nda a\u011fz\u0131n\u0131 suland\u0131ra-balland\u0131ra anlatmaya \u00e7al\u0131\u015ft\u0131\u011f\u0131na g\u00f6re, 1993&#8217;ten beri T\u00fcrk M\u00fcsl\u00fcmanlar\u0131n siyaset arenas\u0131ndan att\u0131r\u0131lmas\u0131na\u00a0\u00e7al\u0131\u015f\u0131l\u0131yor.<\/p>\n<p>Bulgar partilerinin hele GERB ve BSP&#8217;nin bizim etnik\u00a0 az\u0131nl\u0131k haklar\u0131m\u0131z\u0131 savunaca\u011f\u0131 bir masald\u0131r.<\/p>\n<p>Oyumuzu verdi\u011fimiz g\u00fcn unutulmad\u0131k m\u0131?<\/p>\n<p>Ne geldiyse ba\u015f\u0131m\u0131za onlardan gelmedi mi?<\/p><div id=\"bghab-2631893321\" class=\"bghab-icerik-icine-50-paragraf bghab-entity-placement\"><script async src=\"\/\/pagead2.googlesyndication.com\/pagead\/js\/adsbygoogle.js?client=ca-pub-6203283170189293\" crossorigin=\"anonymous\"><\/script><ins class=\"adsbygoogle\" style=\"display:block; text-align:center;\" data-ad-client=\"ca-pub-6203283170189293\" \ndata-ad-slot=\"7303146466\" \ndata-ad-layout=\"in-article\"\ndata-ad-format=\"fluid\" data-full-width-responsive=\"true\"><\/ins>\n<script> \n(adsbygoogle = window.adsbygoogle || []).push({}); \n<\/script>\n<\/div>\n<p><strong>Birle\u015fmek zorunday\u0131z.<\/strong><\/p>\n<p>Hem de birle\u015fip, onlara bizim atalar\u0131m\u0131z\u0131n sava\u015fmadan bu topraklara yay\u0131ld\u0131\u011f\u0131nda, birka\u00e7 kale d\u0131\u015f\u0131nda, hi\u00e7 bir Bulgar kasabas\u0131 olmad\u0131\u011f\u0131n\u0131, Bulgarlar\u0131n Bat\u0131 Avrupal\u0131lardan 200 sene geri olduklar\u0131n\u0131; 19787&#8217;de Etropole, Kotel, Teteven, Tryavna, Love\u00e7, Gabrovo ve ba\u015fka Bulgar kasabalar\u0131na, k\u00f6ylerine giren Rus askerlerinin kilise, manast\u0131r ve okullar\u0131, \u00a0iki katl\u0131, \u00e7ardakl\u0131, \u00e7at\u0131s\u0131 kiremitle \u00f6rt\u00fclm\u00fc\u015f konak gibi k\u00f6yl\u00fc, hala pullukla s\u00fcr\u00fclen tarlalar\u0131 g\u00f6rd\u00fc\u011f\u00fcnde dudak \u0131s\u0131rd\u0131\u011f\u0131n\u0131 her g\u00fcn, her saat, her an hat\u0131rlatmal\u0131y\u0131z.<\/p>\n<p>Bu medeniyetler yaratan bir soyun torunlar\u0131y\u0131z, bunu asla unutmadan birle\u015fip yeni mucizeler yaratal\u0131m.<\/p>\n<p><strong>Birlik olal\u0131m. \u0130\u015fte o zaman asla yenilmeyiz! <\/strong><\/p>\n<p><strong>Biz halk\u0131m\u0131za zaferin bizim olaca\u011f\u0131na s\u00f6z verdik, buna az kald\u0131. \u0130lk k\u0131v\u0131lc\u0131m Cebelde ba\u015flad\u0131, H\u00d6H&#8217;\u00fcn yok olu\u015funun k\u0131v\u0131lc\u0131m\u0131 da burada at\u0131lacakt\u0131r.<\/strong><\/p><div id=\"bghab-1957724919\" class=\"bghab-icerik-icine-55-paragraf bghab-entity-placement\"><script async src=\"\/\/pagead2.googlesyndication.com\/pagead\/js\/adsbygoogle.js?client=ca-pub-6203283170189293\" crossorigin=\"anonymous\"><\/script><ins class=\"adsbygoogle\" style=\"display:block; text-align:center;\" data-ad-client=\"ca-pub-6203283170189293\" \ndata-ad-slot=\"7303146466\" \ndata-ad-layout=\"in-article\"\ndata-ad-format=\"fluid\" data-full-width-responsive=\"true\"><\/ins>\n<script> \n(adsbygoogle = window.adsbygoogle || []).push({}); \n<\/script>\n<\/div>\n<p>Devam edecek.<\/p>\n<div id=\"bghab-2603876503\" class=\"bghab-yazi-altinda bghab-entity-placement\"><div class=\"bghab-adlabel\">Reklamlar<\/div><script async src=\"https:\/\/pagead2.googlesyndication.com\/pagead\/js\/adsbygoogle.js\"><\/script>\r\n<!-- bghaber-yaz\u0131-sonu -->\r\n<ins class=\"adsbygoogle\"\r\n     style=\"display:block\"\r\n     data-ad-client=\"ca-pub-6203283170189293\"\r\n     data-ad-slot=\"4222328180\"\r\n     data-ad-format=\"auto\"\r\n     data-full-width-responsive=\"true\"><\/ins>\r\n<script>\r\n     (adsbygoogle = window.adsbygoogle || []).push({});\r\n<\/script><\/div><br style=\"clear: both; display: block; float: none;\"\/>","protected":false},"excerpt":{"rendered":"<p>\u00a0Rafet ULUTURK Konu:\u00a0 S\u00f6z vermek bor\u00e7tur.\u00a0 \u00a0 \u00a0 \u00a0 \u00a0 \u00a0 \u00a0 \u00a0 \u00a0 \u00a0 \u00a0 \u00a0 \u00a0 \u00a0 \u00a0 Biz halk\u0131m\u0131za bor\u00e7luyuz, \u00e7\u00fcnk\u00fc ona<\/p>\n","protected":false},"author":13,"featured_media":15193,"comment_status":"closed","ping_status":"closed","sticky":false,"template":"","format":"standard","meta":{"advanced_seo_description":"","jetpack_seo_html_title":"","jetpack_seo_noindex":false,"_jetpack_memberships_contains_paid_content":false,"footnotes":""},"categories":[6],"tags":[],"class_list":["post-19009","post","type-post","status-publish","format-standard","has-post-thumbnail","hentry","category-yorum"],"jetpack_featured_media_url":"https:\/\/i0.wp.com\/www.bghaber.org\/bghaber\/wp-content\/uploads\/2015\/06\/Rafet0010.jpg?fit=777%2C813&ssl=1","jetpack_sharing_enabled":true,"jetpack_likes_enabled":true,"jetpack-related-posts":[],"jetpack_shortlink":"https:\/\/wp.me\/pc2PfJ-4WB","_links":{"self":[{"href":"https:\/\/www.bghaber.org\/bghaber\/wp-json\/wp\/v2\/posts\/19009","targetHints":{"allow":["GET"]}}],"collection":[{"href":"https:\/\/www.bghaber.org\/bghaber\/wp-json\/wp\/v2\/posts"}],"about":[{"href":"https:\/\/www.bghaber.org\/bghaber\/wp-json\/wp\/v2\/types\/post"}],"author":[{"embeddable":true,"href":"https:\/\/www.bghaber.org\/bghaber\/wp-json\/wp\/v2\/users\/13"}],"replies":[{"embeddable":true,"href":"https:\/\/www.bghaber.org\/bghaber\/wp-json\/wp\/v2\/comments?post=19009"}],"version-history":[{"count":0,"href":"https:\/\/www.bghaber.org\/bghaber\/wp-json\/wp\/v2\/posts\/19009\/revisions"}],"wp:featuredmedia":[{"embeddable":true,"href":"https:\/\/www.bghaber.org\/bghaber\/wp-json\/wp\/v2\/media\/15193"}],"wp:attachment":[{"href":"https:\/\/www.bghaber.org\/bghaber\/wp-json\/wp\/v2\/media?parent=19009"}],"wp:term":[{"taxonomy":"category","embeddable":true,"href":"https:\/\/www.bghaber.org\/bghaber\/wp-json\/wp\/v2\/categories?post=19009"},{"taxonomy":"post_tag","embeddable":true,"href":"https:\/\/www.bghaber.org\/bghaber\/wp-json\/wp\/v2\/tags?post=19009"}],"curies":[{"name":"wp","href":"https:\/\/api.w.org\/{rel}","templated":true}]}}