{"id":18991,"date":"2016-05-17T08:37:50","date_gmt":"2016-05-17T05:37:50","guid":{"rendered":"http:\/\/www.bghaber.org\/bghaber\/?p=18991"},"modified":"2019-06-19T20:44:52","modified_gmt":"2019-06-19T17:44:52","slug":"besiktasin-rengi-neden-siyah-beyaz","status":"publish","type":"post","link":"https:\/\/www.bghaber.org\/bghaber\/besiktasin-rengi-neden-siyah-beyaz\/","title":{"rendered":"Be\u015fikta\u015f&#8217;\u0131n Rengi Neden Siyah Beyaz?"},"content":{"rendered":"<p>Raziye \u00c7ak\u0131r<\/p>\n<p>Balkanlar\u0131n tamam\u0131 T\u00dcRK oluncaya kadar rengimiz S\u0130YAH-BEYAZ kalacakt\u0131r.<\/p>\n<p><img data-recalc-dims=\"1\" height=\"360\" width=\"640\" decoding=\"async\" src=\"https:\/\/i0.wp.com\/www.bghaber.org\/bghaber\/wp-content\/uploads\/2016\/05\/Image2-1-768x432.jpg?resize=640%2C360\" alt=\"Image2\" \/><\/p>\n<p>Siyah ile beyaz kainat\u0131 payla\u015fan gece ile g\u00fcnd\u00fcz\u00fcn semb\u00f6lleri oldu\u011fu kadar, yenilmenin de yenmek kadar tabi bir olay oldu\u011fudur. Sporda ifade etti\u011fi mana, \u00e7ok a\u00e7\u0131k ve derindir. \u0130\u015fte b\u00fct\u00fcn bu hakikatlerin tam kar\u015f\u0131l\u0131\u011f\u0131 Siyah-Beyaz, Be\u015fikta\u015f camias\u0131 i\u00e7in apayr\u0131, \u00f6zel bir mana da ta\u015f\u0131maktad\u0131r.<\/p>\n<p>1903 y\u0131l\u0131nda Be\u015fikta\u015f k\u00fcl\u00fcb\u00fcm\u00fcz\u00fcn te\u015fek\u00fcl etti\u011fi zaman cemiyetimizin ilk renkleri KIRMIZI- BEYAZDI!<\/p>\n<p><strong>VE BU TAA BALKAN HARB\u0130NE KADAR DA DE\u011e\u0130\u015eMED\u0130.<\/strong><\/p><div id=\"bghab-3275067986\" class=\"bghab-icerik-icine bghab-entity-placement\"><script async src=\"\/\/pagead2.googlesyndication.com\/pagead\/js\/adsbygoogle.js?client=ca-pub-6203283170189293\" crossorigin=\"anonymous\"><\/script><ins class=\"adsbygoogle\" style=\"display:block; text-align:center;\" data-ad-client=\"ca-pub-6203283170189293\" \ndata-ad-slot=\"7303146466\" \ndata-ad-layout=\"in-article\"\ndata-ad-format=\"fluid\" data-full-width-responsive=\"true\"><\/ins>\n<script> \n(adsbygoogle = window.adsbygoogle || []).push({}); \n<\/script>\n<\/div>\n<p>8 Ekim 1912 yilinda &#8220;Birinci Balkan Harbi&#8221; baslamisti. Bu harp patlak verdigi zaman Osmanli Imparatorlugu&#8217;nun ordusu, subay ve erler arasindaki particilik ve dolayisiyla meydana gelen ikilik yuzunden duzensiz bir haldeydi. Bu yuzden kendisinden daha az kuvvetlere sahip olmalarina ragmen karsi saflarda yer alan dort dusman devletin saldirislarina dayanamayan Osmanli Imparatorlugu, bir cok meydan savasi kaybetmisti.\u00a0Yunanl\u0131lar Yanyay\u0131 ku\u015fat\u0131p Selaniki ald\u0131lar. Arnavutlar da bu durumdan faydalan\u0131p istiklallerini ilan ettiler.<\/p>\n<p><strong>1912 NET\u0130CEDE YUNAN DONANMASININ ADALARA ASKER \u00c7IKARTMASI VE OSMANLI DONANMASINA MENSUP HAM\u0130D\u0130YE KRUVAZ\u00d6R\u00dcN\u00dcN YUNAN DONANMASINA KAR\u015eI KOYMASI, BULGARLARIN KIRKLAREL\u0130 VE L\u00dcLEBURGAZ SAVAL\u015eARININ KAZANIP \u00c7ATALCA HATTINA DAYANMASI VE EN N\u0130HAYET \u0130NG\u0130L\u0130ZLER\u0130N M\u00dcDAHALES\u0130 \u0130LE S\u0130LAH BIRAKMASININ \u0130MZALANMASI 3 ARALIK 1912 B\u0130R B\u0130R\u0130N\u0130 TAK\u0130P ETT\u0130.<\/strong><\/p>\n<p>Bar\u0131\u015f\u00a0\u015fartlar\u0131n\u0131 konu\u015fmak \u00fczere Londra&#8217;da bir konferans topland\u0131. Fakat Balkan devletleri b\u00fct\u00fcn Rumeliyi istediler. Osmanl\u0131 devleti bunu kabul etmeyince de harp yeniden ba\u015flad\u0131.<\/p>\n<p>Ve b\u00f6ylece m\u00fccadele g\u00fcc\u00fcn\u00fc kaybeden devlet, bar\u0131\u015f\u00a0istemek zorunda kalarak d\u00fc\u015fman devletlerin arzusuna boyun e\u011fdi.<\/p>\n<p>Osmanl\u0131 devleti Midye &#8211; Enez hatt\u0131n\u0131n bat\u0131s\u0131nda kalan b\u00fct\u00fcn topraklar\u0131n\u0131 Balkanl\u0131lar&#8217;a b\u0131rakt\u0131. Balkan devletleri bu topraklar\u0131 pay edemediler.<\/p><div id=\"bghab-1116976308\" class=\"bghab-icerik-icine-10-paragraf bghab-entity-placement\"><script async src=\"\/\/pagead2.googlesyndication.com\/pagead\/js\/adsbygoogle.js?client=ca-pub-6203283170189293\" crossorigin=\"anonymous\"><\/script><ins class=\"adsbygoogle\" style=\"display:block; text-align:center;\" data-ad-client=\"ca-pub-6203283170189293\" \ndata-ad-slot=\"7303146466\" \ndata-ad-layout=\"in-article\"\ndata-ad-format=\"fluid\" data-full-width-responsive=\"true\"><\/ins>\n<script> \n(adsbygoogle = window.adsbygoogle || []).push({}); \n<\/script>\n<\/div>\n<p>Ve bu y\u00fczden S\u0131rplar&#8217;la, Yunan ve Bulgarlar aras\u0131nda ikinci bir Balkan Harbi baslad\u0131.<\/p>\n<p>Osmanl\u0131\u00a0Devleti\u00a0bu vaziyetten istifade ederek ileri harekete ge\u00e7ti ve 10 Temmuz 1913&#8217;te Edirne&#8217;yi geri ald\u0131. Fakat sadece Edirneyi!&#8230;<\/p>\n<p>Koca Balkan topraklar\u0131 elimizden kahpece al\u0131nm\u0131\u015ft\u0131.<\/p>\n<p>Asil T\u00fcrk gen\u00e7li\u011fi Balkanlar&#8217;in kayb\u0131 ile adeta kalbinden vuruldu.<\/p>\n<p>Ve fedakar, cesur T\u00fcrk gen\u00e7li\u011finin bir uzvu olan Be\u015fikta\u015fl\u0131\u00a0\u00e7ocuklar teess\u00fcrlerinin bir ifadesi olarak tarihi kararlar\u0131n\u0131 ilan ve tatbik ettiler: Balkanlar\u0131n tamam\u0131 tekrar T\u00fcrk milletinin oluncaya kadar, u\u011frunda m\u00fccadele edecekleri renkleri K\u0131rm\u0131z\u0131 &#8211; Beyaz-\u0131, Siyah &#8211; Beyaza tebdil ettiler.<\/p><div id=\"bghab-2321649933\" class=\"bghab-icerik-icine-15-paragraf bghab-entity-placement\"><script async src=\"\/\/pagead2.googlesyndication.com\/pagead\/js\/adsbygoogle.js?client=ca-pub-6203283170189293\" crossorigin=\"anonymous\"><\/script><ins class=\"adsbygoogle\" style=\"display:block; text-align:center;\" data-ad-client=\"ca-pub-6203283170189293\" \ndata-ad-slot=\"7303146466\" \ndata-ad-layout=\"in-article\"\ndata-ad-format=\"fluid\" data-full-width-responsive=\"true\"><\/ins>\n<script> \n(adsbygoogle = window.adsbygoogle || []).push({}); \n<\/script>\n<\/div>\n<p><span class=\"postbody\">\u0130\u015fte Siyah &#8211; Beyaz bu y\u00fczden Be\u015fikta\u015f i\u00e7in apayr\u0131 bir mana ta\u015f\u0131maktad\u0131r.<\/span><\/p>\n<h1 id=\"haber_baslik\" class=\" \" style=\"text-align: center;\"><strong>Be\u015fikta\u015f&#8217;\u0131n 2015-2016 y\u0131l\u0131 Sezon<\/strong><\/h1>\n<h1 class=\" \" style=\"text-align: center;\"><strong>\u015eampiyonlu\u011fu Hay\u0131rl\u0131 Olsun<\/strong><\/h1>\n<h1 class=\" \" style=\"text-align: center;\"><strong>Tebrikler BE\u015e\u0130KTA\u015e<\/strong><\/h1>\n<p><img data-recalc-dims=\"1\" decoding=\"async\" src=\"https:\/\/i0.wp.com\/www.bghaber.org\/bghaber\/wp-content\/uploads\/2016\/05\/BESKT.jpg?w=640\" alt=\"BESKT\" \/><\/p>\n<p><b>K\u0131sa Bilgi; <\/b><em>Be\u015fikta\u015f Jimnastik Kul\u00fcb\u00fc<\/em><em> ya da k\u0131saca Be\u015fikta\u015f, 1903 y\u0131l\u0131 Mart ay\u0131nda \u0130stanbul&#8217;da kurulan spor kul\u00fcb\u00fc. Bereket Jimnastik Kul\u00fcb\u00fc ad\u0131yla kurulan kul\u00fcp, 26 Ocak 1911 tarihinde Beyo\u011flu Mutasarr\u0131f\u0131 Muhittin Bey&#8217;in te\u015fvikiyle Be\u015fikta\u015f Osmanl\u0131 Jimnastik Kul\u00fcb\u00fc, ad\u0131yla tescil edilen ilk T\u00fcrk spor kul\u00fcb\u00fc oldu.\u00a0Daha \u00e7ok futbol \u015fubesiyle tan\u0131nan kul\u00fcp, T\u00fcrkiye&#8217;de futbolun profesyonelle\u015fmesinden sonra \u015fampiyon olma ba\u015far\u0131s\u0131 g\u00f6steren 5 kul\u00fcpten birisidir. Kul\u00fcb\u00fcn genel ba\u015fkan\u0131 Fikret Orman&#8217;d\u0131r.<\/em><\/p>\n<p><em>Be\u015fikta\u015f, g\u00fcncel olarak futbol (erkek ve kad\u0131nlarda), basketbol (erkek ve kad\u0131nlarda), voleybol (erkekler ve kad\u0131nlarda) ve hentbol dallar\u0131nda birinci lig d\u00fczeyinde temsil edilmektedir. Bu dallar\u0131n yan\u0131nda atletizm,\u00a0bedensel engelliler, boks, bri\u00e7, g\u00fcre\u015f, jimnastik, k\u00fcrek, masa tenisi, satran\u00e7 ve elektronik spor\u00a0dallar\u0131nda faaliyetlerini s\u00fcrd\u00fcrmektedir. Be\u015fikta\u015f Futbol Tak\u0131m\u0131, \u015fampiyon olan 5 tak\u0131mdan birisidir. Ayr\u0131ca, futbol tak\u0131m\u0131 armas\u0131nda y\u0131ld\u0131z olan\u00a04 T\u00fcrk tak\u0131m\u0131ndan biridir.<\/em><\/p>\n<h3><span id=\"Kara_Kartal_sembol.C3.BC\" class=\"mw-headline\">Kara Kartal sembol\u00fc<\/span><\/h3>\n<p>19 Ocak 1941 tarihinde, \u015eeref Stad\u0131&#8217;nda Be\u015fikta\u015f&#8217;\u0131n S\u00fcleymaniye tak\u0131m\u0131yla oynad\u0131\u011f\u0131 bir ma\u00e7ta, Be\u015fikta\u015f tak\u0131m\u0131n\u0131n h\u00fccum etti\u011fi trib\u00fcnde bulunan Mehmet Galin isminde bir taraftar\u0131n &#8220;Haydi Kara Kartallar, H\u00fccum edin Kara Kartallar&#8221;&#8230; \u015feklinde tezah\u00fcrat yapm\u0131\u015ft\u0131r.\u00a0Be\u015fikta\u015f&#8217;\u0131n ma\u00e7ta \u00fcst\u00fcn oynamas\u0131 ve art arda ataklar yapmas\u0131 da, taraftarlar\u0131n bu tezah\u00fcrat\u0131 benimsemesini sa\u011flam\u0131\u015ft\u0131r. Be\u015fikta\u015f o kar\u015f\u0131la\u015fmay\u0131,\u015eeref G\u00f6rkey&#8217;in voleyle att\u0131\u011f\u0131 3 gol, kaptan Hakk\u0131 Yeten, \u015eakir ve \u015e\u00fckr\u00fc&#8217;n\u00fcn birer gol\u00fcyle 6-0 galibiyetle bitirmi\u015ftir.\u00a0Bu ma\u00e7tan sonra, Kara Kartal Be\u015fikta\u015f&#8217;\u0131n sembol\u00fc olarak kabul edilmi\u015ftir.<\/p>\n<p><img data-recalc-dims=\"1\" decoding=\"async\" src=\"https:\/\/i0.wp.com\/pbs.twimg.com\/media\/CihBJoAVAAAvjg8.jpg?w=640&#038;ssl=1\" \/><\/p>\n<p>Kurucular: Be\u015fikta\u015f Jimnastik Kul\u00fcb\u00fc, b\u00fcy\u00fck \u00e7o\u011funlu\u011fu Kavkas\u00a0k\u00f6kenli olan\u00a022 ki\u015fi taraf\u0131ndan kurulmu\u015ftur.\u00a0Ahmet ve Mehmet Ali Fetgeri karde\u015fler, Batum\u00a0b\u00f6lgesinden g\u00f6\u00e7 etmi\u015f bir soydan, Mehmet \u015eamil ve H\u00fcseyin Bereket ise Da\u011f\u0131stanl\u0131 \u015eeyh \u015eAM\u0130L&#8217;in soyundan gelmektedir.<\/p><div id=\"bghab-3149450645\" class=\"bghab-icerik-icine-20-paragraf bghab-entity-placement\"><script async src=\"\/\/pagead2.googlesyndication.com\/pagead\/js\/adsbygoogle.js?client=ca-pub-6203283170189293\" crossorigin=\"anonymous\"><\/script><ins class=\"adsbygoogle\" style=\"display:block; text-align:center;\" data-ad-client=\"ca-pub-6203283170189293\" \ndata-ad-slot=\"7303146466\" \ndata-ad-layout=\"in-article\"\ndata-ad-format=\"fluid\" data-full-width-responsive=\"true\"><\/ins>\n<script> \n(adsbygoogle = window.adsbygoogle || []).push({}); \n<\/script>\n<\/div>\n<p><strong>Kurucular;<\/strong><\/p>\n<table>\n<tbody>\n<tr>\n<td valign=\"top\">\n<p style=\"text-align: left;\"><em>1 <a title=\"Ahmet Fetgeri A\u015feni\" href=\"https:\/\/tr.wikipedia.org\/wiki\/Ahmet_Fetgeri_A%C5%9Feni\">Ahmet Fetgeri<\/a> (Deniz albay\u0131)<\/em><\/p>\n<p style=\"text-align: left;\"><em>2 <a class=\"new\" title=\"Mehmet Ali Fetgeri (sayfa mevcut de\u011fil)\" href=\"https:\/\/tr.wikipedia.org\/w\/index.php?title=Mehmet_Ali_Fetgeri&amp;action=edit&amp;redlink=1\">Mehmet Ali Fetgeri<\/a> (\u00d6\u011fretmen-Yazar)<\/em><\/p>\n<p style=\"text-align: left;\"><em>3 <a title=\"Fuat Balkan\" href=\"https:\/\/tr.wikipedia.org\/wiki\/Fuat_Balkan\">Fuat Balkan<\/a> (Emekli Binba\u015f\u0131-Kocaeli mebusu)<\/em><\/p>\n<p style=\"text-align: left;\"><em>4 <a title=\"Mehmet \u015eamil \u015ehapl\u0131\" href=\"https:\/\/tr.wikipedia.org\/wiki\/Mehmet_%C5%9Eamil_%C5%9Ehapl%C4%B1\">Mehmet \u015eamil \u015ehapl\u0131<\/a> (Osman Pa\u015fazade)<sup id=\"cite_ref-ref195_8-1\" class=\"reference\"><a href=\"https:\/\/tr.wikipedia.org\/wiki\/Be%C5%9Fikta%C5%9F_JK#cite_note-ref195-8\">[8]<\/a><\/sup><\/em><\/p>\n<p style=\"text-align: left;\"><em>5 <a class=\"new\" title=\"H\u00fcseyin Bereket (sayfa mevcut de\u011fil)\" href=\"https:\/\/tr.wikipedia.org\/w\/index.php?title=H%C3%BCseyin_Bereket&amp;action=edit&amp;redlink=1\">H\u00fcseyin Bereket<\/a> (Osman Pa\u015fazade)<\/em><\/p>\n<p style=\"text-align: left;\"><em>6 <a class=\"new\" title=\"Naz\u0131m Nazif Ander (sayfa mevcut de\u011fil)\" href=\"https:\/\/tr.wikipedia.org\/w\/index.php?title=Naz%C4%B1m_Nazif_Ander&amp;action=edit&amp;redlink=1\">Naz\u0131m Nazif Ander<\/a> (Kad\u0131zade-Ziraat m\u00fchendisi)<\/em><\/p>\n<p style=\"text-align: left;\"><em>7 <a title=\"Hamza Osman Erkan\" href=\"https:\/\/tr.wikipedia.org\/wiki\/Hamza_Osman_Erkan\">Hamza Osman Erkan<\/a> (Osman Pa\u015fazade-Eski Afyon milletvekili)<\/em><\/p>\n<p style=\"text-align: left;\"><em>8 <a class=\"new\" title=\"Beh\u00e7et Bey (sayfa mevcut de\u011fil)\" href=\"https:\/\/tr.wikipedia.org\/w\/index.php?title=Beh%C3%A7et_Bey&amp;action=edit&amp;redlink=1\">Beh\u00e7et Bey<\/a><\/em><\/p>\n<p style=\"text-align: left;\"><em>9 <a class=\"new\" title=\"Kenan Bey (sayfa mevcut de\u011fil)\" href=\"https:\/\/tr.wikipedia.org\/w\/index.php?title=Kenan_Bey&amp;action=edit&amp;redlink=1\">Kenan Bey<\/a> (<a class=\"mw-redirect\" title=\"II.Abd\u00fclhamit\" href=\"https:\/\/tr.wikipedia.org\/wiki\/II.Abd%C3%BClhamit\">II.Abd\u00fclhamit<\/a>&#8216;in \u00f6zel muhaf\u0131z\u0131)<\/em><\/p>\n<p style=\"text-align: left;\"><em>10 <a class=\"mw-redirect mw-disambig\" title=\"Mehmet Pa\u015fa\" href=\"https:\/\/tr.wikipedia.org\/wiki\/Mehmet_Pa%C5%9Fa\">Mehmet Pa\u015fa<\/a> (Seryaver)<\/em><\/p>\n<\/td>\n<td style=\"text-align: left;\" valign=\"top\"><em>11 <a class=\"new\" title=\"Deli Fuat Pa\u015fa (sayfa mevcut de\u011fil)\" href=\"https:\/\/tr.wikipedia.org\/w\/index.php?title=Deli_Fuat_Pa%C5%9Fa&amp;action=edit&amp;redlink=1\">Deli Fuat Pa\u015fa<\/a><\/em><\/p>\n<p><em>12 <a class=\"mw-disambig\" title=\"Fethi Bey\" href=\"https:\/\/tr.wikipedia.org\/wiki\/Fethi_Bey\">Fethi Bey<\/a> (Hava Y\u00fczba\u015f\u0131)<\/em><\/p>\n<p><em>13 <a title=\"Muhittin Aky\u00fcz\" href=\"https:\/\/tr.wikipedia.org\/wiki\/Muhittin_Aky%C3%BCz\">Muhittin Pa\u015fa<\/a> (Eski <a title=\"Kahire\" href=\"https:\/\/tr.wikipedia.org\/wiki\/Kahire\">Kahire<\/a> B\u00fcy\u00fckel\u00e7isi)<\/em><\/p>\n<p><em>14 <a title=\"Ali K\u0131l\u0131\u00e7\" href=\"https:\/\/tr.wikipedia.org\/wiki\/Ali_K%C4%B1l%C4%B1%C3%A7\">Ali K\u0131l\u0131\u00e7<\/a> (Eski <a title=\"Gaziantep\" href=\"https:\/\/tr.wikipedia.org\/wiki\/Gaziantep\">Gaziantep<\/a> milletvekili)<\/em><\/p>\n<p><em>15 <a class=\"new\" title=\"Mazhar Kazanc\u0131 (sayfa mevcut de\u011fil)\" href=\"https:\/\/tr.wikipedia.org\/w\/index.php?title=Mazhar_Kazanc%C4%B1&amp;action=edit&amp;redlink=1\">Mazhar Kazanc\u0131<\/a> (S\u00fcvari Subay\u0131)<\/em><\/p>\n<p><em>16 <a title=\"Ziya Karam\u00fcrsel\" href=\"https:\/\/tr.wikipedia.org\/wiki\/Ziya_Karam%C3%BCrsel\">Ziya Karam\u00fcrsel<\/a> (Hazine-i Hassa M\u00fcd\u00fcr\u00fc)<\/em><\/p>\n<p><em>17 <a class=\"mw-disambig\" title=\"Ahmet Pa\u015fa\" href=\"https:\/\/tr.wikipedia.org\/wiki\/Ahmet_Pa%C5%9Fa\">Ahmet Pa\u015fa<\/a> (S\u00fcrre Emiri)<\/em><\/p>\n<p><em>18 <a class=\"mw-disambig\" title=\"\u015e\u00fckr\u00fc Pa\u015fa\" href=\"https:\/\/tr.wikipedia.org\/wiki\/%C5%9E%C3%BCkr%C3%BC_Pa%C5%9Fa\">\u015e\u00fckr\u00fc Pa\u015fa<\/a> (Eski Viyana B\u00fcy\u00fckel\u00e7isi)<\/em><\/p>\n<p><em>19 <a class=\"new\" title=\"Mahmut Naci Bey (sayfa mevcut de\u011fil)\" href=\"https:\/\/tr.wikipedia.org\/w\/index.php?title=Mahmut_Naci_Bey&amp;action=edit&amp;redlink=1\">Mahmut Naci Bey<\/a> (Fizan milletvekili)<\/em><\/p>\n<p><em>20 <a class=\"new\" title=\"\u015eevket Cenani (sayfa mevcut de\u011fil)\" href=\"https:\/\/tr.wikipedia.org\/w\/index.php?title=%C5%9Eevket_Cenani&amp;action=edit&amp;redlink=1\">\u015eevket Cenani<\/a> (Ba\u015fvekil Kadri Pa\u015fazade)<\/em><\/td>\n<td valign=\"top\">\n<p style=\"text-align: left;\"><em>21 <a class=\"new\" title=\"Cami Bayburt (sayfa mevcut de\u011fil)\" href=\"https:\/\/tr.wikipedia.org\/w\/index.php?title=Cami_Bayburt&amp;action=edit&amp;redlink=1\">Cami Bayburt<\/a> (Fizan milletvekili)<\/em><\/p>\n<p style=\"text-align: left;\"><em>22 <a title=\"\u015eeref Bey\" href=\"https:\/\/tr.wikipedia.org\/wiki\/%C5%9Eeref_Bey\">Ahmet \u015eerafettin<\/a> (\u00d6\u011fretmen, y\u00fczba\u015f\u0131)<\/em><\/p>\n<\/td>\n<\/tr>\n<\/tbody>\n<\/table>\n<div id=\"bghab-1339005042\" class=\"bghab-yazi-altinda bghab-entity-placement\"><div class=\"bghab-adlabel\">Reklamlar<\/div><script async src=\"https:\/\/pagead2.googlesyndication.com\/pagead\/js\/adsbygoogle.js\"><\/script>\r\n<!-- bghaber-yaz\u0131-sonu -->\r\n<ins class=\"adsbygoogle\"\r\n     style=\"display:block\"\r\n     data-ad-client=\"ca-pub-6203283170189293\"\r\n     data-ad-slot=\"4222328180\"\r\n     data-ad-format=\"auto\"\r\n     data-full-width-responsive=\"true\"><\/ins>\r\n<script>\r\n     (adsbygoogle = window.adsbygoogle || []).push({});\r\n<\/script><\/div><br style=\"clear: both; display: block; float: none;\"\/>","protected":false},"excerpt":{"rendered":"<p>Raziye \u00c7ak\u0131r Balkanlar\u0131n tamam\u0131 T\u00dcRK oluncaya kadar rengimiz S\u0130YAH-BEYAZ kalacakt\u0131r. Siyah ile beyaz kainat\u0131 payla\u015fan gece ile g\u00fcnd\u00fcz\u00fcn semb\u00f6lleri oldu\u011fu kadar, yenilmenin de yenmek kadar<\/p>\n","protected":false},"author":13,"featured_media":31122,"comment_status":"closed","ping_status":"closed","sticky":false,"template":"","format":"standard","meta":{"advanced_seo_description":"","jetpack_seo_html_title":"","jetpack_seo_noindex":false,"_jetpack_memberships_contains_paid_content":false,"footnotes":""},"categories":[6],"tags":[],"class_list":["post-18991","post","type-post","status-publish","format-standard","has-post-thumbnail","hentry","category-yorum"],"jetpack_featured_media_url":"https:\/\/i0.wp.com\/www.bghaber.org\/bghaber\/wp-content\/uploads\/2018\/06\/k%C3%BC%C3%A7%C3%BCk-vesikal%C4%B1k.jpg?fit=332%2C500&ssl=1","jetpack_sharing_enabled":true,"jetpack_likes_enabled":true,"jetpack-related-posts":[],"jetpack_shortlink":"https:\/\/wp.me\/pc2PfJ-4Wj","_links":{"self":[{"href":"https:\/\/www.bghaber.org\/bghaber\/wp-json\/wp\/v2\/posts\/18991","targetHints":{"allow":["GET"]}}],"collection":[{"href":"https:\/\/www.bghaber.org\/bghaber\/wp-json\/wp\/v2\/posts"}],"about":[{"href":"https:\/\/www.bghaber.org\/bghaber\/wp-json\/wp\/v2\/types\/post"}],"author":[{"embeddable":true,"href":"https:\/\/www.bghaber.org\/bghaber\/wp-json\/wp\/v2\/users\/13"}],"replies":[{"embeddable":true,"href":"https:\/\/www.bghaber.org\/bghaber\/wp-json\/wp\/v2\/comments?post=18991"}],"version-history":[{"count":0,"href":"https:\/\/www.bghaber.org\/bghaber\/wp-json\/wp\/v2\/posts\/18991\/revisions"}],"wp:featuredmedia":[{"embeddable":true,"href":"https:\/\/www.bghaber.org\/bghaber\/wp-json\/wp\/v2\/media\/31122"}],"wp:attachment":[{"href":"https:\/\/www.bghaber.org\/bghaber\/wp-json\/wp\/v2\/media?parent=18991"}],"wp:term":[{"taxonomy":"category","embeddable":true,"href":"https:\/\/www.bghaber.org\/bghaber\/wp-json\/wp\/v2\/categories?post=18991"},{"taxonomy":"post_tag","embeddable":true,"href":"https:\/\/www.bghaber.org\/bghaber\/wp-json\/wp\/v2\/tags?post=18991"}],"curies":[{"name":"wp","href":"https:\/\/api.w.org\/{rel}","templated":true}]}}