{"id":18985,"date":"2016-05-16T17:17:07","date_gmt":"2016-05-16T14:17:07","guid":{"rendered":"http:\/\/www.bghaber.org\/bghaber\/?p=18985"},"modified":"2016-05-16T17:17:07","modified_gmt":"2016-05-16T14:17:07","slug":"cebelde-anma-toplantisi-olacak-mi","status":"publish","type":"post","link":"https:\/\/www.bghaber.org\/bghaber\/cebelde-anma-toplantisi-olacak-mi\/","title":{"rendered":"Cebel\u2019de Anma Toplant\u0131s\u0131 Olacak m\u0131?"},"content":{"rendered":"<p><span style=\"font-style: inherit; font-weight: inherit;\"><strong style=\"font-style: inherit; font-weight: inherit;\">Her y\u0131l K\u0131rcaali\u2019ye ba\u011fl\u0131 Cebel \u0130l\u00e7e merkezinde 19 May\u0131s g\u00fcn\u00fc ger\u00e7ekle\u015ftirilen anma toplant\u0131s\u0131 tart\u0131\u015fmas\u0131 mahkemeye ta\u015f\u0131nd\u0131.<\/strong><\/span><\/p>\n<p><span style=\"font-style: inherit; font-weight: inherit;\"><span style=\"font-style: inherit; font-weight: inherit;\"><img data-recalc-dims=\"1\" decoding=\"async\" src=\"https:\/\/i0.wp.com\/www.bghaber.org\/bghaber\/wp-content\/uploads\/2013\/05\/19-mayis-2013-cebel-gunu.jpg?w=640\" alt=\"19-mayis-2013-cebel-gunu\" \/>4<\/span><\/span><\/p>\n<p><span style=\"font-style: inherit; font-weight: inherit;\"><span style=\"font-style: inherit; font-weight: inherit;\">H\u00d6H Partisinden ayr\u0131lan Cebel Belediye Ba\u015fkan\u0131 Bahri \u00d6mer\u2019in daha \u00f6nce 19 May\u0131s g\u00fcn\u00fc siyasi partilerin toplant\u0131 d\u00fczenlemesini yasaklayan karar\u0131 H\u00d6H\u2019\u00fcn ba\u015fvurusu \u00fczerine mahkemece ge\u00e7ersiz say\u0131ld\u0131.<\/span><\/span><\/p>\n<p><span style=\"font-style: inherit; font-weight: inherit;\"><span style=\"font-style: inherit; font-weight: inherit;\">Mahkemeye ba\u015fvuran H\u00d6H, Cebel\u2019de her y\u0131l oldu\u011fu gibi anma etkinli\u011fi de\u00fczenlemek istedi\u011fini beyan ederek DOST Partisi kurucusu olan Belediye Ba\u015fkan\u0131 \u00d6mer\u2019in karar\u0131n\u0131n iptal edilmesini istedi.<\/span><\/span><\/p>\n<p><span style=\"font-style: inherit; font-weight: inherit;\"><span style=\"font-style: inherit; font-weight: inherit;\">\u0130ste\u011fi hakl\u0131 bulan K\u0131rcaali mahkemesi, \u00d6mer\u2019in karar\u0131n\u0131n ge\u00e7ersiz sayd\u0131.<\/span><\/span><\/p><div id=\"bghab-447263011\" class=\"bghab-icerik-icine bghab-entity-placement\"><script async src=\"\/\/pagead2.googlesyndication.com\/pagead\/js\/adsbygoogle.js?client=ca-pub-6203283170189293\" crossorigin=\"anonymous\"><\/script><ins class=\"adsbygoogle\" style=\"display:block; text-align:center;\" data-ad-client=\"ca-pub-6203283170189293\" \ndata-ad-slot=\"7303146466\" \ndata-ad-layout=\"in-article\"\ndata-ad-format=\"fluid\" data-full-width-responsive=\"true\"><\/ins>\n<script> \n(adsbygoogle = window.adsbygoogle || []).push({}); \n<\/script>\n<\/div>\n<p>\u015eimdi ne olacak, toplant\u0131 olacak m\u0131, olmayacak m\u0131?<\/p>\n<div id=\"bghab-3070903207\" class=\"bghab-yazi-altinda bghab-entity-placement\"><div class=\"bghab-adlabel\">Reklamlar<\/div><script async src=\"https:\/\/pagead2.googlesyndication.com\/pagead\/js\/adsbygoogle.js\"><\/script>\r\n<!-- bghaber-yaz\u0131-sonu -->\r\n<ins class=\"adsbygoogle\"\r\n     style=\"display:block\"\r\n     data-ad-client=\"ca-pub-6203283170189293\"\r\n     data-ad-slot=\"4222328180\"\r\n     data-ad-format=\"auto\"\r\n     data-full-width-responsive=\"true\"><\/ins>\r\n<script>\r\n     (adsbygoogle = window.adsbygoogle || []).push({});\r\n<\/script><\/div><br style=\"clear: both; display: block; float: none;\"\/>","protected":false},"excerpt":{"rendered":"<p>Her y\u0131l K\u0131rcaali\u2019ye ba\u011fl\u0131 Cebel \u0130l\u00e7e merkezinde 19 May\u0131s g\u00fcn\u00fc ger\u00e7ekle\u015ftirilen anma toplant\u0131s\u0131 tart\u0131\u015fmas\u0131 mahkemeye ta\u015f\u0131nd\u0131. 4 H\u00d6H Partisinden ayr\u0131lan Cebel Belediye Ba\u015fkan\u0131 Bahri \u00d6mer\u2019in<\/p>\n","protected":false},"author":13,"featured_media":1742,"comment_status":"closed","ping_status":"closed","sticky":false,"template":"","format":"standard","meta":{"advanced_seo_description":"","jetpack_seo_html_title":"","jetpack_seo_noindex":false,"_jetpack_memberships_contains_paid_content":false,"footnotes":""},"categories":[8],"tags":[],"class_list":["post-18985","post","type-post","status-publish","format-standard","has-post-thumbnail","hentry","category-egitim"],"jetpack_featured_media_url":"https:\/\/i0.wp.com\/www.bghaber.org\/bghaber\/wp-content\/uploads\/2013\/05\/19-mayis-2013-cebel-gunu.jpg?fit=600%2C450&ssl=1","jetpack_sharing_enabled":true,"jetpack_likes_enabled":true,"jetpack-related-posts":[],"jetpack_shortlink":"https:\/\/wp.me\/pc2PfJ-4Wd","_links":{"self":[{"href":"https:\/\/www.bghaber.org\/bghaber\/wp-json\/wp\/v2\/posts\/18985","targetHints":{"allow":["GET"]}}],"collection":[{"href":"https:\/\/www.bghaber.org\/bghaber\/wp-json\/wp\/v2\/posts"}],"about":[{"href":"https:\/\/www.bghaber.org\/bghaber\/wp-json\/wp\/v2\/types\/post"}],"author":[{"embeddable":true,"href":"https:\/\/www.bghaber.org\/bghaber\/wp-json\/wp\/v2\/users\/13"}],"replies":[{"embeddable":true,"href":"https:\/\/www.bghaber.org\/bghaber\/wp-json\/wp\/v2\/comments?post=18985"}],"version-history":[{"count":0,"href":"https:\/\/www.bghaber.org\/bghaber\/wp-json\/wp\/v2\/posts\/18985\/revisions"}],"wp:featuredmedia":[{"embeddable":true,"href":"https:\/\/www.bghaber.org\/bghaber\/wp-json\/wp\/v2\/media\/1742"}],"wp:attachment":[{"href":"https:\/\/www.bghaber.org\/bghaber\/wp-json\/wp\/v2\/media?parent=18985"}],"wp:term":[{"taxonomy":"category","embeddable":true,"href":"https:\/\/www.bghaber.org\/bghaber\/wp-json\/wp\/v2\/categories?post=18985"},{"taxonomy":"post_tag","embeddable":true,"href":"https:\/\/www.bghaber.org\/bghaber\/wp-json\/wp\/v2\/tags?post=18985"}],"curies":[{"name":"wp","href":"https:\/\/api.w.org\/{rel}","templated":true}]}}