{"id":18977,"date":"2016-05-16T17:10:08","date_gmt":"2016-05-16T14:10:08","guid":{"rendered":"http:\/\/www.bghaber.org\/bghaber\/?p=18977"},"modified":"2016-05-16T17:10:08","modified_gmt":"2016-05-16T14:10:08","slug":"plevneliev-gecici-hukumeti-kurabilir","status":"publish","type":"post","link":"https:\/\/www.bghaber.org\/bghaber\/plevneliev-gecici-hukumeti-kurabilir\/","title":{"rendered":"Plevneliev ge\u00e7ici h\u00fck\u00fcmeti kurabilir"},"content":{"rendered":"<p lang=\"tr-TR\"><img data-recalc-dims=\"1\" decoding=\"async\" src=\"https:\/\/i0.wp.com\/www.bghaber.org\/bghaber\/wp-content\/uploads\/2016\/04\/bulgar-bakan-ise-elektrikli-araciyla-geldi-8315229_x_o.jpg?w=640\" alt=\"bulgar-bakan-ise-elektrikli-araciyla-geldi-8315229_x_o\" \/><\/p>\n<p lang=\"tr-TR\">Ba\u015fbakan Yard\u0131mc\u0131s\u0131 ve Sosyal Politika Bakan\u0131 \u0130vaylo Kalfin istifa etti. Ba\u015fbakan Boyko Borisov\u2019un da istifay\u0131 kabul etti\u011fi a\u00e7\u0131kland\u0131. Ba\u015fbakanl\u0131k Bas\u0131n Merkezsinden yap\u0131lan a\u00e7\u0131klamada Borisov\u2019un Kalfin ile g\u00f6r\u00fc\u015ferek ikilinin birlikte \u00e7al\u0131\u015fmalardan dolay\u0131 kar\u015f\u0131l\u0131kl\u0131 minnet duygular\u0131 ile ayr\u0131ld\u0131\u011f\u0131 kaydedildi. Kalfin yapt\u0131\u011f\u0131 a\u00e7\u0131klamada, ABV partisinin karar\u0131 nedeniyle g\u00f6revinden ayr\u0131ld\u0131\u011f\u0131n\u0131 s\u00f6yledi. Kalfin, \u2018Son 1,5 y\u0131lda Bulgaristan\u2019da daha y\u00fcksek gelir, daha fazla istihdam ve sosyal sistemde daha fazla adalet olmas\u0131 i\u00e7in \u00e7al\u0131\u015ft\u0131m ve gelinen noktadan memnunum.\u2019 ifadelerini kulland\u0131.<\/p>\n<p lang=\"tr-TR\">ABV genel ba\u015fkan yard\u0131m\u0131c\u0131s\u0131 Rumen Petkov, partinin pazar g\u00fcn\u00fc yap\u0131lacak kongrede h\u00fck\u00fcmetten \u00e7\u0131k\u0131p \u00e7\u0131kmayaca\u011f\u0131n\u0131 oylayaca\u011f\u0131n\u0131 a\u00e7\u0131klad\u0131. Petkov bu karar\u0131n ard\u0131ndaki gerek\u00e7eleri de \u015fu \u015fekilde aktard\u0131: \u2018Se\u00e7im Yasas\u0131n\u0131n de\u011fi\u015ftirilmesindeki tutum. 200 madde iki gecede kabul edildi. Bunlar toplum i\u00e7in \u00e7ok \u00f6nemli ve hassas maddeler. \u0130ki gecede kabul edilmesi normal de\u011fil. Siyaset yapma y\u00f6ntemini kabul etmiyoruz.\u2019<\/p>\n<p lang=\"tr-TR\">ABV partisi lideri Georgi P\u0131rvanov, Ba\u015fbakan Borisov\u2019dan h\u00fck\u00fcmette ciddi de\u011fi\u015fiklik yapmas\u0131 tavsiyesinde bulundu. P\u0131rvanov, sadece h\u00fck\u00fcmet y\u00f6netiminde diyalog eksikli\u011finin de\u011fil iktidar potansiyelinin de yok oldu\u011funu savundu. ABV partisi daha \u00f6nce de, adalet ve sa\u011fl\u0131k alanlar\u0131ndaki reformlar\u0131n eksikli\u011finden dolay\u0131 h\u00fck\u00fcmetten \u00e7\u0131kaca\u011f\u0131n\u0131 a\u00e7\u0131klam\u0131\u015ft\u0131.<\/p>\n<p lang=\"tr-TR\"><b>Plevneliev: ABV\u2019nin \u00e7ekilme karar\u0131n\u0131n ard\u0131nda derin bir strateji yat\u0131yor<\/b><\/p>\n<p><span lang=\"tr-TR\">ABV partisinin h\u00fck\u00fcmetten \u00e7\u0131kma niyetini ve \u0130vaylo Kalfinin istifas\u0131n\u0131 de\u011ferlendiren Cumhurba\u015fkan\u0131 Rosen Plevneliev, ABV partisinin h\u00fck\u00fcmetten \u00e7ekilme karar\u0131n\u0131n ard\u0131nda derin bir stratejinin yatt\u0131\u011f\u0131n\u0131 s\u00f6yledi. Siyasette sponten ve ola\u011fand\u0131\u015f\u0131 \u015feylerin olmad\u0131\u011f\u0131n\u0131 vurgulayan Plevneliev, gerekmesi halinde \u00fc\u00e7\u00fcnc\u00fc olarak ge\u00e7ici h\u00fck\u00fcmeti kurabilece\u011fini, ancak \u00fc\u00e7\u00fcnc\u00fc ge\u00e7ici h\u00fck\u00fcmet kurulmas\u0131na ve erken genel se\u00e7imlere gidilmesine gerek kalmamas\u0131n\u0131 \u00fcmit etti\u011fini aktard\u0131.<\/span><\/p><div id=\"bghab-1944998498\" class=\"bghab-icerik-icine bghab-entity-placement\"><script async src=\"\/\/pagead2.googlesyndication.com\/pagead\/js\/adsbygoogle.js?client=ca-pub-6203283170189293\" crossorigin=\"anonymous\"><\/script><ins class=\"adsbygoogle\" style=\"display:block; text-align:center;\" data-ad-client=\"ca-pub-6203283170189293\" \ndata-ad-slot=\"7303146466\" \ndata-ad-layout=\"in-article\"\ndata-ad-format=\"fluid\" data-full-width-responsive=\"true\"><\/ins>\n<script> \n(adsbygoogle = window.adsbygoogle || []).push({}); \n<\/script>\n<\/div>\n<div id=\"bghab-1571776566\" class=\"bghab-yazi-altinda bghab-entity-placement\"><div class=\"bghab-adlabel\">Reklamlar<\/div><script async src=\"https:\/\/pagead2.googlesyndication.com\/pagead\/js\/adsbygoogle.js\"><\/script>\r\n<!-- bghaber-yaz\u0131-sonu -->\r\n<ins class=\"adsbygoogle\"\r\n     style=\"display:block\"\r\n     data-ad-client=\"ca-pub-6203283170189293\"\r\n     data-ad-slot=\"4222328180\"\r\n     data-ad-format=\"auto\"\r\n     data-full-width-responsive=\"true\"><\/ins>\r\n<script>\r\n     (adsbygoogle = window.adsbygoogle || []).push({});\r\n<\/script><\/div><br style=\"clear: both; display: block; float: none;\"\/>","protected":false},"excerpt":{"rendered":"<p>Ba\u015fbakan Yard\u0131mc\u0131s\u0131 ve Sosyal Politika Bakan\u0131 \u0130vaylo Kalfin istifa etti. Ba\u015fbakan Boyko Borisov\u2019un da istifay\u0131 kabul etti\u011fi a\u00e7\u0131kland\u0131. Ba\u015fbakanl\u0131k Bas\u0131n Merkezsinden yap\u0131lan a\u00e7\u0131klamada Borisov\u2019un Kalfin<\/p>\n","protected":false},"author":13,"featured_media":18445,"comment_status":"closed","ping_status":"closed","sticky":false,"template":"","format":"standard","meta":{"advanced_seo_description":"","jetpack_seo_html_title":"","jetpack_seo_noindex":false,"_jetpack_memberships_contains_paid_content":false,"footnotes":""},"categories":[4],"tags":[],"class_list":["post-18977","post","type-post","status-publish","format-standard","has-post-thumbnail","hentry","category-siyaset"],"jetpack_featured_media_url":"https:\/\/i0.wp.com\/www.bghaber.org\/bghaber\/wp-content\/uploads\/2016\/04\/bulgar-bakan-ise-elektrikli-araciyla-geldi-8315229_x_o.jpg?fit=640%2C360&ssl=1","jetpack_sharing_enabled":true,"jetpack_likes_enabled":true,"jetpack-related-posts":[],"jetpack_shortlink":"https:\/\/wp.me\/pc2PfJ-4W5","_links":{"self":[{"href":"https:\/\/www.bghaber.org\/bghaber\/wp-json\/wp\/v2\/posts\/18977","targetHints":{"allow":["GET"]}}],"collection":[{"href":"https:\/\/www.bghaber.org\/bghaber\/wp-json\/wp\/v2\/posts"}],"about":[{"href":"https:\/\/www.bghaber.org\/bghaber\/wp-json\/wp\/v2\/types\/post"}],"author":[{"embeddable":true,"href":"https:\/\/www.bghaber.org\/bghaber\/wp-json\/wp\/v2\/users\/13"}],"replies":[{"embeddable":true,"href":"https:\/\/www.bghaber.org\/bghaber\/wp-json\/wp\/v2\/comments?post=18977"}],"version-history":[{"count":0,"href":"https:\/\/www.bghaber.org\/bghaber\/wp-json\/wp\/v2\/posts\/18977\/revisions"}],"wp:featuredmedia":[{"embeddable":true,"href":"https:\/\/www.bghaber.org\/bghaber\/wp-json\/wp\/v2\/media\/18445"}],"wp:attachment":[{"href":"https:\/\/www.bghaber.org\/bghaber\/wp-json\/wp\/v2\/media?parent=18977"}],"wp:term":[{"taxonomy":"category","embeddable":true,"href":"https:\/\/www.bghaber.org\/bghaber\/wp-json\/wp\/v2\/categories?post=18977"},{"taxonomy":"post_tag","embeddable":true,"href":"https:\/\/www.bghaber.org\/bghaber\/wp-json\/wp\/v2\/tags?post=18977"}],"curies":[{"name":"wp","href":"https:\/\/api.w.org\/{rel}","templated":true}]}}