{"id":18975,"date":"2016-05-16T17:05:58","date_gmt":"2016-05-16T14:05:58","guid":{"rendered":"http:\/\/www.bghaber.org\/bghaber\/?p=18975"},"modified":"2016-05-16T17:23:06","modified_gmt":"2016-05-16T14:23:06","slug":"ilk-kez-cumhurbaskani-secimleriyle-birlikte-iki-referandum","status":"publish","type":"post","link":"https:\/\/www.bghaber.org\/bghaber\/ilk-kez-cumhurbaskani-secimleriyle-birlikte-iki-referandum\/","title":{"rendered":"\u0130lk kez Cumhurba\u015fkan\u0131 se\u00e7imleriyle birlikte iki referandum"},"content":{"rendered":"<p>Bulgaristan tarihinde ilk kez Cumhurba\u015fkan\u0131 se\u00e7imleriyle birlikte iki referandum yap\u0131lmas\u0131 ufukta belirdi. Parlamento daha \u00f6nce herhangi bir se\u00e7imle referandum yap\u0131lamayaca\u011f\u0131na karar verdikten sonra, ge\u00e7en hafta d\u00fc\u015f\u00fcncesini tamamen de\u011fi\u015ftirdi. Slavi Show program\u0131 senaristlerinin 600 bin imza toplayarak yapt\u0131\u011f\u0131 referandum giri\u015fimi, Cumhurba\u015fkan\u0131 se\u00e7imleriyle Ekim sonunda birlikte d\u00fczenlenmesi g\u00fcndemde. \u0130nisiyatif Komitesi ekibi, referandum i\u00e7in 6 soruyla halka dan\u0131\u015fmay\u0131 istemi\u015fti. Buna g\u00f6re sorular \u015f\u00f6yle s\u0131ralan\u0131yor:<\/p>\n<p>1. Milletvekillerinin \u00e7o\u011funluk\u00e7u sistemle iki turda salt \u00e7o\u011funlukla se\u00e7ilebilmesini destekliyor musunuz?<br \/>\n2. Milletvekili say\u0131s\u0131n\u0131n 120\u2019ye d\u00fc\u015f\u00fcr\u00fclmesini onayl\u0131yor musunuz?<br \/>\n3. Se\u00e7imlerde ve referandumlarda zorunlu se\u00e7imin olmas\u0131n\u0131 destekliyor musunuz?<br \/>\n4. Uzaktan ve elektronik \u015fekilde se\u00e7im ve referandumlarda oy kullan\u0131lmas\u0131n\u0131 destekliyor musunuz?<br \/>\n5. Siyasi parti ve koalisyonlara verilen devlet s\u00fcbvansiyonlar\u0131n\u0131n, son se\u00e7imlerde al\u0131nan oylara g\u00f6re oy ba\u015f\u0131 1 leva olmas\u0131n\u0131 destekliyor musunuz?<br \/>\n6. \u0130\u00e7i\u015fleri Bakanl\u0131\u011f\u0131\u2019na ba\u011fl\u0131 emniyet m\u00fcd\u00fcrlerinin ve b\u00f6lge \u015feflerinin \u00e7o\u011funluk\u00e7u sistemle iki turda salt \u00e7o\u011funlukla se\u00e7ilebilmesini destekliyor musunuz?<\/p>\n<p>\u00d6te yandan Cumhurba\u015fkan\u0131 Rosen Plevneliev, ge\u00e7en y\u0131l elektronik se\u00e7imle alakal\u0131 kendisinin inisiyatifi \u00fczerine referandumda sorulmas\u0131n\u0131 istedi\u011fi sorunun meclis taraf\u0131ndan reddedildi\u011fini hat\u0131rlatarak, \u201cO zaman vekiller sorunun Anayasa\u2019ya ayk\u0131r\u0131 oldu\u011fu konusunda tart\u0131\u015fmlar yapm\u0131\u015ft\u0131. \u015eimdi sorumluluktan ka\u00e7arak problemi ba\u015fka kuruma b\u0131rakt\u0131lar.\u201d dedi.<br \/>\nMare\u015fki, yeniden 100 bin imza toplad\u0131<br \/>\n\u00d6te yandan Varnal\u0131 i\u015f adam\u0131Vaselin Mare\u015fki de referandum imzalar\u0131n\u0131 yeniden meclise sunmaya haz\u0131rlan\u0131yor. Ge\u00e7en y\u0131l toplad\u0131\u011f\u0131 401 bin imzan\u0131n baz\u0131lar\u0131n\u0131n ge\u00e7ersiz say\u0131lmas\u0131 sonucu, gerekli olan 400 binin alt\u0131na d\u00fc\u015f\u00fcld\u00fc\u011f\u00fc i\u00e7in, yeniden kampanya d\u00fczenlenerek 540 bin imza toplanabildi. Kanuna g\u00f6re meclis, 3 ay i\u00e7inde referandum konusunu ele almas\u0131 gerekiyor.<\/p>\n<p>Referandum i\u00e7in 5 sorusu olan Mare\u015fki, \u015fu soru maddelerini dilek\u00e7eye yazd\u0131:<\/p>\n<p>1. Milletvekili say\u0131s\u0131n\u0131n 240\u2019tan 120\u2019ye d\u00fc\u015f\u00fcr\u00fclmesini onayl\u0131yor musunuz?<br \/>\n2. Akaryak\u0131t piyasas\u0131nda d\u00fczenleme yap\u0131larak benzin istasyonlar\u0131nda daha ucuz akaryak\u0131t sunulmas\u0131n\u0131 destekliyor musunuz?<br \/>\n3. Milletvekillerinin dokunulmazl\u0131klar\u0131n\u0131n kald\u0131r\u0131lmas\u0131n\u0131 onayl\u0131yor musunuz?<br \/>\n4. Siyasi parti ve koalisyonlara verilen devlet s\u00fcbvansiyonunun tamamen kald\u0131r\u0131lmas\u0131n\u0131 destekliyor musunuz?<br \/>\n5. \u00dclke genelinde fiyatlar\u0131n daha rekabet\u00e7i ve ucuz olabilmesi i\u00e7in bir ki\u015finin 4\u2019ten fazla eczane a\u00e7ma s\u0131n\u0131r\u0131n\u0131n kald\u0131r\u0131lmas\u0131n\u0131 destekliyor musunuz?<\/p><div id=\"bghab-4195273892\" class=\"bghab-icerik-icine bghab-entity-placement\"><script async src=\"\/\/pagead2.googlesyndication.com\/pagead\/js\/adsbygoogle.js?client=ca-pub-6203283170189293\" crossorigin=\"anonymous\"><\/script><ins class=\"adsbygoogle\" style=\"display:block; text-align:center;\" data-ad-client=\"ca-pub-6203283170189293\" \ndata-ad-slot=\"7303146466\" \ndata-ad-layout=\"in-article\"\ndata-ad-format=\"fluid\" data-full-width-responsive=\"true\"><\/ins>\n<script> \n(adsbygoogle = window.adsbygoogle || []).push({}); \n<\/script>\n<\/div>\n<p>\u0130ki referandumda da ortak bir soru yer al\u0131yor.<\/p>\n<p>O da vekillerin say\u0131s\u0131n\u0131 120\u2019ye d\u00fc\u015f\u00fcrmek.<\/p>\n<div id=\"bghab-4246337809\" class=\"bghab-yazi-altinda bghab-entity-placement\"><div class=\"bghab-adlabel\">Reklamlar<\/div><script async src=\"https:\/\/pagead2.googlesyndication.com\/pagead\/js\/adsbygoogle.js\"><\/script>\r\n<!-- bghaber-yaz\u0131-sonu -->\r\n<ins class=\"adsbygoogle\"\r\n     style=\"display:block\"\r\n     data-ad-client=\"ca-pub-6203283170189293\"\r\n     data-ad-slot=\"4222328180\"\r\n     data-ad-format=\"auto\"\r\n     data-full-width-responsive=\"true\"><\/ins>\r\n<script>\r\n     (adsbygoogle = window.adsbygoogle || []).push({});\r\n<\/script><\/div><br style=\"clear: both; display: block; float: none;\"\/>","protected":false},"excerpt":{"rendered":"<p>Bulgaristan tarihinde ilk kez Cumhurba\u015fkan\u0131 se\u00e7imleriyle birlikte iki referandum yap\u0131lmas\u0131 ufukta belirdi. Parlamento daha \u00f6nce herhangi bir se\u00e7imle referandum yap\u0131lamayaca\u011f\u0131na karar verdikten sonra, ge\u00e7en hafta<\/p>\n","protected":false},"author":13,"featured_media":17758,"comment_status":"closed","ping_status":"closed","sticky":false,"template":"","format":"standard","meta":{"advanced_seo_description":"","jetpack_seo_html_title":"","jetpack_seo_noindex":false,"_jetpack_memberships_contains_paid_content":false,"footnotes":""},"categories":[4],"tags":[],"class_list":["post-18975","post","type-post","status-publish","format-standard","has-post-thumbnail","hentry","category-siyaset"],"jetpack_featured_media_url":"https:\/\/i0.wp.com\/www.bghaber.org\/bghaber\/wp-content\/uploads\/2016\/01\/meclis-bg.jpg?fit=1920%2C1080&ssl=1","jetpack_sharing_enabled":true,"jetpack_likes_enabled":true,"jetpack-related-posts":[],"jetpack_shortlink":"https:\/\/wp.me\/pc2PfJ-4W3","_links":{"self":[{"href":"https:\/\/www.bghaber.org\/bghaber\/wp-json\/wp\/v2\/posts\/18975","targetHints":{"allow":["GET"]}}],"collection":[{"href":"https:\/\/www.bghaber.org\/bghaber\/wp-json\/wp\/v2\/posts"}],"about":[{"href":"https:\/\/www.bghaber.org\/bghaber\/wp-json\/wp\/v2\/types\/post"}],"author":[{"embeddable":true,"href":"https:\/\/www.bghaber.org\/bghaber\/wp-json\/wp\/v2\/users\/13"}],"replies":[{"embeddable":true,"href":"https:\/\/www.bghaber.org\/bghaber\/wp-json\/wp\/v2\/comments?post=18975"}],"version-history":[{"count":0,"href":"https:\/\/www.bghaber.org\/bghaber\/wp-json\/wp\/v2\/posts\/18975\/revisions"}],"wp:featuredmedia":[{"embeddable":true,"href":"https:\/\/www.bghaber.org\/bghaber\/wp-json\/wp\/v2\/media\/17758"}],"wp:attachment":[{"href":"https:\/\/www.bghaber.org\/bghaber\/wp-json\/wp\/v2\/media?parent=18975"}],"wp:term":[{"taxonomy":"category","embeddable":true,"href":"https:\/\/www.bghaber.org\/bghaber\/wp-json\/wp\/v2\/categories?post=18975"},{"taxonomy":"post_tag","embeddable":true,"href":"https:\/\/www.bghaber.org\/bghaber\/wp-json\/wp\/v2\/tags?post=18975"}],"curies":[{"name":"wp","href":"https:\/\/api.w.org\/{rel}","templated":true}]}}