{"id":18972,"date":"2016-05-16T17:04:11","date_gmt":"2016-05-16T14:04:11","guid":{"rendered":"http:\/\/www.bghaber.org\/bghaber\/?p=18972"},"modified":"2016-05-16T17:04:11","modified_gmt":"2016-05-16T14:04:11","slug":"samokov-yakinlarinda-yeni-koy","status":"publish","type":"post","link":"https:\/\/www.bghaber.org\/bghaber\/samokov-yakinlarinda-yeni-koy\/","title":{"rendered":"Samokov yak\u0131nlar\u0131nda yeni k\u00f6y"},"content":{"rendered":"<p><img data-recalc-dims=\"1\" decoding=\"async\" src=\"https:\/\/i0.wp.com\/www.bghaber.org\/bghaber\/wp-content\/uploads\/2016\/05\/mimari.jpg?w=640\" alt=\"mimari\" \/><\/p>\n<p>\u0130sraillli bir yat\u0131r\u0131mc\u0131, Sofya ile Samokov aras\u0131nda yeni k\u00f6y in\u015fa edecek.<\/p>\n<p>Plana da\u011f\u0131nda Alino k\u00f6y\u00fc yak\u0131nlar\u0131nda yer alacak olan yeni mekan\u0131n in\u015fas\u0131 53 milyon levaya mal olacak. Plana Hightes adl\u0131 proje 621 dekar arazi \u00fczerine kurulacak ve tek bir ev yar\u0131m dekar alandan olu\u015fturulacak. Ekonomi Bakan\u0131 Bojidar Lukarski ile g\u00f6r\u00fc\u015fen yat\u0131r\u0131mc\u0131 Avinoam Katrieli, yapaca\u011f\u0131 proje i\u00e7in A s\u0131n\u0131f yat\u0131r\u0131mc\u0131 belgesi ald\u0131.<\/p>\n<p>Katrieli, 150 metre karelik bir villan\u0131n 100 bin Euro\u2019ya sat\u0131laca\u011f\u0131n\u0131 kaydetti. 100 i\u015f\u00e7inin istihdam edilece\u011fi proje \u00fc\u00e7 etapta ger\u00e7ekle\u015fecek. Proje i\u00e7in devlet yol altyap\u0131s\u0131, hususi idari hizmet gibi konularda yard\u0131mc\u0131 olacak. \u0130lk etapta gerekli altyap\u0131s\u0131 ile birlikte 150 ev, spor merkezi, ticaret alan\u0131 ve t\u0131p merkezi tamamlanacak. Daha sonraki devrelerde yap\u0131lan evlerin sat\u0131\u015f\u0131na ge\u00e7ilecek. \u015eirketin \u015fu anda \u0130srailli, Avustralyal\u0131, Almanyal\u0131 ve \u0130ngiltereli m\u00fc\u015fterileri bulunuyor.<\/p>\n<p>Yat\u0131r\u0131mc\u0131n\u0131n prezantasyonunda ileriye y\u00f6nelik 3 bin evin yap\u0131lmas\u0131 yaz\u0131l\u0131. Bakan Lukarski, bu ciddi yat\u0131r\u0131m\u0131n uzun zamandan beri planland\u0131\u011f\u0131n\u0131 belirtti. Katrieli, daha somut konu\u015farak10 y\u0131ldan beri hayali olan bu projeyi ger\u00e7ekle\u015ftirmek i\u00e7in \u00e7aba sarfetti\u011fini kaydetti.<\/p>\n<p>Ana fikrin modern bir k\u00f6y yapmak oldu\u011funa de\u011finen Katrieli, projenin ye\u015fil bir model oldu\u011funu vurgulad\u0131. Ev in\u015fas\u0131n\u0131n bu y\u0131l i\u00e7inde ba\u015flamas\u0131 beklenirken, 2017\u2019de ilk evlerin tamamlanmas\u0131 bekleniyor.\u00a0 T\u00fcm projenin ise 2019 y\u0131l\u0131nda hayata ge\u00e7mesi planlan\u0131yor.<\/p><div id=\"bghab-2096989456\" class=\"bghab-icerik-icine bghab-entity-placement\"><script async src=\"\/\/pagead2.googlesyndication.com\/pagead\/js\/adsbygoogle.js?client=ca-pub-6203283170189293\" crossorigin=\"anonymous\"><\/script><ins class=\"adsbygoogle\" style=\"display:block; text-align:center;\" data-ad-client=\"ca-pub-6203283170189293\" \ndata-ad-slot=\"7303146466\" \ndata-ad-layout=\"in-article\"\ndata-ad-format=\"fluid\" data-full-width-responsive=\"true\"><\/ins>\n<script> \n(adsbygoogle = window.adsbygoogle || []).push({}); \n<\/script>\n<\/div>\n<p>Toplam 3 bin parsel sat\u0131\u015fa sunuldu. Bunlar\u0131n bir k\u0131sm\u0131 sat\u0131ld\u0131. Projede baz\u0131 evler ye\u015fil ev olarak havuzlu ve modern tip olarak tasarland\u0131. Di\u011fer bir k\u0131sm\u0131 ise klasik ev gibi yap\u0131ld\u0131.<\/p>\n<div id=\"bghab-4106212769\" class=\"bghab-yazi-altinda bghab-entity-placement\"><div class=\"bghab-adlabel\">Reklamlar<\/div><script async src=\"https:\/\/pagead2.googlesyndication.com\/pagead\/js\/adsbygoogle.js\"><\/script>\r\n<!-- bghaber-yaz\u0131-sonu -->\r\n<ins class=\"adsbygoogle\"\r\n     style=\"display:block\"\r\n     data-ad-client=\"ca-pub-6203283170189293\"\r\n     data-ad-slot=\"4222328180\"\r\n     data-ad-format=\"auto\"\r\n     data-full-width-responsive=\"true\"><\/ins>\r\n<script>\r\n     (adsbygoogle = window.adsbygoogle || []).push({});\r\n<\/script><\/div><br style=\"clear: both; display: block; float: none;\"\/>","protected":false},"excerpt":{"rendered":"<p>\u0130sraillli bir yat\u0131r\u0131mc\u0131, Sofya ile Samokov aras\u0131nda yeni k\u00f6y in\u015fa edecek. Plana da\u011f\u0131nda Alino k\u00f6y\u00fc yak\u0131nlar\u0131nda yer alacak olan yeni mekan\u0131n in\u015fas\u0131 53 milyon levaya<\/p>\n","protected":false},"author":13,"featured_media":18973,"comment_status":"closed","ping_status":"closed","sticky":false,"template":"","format":"standard","meta":{"advanced_seo_description":"","jetpack_seo_html_title":"","jetpack_seo_noindex":false,"_jetpack_memberships_contains_paid_content":false,"footnotes":""},"categories":[7],"tags":[],"class_list":["post-18972","post","type-post","status-publish","format-standard","has-post-thumbnail","hentry","category-saglik-spor"],"jetpack_featured_media_url":"https:\/\/i0.wp.com\/www.bghaber.org\/bghaber\/wp-content\/uploads\/2016\/05\/mimari.jpg?fit=480%2C360&ssl=1","jetpack_sharing_enabled":true,"jetpack_likes_enabled":true,"jetpack-related-posts":[],"jetpack_shortlink":"https:\/\/wp.me\/pc2PfJ-4W0","_links":{"self":[{"href":"https:\/\/www.bghaber.org\/bghaber\/wp-json\/wp\/v2\/posts\/18972","targetHints":{"allow":["GET"]}}],"collection":[{"href":"https:\/\/www.bghaber.org\/bghaber\/wp-json\/wp\/v2\/posts"}],"about":[{"href":"https:\/\/www.bghaber.org\/bghaber\/wp-json\/wp\/v2\/types\/post"}],"author":[{"embeddable":true,"href":"https:\/\/www.bghaber.org\/bghaber\/wp-json\/wp\/v2\/users\/13"}],"replies":[{"embeddable":true,"href":"https:\/\/www.bghaber.org\/bghaber\/wp-json\/wp\/v2\/comments?post=18972"}],"version-history":[{"count":0,"href":"https:\/\/www.bghaber.org\/bghaber\/wp-json\/wp\/v2\/posts\/18972\/revisions"}],"wp:featuredmedia":[{"embeddable":true,"href":"https:\/\/www.bghaber.org\/bghaber\/wp-json\/wp\/v2\/media\/18973"}],"wp:attachment":[{"href":"https:\/\/www.bghaber.org\/bghaber\/wp-json\/wp\/v2\/media?parent=18972"}],"wp:term":[{"taxonomy":"category","embeddable":true,"href":"https:\/\/www.bghaber.org\/bghaber\/wp-json\/wp\/v2\/categories?post=18972"},{"taxonomy":"post_tag","embeddable":true,"href":"https:\/\/www.bghaber.org\/bghaber\/wp-json\/wp\/v2\/tags?post=18972"}],"curies":[{"name":"wp","href":"https:\/\/api.w.org\/{rel}","templated":true}]}}