{"id":18970,"date":"2016-05-16T16:57:32","date_gmt":"2016-05-16T13:57:32","guid":{"rendered":"http:\/\/www.bghaber.org\/bghaber\/?p=18970"},"modified":"2016-07-31T03:16:03","modified_gmt":"2016-07-31T00:16:03","slug":"basiretli-olmak-zorundayiz","status":"publish","type":"post","link":"https:\/\/www.bghaber.org\/bghaber\/basiretli-olmak-zorundayiz\/","title":{"rendered":"Basiretli Olmak Zorunday\u0131z"},"content":{"rendered":"<p>Konu:<strong>\u00a0 \u00c7\u00fcr\u00fck Tahtaya Basmayal\u0131m!<\/strong><\/p>\n<p><strong>Basiret<\/strong> eskiden bizde \u00e7ok kullan\u0131l\u0131rd\u0131. Son d\u00f6nem yerini <strong>vizyon<\/strong> ald\u0131. Basiret, ger\u00e7ekleri yan\u0131lmadan g\u00f6rebilme niteli\u011fiyken, vizyon bak\u0131\u015f a\u00e7\u0131s\u0131 olan \u015feklinde l\u00fcgatte girdi\u011finden, uza\u011f\u0131 g\u00f6rebilme, kavrama olarak da alg\u0131lan\u0131r.<\/p>\n<p>\u015eu d\u00f6nemde Bulgaristan&#8217;\u0131n da di\u011fer Balkan \u00fclkeleri gibi etnik batakl\u0131kta bulundu\u011fundan ve konumuzun da memleketimizdeki etnik partiler oldu\u011fu i\u00e7in ger\u00e7ek durumu ve \u00f6n\u00fcm\u00fcz\u00fc yan\u0131lmadan, tuza\u011fa d\u00fc\u015fmeden g\u00f6rebilmeliyiz.<\/p>\n<p>Konuya dikkatle yana\u015fmam\u0131n nedeni ise, Sofya K\u00fclt\u00fcr Evinde kurulu\u015f kurultay\u0131na kat\u0131ld\u0131\u011f\u0131m, 10 bin imzal\u0131 \u00fcye listelerinin de dilek\u00e7e, program ve t\u00fcz\u00fckle birlikte mahkemeye sunulu\u015fundan bu yana\u00a0 haftalar ge\u00e7mesine kar\u015f\u0131n, bir kay\u0131t karar\u0131n\u0131n \u00e7\u0131kmamas\u0131 ve art\u0131k ileri geri konu\u015fmalar\u0131n da ba\u015flam\u0131\u015f olmas\u0131d\u0131r. \u00a0S\u00f6ylentilerin ard\u0131nda <strong>Demokrasi Sorumluluk \u00d6zg\u00fcrl\u00fck ve Ho\u015fg\u00f6r\u00fc<\/strong> (<strong>DOST<\/strong>) partisini k\u0131skanan koyu <strong>H\u00d6H-DPS<\/strong>&#8216;ciler oldu\u011funu bilsem de, kulak verdik\u00e7e endi\u015feleniyorum. Daha 1990&#8217;da halk\u0131m\u0131z\u0131 aldatan bu ger\u00e7ekleri g\u00f6remez duruma d\u00fc\u015fm\u00fc\u015flerin alavere-dalavere \u00e7evirip DOST&#8217;un tescilini engelleme yolunda \u00e7al\u0131\u015fmalar\u0131 beni hi\u00e7 de \u015fa\u015f\u0131rtm\u0131yor.<\/p>\n<p>\u015e\u00f6yle bir geriye bakarsak, 2 000 y\u0131l\u0131nda yap\u0131lan Bulgaristan T\u00fcrk M\u00fcsl\u00fcmanlar\u0131 Ba\u015f M\u00fcft\u00fcl\u00fck kurultay karar\u0131n\u0131n\u00a0 Sofya Temiyiz Mahkemesinde onaylanmas\u0131 10 y\u0131ldan uzun s\u00fcrd\u00fc.<\/p><div id=\"bghab-3320516213\" class=\"bghab-icerik-icine bghab-entity-placement\"><script async src=\"\/\/pagead2.googlesyndication.com\/pagead\/js\/adsbygoogle.js?client=ca-pub-6203283170189293\" crossorigin=\"anonymous\"><\/script><ins class=\"adsbygoogle\" style=\"display:block; text-align:center;\" data-ad-client=\"ca-pub-6203283170189293\" \ndata-ad-slot=\"7303146466\" \ndata-ad-layout=\"in-article\"\ndata-ad-format=\"fluid\" data-full-width-responsive=\"true\"><\/ins>\n<script> \n(adsbygoogle = window.adsbygoogle || []).push({}); \n<\/script>\n<\/div>\n<p>Ahmet Do\u011fan&#8217;\u0131 2013&#8217;te kurultay k\u00fcrs\u00fcs\u00fcnden indiren ve mahkemenin kendisini su\u00e7suz buldu\u011fu <strong>Oktay Yeni Mehmet<\/strong> \u00f6nce aklan\u0131p sal\u0131verildi. Daha sonra Ahmet Do\u011fan ile sa\u011f kolu Delyan Peevski&#8217;nin Ba\u015fsavc\u0131l\u0131k ve mahkemelerde yaratt\u0131\u011f\u0131 kar\u0131\u015f\u0131kl\u0131k sonucu, o\u011flan\u0131n 20 y\u0131l hapsi istendi ve <strong>3 y\u0131l i\u00e7eri at\u0131ld\u0131 <\/strong>ve yat\u0131yor.<\/p>\n<p>Ge\u00e7en y\u0131l Sofya Mahkemesi&#8217;nin bir Frans\u0131z \u015farap \u015firketinin bizdeki fabrikas\u0131n\u0131 ve di\u011fer ta\u015f\u0131nmazlar\u0131n\u0131 bir Bulgar \u015firketine aktard\u0131. Olaya Fransa B\u00fcy\u00fckel\u00e7isi de kar\u0131\u015f\u0131nca dava yeniden g\u00f6r\u00fcld\u00fc.<\/p>\n<p>En fazla dikkati \u00e7ekense, 2014&#8217;te \u00e7\u00f6ken\u00a0 (BTK) &#8211; Bulgar Ticaret ve Kooperatif Bankas\u0131nda yarg\u0131\u00e7 ve savc\u0131lar\u0131n 500 (be\u015f y\u00fcz) milyon leva paras\u0131 olmas\u0131d\u0131r ki, bu olay b\u00fct\u00fcn kamuoyunu ve halk\u0131 d\u00fc\u015f\u00fcnd\u00fcrd\u00fc.<\/p>\n<p>Bu arada, Ba\u015fbakan Boyko Borisov Sofya Temiz Mahkemesi oturumuna girdi\u011finde mahkeme ba\u015fkan\u0131 Pavlov ve di\u011fer yarg\u0131\u00e7 ve savc\u0131lar\u0131n aya\u011fa kalkmas\u0131 da i\u015flerin kimin kontrol\u00fcnde oldu\u011fu konusunda\u00a0 herkesi d\u00fc\u015f\u00fcnd\u00fcrm\u00fc\u015ft\u00fcr. Ve \u015fu yeni kurulan<strong> Demokrasi Sorumluluk \u00d6zg\u00fcrl\u00fck ve Ho\u015fg\u00f6r\u00fc<\/strong> (<strong>DOST<\/strong>) partisinin tescili bu a\u00e7\u0131dan bende ku\u015fku uyand\u0131rmaya ba\u015flad\u0131.<\/p>\n<p>***<\/p><div id=\"bghab-4138309901\" class=\"bghab-icerik-icine-10-paragraf bghab-entity-placement\"><script async src=\"\/\/pagead2.googlesyndication.com\/pagead\/js\/adsbygoogle.js?client=ca-pub-6203283170189293\" crossorigin=\"anonymous\"><\/script><ins class=\"adsbygoogle\" style=\"display:block; text-align:center;\" data-ad-client=\"ca-pub-6203283170189293\" \ndata-ad-slot=\"7303146466\" \ndata-ad-layout=\"in-article\"\ndata-ad-format=\"fluid\" data-full-width-responsive=\"true\"><\/ins>\n<script> \n(adsbygoogle = window.adsbygoogle || []).push({}); \n<\/script>\n<\/div>\n<p>26 y\u0131ll\u0131k bir ge\u00e7mi\u015ften \u00e7\u0131kard\u0131\u011f\u0131m\u0131z sonu\u00e7lar bize, Ahmet Do\u011fan ve etraf\u0131na toplad\u0131\u011f\u0131 ve devletle yak\u0131n ili\u015fkili birka\u00e7 ki\u015finin DOST Genel Ba\u015fkan\u0131 L\u00fctfi Mestan&#8217;a ve yak\u0131n dava arkada\u015flar\u0131 bir s\u00fcr\u00fc k\u00f6t\u00fcl\u00fck yapmaya haz\u0131r oldu\u011funa i\u015faret ediyor. T\u00fcrkleri uyutup Hak ve \u00d6zg\u00fcrl\u00fck Hareketi&#8217;ni ele ge\u00e7irelim h\u0131rs\u0131na kap\u0131lan Do\u011fan 10 000 (on bin) ayd\u0131n ve entelekt\u00fcel arkada\u015f\u0131m\u0131z\u0131 Bulgaristan&#8217;dan kovdurmad\u0131 m\u0131?<\/p>\n<p>Onlardan feraset, anlay\u0131\u015f beklemek yanl\u0131\u015f olur. \u00a0Onlar\u0131n \u015fimdi yakalad\u0131klar\u0131 f\u0131rsat\u0131 kaybetti\u011finde, bu f\u0131rsat\u0131n bir daha ele ge\u00e7irilebilmesi tamamen imkans\u0131zd\u0131r.\u00a0 Bir defa, H\u00d6H-DPS partisi zaman\u0131n\u0131 doldurdu. \u0130ki, bu partinin Bulgaristan M\u00fcsl\u00fcman T\u00fcrkleri i\u00e7in yapaca\u011f\u0131 hi\u00e7 bir \u015fey kalmad\u0131, 24 Nisanda Sofya&#8217;da toplanan H\u00d6H-DPS kurultay\u0131nda da g\u00f6r\u00fcld\u00fc\u011f\u00fc \u00fczere, devlet taraf\u0131ndan beslenen bu birka\u00e7 y\u00fcz ki\u015filik ekip &#8220;<strong>Bulgar Ernik Modeli<\/strong>&#8220;nin da ileri ger\u00e7ekle\u015ftirilmesinden yanad\u0131r yani ellerine ge\u00e7irdikleri kuzu budunu ka\u00e7\u0131rmak istemiyorlar.<\/p>\n<p>Bu modelin bizim sonumuzu getirece\u011fini g\u00f6rmeyen iki ki\u015fi kald\u0131, biri k\u00f6r, \u00f6teki de ak\u0131ls\u0131zd\u0131r.\u00a0 K\u00f6r\u00fcn kuyuya d\u00fc\u015fmesine \u015fa\u015f\u0131lmaz, ama biz &#8220;<strong>Bulgar Etnik Modeli<\/strong>&#8221; kuyusuna d\u00fc\u015fmek ve T\u00fcrk olarak yok olmak istemiyoruz. Halk\u0131m\u0131z art\u0131k yolu g\u00f6rd\u00fc ve hi\u00e7 kimseyi taklit etmesine gerek yoktur.<\/p>\n<p>Biz \u015fimdi DOST partisi ile &#8220;<strong>Bulgar Etnik Modeli<\/strong>&#8221; tuza\u011f\u0131ndan kurtulma f\u0131rsat\u0131 ele ge\u00e7irmi\u015fken, \u00e7\u00fcnk\u00fc \u00a0Avrupa Birli\u011fi de gelece\u011fin \u00e7ok uluslu ve \u00e7ok k\u00fclt\u00fcrl\u00fc bir d\u00fcnyaya ait olaca\u011f\u0131n\u0131 art\u0131k benimsemi\u015f bulunuyor. DOST&#8217;un tescil edilmesi ve Ekimde yap\u0131lacak ola\u011fan Cumhurba\u015fkanl\u0131\u011f\u0131 ve erken genel se\u00e7imlerde siyasi arenaya \u00e7\u0131kmas\u0131 hepimiz i\u00e7in b\u00fcy\u00fck bir ba\u015far\u0131 olur!<\/p>\n<p>&#8220;Sarayda&#8221; tuzak kurmu\u015f ve ajanlar\u0131 k\u00f6stebek gibi mahkeme salonlar\u0131nda dola\u015fan Ahmet Do\u011fan, DOST&#8217;u bitirmenin p\u00fcf noktas\u0131, &#8220;<strong>partiyi kurdurmamak, mahkeme s\u00fcresini y\u0131llara yaymak ve hepsini usand\u0131rmakt\u0131r<\/strong>&#8221; demi\u015f. \u00dcst\u00fcne de &#8220;<strong>B\u00f6yle bir f\u0131rsat her zaman ele ge\u00e7mez<\/strong>!&#8221; demi\u015f. Anla\u015f\u0131lan &#8220;saraydan&#8221; g\u00f6r\u00fclen gelecekte, DOST kurulur ve halk\u0131 etraf\u0131na toplarsa &#8220;<strong>Bu, (DPS-H\u00d6H) partisinin sonu olur!<\/strong>&#8221; \u00f6ng\u00f6r\u00fcs\u00fcnde bulunabilmi\u015f. Bu f\u0131rsat\u0131n elden ka\u00e7\u0131r\u0131lmamas\u0131 konusunda, H\u00d6H milletvekilleri grubu ayn\u0131 g\u00f6r\u00fc\u015fte de\u011fildir.<\/p><div id=\"bghab-3717271926\" class=\"bghab-icerik-icine-15-paragraf bghab-entity-placement\"><script async src=\"\/\/pagead2.googlesyndication.com\/pagead\/js\/adsbygoogle.js?client=ca-pub-6203283170189293\" crossorigin=\"anonymous\"><\/script><ins class=\"adsbygoogle\" style=\"display:block; text-align:center;\" data-ad-client=\"ca-pub-6203283170189293\" \ndata-ad-slot=\"7303146466\" \ndata-ad-layout=\"in-article\"\ndata-ad-format=\"fluid\" data-full-width-responsive=\"true\"><\/ins>\n<script> \n(adsbygoogle = window.adsbygoogle || []).push({}); \n<\/script>\n<\/div>\n<p>K\u0131rcaaliev gibi K\u0131rcaali milletvekilleri bu gidi\u015fle bir daha meclis kap\u0131s\u0131ndan i\u00e7eri giremeyeceklerini bildiklerinden, Do\u011fan&#8217;\u0131n sert davranmas\u0131ndan yana \u00e7\u0131karken, Gotse Del\u00e7ev (Nevrekop) G\u0131rmen, Banite, Razlog b\u00f6lgelerinde ve Mesta (Karasu) boyu k\u00f6ylerde\u00a0 Pomaklar de\u011fi\u015fikliklerden yana \u00e7\u0131k\u0131yor.<\/p>\n<p>DOST y\u00f6netiminden milletvekili <strong>Haf\u0131zov<\/strong>&#8216;un Deliolman&#8217;\u0131n ba\u011f\u0131ms\u0131z belediye ba\u015fkanlar\u0131 ve muhtarlar taraf\u0131ndan y\u00f6netilen \u0130sperih (Kemaller), Kubrat vb y\u00f6relerinde yapt\u0131\u011f\u0131 ilk g\u00f6r\u00fc\u015fmeler olumlu sonu\u00e7 vermi\u015ftir.<\/p>\n<p>Haskovo&#8217;ya ba\u011fl\u0131 Stanbolovo (Pa\u015fa K\u00f6y) T\u00fcrkleri de &#8220;B\u0130Z DOST\u00c7UYUZ!&#8221; demekte gecikmedi.\u00a0 L. Mestan&#8217;\u0131n da kat\u0131ld\u0131\u011f\u0131 &#8220;<strong>7 K\u0131zlar Camii<\/strong>&#8221; mevlidi ve Podkova merkezli (Balabanlar) DOST toplant\u0131s\u0131 b\u00f6lgede yorumlanmaya devam ediyor. Halk &#8220;<strong>Bu gen\u00e7leri ileriyi g\u00f6r\u00fcyor<\/strong>&#8221; diyor. Anla\u015f\u0131lan art\u0131k kimse yalan dolan, bo\u015f vaatler ve \u00f6l\u00fc \u00fcmitlerle g\u00f6bek ba\u011f\u0131 tesad\u00fcflere ba\u011fl\u0131 bir hayat ya\u015famak istemiyor.<\/p>\n<p>***<\/p>\n<p>Bulgaristanl\u0131 T\u00fcrk se\u00e7menler DOST&#8217;a kanat a\u00e7arken, bizi ba\u015f\u0131m\u0131za ge\u00e7irilen \u00e7uval\u0131n fark\u0131nday\u0131z, f\u0131rsat f\u0131rsatt\u0131r DOST&#8217;la yol de\u011fi\u015ftirip tedbirli davranarak, birbirimize sar\u0131larak, \u015f\u00f6yle disiplinli bir \u015fekilde bu i\u015fte yol alal\u0131m diyorlar. Hele <strong>BULT\u00dcRK &#8211; K\u00fclt\u00fcr ve Hizmet Derne\u011fi<\/strong> y\u00f6netiminde \u0130stanbul&#8217;daki soyda\u015flar\u0131m\u0131z\u0131n da &#8220;<strong>DOST HO\u015e GELD\u0130N<\/strong>!&#8221; dedi\u011fi anla\u015f\u0131l\u0131nca, memlekette yeni bir y\u00fcreklenme oldu.<\/p><div id=\"bghab-2872607640\" class=\"bghab-icerik-icine-20-paragraf bghab-entity-placement\"><script async src=\"\/\/pagead2.googlesyndication.com\/pagead\/js\/adsbygoogle.js?client=ca-pub-6203283170189293\" crossorigin=\"anonymous\"><\/script><ins class=\"adsbygoogle\" style=\"display:block; text-align:center;\" data-ad-client=\"ca-pub-6203283170189293\" \ndata-ad-slot=\"7303146466\" \ndata-ad-layout=\"in-article\"\ndata-ad-format=\"fluid\" data-full-width-responsive=\"true\"><\/ins>\n<script> \n(adsbygoogle = window.adsbygoogle || []).push({}); \n<\/script>\n<\/div>\n<p>Bu yolda Bursa ve \u0130zmir&#8217;de ba\u015flayan ciddi \u00e7al\u0131\u015fmalar dikkati \u00e7ekiyor. Burada \u015feffafla\u015fan durumda gev\u015fek davranmama ve acele etme istekleri \u00f6ne \u00e7\u0131k\u0131yor. Kimse f\u0131rsat ka\u00e7\u0131rmak istemiyor.<\/p>\n<p>\u0130kinci olarak \u00f6ne \u00e7\u0131kan Ba\u015fkanl\u0131k konusunda dile gelenlerdir.<\/p>\n<p>DOST lideri L\u00fctfi Mestan&#8217;a hitaben konu\u015fanlardsa &#8220;<strong>Ba\u015fkanl\u0131k ancak g\u00fczel siyaset ile m\u00fckemmel hale gelir! Kimse Ba\u015fkan Do\u011fmam\u0131\u015ft\u0131r<\/strong>!&#8221; dile geliyor. \u0130yi temennilerin hakim olmas\u0131 sevindiricidir. L. Mestan&#8217;\u0131n bTV sabah program\u0131nda, T\u00fcrk kimli\u011fi ve M\u00fcsl\u00fcmanl\u0131\u011f\u0131m\u0131z konular\u0131nda mant\u0131kl\u0131 savunma yaparak\u00a0 dikkati \u00e7ekmesi ve eski K\u00fclt\u00fcr Bakan\u0131 Bojidar Dimitrov gibi anadan do\u011fma &#8220;<strong>T\u00fcrk d\u00fc\u015fmanlar\u0131n\u0131n a\u011fz\u0131n\u0131n pay\u0131n\u0131 vermesi<\/strong>&#8221; b\u00fcy\u00fck takdir toplad\u0131. Bizim kan\u0131m\u0131zca Ba\u015fkan\u0131n halka inmesi, halk\u00e7\u0131 siyasetle insanlar\u0131m\u0131zla kayna\u015fmas\u0131, halk sevgisi toplamas\u0131 y\u00fckseli\u015finin tek do\u011fru yoludur.<\/p>\n<p>\u00dc\u00e7\u00fcnc\u00fc olarak da, L. Mestan ve arkada\u015flar\u0131n\u0131n kaybetmi\u015f, toslam\u0131\u015f, Do\u011fan sillesi yemi\u015f ki\u015filer oldu\u011fu \u00fczerinde durulurken &#8220;<strong>Hi\u00e7 kaybetmemi\u015f kimse, hi\u00e7 kazanmam\u0131\u015f demektir<\/strong>.&#8221; g\u00f6r\u00fc\u015f\u00fc vurgulan\u0131yor ve art\u0131k kazanma, toplama, gururlu olma zaman\u0131 geldi\u011fine i\u015faret ediliyor.<\/p>\n<p>&#8220;<strong>CU-24<\/strong>&#8221; Rus askeri u\u00e7a\u011f\u0131n\u0131n d\u00fc\u015f\u00fcr\u00fclmesi ile ba\u015flayan Bulgaristan Tr\u00fckleri&#8217;nin T\u00fcrkiye ile daha s\u0131k\u0131 birlik ve dayan\u0131\u015fma siyaseti g\u00fc\u00e7 topluyor diyenler, Ahmet Do\u011fan&#8217;\u0131n basireti o g\u00fcn ba\u011fland\u0131, d\u00fc\u015f\u00fcnemez, ger\u00e7e\u011fi g\u00f6remez oldu. En b\u00fcy\u00fck yanl\u0131\u015f\u0131 da, bizi Putin sald\u0131rgan\u0131na &#8220;<strong>Be\u015finci kol ordu<\/strong>&#8221; yapma plan\u0131 oldu, diyorlar.<\/p><div id=\"bghab-1778236781\" class=\"bghab-icerik-icine-25-paragraf bghab-entity-placement\"><script async src=\"\/\/pagead2.googlesyndication.com\/pagead\/js\/adsbygoogle.js?client=ca-pub-6203283170189293\" crossorigin=\"anonymous\"><\/script><ins class=\"adsbygoogle\" style=\"display:block; text-align:center;\" data-ad-client=\"ca-pub-6203283170189293\" \ndata-ad-slot=\"7303146466\" \ndata-ad-layout=\"in-article\"\ndata-ad-format=\"fluid\" data-full-width-responsive=\"true\"><\/ins>\n<script> \n(adsbygoogle = window.adsbygoogle || []).push({}); \n<\/script>\n<\/div>\n<p>\u00d6te yandan, T\u00fcrkiye&#8217;nin Kilis \u015fehrine &#8220;<strong>Kat\u00fc\u015fa<\/strong>&#8221; f\u00fczeleri f\u0131rlatan &#8220;<strong>DEA\u015e<\/strong>&#8221; ter\u00f6r \u00f6rg\u00fct\u00fc kadrolar\u0131n\u0131n Rusya hapishanelerinden se\u00e7ti\u011fi de a\u00e7\u0131klan\u0131nca, Do\u011fan&#8217;\u0131n Moskof siyasetine sert ele\u015ftiriler daha da keskinle\u015fti. Bu geli\u015fmelerle Yak\u0131n Do\u011fu&#8217;da g\u00f6z\u00fc olan Putin sald\u0131rgan\u0131n\u0131n &#8220;<strong>DEA\u015e<\/strong>&#8221; ter\u00f6r \u00f6rg\u00fct\u00fcn\u00fc yaratt\u0131\u011f\u0131 ger\u00e7e\u011fi de bir daha do\u011frulanm\u0131\u015f oldu. Putin&#8217;in &#8220;<strong>anti-ter\u00f6r<\/strong>&#8221; siyasetine inananlar g\u00fcnden g\u00fcne azal\u0131yor.<\/p>\n<p>***<\/p>\n<p>Basireti, Bulgaristan T\u00fcrkleri i\u00e7in bir basiretsizlik olan ve 3 y\u0131l \u00f6nce &#8220;saraya&#8221; kapanan ve d\u0131\u015far\u0131 \u00e7\u0131kamayan, &#8220;<strong>Hitler \u0130kinci D\u00fcnya Sava\u015f\u0131n\u0131\u00a0 yer alt\u0131 s\u0131\u011f\u0131naklar\u0131ndan y\u00f6netmi\u015f, ben de T\u00fcrk az\u0131nl\u0131\u011f\u0131 saraydan&#8221; y\u00f6netirim<\/strong>&#8221; dedi\u011fi yay\u0131lan Do\u011fan&#8217;a\u00a0 Nazilerin son sava\u015f\u0131 kaybetti\u011fini hat\u0131rlatmak isterim.<\/p>\n<p>Bulgaristan T\u00fcrkleri ve t\u00fcm M\u00fcsl\u00fcman karde\u015flerim ad\u0131na \u00fcz\u00fclerek payla\u015f\u0131yorum, bir y\u00f6neticide olmamas\u0131 gereken 6 vas\u0131f var ve bunlar\u0131n hepsini Ahmet Do\u011fan&#8217;da g\u00f6r\u00fcyoruz.<\/p>\n<p><strong>Bir kindarl\u0131k<\/strong>: Bu adam lider olay\u0131m diye 10 bin ayd\u0131n ve entelekt\u00fcelimizi memleketimizden kovdu ve kafas\u0131 \u00e7al\u0131\u015fan, sayg\u0131n olan tek bir T\u00fcrk&#8217;e ekmek paras\u0131 kazanma hakk\u0131 tan\u0131mad\u0131, hepimizi engelledi.\u00a0 Bu herifte T\u00fcrklere kindarl\u0131k kayn\u0131yor, kaynad\u0131k\u00e7a\u00a0 k\u00f6p\u00fcr\u00fcp ta\u015f\u0131yor. Bunun sonu olaca\u011f\u0131na inanm\u0131yuorum.<\/p><div id=\"bghab-3970353892\" class=\"bghab-icerik-icine-30-paragraf bghab-entity-placement\"><script async src=\"\/\/pagead2.googlesyndication.com\/pagead\/js\/adsbygoogle.js?client=ca-pub-6203283170189293\" crossorigin=\"anonymous\"><\/script><ins class=\"adsbygoogle\" style=\"display:block; text-align:center;\" data-ad-client=\"ca-pub-6203283170189293\" \ndata-ad-slot=\"7303146466\" \ndata-ad-layout=\"in-article\"\ndata-ad-format=\"fluid\" data-full-width-responsive=\"true\"><\/ins>\n<script> \n(adsbygoogle = window.adsbygoogle || []).push({}); \n<\/script>\n<\/div>\n<p><strong>\u0130nat\u00e7\u0131l\u0131k<\/strong>: Bu herif\u00e7io\u011flu benim dedi\u011fim olacak delisi olmu\u015f, H\u00d6H partisinde de kimseye s\u00f6z hakk\u0131, inisiyatif hakk\u0131 tan\u0131mamakta direniyor. \u0130nat ediyor. &#8220;Bulgar Etnik Modeli&#8221; bizi eski k\u0131tan\u0131n en yoksul, en sefilleri kategorisine itti, o daha da dayanabilirler diye inat ediyor. Gelen yard\u0131m paralar\u0131n\u0131n \u00fcst\u00fcne oturmu\u015f, kimseye be\u015f kuru\u015f s\u0131zd\u0131rm\u0131yor. T\u00fcrk\u00e7eyi\u00a0 unutacaks\u0131n\u0131z, camiye gitmiyeceksiniz diye inat ediyor. \u0130nat ke\u00e7isi oldu gitti.<\/p>\n<p><strong>K\u0131skan\u00e7l\u0131k<\/strong>: Bu konuda Ahmet Do\u011fan&#8217;\u0131n \u00fcst\u00fcne yok. Biraz da Varnal\u0131 \u015fopar soyundan olan bu Ba\u015fkan\u0131n g\u00f6z\u00fc \u00f6n\u00fcnde Varna&#8217;da seller oldu, polis \u00c7ingene evlerini y\u0131kt\u0131, G\u0131rmen&#8217;de &#8220;<strong>Kremikovtsi<\/strong>&#8221; mahallesi yerle bir edildi a\u011faz\u0131n\u0131 a\u00e7\u0131p tek s\u00f6z s\u00f6ylemedi, sanki herkesi polis &#8220;sarayda&#8221; ya\u015f\u0131yor ve viski ile besliyor. Kad\u0131n meselesinde de k\u0131skan\u00e7l\u0131\u011f\u0131n\u0131n \u00fcst\u00fcne yok. Bulgar gelin Tanya ile Plevneli \u015eirin&#8217;i \u00e7ocukla yola att\u0131, Ayselin gelin 7 Aral\u0131k \u00f6\u011frenci bayram\u0131nda arkada\u015flar\u0131yla dans etti diye \u00e7\u0131p\u0131l \u00e7\u0131plak &#8220;<strong>saray<\/strong>&#8221; bah\u00e7esine kovdu ve bu maceralar\u0131n sonu yok. Son olarak Aysel k\u0131za da \u00fcz\u00fcl\u00fcyorum. Bu mankafaya namussuzluk konusunda &#8220;mangal&#8221; y\u00fcrekli demeye ba\u015flam\u0131\u015flar. Olup bitenden biz T\u00fcrkler bir yana Bulgarlar da utanmaya ba\u015flam\u0131\u015f art\u0131k&#8230; Hani Do\u011fan&#8217;a 2. suikast yap\u0131ld\u0131 diyenler var ya, saraydan kovulsa ve serbest dola\u015fmaya, hele namus meselesinden\u00a0 ka\u00e7 suikast birden yap\u0131l\u0131r bilmem&#8230;Memleketin en namussuz adam\u0131n\u0131n devlet korumas\u0131nda olmas\u0131na da akl\u0131m ermiyor do\u011frusu.<\/p>\n<p><strong>A\u015f\u0131r\u0131 h\u0131rsl\u0131l\u0131k<\/strong>:\u00a0 Do\u011fan&#8217;\u0131n h\u0131rs\u0131n\u0131n Ahmet Emini intihara zorlad\u0131\u011f\u0131n\u0131 bilmeyen kalmad\u0131. O, \u00f6yle h\u0131rsl\u0131 ki, bazen eli kolu titriyormu\u015f. Bizim taraftan bir in\u015faat i\u015f\u00e7isinin e\u015fi, &#8220;<strong>saray&#8221; hademesi<\/strong> olarak \u00e7al\u0131\u015f\u0131yor. Pazarda yolda kesi\u015fti\u011fimizde &#8220;<strong>Ahmet bey nas\u0131ld\u0131r<\/strong>!&#8221; diye sormak istesem de cevap vermiyor, elini sallayarak &#8220;<strong>B\u0131rak sorma<\/strong>!&#8221; demekle yetiniyor. Prof. L.Georgieve g\u00f6re, son aylarda \u00e7ok derin bir depresyona d\u00fc\u015fm\u00fc\u015f.<\/p>\n<p><strong>Makam hastal\u0131\u011f\u0131<\/strong>: Hem &#8220;<strong>DS<\/strong>&#8221; &#8211; Bulgar gizli polisi; hem de Rusya\u00a0 &#8220;<strong>KGB<\/strong>&#8221; &#8211; casusluk servisi i\u00e7in g\u00f6rev yapan Do\u011fan&#8217;a H\u00d6H &#8211; DPS &#8220;<strong>fahri<\/strong>&#8221; ba\u015fkanl\u0131\u011f\u0131 az geldi\u011finden, 9. Kurultayda T\u00fcz\u00fck de\u011fi\u015fikli\u011fi ile kendine yeni makam g\u00f6revleri se\u00e7ti. \u0130zledi\u011fi siyaset &#8220;<strong>ben merkezci<\/strong>&#8221; yani &#8220;<strong>ben dersem olur, demesem olmaz<\/strong>&#8221; odakl\u0131d\u0131r.<\/p>\n<p>Sergey Stani\u015fev Ba\u015fbakan oldu\u011funda &#8220;<strong>gel sana da bir g\u00f6rev vereyim<\/strong>&#8221; demi\u015f, ama Do\u011fan &#8220;<strong>olmaz<\/strong>&#8221; demi\u015f. Ne dedi\u011fini biliyor tabii, \u015fu g\u00f6revi istiyorum dese, ver diploman\u0131 diyecekler, adamda lise diplomas\u0131 yok. S\u00f6zde \u00dcniversite bitirmi\u015f, fakat lise diplomas\u0131 sahte. \u0130\u015fler b\u00f6yle, baz\u0131 \u015feyler yaln\u0131z istemekle de olmuyor, bir de vesika &#8211; diploma falan &#8211; \u00a0gerekiyor&#8230; Onun makam hastal\u0131\u011f\u0131 liderlik salg\u0131n\u0131 halinde ya\u015f\u0131yor.<\/p><div id=\"bghab-1737265476\" class=\"bghab-icerik-icine-35-paragraf bghab-entity-placement\"><script async src=\"\/\/pagead2.googlesyndication.com\/pagead\/js\/adsbygoogle.js?client=ca-pub-6203283170189293\" crossorigin=\"anonymous\"><\/script><ins class=\"adsbygoogle\" style=\"display:block; text-align:center;\" data-ad-client=\"ca-pub-6203283170189293\" \ndata-ad-slot=\"7303146466\" \ndata-ad-layout=\"in-article\"\ndata-ad-format=\"fluid\" data-full-width-responsive=\"true\"><\/ins>\n<script> \n(adsbygoogle = window.adsbygoogle || []).push({}); \n<\/script>\n<\/div>\n<p><strong>Ortama g\u00f6re fikir de\u011fi\u015ftirmek<\/strong>: Buna \u015fa\u015fmamak gerek, \u00e7\u00fcnk\u00fc adam bir ihbarc\u0131 ajan ve haindir. O, yaln\u0131z T\u00fcrkl\u00fck davas\u0131na ihanet etmekle kalmad\u0131. Bulgaristan milli menfaatlerine, T\u00fcrkiye ile dostlu\u011fa da ihanet ediyor. Her g\u00fcn fikir de\u011fi\u015ftiriyor.<\/p>\n<p>Miting yaparken &#8220;<strong>Ben sizin haklar\u0131n\u0131z\u0131 ve \u00f6zg\u00fcrl\u00fcklerinizi koruyaca\u011f\u0131m<\/strong> &#8221; diyor, ard\u0131ndan gidip Bulgaristan T\u00fcrklerine istedi\u011fi Hak ve \u00d6zg\u00fcrl\u00fck Yoktur, bildirisi imzal\u0131yor ve Br\u00fcksel&#8217;e g\u00f6nderiyor. Bir yandan Bulgaristan&#8217;\u0131n NATO ve AB&#8217;ye girmesine, T\u00fcrkiye ile yard\u0131mla\u015fman\u0131n, dostluklar\u0131n geli\u015ftirilmesine oy veriyor, hem de Rus sald\u0131rgan\u0131 Putin&#8217;e &#8220;<strong>Bulgaristan koltuk de\u011fne\u011fi<\/strong>&#8221; oluyor. Bu adam\u0131n y\u0131llardan beri iki laf\u0131 birbirini tutmuyor.<\/p>\n<p><strong>\u0130kiy\u00fczl\u00fcl\u00fck<\/strong>: A. Do\u011fan Bulgaristan T\u00fcrkleri aras\u0131nda tan\u0131d\u0131\u011f\u0131m en iki y\u00fczl\u00fc adamd\u0131r. Demokrasive adalete gelince yeri\u00a0 cezaevidir. Daha 1986&#8217;da cezaevine &#8220;<strong>polisle anla\u015farak<\/strong>&#8221; \u00a0yi\u011fit kahramanlar\u0131m\u0131z\u0131 m\u00fczevirlemek, jurnallemek i\u00e7in girmi\u015ftir. Onu tan\u0131yan, onunla tan\u0131\u015fan ve ba\u015f\u0131na bela gelmemi\u015f bir tek T\u00fcrk yoktur.<\/p>\n<p>Basiretli olal\u0131m ve bir daha ajan, muhbir ate\u015finde yanmayal\u0131m.<\/p>\n<div id=\"bghab-650115937\" class=\"bghab-yazi-altinda bghab-entity-placement\"><div class=\"bghab-adlabel\">Reklamlar<\/div><script async src=\"https:\/\/pagead2.googlesyndication.com\/pagead\/js\/adsbygoogle.js\"><\/script>\r\n<!-- bghaber-yaz\u0131-sonu -->\r\n<ins class=\"adsbygoogle\"\r\n     style=\"display:block\"\r\n     data-ad-client=\"ca-pub-6203283170189293\"\r\n     data-ad-slot=\"4222328180\"\r\n     data-ad-format=\"auto\"\r\n     data-full-width-responsive=\"true\"><\/ins>\r\n<script>\r\n     (adsbygoogle = window.adsbygoogle || []).push({});\r\n<\/script><\/div><br style=\"clear: both; display: block; float: none;\"\/>","protected":false},"excerpt":{"rendered":"<p>Konu:\u00a0 \u00c7\u00fcr\u00fck Tahtaya Basmayal\u0131m! Basiret eskiden bizde \u00e7ok kullan\u0131l\u0131rd\u0131. Son d\u00f6nem yerini vizyon ald\u0131. Basiret, ger\u00e7ekleri yan\u0131lmadan g\u00f6rebilme niteli\u011fiyken, vizyon bak\u0131\u015f a\u00e7\u0131s\u0131 olan \u015feklinde l\u00fcgatte<\/p>\n","protected":false},"author":13,"featured_media":0,"comment_status":"closed","ping_status":"closed","sticky":false,"template":"","format":"standard","meta":{"advanced_seo_description":"","jetpack_seo_html_title":"","jetpack_seo_noindex":false,"_jetpack_memberships_contains_paid_content":false,"footnotes":""},"categories":[6],"tags":[],"class_list":["post-18970","post","type-post","status-publish","format-standard","hentry","category-yorum"],"jetpack_featured_media_url":"","jetpack_sharing_enabled":true,"jetpack_likes_enabled":true,"jetpack-related-posts":[],"jetpack_shortlink":"https:\/\/wp.me\/pc2PfJ-4VY","_links":{"self":[{"href":"https:\/\/www.bghaber.org\/bghaber\/wp-json\/wp\/v2\/posts\/18970","targetHints":{"allow":["GET"]}}],"collection":[{"href":"https:\/\/www.bghaber.org\/bghaber\/wp-json\/wp\/v2\/posts"}],"about":[{"href":"https:\/\/www.bghaber.org\/bghaber\/wp-json\/wp\/v2\/types\/post"}],"author":[{"embeddable":true,"href":"https:\/\/www.bghaber.org\/bghaber\/wp-json\/wp\/v2\/users\/13"}],"replies":[{"embeddable":true,"href":"https:\/\/www.bghaber.org\/bghaber\/wp-json\/wp\/v2\/comments?post=18970"}],"version-history":[{"count":0,"href":"https:\/\/www.bghaber.org\/bghaber\/wp-json\/wp\/v2\/posts\/18970\/revisions"}],"wp:attachment":[{"href":"https:\/\/www.bghaber.org\/bghaber\/wp-json\/wp\/v2\/media?parent=18970"}],"wp:term":[{"taxonomy":"category","embeddable":true,"href":"https:\/\/www.bghaber.org\/bghaber\/wp-json\/wp\/v2\/categories?post=18970"},{"taxonomy":"post_tag","embeddable":true,"href":"https:\/\/www.bghaber.org\/bghaber\/wp-json\/wp\/v2\/tags?post=18970"}],"curies":[{"name":"wp","href":"https:\/\/api.w.org\/{rel}","templated":true}]}}