{"id":18968,"date":"2016-05-15T16:34:05","date_gmt":"2016-05-15T13:34:05","guid":{"rendered":"http:\/\/www.bghaber.org\/bghaber\/?p=18968"},"modified":"2016-05-15T16:34:05","modified_gmt":"2016-05-15T13:34:05","slug":"bulgaristandan-turkiye-sinirina-tel-orguye-ek-kaynak","status":"publish","type":"post","link":"https:\/\/www.bghaber.org\/bghaber\/bulgaristandan-turkiye-sinirina-tel-orguye-ek-kaynak\/","title":{"rendered":"Bulgaristan&#8217;dan T\u00fcrkiye S\u0131n\u0131r\u0131na Tel \u00d6rg\u00fcye Ek Kaynak"},"content":{"rendered":"<p><a class=\"keyword\" title=\"Bulgaristan Haberleri\" href=\"http:\/\/www.haberler.com\/bulgaristan\/\" rel=\"nofollow\">Bulgaristan<\/a>, yasa d\u0131\u015f\u0131 ge\u00e7i\u015fleri engellemek i\u00e7in <a class=\"keyword\" title=\"T\u00fcrkiye Haberleri\" href=\"http:\/\/www.haberler.com\/turkiye\/\" rel=\"nofollow\">T\u00fcrkiye<\/a> s\u0131n\u0131r\u0131nda in\u015fa etmeye ba\u015flad\u0131\u011f\u0131 tel \u00f6rg\u00fc i\u00e7in 3 milyon avro ilave kaynak ay\u0131rd\u0131.<\/p>\n<p>Bulgar h\u00fck\u00fcmeti, muhtemel s\u0131\u011f\u0131nmac\u0131 ak\u0131n\u0131na kar\u015f\u0131 <a class=\"keyword\" title=\"T\u00fcrkiye Haberleri\" href=\"http:\/\/www.haberler.com\/turkiye\/\" rel=\"nofollow\">T\u00fcrkiye<\/a> s\u0131n\u0131r\u0131n\u0131 g\u00fc\u00e7lendirme \u00e7abalar\u0131na devam ediyor. Bakanlar kurulundan yap\u0131lan a\u00e7\u0131klamaya g\u00f6re, bu \u00e7er\u00e7evede<a class=\"keyword\" title=\"T\u00fcrkiye Haberleri\" href=\"http:\/\/www.haberler.com\/turkiye\/\" rel=\"nofollow\">T\u00fcrkiye<\/a> ile olan kara s\u0131n\u0131r\u0131na in\u015fa edilen tel \u00f6rg\u00fc i\u00e7in 3 milyon avro ek kaynak ayr\u0131ld\u0131. Bu para ile tel \u00f6rg\u00fcn\u00fcn Burgaz Belediyesi taraf\u0131ndan in\u015fa edilmekte olan k\u0131sm\u0131 finanse edilecek.<\/p>\n<p>A\u00e7\u0131klamada, &#8220;\u00d6nlem, son y\u0131llarda Bulgaristan-T\u00fcrkiye s\u0131n\u0131r\u0131nda s\u00fcrekli artan s\u0131\u011f\u0131nmac\u0131 bask\u0131s\u0131na kar\u015f\u0131 b\u00fcy\u00fck \u00f6nem ta\u015f\u0131yor. Tel \u00f6rg\u00fcn\u00fcn amac\u0131 s\u0131\u011f\u0131nmac\u0131 ak\u0131\u015f\u0131n\u0131 kontrol alt\u0131na almak ve devlet s\u0131n\u0131r\u0131n\u0131 etkin bir \u015fekilde korumak.&#8221; ifadeleri kullan\u0131ld\u0131.<\/p>\n<p>\u0130\u00e7i\u015fleri Bakan\u0131 Rumyana B\u0131\u00e7varova da, ilave tel \u00f6rg\u00fcn\u00fcn haziran sonuna kadar tamamlanmas\u0131 gerekti\u011fini, b\u00f6ylece s\u0131n\u0131r muhafazan\u0131n daha etkin bir bi\u00e7imde yap\u0131labilece\u011fini kaydetti.<\/p>\n<p>Bulgaristan, yakla\u015f\u0131k 270 kilometrelik <a class=\"keyword\" title=\"T\u00fcrkiye Haberleri\" href=\"http:\/\/www.haberler.com\/turkiye\/\" rel=\"nofollow\">T\u00fcrkiye<\/a> s\u0131n\u0131r\u0131nda ka\u00e7ak ge\u00e7i\u015flerin en fazla oldu\u011fu 30 kilometrelik k\u0131sma 15 milyon avro maliyetle tel \u00f6rg\u00fc in\u015fa etmi\u015fti. Bunun ard\u0131ndan<a class=\"keyword\" title=\"Bulgaristan Haberleri\" href=\"http:\/\/www.haberler.com\/bulgaristan\/\" rel=\"nofollow\">Bulgaristan<\/a> s\u0131n\u0131ra ilave tel \u00f6rg\u00fc \u00e7ekilmesi i\u00e7in 50 milyon avro kaynak ay\u0131rd\u0131.T\u00fcrkiye s\u0131n\u0131r\u0131nda yasa d\u0131\u015f\u0131 ge\u00e7i\u015flerin en yo\u011fun oldu\u011fu b\u00f6lgelerde in\u015fa edilecek toplamda 132 kilometrelik tel \u00f6rg\u00fcn\u00fcn 33,6 kilometresini <a class=\"keyword\" title=\"Hask\u00f6y Haberleri\" href=\"http:\/\/www.haberler.com\/haskoy\/\" rel=\"nofollow\">Hask\u00f6y<\/a>, 35 kilometresini Yambol, 64 kilometresini de Burgaz belediyeleri in\u015fa etmekle g\u00f6revlendirildi. Projenin haziran ay\u0131 sonuna kadar tamamlanmas\u0131 \u00f6ng\u00f6r\u00fcl\u00fcyor.<\/p><div id=\"bghab-2098919904\" class=\"bghab-icerik-icine bghab-entity-placement\"><script async src=\"\/\/pagead2.googlesyndication.com\/pagead\/js\/adsbygoogle.js?client=ca-pub-6203283170189293\" crossorigin=\"anonymous\"><\/script><ins class=\"adsbygoogle\" style=\"display:block; text-align:center;\" data-ad-client=\"ca-pub-6203283170189293\" \ndata-ad-slot=\"7303146466\" \ndata-ad-layout=\"in-article\"\ndata-ad-format=\"fluid\" data-full-width-responsive=\"true\"><\/ins>\n<script> \n(adsbygoogle = window.adsbygoogle || []).push({}); \n<\/script>\n<\/div>\n<div id=\"bghab-2646670035\" class=\"bghab-yazi-altinda bghab-entity-placement\"><div class=\"bghab-adlabel\">Reklamlar<\/div><script async src=\"https:\/\/pagead2.googlesyndication.com\/pagead\/js\/adsbygoogle.js\"><\/script>\r\n<!-- bghaber-yaz\u0131-sonu -->\r\n<ins class=\"adsbygoogle\"\r\n     style=\"display:block\"\r\n     data-ad-client=\"ca-pub-6203283170189293\"\r\n     data-ad-slot=\"4222328180\"\r\n     data-ad-format=\"auto\"\r\n     data-full-width-responsive=\"true\"><\/ins>\r\n<script>\r\n     (adsbygoogle = window.adsbygoogle || []).push({});\r\n<\/script><\/div><br style=\"clear: both; display: block; float: none;\"\/>","protected":false},"excerpt":{"rendered":"<p>Bulgaristan, yasa d\u0131\u015f\u0131 ge\u00e7i\u015fleri engellemek i\u00e7in T\u00fcrkiye s\u0131n\u0131r\u0131nda in\u015fa etmeye ba\u015flad\u0131\u011f\u0131 tel \u00f6rg\u00fc i\u00e7in 3 milyon avro ilave kaynak ay\u0131rd\u0131. Bulgar h\u00fck\u00fcmeti, muhtemel s\u0131\u011f\u0131nmac\u0131 ak\u0131n\u0131na<\/p>\n","protected":false},"author":13,"featured_media":13450,"comment_status":"closed","ping_status":"closed","sticky":false,"template":"","format":"standard","meta":{"advanced_seo_description":"","jetpack_seo_html_title":"","jetpack_seo_noindex":false,"_jetpack_memberships_contains_paid_content":false,"footnotes":""},"categories":[9],"tags":[],"class_list":["post-18968","post","type-post","status-publish","format-standard","has-post-thumbnail","hentry","category-ekonomi"],"jetpack_featured_media_url":"https:\/\/i0.wp.com\/www.bghaber.org\/bghaber\/wp-content\/uploads\/2015\/02\/tel-orgu.jpg?fit=590%2C332&ssl=1","jetpack_sharing_enabled":true,"jetpack_likes_enabled":true,"jetpack-related-posts":[],"jetpack_shortlink":"https:\/\/wp.me\/pc2PfJ-4VW","_links":{"self":[{"href":"https:\/\/www.bghaber.org\/bghaber\/wp-json\/wp\/v2\/posts\/18968","targetHints":{"allow":["GET"]}}],"collection":[{"href":"https:\/\/www.bghaber.org\/bghaber\/wp-json\/wp\/v2\/posts"}],"about":[{"href":"https:\/\/www.bghaber.org\/bghaber\/wp-json\/wp\/v2\/types\/post"}],"author":[{"embeddable":true,"href":"https:\/\/www.bghaber.org\/bghaber\/wp-json\/wp\/v2\/users\/13"}],"replies":[{"embeddable":true,"href":"https:\/\/www.bghaber.org\/bghaber\/wp-json\/wp\/v2\/comments?post=18968"}],"version-history":[{"count":0,"href":"https:\/\/www.bghaber.org\/bghaber\/wp-json\/wp\/v2\/posts\/18968\/revisions"}],"wp:featuredmedia":[{"embeddable":true,"href":"https:\/\/www.bghaber.org\/bghaber\/wp-json\/wp\/v2\/media\/13450"}],"wp:attachment":[{"href":"https:\/\/www.bghaber.org\/bghaber\/wp-json\/wp\/v2\/media?parent=18968"}],"wp:term":[{"taxonomy":"category","embeddable":true,"href":"https:\/\/www.bghaber.org\/bghaber\/wp-json\/wp\/v2\/categories?post=18968"},{"taxonomy":"post_tag","embeddable":true,"href":"https:\/\/www.bghaber.org\/bghaber\/wp-json\/wp\/v2\/tags?post=18968"}],"curies":[{"name":"wp","href":"https:\/\/api.w.org\/{rel}","templated":true}]}}