{"id":18960,"date":"2016-05-15T15:21:18","date_gmt":"2016-05-15T12:21:18","guid":{"rendered":"http:\/\/www.bghaber.org\/bghaber\/?p=18960"},"modified":"2016-05-15T15:22:29","modified_gmt":"2016-05-15T12:22:29","slug":"burgas-baskonsolosu-razgrad-valisini-ziyaret-etti","status":"publish","type":"post","link":"https:\/\/www.bghaber.org\/bghaber\/burgas-baskonsolosu-razgrad-valisini-ziyaret-etti\/","title":{"rendered":"Burgas Ba\u015fkonsolosu Razgrad Valisini Ziyaret Etti"},"content":{"rendered":"<p><img data-recalc-dims=\"1\" loading=\"lazy\" decoding=\"async\" class=\"\" src=\"https:\/\/i0.wp.com\/www.bghaber.org\/bghaber\/wp-content\/uploads\/2016\/05\/baskonsolos-razgrad.jpg?resize=505%2C275\" alt=\"baskonsolos-razgrad\" width=\"505\" height=\"275\" \/><br \/>\n<script src=\"https:\/\/apis.google.com\/_\/scs\/apps-static\/_\/js\/k=oz.gapi.tr.LGDCQRe5oyI.O\/m=auth\/exm=plusone\/rt=j\/sv=1\/d=1\/ed=1\/am=AQ\/rs=AGLTcCMi_DZ9kJZY7FEVQn1GhzzbLFfMOQ\/cb=gapi.loaded_1\" async=\"\"><\/script><\/p>\n<div id=\"stcpDiv\">\n<div class=\"panel-pane pane-views pane-nodebody-new\">\n<div class=\"pane-content\">\n<div class=\"view view-nodebody-new view-id-nodebody_new view-display-id-default new-node-body view-dom-id-980de491e1c3c60db2fff6737fb24cbf\">\n<div class=\"view-content\">\n<div class=\"views-row views-row-1 views-row-odd views-row-first views-row-last\">\n<div class=\"views-field views-field-body\">\n<div class=\"field-content\">\n<p>T\u00fcrkiye Cumhuriyeti Burgas Ba\u015fkonsolosu Niyazi Evren Akyol, Razgrad (Hezargrad) Valisi Manol Kiv\u015fanov\u2019u ziyaret etti.\u00a0G\u00f6r\u00fc\u015fmeden duydu\u011fu memnuniyeti dile getiren Razgrad Valisi, ziyaretin iki kom\u015fu \u00fclke aras\u0131ndaki ili\u015fkilerin ve ticaret hacminin art\u0131r\u0131lmas\u0131 y\u00f6n\u00fcnde katk\u0131 sa\u011flayaca\u011f\u0131n\u0131 belirtti.<\/p>\n<p>Razgrad ilindeki yat\u0131r\u0131m iklimi hakk\u0131nda bilgi veren Vali Kiv\u015fanov, iki \u00fclke aras\u0131ndaki yak\u0131n mesafenin avantaj oldu\u011funu ve \u00e7ok say\u0131da projenin hayata ge\u00e7irilmesine f\u0131rsat oldu\u011funu belirtti.\u00a0T\u00fcrkiye ile Bulgaristan aras\u0131ndaki ili\u015fkilerin yak\u0131n dostluk ve kom\u015fulu\u011fa dayand\u0131\u011f\u0131n\u0131 belirten T\u00fcrkiye Cumhuriyeti Burgas Ba\u015fkonsolosu Niyazi Evren Akyol, \u00fcst d\u00fczeyde dinamik bir \u015fekilde geli\u015ftiklerini s\u00f6yledi.<\/p>\n<p>Bulgaristan\u2019\u0131n Avrupa Birli\u011fi\u2019ne a\u00e7\u0131lan kap\u0131 ve T\u00fcrkiye ile Bulgaristan\u2019\u0131n m\u00fcteffik iki \u00fclke oldu\u011funu s\u00f6yleyen Ba\u015fkonsolos Akyol, iki \u00fclke aras\u0131nda gelece\u011fe y\u00f6nelik ili\u015fkilerinde b\u00fcy\u00fck potansiyel oldu\u011funu belirtti.<\/p>\n<p>Ba\u015fkonsolos Akyol, \u201cT\u00fcrk yat\u0131r\u0131mc\u0131lar\u0131na g\u00f6re ba\u015fka \u00fclkelere bakarak Bulgaristan\u2019da i\u015f kurmak ve i\u015f yapmak \u00e7ok daha iyi \u015fartlarda m\u00fcmk\u00fcnd\u00fcr. Hem T\u00fcrkiye\u2019ye kom\u015fu hem de \u00e7ok g\u00fczel olan bu \u00fclkede bulundu\u011fum i\u00e7in kendimi \u015fansl\u0131 hissediyorum\u201d dedi.<\/p>\n<p>Bulgaristan\u2019\u0131n daha fazla tan\u0131t\u0131lmas\u0131 gerekti\u011fini vurgulayan Ba\u015fkonsolos, Kuzeydo\u011fu Bulgaristan Bulgar-T\u00fcrk Ticaret ve Sanayi Odas\u0131 hakk\u0131nda detayl\u0131 bilgi verdi.\u00a0Makbul \u0130brahim Pa\u015fa Camiinin tamir edilmesi gerekti\u011fini s\u00f6yleyen Ba\u015fkonsolos Akyol, camii rekonstr\u00fcksiyonu\u00a0ve restorasyonu i\u00e7in farkl\u0131 \u00e7\u00f6z\u00fcmlerin arand\u0131\u011f\u0131n\u0131 ifade etti.<\/p><div id=\"bghab-3502782889\" class=\"bghab-icerik-icine bghab-entity-placement\"><script async src=\"\/\/pagead2.googlesyndication.com\/pagead\/js\/adsbygoogle.js?client=ca-pub-6203283170189293\" crossorigin=\"anonymous\"><\/script><ins class=\"adsbygoogle\" style=\"display:block; text-align:center;\" data-ad-client=\"ca-pub-6203283170189293\" \ndata-ad-slot=\"7303146466\" \ndata-ad-layout=\"in-article\"\ndata-ad-format=\"fluid\" data-full-width-responsive=\"true\"><\/ins>\n<script> \n(adsbygoogle = window.adsbygoogle || []).push({}); \n<\/script>\n<\/div>\n<p>Vali Yard\u0131mc\u0131s\u0131 Nuriye Tsr\u0131ngalova, camiinin tehlikesiz hale getirilmesi i\u00e7in tedbirlerin al\u0131nd\u0131\u011f\u0131n\u0131 s\u00f6yledi.<\/p>\n<\/div>\n<\/div>\n<\/div>\n<\/div>\n<\/div>\n<\/div>\n<\/div>\n<\/div>\n<div id=\"bghab-2099076350\" class=\"bghab-yazi-altinda bghab-entity-placement\"><div class=\"bghab-adlabel\">Reklamlar<\/div><script async src=\"https:\/\/pagead2.googlesyndication.com\/pagead\/js\/adsbygoogle.js\"><\/script>\r\n<!-- bghaber-yaz\u0131-sonu -->\r\n<ins class=\"adsbygoogle\"\r\n     style=\"display:block\"\r\n     data-ad-client=\"ca-pub-6203283170189293\"\r\n     data-ad-slot=\"4222328180\"\r\n     data-ad-format=\"auto\"\r\n     data-full-width-responsive=\"true\"><\/ins>\r\n<script>\r\n     (adsbygoogle = window.adsbygoogle || []).push({});\r\n<\/script><\/div><br style=\"clear: both; display: block; float: none;\"\/>","protected":false},"excerpt":{"rendered":"<p>T\u00fcrkiye Cumhuriyeti Burgas Ba\u015fkonsolosu Niyazi Evren Akyol, Razgrad (Hezargrad) Valisi Manol Kiv\u015fanov\u2019u ziyaret etti.\u00a0G\u00f6r\u00fc\u015fmeden duydu\u011fu memnuniyeti dile getiren Razgrad Valisi, ziyaretin iki kom\u015fu \u00fclke aras\u0131ndaki<\/p>\n","protected":false},"author":13,"featured_media":18961,"comment_status":"closed","ping_status":"closed","sticky":false,"template":"","format":"standard","meta":{"advanced_seo_description":"","jetpack_seo_html_title":"","jetpack_seo_noindex":false,"_jetpack_memberships_contains_paid_content":false,"footnotes":""},"categories":[4],"tags":[],"class_list":["post-18960","post","type-post","status-publish","format-standard","has-post-thumbnail","hentry","category-siyaset"],"jetpack_featured_media_url":"https:\/\/i0.wp.com\/www.bghaber.org\/bghaber\/wp-content\/uploads\/2016\/05\/baskonsolos-razgrad.jpg?fit=672%2C366&ssl=1","jetpack_sharing_enabled":true,"jetpack_likes_enabled":true,"jetpack-related-posts":[],"jetpack_shortlink":"https:\/\/wp.me\/pc2PfJ-4VO","_links":{"self":[{"href":"https:\/\/www.bghaber.org\/bghaber\/wp-json\/wp\/v2\/posts\/18960","targetHints":{"allow":["GET"]}}],"collection":[{"href":"https:\/\/www.bghaber.org\/bghaber\/wp-json\/wp\/v2\/posts"}],"about":[{"href":"https:\/\/www.bghaber.org\/bghaber\/wp-json\/wp\/v2\/types\/post"}],"author":[{"embeddable":true,"href":"https:\/\/www.bghaber.org\/bghaber\/wp-json\/wp\/v2\/users\/13"}],"replies":[{"embeddable":true,"href":"https:\/\/www.bghaber.org\/bghaber\/wp-json\/wp\/v2\/comments?post=18960"}],"version-history":[{"count":0,"href":"https:\/\/www.bghaber.org\/bghaber\/wp-json\/wp\/v2\/posts\/18960\/revisions"}],"wp:featuredmedia":[{"embeddable":true,"href":"https:\/\/www.bghaber.org\/bghaber\/wp-json\/wp\/v2\/media\/18961"}],"wp:attachment":[{"href":"https:\/\/www.bghaber.org\/bghaber\/wp-json\/wp\/v2\/media?parent=18960"}],"wp:term":[{"taxonomy":"category","embeddable":true,"href":"https:\/\/www.bghaber.org\/bghaber\/wp-json\/wp\/v2\/categories?post=18960"},{"taxonomy":"post_tag","embeddable":true,"href":"https:\/\/www.bghaber.org\/bghaber\/wp-json\/wp\/v2\/tags?post=18960"}],"curies":[{"name":"wp","href":"https:\/\/api.w.org\/{rel}","templated":true}]}}