{"id":18954,"date":"2016-05-15T14:00:46","date_gmt":"2016-05-15T11:00:46","guid":{"rendered":"http:\/\/www.bghaber.org\/bghaber\/?p=18954"},"modified":"2016-05-15T14:00:46","modified_gmt":"2016-05-15T11:00:46","slug":"beni-rahata-birakmayan-fikirler","status":"publish","type":"post","link":"https:\/\/www.bghaber.org\/bghaber\/beni-rahata-birakmayan-fikirler\/","title":{"rendered":"Beni Rahata B\u0131rakmayan Fikirler"},"content":{"rendered":"<p><strong><img data-recalc-dims=\"1\" loading=\"lazy\" decoding=\"async\" class=\"\" src=\"https:\/\/i0.wp.com\/www.bghaber.org\/bghaber\/wp-content\/uploads\/2016\/01\/osman-bulbul.jpg?resize=127%2C124\" alt=\"osman bulbul\" width=\"127\" height=\"124\" \/>\u00a0Osman B\u00dcLB\u00dcL<\/strong><\/p>\n<p>Konu:\u00a0 <strong>Ezilmi\u015fli\u011fimiz ve &#8220;B\u00fcy\u00fck G\u00f6\u00e7&#8221; bilgelik hazinesi olamad\u0131.<\/strong><\/p>\n<p>&nbsp;<\/p>\n<p><strong>&#8220;Soya D\u00f6n\u00fc\u015f&#8221; <\/strong>sa\u00e7mal\u0131\u011f\u0131ndan, s\u00fcrg\u00fcnlerden, toplama kamplar\u0131 ve hapishane \u00e7ilesinden sonra aram\u0131zdan farkl\u0131, daha y\u00fcksek ruhlu, mert, y\u0131lmaz, asla teslim olmaz insanlar \u00e7\u0131kmas\u0131n\u0131 beklemekte hakl\u0131yd\u0131m. Ne var ki, bu bekledi\u011fimiz gibi olmad\u0131. Bizim \u00fczerinde dozu \u00e7ok y\u00fcksek bir\u00a0 hipnotik etki yap\u0131labildi\u011fine de inanm\u0131yorum. \u0130\u00e7erdeyken biz ola\u011fan\u00fcst\u00fc sab\u0131r ve tahamm\u00fcl g\u00fcc\u00fcne sahip oldu\u011fumuzu g\u00f6stermeye gayret ettik. 1985-1989 zul\u00fcm d\u00f6nemini anlatan bir\u00e7ok ayd\u0131n arkada\u015f\u0131n T\u00fcrkiye&#8217;ye kovulduklar\u0131nda yazd\u0131klar\u0131 eseri okudum. Bu yaz\u0131l\u0131 anlat\u0131m\u0131n i\u00e7inde a\u00e7\u0131lmam\u0131\u015f ger\u00e7eklik kurular\u0131 oldu\u011funa inan\u0131yorum.<\/p>\n<p>Ben bu yaz\u0131m\u0131 Viyana&#8217;da kaleme al\u0131yorum. Cumartesi Pazar burada \u00e7\u0131kt\u0131\u011f\u0131m\u0131z kahvelerde kendi aram\u0131zda k\u0131rd\u0131\u011f\u0131m\u0131z cevizlerde ve geveledi\u011fimiz konularda \u015fimdi i\u015faret etmek istedi\u011fim bir ger\u00e7ek s\u0131r\u0131tmaya ba\u015flad\u0131. Burada da olsa biz i\u00e7ini d\u00f6kmeyenlerden korkuyoruz. Yaz\u0131p \u00e7izenler yalan yanl\u0131\u015f kendini anlat\u0131yor. Bildiklerini d\u00f6k\u00fcyor.<\/p><div id=\"bghab-1828047315\" class=\"bghab-icerik-icine bghab-entity-placement\"><script async src=\"\/\/pagead2.googlesyndication.com\/pagead\/js\/adsbygoogle.js?client=ca-pub-6203283170189293\" crossorigin=\"anonymous\"><\/script><ins class=\"adsbygoogle\" style=\"display:block; text-align:center;\" data-ad-client=\"ca-pub-6203283170189293\" \ndata-ad-slot=\"7303146466\" \ndata-ad-layout=\"in-article\"\ndata-ad-format=\"fluid\" data-full-width-responsive=\"true\"><\/ins>\n<script> \n(adsbygoogle = window.adsbygoogle || []).push({}); \n<\/script>\n<\/div>\n<p><strong>Ahmet \u015eerif \u015eerefli<\/strong>&#8216;nin &#8220;\u00d6nce D\u00fc\u015f\u00fcnceler Kelep\u00e7elendi&#8221;, &#8220;T\u00fcrk Do\u011fduk T\u00fcrk \u00d6ld\u00fck&#8221;, &#8220;Sen \u0130stanbul&#8217;a Gelme&#8221; gibi eserlerini okuma f\u0131rsat\u0131m oldu. Torlak&#8217;ta\u00a0 (Hlebarovo) do\u011fup b\u00fcy\u00fcyen ve Bulgaristan T\u00fcrk kimli\u011finin boy atmas\u0131yla yeti\u015fen bu yazar ve \u015fairimiz, hapishane zulm\u00fcne ra\u011fmen ahlak ve ruh \u00e7\u00f6k\u00fcnt\u00fcs\u00fc ya\u015famadan \u00f6rnek olmay\u0131 ba\u015farm\u0131\u015f bir karde\u015fimizdir. T\u00fcrkl\u00fck a\u00e7\u0131s\u0131ndan s\u00f6n\u00fcp solan hayat\u0131n bir bahar gibi yeniden ve yeniden ye\u015ferip a\u00e7aca\u011f\u0131na inand\u0131\u011f\u0131 i\u00e7in yap\u0131tlar\u0131 aran\u0131r ve okunur. \u00c7\u00fcnk\u00fc bir okuyucunun bir eserde arad\u0131\u011f\u0131 yeni umuttur. Halk\u0131n yan\u0131nda ve i\u00e7inde yeti\u015fen bizim ku\u015fak ayd\u0131nlar\u0131n, yarad\u0131l\u0131\u015f\u0131m\u0131zda iyilik, merhamet ve inanmak oldu\u011fundan ve o da bizlerden biri oldu\u011fu i\u00e7in, biz gibi o da defalarca aldat\u0131lm\u0131\u015f, ay \u0131\u015f\u0131\u011f\u0131nda \u015fak\u0131yan Deliorman m\u0131s\u0131r ko\u00e7anlar\u0131n\u0131n\u00a0 her birinin i\u00e7i y\u00fczde y\u00fcz kaliteli oldu\u011funa inand\u0131\u011f\u0131 i\u00e7in, g\u00fcveleri g\u00f6rememi\u015f, kendisini hapse att\u0131ran hainleri fark edememi\u015ftir. \u00d6rne\u011fin, Sofya&#8217;da y\u0131llarca dostluk etti\u011fi, evine gitti\u011fi, dert payla\u015ft\u0131\u011f\u0131 muhbirlerden biri olan Ahmet Do\u011fan&#8217;\u0131n i\u00e7ini okuyamam\u0131\u015ft\u0131r. Durum b\u00f6yle olunca, yanl\u0131\u015f fikirler Bursa&#8217;da 6 ayda kaleme ald\u0131\u011f\u0131 &#8220;T\u00fcrk Do\u011fduk T\u00fcrk \u00d6ld\u00fck&#8221; eseriyle de hem soyda\u015flar\u0131m\u0131z\u0131, hem Ankara&#8217;y\u0131, hem de Bulgaristan&#8217;daki karde\u015flerimizin ruhuna istemese de, bilin\u00e7siz de olsa zehir ak\u0131tm\u0131\u015ft\u0131r. Bu zehrin dozunu artt\u0131ransa, onu zikrederek yeni kal\u0131n eserler yazan Prof. \u0130brahim Tatarl\u0131 26 y\u0131ldan beri kalkmayan sis perdesini daha da kal\u0131nla\u015ft\u0131rm\u0131\u015f ve g\u00f6z g\u00f6z\u00fc g\u00f6rmez duruma gelmesine katk\u0131 vermi\u015ftir.<\/p>\n<p>Fakat burada beni yak\u0131ndan ilgilendiren ba\u015fka bir olay var.\u00a0\u00a0 \u00d6ncelikle hapisten \u00e7\u0131kanlar\u0131n tutumu akl\u0131mdan \u00e7\u0131km\u0131yor. Onlar\u0131n, ayn\u0131 zulm\u00fc g\u00f6rd\u00fckleri, ayn\u0131 ayr\u0131l\u0131\u011f\u0131 ya\u015fad\u0131klar\u0131, ayn\u0131 \u00e7ilede ezildikleri i\u00e7in ortak hususiyetleri olmas\u0131 gerekirdi. 1989 May\u0131s\u0131ndan Aral\u0131\u011f\u0131na kadar zindan kap\u0131lar\u0131 sonuna kadar a\u00e7\u0131l\u0131rken, s\u00fcrg\u00fcnden sal\u0131verilenler de bu kalabal\u0131\u011fa dahil, hepsinin g\u00f6zleri d\u0131\u015far\u0131da, ka\u00e7\u0131p kurtulmada, def olup gitme noktas\u0131nda kolayl\u0131kla bulu\u015fuyordu. Oysa bu kahramanlar\u0131m\u0131z, T\u00fcrkl\u00fck davam\u0131zda, adalet, hak ve \u00f6zg\u00fcrl\u00fckler u\u011fruna, demokratik ve az\u0131nl\u0131k haklar\u0131n\u0131 tan\u0131yan bir toplum i\u00e7in, totalitarizme, bask\u0131 ve ter\u00f6re, T. Jivkov katiline kar\u015f\u0131 kavgam\u0131zda ayd\u0131n, \u00f6nc\u00fc, en y\u00fcrekli entelekt\u00fcel kadrolar\u0131m\u0131z, umudumuzdu. Ne oldu da, ellerindeki \u00e7apalarla, sat\u0131r ve t\u0131rpanla tanklar\u0131 durduran T\u00fcrk ki\u015fili\u011fi birden bire de\u011fi\u015fti. 100 y\u0131ll\u0131k bir davan\u0131n doru\u011fu olan May\u0131s 1989 Ayaklanmam\u0131z\u0131n ate\u015fi nas\u0131l oldu da ans\u0131z\u0131n s\u00f6nd\u00fc, k\u00f6zleri yeni k\u0131v\u0131lc\u0131m vermez oldu. <strong>44 adet gizli direni\u015f \u00f6rg\u00fct<\/strong>\u00fcn\u00fcn ba\u015fkan ve yard\u0131mc\u0131lar\u0131 i\u00e7erdeydi. Onlardan her biri g\u00fcnde dava u\u011fruna 10 s\u00f6z etse 440 s\u00f6z eder, bir ayda bu 13,200 s\u00f6zd\u00fcr. \u0130\u00e7erde kalma s\u00fcresi ortalama 2 y\u0131l 2 ay olarak hesapland\u0131\u011f\u0131nda 343,200 yani <strong>kal\u0131n bir kitap<\/strong>t\u0131r.\u00a0 \u00d6yle ama anlat\u0131lan, az\u0131l\u0131p okunan bu kitap bizimkileri daha da y\u00fcreklendirmedi\u011fi gibi, birbirlerine kenetlenme i\u015finde de i\u015fe yaramam\u0131\u015ft\u0131r. Onlar aras\u0131nda, \u015fair Nuri Adal\u0131 gibi 24 y\u0131l i\u00e7erde \u00e7\u00fcr\u00fct\u00fclenlerden ayr\u0131ca s\u00f6z etmek gerekir.<\/p>\n<p><strong>Akl\u0131ma \u015f\u00f6yle bir soru geliyor<\/strong>. Karanl\u0131k kendili\u011finden insan\u0131 hain yapar m\u0131. Yapmamas\u0131 gerekir, \u00e7\u00fcnk\u00fc i\u00e7eri d\u00fc\u015fenlerimiz T\u00fcrkl\u00fck davas\u0131 idealistleriydi. Ku\u015fkusuz, onlar\u0131n bitirdi\u011fi T\u00fcrkl\u00fck akademisi, hayat Akademisiydi, yolu dikenli, cezbeden yanlar\u0131 ancak y\u00fcrekte ya\u015far, kendisi ikna olmam\u0131\u015f biri ba\u015fkalar\u0131na hi\u00e7 bir \u015fey telkin edemez. Bizim davam\u0131z \u00f6yle derinlerden su al\u0131yordu ki, t\u00fcrk\u00fcle\u015fseydi &#8220;<strong>kar\u015f\u0131nda esirim<\/strong>&#8221; m\u0131sras\u0131yla ba\u015flard\u0131. Cevap bekleyen soru \u015fudur: Dengemiz (muvazene) ne zaman bozuldu? \u0130\u00e7erde ne oldu da herkes portal kap\u0131dan ba\u015f\u0131 b\u00fck\u00fck \u00e7\u0131kt\u0131. Sanki her birimiz kendimize mahsus benli\u011fi, direni\u015f\u00e7i kimli\u011fimizi yitirmi\u015ftik. Cevap ararken, i\u00e7eride T\u00fcrk milli birli\u011fimizin bombaland\u0131\u011f\u0131n\u0131, par\u00e7aland\u0131\u011f\u0131n\u0131 ve hurdaya at\u0131ld\u0131\u011f\u0131n\u0131 d\u00fc\u015f\u00fcn\u00fcyorum.<\/p>\n<p>Hak ve \u00d6zg\u00fcrl\u00fckler davam\u0131zda &#8220;<strong>ilk balta salan\u0131m\u0131z<\/strong>&#8221; olan Bulgaristan T\u00fcrklerinin Milli Kurtulu\u015f Hareketini daha 1986&#8217;da do\u011fup b\u00fcy\u00fcd\u00fc\u011f\u00fc Dobruca k\u00f6y\u00fcndekitek katl\u0131 evinin samanl\u0131\u011f\u0131nda arkada\u015flar\u0131yla birlikte kuran ve sonra hareketi Ahmet Do\u011fan&#8217;a devreden ve ikisi beraber Pazarc\u0131k Hapishanesinde yatan Necmettin Hak&#8217;\u0131 Sofya&#8217;da &#8220;Grad Hotel Sofya&#8221; hotelinin ikinci kat\u0131nda yap\u0131lan DOST partisi kurucu inisiyatif toplant\u0131s\u0131nda dinledim. \u00c7ok ate\u015fli konu\u015ftu. Ya\u015f\u0131na g\u00f6re k\u0131v\u0131lc\u0131mlar sa\u00e7t\u0131. Bulgar milliyet\u00e7ili\u011fini tuzla buz etti. &#8220;<strong>Ba\u015flatt\u0131\u011f\u0131 davan\u0131n Ahmet Do\u011fan taraf\u0131ndan sat\u0131ld\u0131\u011f\u0131n\u0131<\/strong>&#8221; s\u00f6yledi. Konu\u015fmac\u0131n\u0131n davadan vazge\u00e7medi\u011fi, yoruldu\u011fu zaman okuyarak dinlendi\u011fi, halkla ili\u015fkisini koparmad\u0131\u011f\u0131 belliydi. Evet o y\u0131lmam\u0131\u015f, ama aldat\u0131lm\u0131\u015f biriydi. Halk\u0131m\u0131z &#8220;<strong>Bir defa aldat\u0131lan bir daha aldat\u0131l\u0131r<\/strong>&#8220;, &#8220;<strong>Topal koyun ancak kasaphane yolu bilir<\/strong>&#8221; demez mi?<\/p>\n<p>Ku\u015fkusuz, birka\u00e7 ay \u00f6nce yap\u0131lan bu inisiyatif toplant\u0131s\u0131nda, Necmettin Hak&#8217;\u0131 dinlerken benim akl\u0131mda do\u011fan fikir \u015fu oldu: &#8220;<strong>\u0130nsan\u0131n soyu bir, huyu bindir!<\/strong>&#8221; Biz hepimiz T\u00fcrk M\u00fcsl\u00fcman k\u00f6klerinden gelsek de, 1985 mahpus\u00e7ulu\u011fundan sonra birbirimize k\u0131ymadan vazge\u00e7medik, olanlardan sanki kendimiz sulu ve sorumluymu\u015fuz gibi\u00a0 davran\u0131yoruz. G\u00f6r\u00fcld\u00fc\u011f\u00fc \u00fczere baz\u0131lar\u0131m\u0131zdan idareci yapt\u0131lar. A. Do\u011fan lider oldu. O da i\u00e7inde k\u00f6t\u00fc huylar\u0131m\u0131z\u0131n bir \u00e7o\u011funu ta\u015f\u0131d\u0131\u011f\u0131n\u0131 gizleyemedi. Anla\u015f\u0131lan Bulgar istihbarat\u0131 Rus KGB casusluk organ\u0131nda insanda <strong>2 216 iyi ve k\u00f6t\u00fc huy oldu\u011funu, bu toplamda 850 tanesinin iyi huy, ama 1 366 adet de k\u00f6t\u00fc huy oldu\u011funu \u00f6\u011frendikten sonra iyi huylar\u0131 \u00f6ld\u00fcrme re\u00e7etisi de \u00f6\u011frenmi\u015f ki, viski i\u00e7ire i\u00e7ire, kendisine \u00e7al\u0131\u015fmadan para vere vere ruhunda iyilik ad\u0131na ne varsa bire dek zehirledi ve \u00e7\u00fcr\u00fck d\u0131\u015f gibi s\u00f6k\u00fcp att\u0131. <\/strong><\/p><div id=\"bghab-977977475\" class=\"bghab-icerik-icine-10-paragraf bghab-entity-placement\"><script async src=\"\/\/pagead2.googlesyndication.com\/pagead\/js\/adsbygoogle.js?client=ca-pub-6203283170189293\" crossorigin=\"anonymous\"><\/script><ins class=\"adsbygoogle\" style=\"display:block; text-align:center;\" data-ad-client=\"ca-pub-6203283170189293\" \ndata-ad-slot=\"7303146466\" \ndata-ad-layout=\"in-article\"\ndata-ad-format=\"fluid\" data-full-width-responsive=\"true\"><\/ins>\n<script> \n(adsbygoogle = window.adsbygoogle || []).push({}); \n<\/script>\n<\/div>\n<p><strong>Halk\u0131m\u0131z k\u00f6t\u00fc huylular\u0131 tan\u0131r. <\/strong>Fakat \u00a0halkla olan ili\u015fkilerini koparan Do\u011fan&#8217;\u0131n adam kullanmay\u0131\u00a0 seven, a\u00e7 g\u00f6l\u00fc, g\u00f6steri\u015f\u00e7i, afral\u0131 tafral\u0131, a\u011f\u0131z kafal\u0131, ahlaks\u0131z, akidesi bozuk, ak\u015famc\u0131, al\u0131k sal\u0131k, hava atan, Allahs\u0131z, alkolik, yolsuzluk yapmay\u0131 seven, s\u00f6z\u00fcnde durmayan,\u00a0 insanlar\u0131 aldatan, avantac\u0131, aynas\u0131z, bald\u0131r\u0131 \u00e7\u0131plak, basiretsiz, bozuk, ba\u015f\u0131 dumanl\u0131, ba\u015f\u0131na buyruk vb. oldu\u011funu hemen anlayamad\u0131. Tuhaf olan, kendisine y\u0131llar y\u0131l\u0131 inanan, akraba olduklar\u0131n\u0131 saklamayan Necmettin Hak&#8217;\u0131n Pazarc\u0131k hapishanesinde, hainlik kursu \u00f6\u011frencilerini tan\u0131yamam\u0131\u015f olmas\u0131, dikkat \u00e7ekicidir. Ate\u015fli konu\u015fmas\u0131na ra\u011fmen, nas\u0131l tuza\u011fa d\u00fc\u015f\u00fcr\u00fcld\u00fc\u011f\u00fcn\u00fc,\u00a0 ba\u015f\u0131m\u0131za sar\u0131lan felaketleri 30 y\u0131ldan sonra anlat\u0131rken, hatta demokrasi kahraman\u0131 olarak devlet ni\u015fan\u0131 al\u0131rken, neden &#8220;<strong>i\u015f b\u00f6yleden b\u00f6yledir<\/strong>&#8221; demedi. DOST partisinde ne gibi rol oynayabilir?\u00a0 DOST ate\u015fi eski \u0131slak s\u00f6\u011f\u00fct k\u00fct\u00fckleriyle tutu\u015fup alev alabilir mi? Herkes g\u00f6r\u00fcyor, d\u00f6nem de\u011fi\u015fti, nesil de\u011fi\u015fti, 10 bin ayd\u0131n T\u00fcrkiye&#8217;ye ve Bat\u0131 Avrupa \u00fclkelerine ka\u00e7t\u0131. \u0130\u015fte ben de burada bir emekli maa\u015f\u0131 ald\u0131m ve sosyal zay\u0131flar s\u00fcr\u00fcs\u00fcnde olsam da,\u00a0 devaml\u0131 yak\u0131nanlar aras\u0131nda kendimi anlatamama derdinden erimektense, Viyana&#8217;da &#8220;<strong>Moca&#8221;<\/strong> kahvesi i\u00e7ip, bizim mor eriklerden yapt\u0131klar\u0131 &#8220;<strong>Strudel<\/strong>&#8221; dilimlerinden yerken kendimi avutuyorum. \u0130yi ki Tv yay\u0131nlar\u0131 var ve d\u00fcnya siyasetini yak\u0131ndan izleme f\u0131rsat\u0131 bulabiliyoruz. T\u00fcrk kanalar\u0131 devaml\u0131 izleniyor.<\/p>\n<p><strong>S\u00f6z\u00fcn \u00f6z\u00fc<\/strong>, 1989&#8217;dan sonra da\u011f\u0131lmam\u0131z\u0131n \u00e7ok k\u00f6t\u00fc olmas\u0131d\u0131r. Viyana kenar\u0131nda oturdu\u011fum\u00a0 mahalleden Bulgaristan&#8217;a akan Tuna \u0131rma\u011f\u0131na bak\u0131yorum, bazen\u00a0 r\u00fczgar suyun ak\u0131\u015f\u0131na ters esince, sanki vatan\u0131mdan, meyve bah\u00e7elerinden, tozla\u015fmaya haz\u0131rlanan bu\u011fday ovalar\u0131n\u0131n mis koku\u00a0 getiriyor burnuma ya da bana \u00f6yle geliyor. Hapisten \u00e7\u0131k\u0131nca hevesimiz neden k\u0131r\u0131ld\u0131? Davay\u0131 elimizden nas\u0131l oldu da ka\u00e7\u0131rabildik? \u015eimdi DOST partisi bu \u00f6z g\u00f6revi ger\u00e7ekten \u00fcstlenebilecek mi? Bu sorunlar \u00fczerimde beni gece g\u00fcnd\u00fcz angaje\u00a0 eden, rahats\u0131z eden d\u00fc\u015f\u00fcncelerimi siz k\u0131ymetli okurlar\u0131mla\u00a0 payla\u015fmak istiyorum. Vatan\u0131m\u0131z o kadar g\u00fczeldi ki, bir an olsun akl\u0131mdan \u00e7\u0131km\u0131yor.<\/p>\n<p>Sorular\u0131n sorusu ise \u015fudur: E\u011fer davam\u0131z\u0131n <strong>bir b\u00f6l\u00fcm\u00fc ilham ve \u00fc\u00e7 b\u00f6l\u00fcm\u00fc terse biz neyi kaybettik<\/strong>? \u00a0Bu soruya yan\u0131t bulmak i\u00e7in bazen k\u00f6stebek olup \u00e7ok derinlere girmek istiyorum. Sorunun cevab\u0131n\u0131 bulabilmek i\u00e7in tilkinin pe\u015finden ko\u015fan bir avc\u0131 gibi gece g\u00fcnd\u00fcz ko\u015fmak, \u00e7e\u015fit \u00e7e\u015fit \u00e7i\u00e7eklerden bal toplayan bir ar\u0131 gibi bilgi toplamak ve hatta hi\u00e7 acele etmeden bir kar\u0131nca gibi bunlar\u0131 depolamak ve sonra olaylar\u0131n ger\u00e7ek \u00f6z\u00fcn\u00fc g\u00f6rebilmek istiyorum.<\/p>\n<p>Davam\u0131z ortakt\u0131r.<\/p>\n<div id=\"bghab-346116586\" class=\"bghab-yazi-altinda bghab-entity-placement\"><div class=\"bghab-adlabel\">Reklamlar<\/div><script async src=\"https:\/\/pagead2.googlesyndication.com\/pagead\/js\/adsbygoogle.js\"><\/script>\r\n<!-- bghaber-yaz\u0131-sonu -->\r\n<ins class=\"adsbygoogle\"\r\n     style=\"display:block\"\r\n     data-ad-client=\"ca-pub-6203283170189293\"\r\n     data-ad-slot=\"4222328180\"\r\n     data-ad-format=\"auto\"\r\n     data-full-width-responsive=\"true\"><\/ins>\r\n<script>\r\n     (adsbygoogle = window.adsbygoogle || []).push({});\r\n<\/script><\/div><br style=\"clear: both; display: block; float: none;\"\/>","protected":false},"excerpt":{"rendered":"<p>\u00a0Osman B\u00dcLB\u00dcL Konu:\u00a0 Ezilmi\u015fli\u011fimiz ve &#8220;B\u00fcy\u00fck G\u00f6\u00e7&#8221; bilgelik hazinesi olamad\u0131. &nbsp; &#8220;Soya D\u00f6n\u00fc\u015f&#8221; sa\u00e7mal\u0131\u011f\u0131ndan, s\u00fcrg\u00fcnlerden, toplama kamplar\u0131 ve hapishane \u00e7ilesinden sonra aram\u0131zdan farkl\u0131, daha y\u00fcksek<\/p>\n","protected":false},"author":13,"featured_media":17907,"comment_status":"closed","ping_status":"closed","sticky":false,"template":"","format":"standard","meta":{"advanced_seo_description":"","jetpack_seo_html_title":"","jetpack_seo_noindex":false,"_jetpack_memberships_contains_paid_content":false,"footnotes":""},"categories":[6],"tags":[],"class_list":["post-18954","post","type-post","status-publish","format-standard","has-post-thumbnail","hentry","category-yorum"],"jetpack_featured_media_url":"https:\/\/i0.wp.com\/www.bghaber.org\/bghaber\/wp-content\/uploads\/2016\/01\/osman-bulbul.jpg?fit=79%2C77&ssl=1","jetpack_sharing_enabled":true,"jetpack_likes_enabled":true,"jetpack-related-posts":[],"jetpack_shortlink":"https:\/\/wp.me\/pc2PfJ-4VI","_links":{"self":[{"href":"https:\/\/www.bghaber.org\/bghaber\/wp-json\/wp\/v2\/posts\/18954","targetHints":{"allow":["GET"]}}],"collection":[{"href":"https:\/\/www.bghaber.org\/bghaber\/wp-json\/wp\/v2\/posts"}],"about":[{"href":"https:\/\/www.bghaber.org\/bghaber\/wp-json\/wp\/v2\/types\/post"}],"author":[{"embeddable":true,"href":"https:\/\/www.bghaber.org\/bghaber\/wp-json\/wp\/v2\/users\/13"}],"replies":[{"embeddable":true,"href":"https:\/\/www.bghaber.org\/bghaber\/wp-json\/wp\/v2\/comments?post=18954"}],"version-history":[{"count":0,"href":"https:\/\/www.bghaber.org\/bghaber\/wp-json\/wp\/v2\/posts\/18954\/revisions"}],"wp:featuredmedia":[{"embeddable":true,"href":"https:\/\/www.bghaber.org\/bghaber\/wp-json\/wp\/v2\/media\/17907"}],"wp:attachment":[{"href":"https:\/\/www.bghaber.org\/bghaber\/wp-json\/wp\/v2\/media?parent=18954"}],"wp:term":[{"taxonomy":"category","embeddable":true,"href":"https:\/\/www.bghaber.org\/bghaber\/wp-json\/wp\/v2\/categories?post=18954"},{"taxonomy":"post_tag","embeddable":true,"href":"https:\/\/www.bghaber.org\/bghaber\/wp-json\/wp\/v2\/tags?post=18954"}],"curies":[{"name":"wp","href":"https:\/\/api.w.org\/{rel}","templated":true}]}}