{"id":18952,"date":"2016-05-15T13:59:27","date_gmt":"2016-05-15T10:59:27","guid":{"rendered":"http:\/\/www.bghaber.org\/bghaber\/?p=18952"},"modified":"2016-05-15T14:02:46","modified_gmt":"2016-05-15T11:02:46","slug":"ben-bu-yerde-yasamadim","status":"publish","type":"post","link":"https:\/\/www.bghaber.org\/bghaber\/ben-bu-yerde-yasamadim\/","title":{"rendered":"Ben Bu Yerde Ya\u015famad\u0131m!"},"content":{"rendered":"<p><strong><img data-recalc-dims=\"1\" loading=\"lazy\" decoding=\"async\" class=\"\" src=\"https:\/\/i0.wp.com\/www.bghaber.org\/bghaber\/wp-content\/uploads\/2014\/12\/neriman1.jpg?resize=104%2C147\" alt=\"neriman1\" width=\"104\" height=\"147\" \/>\u00a0Neriman Eralp KALYONCUO\u011eLU<\/strong><\/p>\n<p><strong>Konu:\u00a0 Ya\u015fl\u0131\u011f\u0131ma Doyamad\u0131m!<\/strong><\/p>\n<p><img loading=\"lazy\" decoding=\"async\" class=\"\" src=\"https:\/\/scontent-frt3-1.xx.fbcdn.net\/v\/t1.0-9\/13241129_10154093535324070_703849118236697263_n.jpg?oh=0cc9294c2ff5140470d78a11a15fe683&amp;oe=57DC49A4\" width=\"472\" height=\"314\" \/><\/p>\n<p>K\u0131r\u0131ml\u0131 k\u0131z\u0131m\u0131z Camala Avrupa Evrovizyon Yar\u0131\u015fmas\u0131 2016&#8217;da\u00a0 Cumartesi gecesi &#8220;<strong>Adalet Volkan\u0131<\/strong>&#8221; patlatt\u0131. &#8220;<strong>1944<\/strong>&#8221; \u015fark\u0131s\u0131yla\u00a0 eski k\u0131tay\u0131 aya\u011f\u0131 kald\u0131ran g\u00fczel sanat\u00e7\u0131, Stalin kasab\u0131n\u0131n 1944&#8217;te K\u0131r\u0131m Tatarlar\u0131n\u0131 yerinden yurdundan kovmas\u0131yla ya\u015fanan insanl\u0131k tarihinin en b\u00fcy\u00fck trajedilerinden birini 72 y\u0131l sonra t\u00fcn yayaya bir daha duyurdu. Gen\u00e7 neslin <strong>Birincilik \u00d6d\u00fcl\u00fcne Laik G\u00f6rd\u00fc\u011f\u00fc <\/strong>bu muhte\u015fem eser ayn\u0131 zamanda 2014 y\u0131l\u0131 Mart\u0131nda K\u0131r\u0131m Tatar M\u00fcsl\u00fcmanlar\u0131n\u0131n Anavatan\u0131 &#8211; K\u0131r\u0131m Yar\u0131madas\u0131n\u0131n\u00a0 Putin militaristleri taraf\u0131ndan ilhak edilmesine, Rusya Federasyonu&#8217;na kat\u0131lmas\u0131na kar\u015f\u0131 da son derece sert bir tepkidir. K\u0131r\u0131m, T\u00fcrk D\u00fcnyas\u0131n\u0131n g\u00fczeller g\u00fcleli diyar\u0131, Karadeniz incisidir.<\/p>\n<p><strong>Ya\u015fl\u0131l\u0131\u011f\u0131ma doyamad\u0131m<\/strong><\/p>\n<p><strong>Ben bu yerde ya\u015famad\u0131m<\/strong><\/p><div id=\"bghab-874517155\" class=\"bghab-icerik-icine bghab-entity-placement\"><script async src=\"\/\/pagead2.googlesyndication.com\/pagead\/js\/adsbygoogle.js?client=ca-pub-6203283170189293\" crossorigin=\"anonymous\"><\/script><ins class=\"adsbygoogle\" style=\"display:block; text-align:center;\" data-ad-client=\"ca-pub-6203283170189293\" \ndata-ad-slot=\"7303146466\" \ndata-ad-layout=\"in-article\"\ndata-ad-format=\"fluid\" data-full-width-responsive=\"true\"><\/ins>\n<script> \n(adsbygoogle = window.adsbygoogle || []).push({}); \n<\/script>\n<\/div>\n<p>\u015eark\u0131,\u00a0 Avrupa halklar\u0131n\u0131 Moskova&#8217;n\u0131n askeri g\u00fcce dayanarak K\u0131r\u0131m&#8217;da, Do\u011fu Ukrayna, Abhazya ve Kuzey Osetya&#8217;da\u00a0 ilhak siyaseti uygulamas\u0131n\u0131 lanetledi. Trajik bir olay\u0131 -K\u0131r\u0131m Tatarlar\u0131n\u0131n katledilmesini, topraklar\u0131ndan kovulmas\u0131n\u0131 \u0130ngilizce ve T\u00fcrk\u00e7e olarak ya\u015fatan bu eser akt\u00fcel anlam y\u00fckl\u00fcd\u00fcr. Stokhol&#8217;de volkan gibi patlayan 1944 K\u0131r\u0131m ger\u00e7e\u011fi, 72 y\u0131l sonra ayn\u0131 sald\u0131rgan militarist g\u00fc\u00e7lerin bu defa da daha modern ve y\u0131k\u0131c\u0131 silahlar\u0131yla Suriye&#8217;de binlerce insan\u0131 evinden bark\u0131ndan etti\u011fini canland\u0131rd\u0131. Suriye&#8217;de anaokullar\u0131n\u0131, ilk okullar\u0131, hastaneleri ve ya\u015fl\u0131 evlerini bombalayan Rus askeri u\u00e7aklar\u0131n\u0131n barbarl\u0131\u011f\u0131 en sert bir \u015fekilde k\u0131nan\u0131p lanetlendi\u011fi gibi, halklara bar\u0131\u015f, s\u0131\u011f\u0131nmac\u0131larla dayan\u0131\u015fma \u00e7a\u011fr\u0131s\u0131 oldu. \u015eark\u0131 T\u00fcrkiye ve Avrupa&#8217;daki s\u0131\u011f\u0131nmac\u0131 \u00e7ad\u0131rlar\u0131n\u0131n hepsinde izlendi ve dinlendi. Bug\u00fcn art\u0131k &#8220;Ya\u015fl\u0131l\u0131\u011f\u0131ma doyamad\u0131m, Ben bu yerde ya\u015famad\u0131m&#8221; mazlumlar\u0131 birle\u015ftiren bir hit oldu.<\/p>\n<p>Camala b\u00fcy\u00fck \u00f6l\u00e7\u00fcde Avrupa&#8217;da ya\u015fayan ve \u00e7al\u0131\u015fan T\u00fcrklerin ve M\u00fcsl\u00fcmanlar\u0131n, Bulgaristan T\u00fcrklerinin, T\u00fcrkiye gen\u00e7li\u011finin oylar\u0131yla kazand\u0131. T\u00fcrk d\u00fcnyas\u0131nda b\u00f6yle bir dayan\u0131\u015fma daha \u00f6nce g\u00f6r\u00fclmemi\u015fti. Bu ba\u015far\u0131, birlik olunca da\u011flar\u0131 deviririz \u00e7a\u011fr\u0131m\u0131zd\u0131r. T\u00fcrkl\u00fck ve M\u00fcsl\u00fcmanl\u0131\u011f\u0131n yeni b\u00fcy\u00fck uyan\u0131\u015f\u0131nda parlak bir ufuk m\u00fcjdeledi.<\/p>\n<p>Ben de Camala g\u00fczelimizi dinlerken \u00e7ok eski bir \u00f6yk\u00fc an\u0131msad\u0131m. Anlatsam,\u00a0 ham beyinleri olgunla\u015ft\u0131r\u0131r, dedim. \u0130nsanlar\u0131n ne zaman ne neden ders alaca\u011f\u0131 belli olmaz. Hep umutla ya\u015f\u0131yoruz.<\/p>\n<p><strong>\u00d6yk\u00fc \u015f\u00f6yle:<\/strong><\/p>\n<p><strong>\u00dcsk\u00fcp<\/strong>&#8216;e u\u011fram\u0131\u015f olanlar bilir. \u015eehri ikiye b\u00f6len <strong>Vardar<\/strong> \u0131rma\u011f\u0131n\u0131n sol yakas\u0131ndaki b\u00fcy\u00fck\u00e7e meydanda en heybetli heykel at \u00fcst\u00fcnde Aleksand\u0131r Makedonski\/B\u00fct\u00fck \u0130skender heykelidir. \u0130skender Makedonya imparatoruyken, M.\u00d6. 331&#8217;de\u00a0 d\u00fcnyada en b\u00fcy\u00fck olan Pers \u0130mparatorlu\u011fuyla sava\u015ft\u0131ktan sonra emrindeki kalabal\u0131k askerlerle Orta Do\u011fu \u00fclkelerinden birine girdi\u011fi zaman, \u00f6len yak\u0131nlar\u0131n\u0131n mezarlar\u0131n\u0131\u00a0 kap\u0131lar\u0131n\u0131n \u00f6n\u00fcne yapm\u0131\u015f bir grup insanla kar\u015f\u0131la\u015f\u0131r. Bu kavmin ba\u015fkanlar\u0131n\u0131 \u00e7a\u011f\u0131rt\u0131r ve kendisine mezarlar\u0131n\u0131 neden bu \u015fekilde yapt\u0131klar\u0131n\u0131 sorar. Ba\u015fkan, &#8220;Halk evine girip \u00e7\u0131kt\u0131k\u00e7a mezarlar\u0131n\u0131 g\u00f6r\u00fcp \u00f6l\u00fcm\u00fc, katliamlar\u0131 unutmuyor. Bu \u015fekilde birbirine kar\u015f\u0131 haks\u0131zl\u0131k\u00a0 ve k\u00f6t\u00fcl\u00fck yapm\u0131yorlar&#8221; diye cevap verir.<\/p><div id=\"bghab-3590685198\" class=\"bghab-icerik-icine-10-paragraf bghab-entity-placement\"><script async src=\"\/\/pagead2.googlesyndication.com\/pagead\/js\/adsbygoogle.js?client=ca-pub-6203283170189293\" crossorigin=\"anonymous\"><\/script><ins class=\"adsbygoogle\" style=\"display:block; text-align:center;\" data-ad-client=\"ca-pub-6203283170189293\" \ndata-ad-slot=\"7303146466\" \ndata-ad-layout=\"in-article\"\ndata-ad-format=\"fluid\" data-full-width-responsive=\"true\"><\/ins>\n<script> \n(adsbygoogle = window.adsbygoogle || []).push({}); \n<\/script>\n<\/div>\n<p>Daya sonra kavminba\u015fkan\u0131\u00a0 kendi kona\u011f\u0131ndan\u00a0 bir tepsi \u00fczerinde \u00e7\u00fcr\u00fcm\u00fc\u015f bir insan kafas\u0131 getirir ve &#8220;Bu kafan\u0131n sahibi bizim \u00f6nceki sahiplerimizden biriydi, halk\u0131na haks\u0131zl\u0131k ve z\u00fcl\u00fcm yapard\u0131. Sonunda bu \u015fekle d\u00f6nd\u00fc ve cezas\u0131n\u0131 \u00e7ekmektedir. Benim hizmetimde bulunanlar zaman zaman bana bu kafay\u0131 tepsi i\u00e7inde getirir ve g\u00f6sterirler. Bu sayede ben de d\u00fcnya h\u0131rs\u0131ndan\u00a0 ve halkla h\u0131rs\u0131zl\u0131k yapmaktan\u00a0 geri dururum. Daha m\u00fctevazi olurum&#8221; der.<\/p>\n<p>\u0130mparator \u0130skender&#8217;in bu fikir \u00e7ok ho\u015funa gider\u00a0 ve bu \u015fahsa m\u00fc\u015favirlik teklif eder.<\/p>\n<p>\u00d6yk\u00fc, K\u0131r\u0131m&#8217;da 1944 soy k\u0131r\u0131m kahramanlar\u0131n\u0131n aziz hat\u0131ralar\u0131n\u0131n hayatta \u00e7a\u011f\u0131rd\u0131 ve\u00a0 Camala&#8217;n\u0131n en k\u00f6t\u00fc an\u0131lar\u0131 b\u00fct\u00fcn d\u00fcnyaya bir daha ya\u015fat\u0131rken katil Stalin&#8217;i lanetledi. Katiller mezarda huzur bulamaz. Stalin de mezar\u0131ndan 3 kez \u00e7\u0131kar\u0131ld\u0131, yeri de\u011fi\u015ftirildi ama ruhu K\u0131r\u0131m katliam\u0131n\u0131 asla af etmedi\u011fi i\u00e7in, debelenip duruyor.<\/p>\n<p>Zaman\u0131m\u0131zdan hemen hemen 2330 y\u0131l \u00f6nce ya\u015fanan bu olaydan \u00e7\u0131karaca\u011f\u0131m\u0131z ders \u015fudur: \u0130nsanlar ya\u015fad\u0131k\u00e7a hi\u00e7 bir \u015fey unutulmaz.\u00a0 B\u00fcy\u00fck \u0130skender&#8217;den sonra Yak\u0131n Do\u011fu&#8217;da 200 Elen k\u00fclt\u00fcr \u015fehri kuruldu ve An\u0131tlar\u0131ndan en b\u00fcy\u00fc de \u00dcsk\u00fcp Meydan\u0131n\u0131 s\u00fcsl\u00fcyor. K\u0131r\u0131m Katliam\u0131 an\u0131t\u0131n\u0131 Camala\u00a0 14 May\u0131s 2016\/Cumartesi gecesi Stokholm&#8217;da dikti. En yak\u0131n zamanda K\u0131r\u0131m Ba\u015fkenti Akmecit&#8217;te de dikilece\u011fine inan\u0131yorum. Bulgaristan T\u00fcrklerinin 27 y\u0131l \u00f6nce ya\u015fad\u0131\u011f\u0131 &#8220;B\u00fcy\u00fck G\u00f6\u00e7&#8221; trajedisinin an\u0131t\u0131 da dikilemedi, ama mutlaka dikilecektir, \u00e7\u00fcnk\u00fc analar\u0131m\u0131z ve babalar\u0131m\u0131z ata oca\u011f\u0131m\u0131zda ya\u015fl\u0131l\u0131\u011f\u0131n\u0131 ya\u015fayamad\u0131, ya\u015fl\u0131l\u0131\u011f\u0131na doyamad\u0131! Adaletin ya\u015f\u0131 yoktur.<\/p>\n<div id=\"bghab-1038035177\" class=\"bghab-yazi-altinda bghab-entity-placement\"><div class=\"bghab-adlabel\">Reklamlar<\/div><script async src=\"https:\/\/pagead2.googlesyndication.com\/pagead\/js\/adsbygoogle.js\"><\/script>\r\n<!-- bghaber-yaz\u0131-sonu -->\r\n<ins class=\"adsbygoogle\"\r\n     style=\"display:block\"\r\n     data-ad-client=\"ca-pub-6203283170189293\"\r\n     data-ad-slot=\"4222328180\"\r\n     data-ad-format=\"auto\"\r\n     data-full-width-responsive=\"true\"><\/ins>\r\n<script>\r\n     (adsbygoogle = window.adsbygoogle || []).push({});\r\n<\/script><\/div><br style=\"clear: both; display: block; float: none;\"\/>","protected":false},"excerpt":{"rendered":"<p>\u00a0Neriman Eralp KALYONCUO\u011eLU Konu:\u00a0 Ya\u015fl\u0131\u011f\u0131ma Doyamad\u0131m! K\u0131r\u0131ml\u0131 k\u0131z\u0131m\u0131z Camala Avrupa Evrovizyon Yar\u0131\u015fmas\u0131 2016&#8217;da\u00a0 Cumartesi gecesi &#8220;Adalet Volkan\u0131&#8221; patlatt\u0131. &#8220;1944&#8221; \u015fark\u0131s\u0131yla\u00a0 eski k\u0131tay\u0131 aya\u011f\u0131 kald\u0131ran g\u00fczel<\/p>\n","protected":false},"author":13,"featured_media":0,"comment_status":"closed","ping_status":"closed","sticky":false,"template":"","format":"standard","meta":{"advanced_seo_description":"","jetpack_seo_html_title":"","jetpack_seo_noindex":false,"_jetpack_memberships_contains_paid_content":false,"footnotes":""},"categories":[6],"tags":[],"class_list":["post-18952","post","type-post","status-publish","format-standard","hentry","category-yorum"],"jetpack_featured_media_url":"","jetpack_sharing_enabled":true,"jetpack_likes_enabled":true,"jetpack-related-posts":[],"jetpack_shortlink":"https:\/\/wp.me\/pc2PfJ-4VG","_links":{"self":[{"href":"https:\/\/www.bghaber.org\/bghaber\/wp-json\/wp\/v2\/posts\/18952","targetHints":{"allow":["GET"]}}],"collection":[{"href":"https:\/\/www.bghaber.org\/bghaber\/wp-json\/wp\/v2\/posts"}],"about":[{"href":"https:\/\/www.bghaber.org\/bghaber\/wp-json\/wp\/v2\/types\/post"}],"author":[{"embeddable":true,"href":"https:\/\/www.bghaber.org\/bghaber\/wp-json\/wp\/v2\/users\/13"}],"replies":[{"embeddable":true,"href":"https:\/\/www.bghaber.org\/bghaber\/wp-json\/wp\/v2\/comments?post=18952"}],"version-history":[{"count":0,"href":"https:\/\/www.bghaber.org\/bghaber\/wp-json\/wp\/v2\/posts\/18952\/revisions"}],"wp:attachment":[{"href":"https:\/\/www.bghaber.org\/bghaber\/wp-json\/wp\/v2\/media?parent=18952"}],"wp:term":[{"taxonomy":"category","embeddable":true,"href":"https:\/\/www.bghaber.org\/bghaber\/wp-json\/wp\/v2\/categories?post=18952"},{"taxonomy":"post_tag","embeddable":true,"href":"https:\/\/www.bghaber.org\/bghaber\/wp-json\/wp\/v2\/tags?post=18952"}],"curies":[{"name":"wp","href":"https:\/\/api.w.org\/{rel}","templated":true}]}}