{"id":18947,"date":"2016-05-14T20:00:56","date_gmt":"2016-05-14T17:00:56","guid":{"rendered":"http:\/\/www.bghaber.org\/bghaber\/?p=18947"},"modified":"2016-05-25T22:47:06","modified_gmt":"2016-05-25T19:47:06","slug":"politika-yeniden-mayalaniyor-1","status":"publish","type":"post","link":"https:\/\/www.bghaber.org\/bghaber\/politika-yeniden-mayalaniyor-1\/","title":{"rendered":"Politika Yeniden Mayalan\u0131yor -1-"},"content":{"rendered":"<p><strong><img data-recalc-dims=\"1\" loading=\"lazy\" decoding=\"async\" class=\"\" src=\"https:\/\/i0.wp.com\/www.bghaber.org\/bghaber\/wp-content\/uploads\/2016\/04\/ertass.jpg?resize=76%2C99\" alt=\"ertass\" width=\"76\" height=\"99\" \/>\u00a0\u00a0Erta\u015f \u00c7AKIR<\/strong><\/p>\n<p>Konu:\u00a0 <strong>Cumhurba\u015fkan\u0131 Adaylar\u0131n\u0131 Tan\u0131yal\u0131m<\/strong><\/p>\n<p>Bulgaristan Ba\u015fbakan\u0131 Borisov&#8217;un \u0130ngiltere ziyaretinde Ba\u015fbakan\u0131 Kameran ile g\u00f6r\u00fc\u015fmesinden sonra d\u00fczenledi\u011fi bas\u0131n toplant\u0131s\u0131n\u0131 izledim. Onu dinlerken akl\u0131ma bizim boz inek geldi. Bazen \u00f6fkeyle ba\u015f\u0131n\u0131 sallar, sa\u011f sola \u00e7evirir, bazen de boynunu\u00a0 ileri uzat\u0131p ac\u0131 ac\u0131 b\u00f6\u011f\u00fcr\u00fcrd\u00fc.<\/p>\n<p>Borisov da, y\u00f6netti\u011fi kabineden ayr\u0131lan solcu &#8211; Putinci ABV partisine \u00e7att\u0131ktan ve birka\u00e7 s\u00f6z de Cumhurba\u015fkan\u0131 olarak Rosen Plevneliev&#8217;in 5 y\u0131ll\u0131k ikinci s\u00fcre\u00a0 i\u00e7in yeniden se\u00e7ilmesi \u00f6nerisinde bulunan Roformcu Blok (RB) i\u00e7indeki en etkili siyasi g\u00fc\u00e7 &#8211; G\u00fc\u00e7l\u00fc Bulgaristan Hareketi (DSB) lideri K\u0131nev&#8217;i de ele\u015ftirdikten sonra &#8220;<strong>Kafam\u0131 att\u0131rmay\u0131n Cumhurba\u015fkan\u0131 olurum<\/strong>!&#8221; dedi.<\/p>\n<p>Bu s\u00f6zlerin Londra&#8217;daki isti\u015fareler neticesinde s\u00f6ylenmi\u015f olmas\u0131 \u00e7ok anlaml\u0131d\u0131r. Asl\u0131nda ak\u015fam s\u00f6yledi\u011fi sabah tutmayan, sab\u0131r tas\u0131 \u00e7oktan ta\u015fm\u0131\u015f olan Borisov&#8217;un \u00a0Nisan ay\u0131nda vurgulad\u0131\u011f\u0131 \u00a0&#8220;<strong>GERB partisi Cumhurba\u015fkan\u0131 aday\u0131 g\u00f6stermeyecek<\/strong>&#8221; s\u00f6zleri \u00a0hen\u00fcz unutulmad\u0131 ve en b\u00fcy\u00fck, en n\u00fcfuslu ve etkili siyasi olu\u015fum olan\u00a0 GERB partisi bug\u00fcne kadar resmen Cumhurba\u015fkan\u0131 aday\u0131 g\u00f6stermedi.<\/p><div id=\"bghab-2984990669\" class=\"bghab-icerik-icine bghab-entity-placement\"><script async src=\"\/\/pagead2.googlesyndication.com\/pagead\/js\/adsbygoogle.js?client=ca-pub-6203283170189293\" crossorigin=\"anonymous\"><\/script><ins class=\"adsbygoogle\" style=\"display:block; text-align:center;\" data-ad-client=\"ca-pub-6203283170189293\" \ndata-ad-slot=\"7303146466\" \ndata-ad-layout=\"in-article\"\ndata-ad-format=\"fluid\" data-full-width-responsive=\"true\"><\/ins>\n<script> \n(adsbygoogle = window.adsbygoogle || []).push({}); \n<\/script>\n<\/div>\n<p>Rosen Plevneliev Birinci Borisov h\u00fckumetinde B\u00f6lgesel Kalk\u0131nma Bakan\u0131yd\u0131 ve adayl\u0131\u011f\u0131 parti ve Hak ve \u00d6zg\u00fcrl\u00fckler Hareketi (H\u00d6H-DPS\u00a0 taraf\u0131ndan ikinci turda desteklenmi\u015fti. Arkada kalan ve Nisan 2016&#8217;da dolan 5 y\u0131l\u00a0 Bulgaristan&#8217;\u0131n Avrupa ve Atlantik konumlar\u0131nda yer yap\u0131p g\u00fc\u00e7lenmesi, daha ba\u011f\u0131ms\u0131z bir siyaset izlemesi, sald\u0131rgan d\u0131\u015f siyaset izleyen Rutin&#8217;den uzak durma bak\u0131m\u0131ndan olumlu ad\u0131mlar att\u0131.\u00a0 Ekim ay\u0131 sonunda yap\u0131lacak yeni se\u00e7imlere giderken Plevneliev Rusya&#8217;n\u0131n Bulgaristan&#8217;a kar\u015f\u0131 siber sald\u0131r\u0131lar\u0131n\u0131 k\u0131namaya devam ediyor. NATO ve Birle\u015fik Amerika silahl\u0131 g\u00fc\u00e7lerinin muhtemel bir Rusya sald\u0131r\u0131na kar\u015f\u0131 \u00fclkemize daha g\u00fc\u00e7l\u00fc \u00fcslenmesine ve son d\u00f6nemde Karadeniz&#8217;in Rus g\u00f6l\u00fc olmas\u0131n\u0131 engellemek i\u00e7in T\u00fcrkiye, Romanya ve Ukrayna ile ortak bir deniz filosu olu\u015fturma \u00e7abalar\u0131na da kanat a\u00e7\u0131yor.<\/p>\n<p>2012&#8217;de T\u00fcrklerin de oylar\u0131yla se\u00e7ilen Cumhurba\u015fkan\u0131 Plevneliev&#8217;in, h\u00fckumetin s\u00f6zle\u015fmeli orta\u011f\u0131 olmasa da y\u0131l ba\u015f\u0131ndan beri fazlas\u0131yla aktifle\u015fen ve hatta belirli konularda inisiyatifi ele ge\u00e7irip h\u00fckumeti a\u015f\u0131r\u0131 sa\u011f, \u0131rk\u00e7\u0131l\u0131k hedefleyen giri\u015fimlerde \u0131rgalamay\u0131 da ba\u015faran,\u00a0 \u00a0s\u00f6zde &#8220;<strong>Yurtsever Cephe<\/strong>&#8221; (PF) partisinin haz\u0131rlad\u0131\u011f\u0131\u00a0 ve Sofya Meclisi&#8217;nden ge\u00e7en &#8220;Se\u00e7im Yasas\u0131 De\u011fi\u015fikliklerini&#8221; veto etmesinden sonra, Plevneliev Bulgar Ulusal TV &#8220;<strong>Panorama<\/strong>&#8221; program\u0131na \u00e7\u0131karak \u015f\u00f6yle dedi: &#8220;<strong>Bulundu\u011fum \u00f6nerilerin mecliste onaylanmas\u0131, d\u00fcnyan\u0131n neresinde bulunurlarsa bulunsunlar Bulgaristan vatanda\u015flar\u0131na oy kullanma olana\u011f\u0131 sa\u011flayacakt\u0131r<\/strong>.&#8221; Konu\u015fmas\u0131na devamla, &#8220;<strong>Bu de\u011fi\u015fiklerle Bulgar vatanda\u015flar\u0131n\u0131n k\u0131s\u0131tlanmas\u0131 tamamen \u00f6nlenecektir!<\/strong>&#8221; diye vurgulad\u0131.<\/p>\n<p>Plevneliev,&#8221;<strong>Anayasam\u0131za g\u00f6re, Bulgaristan Cumhurba\u015fkan\u0131&#8217;n\u0131n ba\u011f\u0131ms\u0131z ve\u00a0 t\u00fcm siyasi partilerden ayn\u0131 mesafede bulunmas\u0131 gerekti\u011fini<\/strong>&#8221; s\u00f6zlerden &#8220;<strong>\u0130kinci s\u00fcre adayl\u0131mla ilgili karar\u0131m\u0131 30 Haziranda a\u00e7\u0131klayaca\u011f\u0131m, partiler \u00fcst\u00fc, vicdan\u0131ma g\u00f6re ve yasal hareket ediyorum<\/strong>&#8221; vurgulamas\u0131 yapt\u0131.<\/p>\n<p>\u015eu d\u00f6nemde Bulgaristan&#8217;da \u00e7\u00f6z\u00fcm bekleyen en \u00f6nemli sorunlar hangileridir? sorusuna da Cumhurba\u015fkan\u0131 \u015fu cevab\u0131 verdi: &#8220;<strong>Hukuk reformu yap\u0131l\u0131p adalet sa\u011flama yollar\u0131n\u0131n a\u00e7\u0131lmas\u0131; r\u00fc\u015fvet\u00e7ili\u011fe kar\u015f\u0131 yasalar \u00e7\u0131kar\u0131lmas\u0131 ve Se\u00e7im Yasas\u0131<\/strong>.<\/p>\n<p>Plevneliev, Bulgaristan&#8217;\u0131n zor bir d\u00f6nemde bulundu\u011funa i\u015faretle, halk\u0131n bo\u015f vaatler ve kampanya beklemedi\u011fini,, siyaset\u00e7ilerden sorunlar\u0131 \u00e7\u00f6zmelerini bekledi\u011fini, belirtti.<\/p><div id=\"bghab-531512296\" class=\"bghab-icerik-icine-10-paragraf bghab-entity-placement\"><script async src=\"\/\/pagead2.googlesyndication.com\/pagead\/js\/adsbygoogle.js?client=ca-pub-6203283170189293\" crossorigin=\"anonymous\"><\/script><ins class=\"adsbygoogle\" style=\"display:block; text-align:center;\" data-ad-client=\"ca-pub-6203283170189293\" \ndata-ad-slot=\"7303146466\" \ndata-ad-layout=\"in-article\"\ndata-ad-format=\"fluid\" data-full-width-responsive=\"true\"><\/ins>\n<script> \n(adsbygoogle = window.adsbygoogle || []).push({}); \n<\/script>\n<\/div>\n<p>Cumhurba\u015fkan\u0131 konu\u015fmas\u0131n\u0131 \u015fu s\u00f6zlerle bitirdi:<\/p>\n<p>&#8220;<strong>Cumhurba\u015fkan\u0131n\u0131n ba\u011f\u0131ms\u0131z oldu\u011funu; <\/strong><\/p>\n<p><strong>Cumhurba\u015fkan\u0131n\u0131n kulis oyunlar\u0131na asla kat\u0131lmad\u0131\u011f\u0131n\u0131; <\/strong><\/p>\n<p><strong>Cumhurba\u015fkan\u0131n\u0131n Avrupa ve Atlantik konumlar\u0131ndan taviz vermedi\u011fini; <\/strong><\/p>\n<p><strong>Cumhurba\u015fkan\u0131n\u0131n kesin delillere dayanarak veto koydu\u011funu; <\/strong><\/p><div id=\"bghab-1272308529\" class=\"bghab-icerik-icine-15-paragraf bghab-entity-placement\"><script async src=\"\/\/pagead2.googlesyndication.com\/pagead\/js\/adsbygoogle.js?client=ca-pub-6203283170189293\" crossorigin=\"anonymous\"><\/script><ins class=\"adsbygoogle\" style=\"display:block; text-align:center;\" data-ad-client=\"ca-pub-6203283170189293\" \ndata-ad-slot=\"7303146466\" \ndata-ad-layout=\"in-article\"\ndata-ad-format=\"fluid\" data-full-width-responsive=\"true\"><\/ins>\n<script> \n(adsbygoogle = window.adsbygoogle || []).push({}); \n<\/script>\n<\/div>\n<p><b>Cumhurba\u015fkan\u0131n\u0131n<\/b><strong>\u00a0devlette olup biten ve ilerleme ve y\u00fckseli\u015fe g\u00f6t\u00fcren, en k\u00fc\u00e7\u00fck \u015feyle ilgili bile namuslu, \u015ferefli ve dikkatli davrand\u0131\u011f\u0131n\u0131 halk\u0131m\u0131z\u0131n bilmesini isterim!<\/strong>&#8221;<\/p>\n<p>***<\/p>\n<p>Bu arada yakla\u015fan Cumhurba\u015fkan\u0131 se\u00e7imleriyle ilgili 3 aday y\u00fckseldi. Bunlardan birisi Akademik Vodeni\u00e7arov, Bulgar Bilimler Akademisi Ba\u015fkanl\u0131\u011f\u0131ndan ayr\u0131larak Cumhurba\u015fkan\u0131 adayl\u0131\u011f\u0131n\u0131 bir y\u0131l \u00f6nceden yani daha 2015&#8217;in Ekim ay\u0131nda a\u00e7\u0131klad\u0131.\u00a0 Akad. Vodeni\u00e7arov, Bulgar \u00c7ar\u0131 III. Boris zaman\u0131ndan kalma, Nazi Almanya&#8217;s\u0131 fikir ak\u0131mlar\u0131yla ba\u011fl\u0131, sa\u011fc\u0131 bir siyaset adam\u0131 olarak bilinir. Onun y\u00f6netti\u011fi bilimsel \u00e7al\u0131\u015fma gruplar\u0131 Bulgar milliyet\u00e7ili\u011fini \u00e7ok ciltlik eserlerde toplayarak yayarken, s\u00f6zde yurtseverlerin, T\u00fcrk ve \u0130slam d\u00fc\u015fmanlar\u0131n\u0131n Valeri Simyonov ba\u015fkanl\u0131\u011f\u0131ndaki (PF) partisi kuruldu. \u015eiddetli anti-T\u00fcrk ve anti-\u0130slam siyasi propagandas\u0131ndan \u00f6d\u00fcn vermeyen &#8220;<strong>Skat<\/strong>&#8221; TV yay\u0131nlar\u0131 \u00f6rg\u00fctlendi ve d\u00fc\u015fmanl\u0131k kusmaya devam ediyor. Bu ak\u0131m (PF) partisinin \u0131rk\u00e7\u0131l\u0131\u011fa t\u0131rmanan milliyet\u00e7ili\u011fini Borisov&#8217;un \u0130kinci Kabinesine ta\u015f\u0131d\u0131 ve hatta bakanlar kurulunda T\u00fcrkiye&#8217;deki soyda\u015flar\u0131m\u0131z\u0131n se\u00e7ime kat\u0131lmas\u0131n\u0131 \u00f6nlemek ve 2 defa oy kullanmayanlar\u0131n se\u00e7im listelerinden \u00e7\u0131kar\u0131l\u0131p, vatanda\u015fl\u0131ktan silinmesi i\u015flemlerini ba\u015flatmak ve onlar\u0131n Bulgaristan&#8217;dan ald\u0131klar\u0131 emekli maa\u015flar\u0131n\u0131n ve \u00f6z\u00fcrl\u00fclerin sosyal yard\u0131mlar\u0131n\u0131n \u00fcst\u00fcne oturmak i\u00e7in yasa \u00f6nerileri haz\u0131rl\u0131yor ve GERB partisine de bask\u0131 yap\u0131yorlar. Yapacak oldu\u011fumuz propaganda \u00e7al\u0131\u015fmalar\u0131n Bulgar milliyet\u00e7i-\u0131rk\u00e7\u0131, T\u00fcrk ve \u0130slam d\u00fc\u015fman\u0131, T\u00fcrkiye has\u0131m\u0131 g\u00fc\u00e7lerin i\u00e7 y\u00fcz\u00fcn\u00fc sert ele\u015ftiriye tutmal\u0131y\u0131z. Son Cumhurba\u015fkan\u0131 se\u00e7imlerinde Bulgar sa\u011f cephesinin en a\u015f\u0131r\u0131 milliyet\u00e7i ve T\u00fcrk aleyhtar\u0131 aday\u0131 olan &#8220;<strong>Skat<\/strong>&#8221; TV &#8216;den Solakov ancak % 2 oy alabilmi\u015fti.<\/p>\n<p>***<\/p>\n<p>(ABV) ad\u0131yla bilinen ve ge\u00e7en hafta h\u00fckumetteki tek bakan\u0131 olan Kalfin&#8217;i\u00a0 g\u00f6revden al\u0131p kabineden ayr\u0131lan Bulgaristan i\u00e7in yeni alternatif partisinin Veliko T\u0131rnovo il \u00f6rg\u00fct\u00fc 2002-2012 aras\u0131 2 d\u00f6nem \u00a0Cumhurba\u015fkan\u0131 olan Georgi P\u0131rvanov&#8217;u\u00a0 yeniden aday g\u00f6sterdi. Oysa\u00a0 2012 se\u00e7imlerinde Kalfin Sosyalist partinin Cumhurba\u015fkan\u0131 aday\u0131 idi ve \u015fimdi de sol cepheden onun y\u00fckseltilece\u011fi konu\u015fuluyordu.<\/p><div id=\"bghab-3197402040\" class=\"bghab-icerik-icine-20-paragraf bghab-entity-placement\"><script async src=\"\/\/pagead2.googlesyndication.com\/pagead\/js\/adsbygoogle.js?client=ca-pub-6203283170189293\" crossorigin=\"anonymous\"><\/script><ins class=\"adsbygoogle\" style=\"display:block; text-align:center;\" data-ad-client=\"ca-pub-6203283170189293\" \ndata-ad-slot=\"7303146466\" \ndata-ad-layout=\"in-article\"\ndata-ad-format=\"fluid\" data-full-width-responsive=\"true\"><\/ins>\n<script> \n(adsbygoogle = window.adsbygoogle || []).push({}); \n<\/script>\n<\/div>\n<p>Bildi\u011fimiz kadar\u0131yla 3. defa aday olmaya (Georgi P\u0131rvanov) halen baz\u0131 yasal engeller var. P\u0131rvanov, 1990 \u00f6ncesi kom\u00fcnist partisinin konservatif (kat\u0131) kanad\u0131ndan olup, &#8220;<strong>Gotse<\/strong>&#8221; ismiyle siyasi polise Makedon&#8217;ya konusunda ajanl\u0131k yapm\u0131\u015f, 1990&#8217;da a\u015f\u0131r\u0131 sa\u011f ve T\u00fcrk d\u00fc\u015fman\u0131 sloganlar\u0131yla \u00fcn yapan &#8220;<strong>Bulgaristan Emek Partisi<\/strong>&#8221; kurucusu olup, daha sonra isim de\u011fi\u015ftiren sosyalist partiye ge\u00e7erek, BKP varisi olarak Cumhurba\u015fkanl\u0131\u011f\u0131 adayl\u0131\u011f\u0131na y\u00fckseldi\u011finde, H\u00d6H diretmelerine uyan T\u00fcrkiye Cumhuriyetindeki soyda\u015flar\u0131m\u0131z\u0131n ve Bulgaristan&#8217;daki karde\u015flerimizin oylar\u0131yla ikinci turda se\u00e7ilmi\u015fti. Moskova u\u015fakl\u0131\u011f\u0131 yapm\u0131\u015f ve Boyko Porisov&#8217;un politik y\u00fckselme raylar\u0131na \u00e7ekilmesinde belirleyici rol oynam\u0131\u015ft\u0131r. \u015eu da var tabii, Bulgaristan 2004&#8217;te T\u00fcrkiye&#8217;nin yard\u0131mlar\u0131yla NATO&#8217;ya ve 2007&#8217;de Avrupa Birli\u011fi&#8217;ne G. P\u0131rvanov&#8217;un Cumhurba\u015fkanl\u0131\u011f\u0131 d\u00f6neminde girmi\u015ftir. Memleketimizde totaliter kom\u00fcnist k\u0131r\u0131nt\u0131lar\u0131n toplumumuzun d\u00f6rt bir yan\u0131nda ya\u015famas\u0131nda P\u0131rvanov&#8217;un Putinci siyasetinin rol\u00fc b\u00fcy\u00fckt\u00fcr. ABV parti heyeti H\u00d6H&#8217;\u00fcn 24 Nisan&#8217;da yap\u0131lan 9. kurultay\u0131na delege g\u00f6nderdi.<\/p>\n<p>***<\/p>\n<p>Dikkati \u00e7eken \u00fc\u00e7\u00fcnc\u00fc aday &#8220;21. y\u00fczy\u0131l&#8221; partisinin May\u0131s ba\u015f\u0131nda yap\u0131lan kurultay\u0131nda belirdi. Parti ba\u015fkan\u0131 se\u00e7ilen, sosyalist parti eski milletvekili, meslekten bir savc\u0131 olan Tatyana Don\u00e7eva, aynj\u0131 zamanda\u00a0 partinin, &#8220;<strong>Cumhuriyet<\/strong>&#8221; hareketinin ve demokratik sol g\u00fc\u00e7lerin\u00a0 aday\u0131 oldu. Kurultaya kat\u0131lan irili ufakl\u0131 12 sol kanat parti ve \u00f6rg\u00fct temsilcisi Don\u00e7eva&#8217;n\u0131n adayl\u0131\u011f\u0131na &#8220;Evet&#8221; dedi.<\/p>\n<p>Bu g\u00fc\u00e7ler aras\u0131nda &#8220;<strong>Cumhuriyet&#8221;<\/strong> hareketi \u00f6nem kazanmaya ba\u015fl\u0131yor. Bu g\u00fc\u00e7lerin savundu\u011fu ana fikirde\u00a0 1878&#8217;den \u00f6nce Osmanl\u0131 devletinin ba\u011fr\u0131ndan ba\u011f\u0131ms\u0131z, egemen ve kutsal bir Bulgaristan \u00e7\u0131karma fikrine d\u00f6n\u00fc\u015f var. Onlar\u0131n itiraflar\u0131nda k\u00f6t\u00fcl\u00fckler d\u0131\u015f\u00a0 g\u00fc\u00e7ler taraf\u0131ndan telkin ediliyor.<\/p>\n<div id=\"bghab-2700383410\" class=\"bghab-yazi-altinda bghab-entity-placement\"><div class=\"bghab-adlabel\">Reklamlar<\/div><script async src=\"https:\/\/pagead2.googlesyndication.com\/pagead\/js\/adsbygoogle.js\"><\/script>\r\n<!-- bghaber-yaz\u0131-sonu -->\r\n<ins class=\"adsbygoogle\"\r\n     style=\"display:block\"\r\n     data-ad-client=\"ca-pub-6203283170189293\"\r\n     data-ad-slot=\"4222328180\"\r\n     data-ad-format=\"auto\"\r\n     data-full-width-responsive=\"true\"><\/ins>\r\n<script>\r\n     (adsbygoogle = window.adsbygoogle || []).push({});\r\n<\/script><\/div><br style=\"clear: both; display: block; float: none;\"\/>","protected":false},"excerpt":{"rendered":"<p>\u00a0\u00a0Erta\u015f \u00c7AKIR Konu:\u00a0 Cumhurba\u015fkan\u0131 Adaylar\u0131n\u0131 Tan\u0131yal\u0131m Bulgaristan Ba\u015fbakan\u0131 Borisov&#8217;un \u0130ngiltere ziyaretinde Ba\u015fbakan\u0131 Kameran ile g\u00f6r\u00fc\u015fmesinden sonra d\u00fczenledi\u011fi bas\u0131n toplant\u0131s\u0131n\u0131 izledim. Onu dinlerken akl\u0131ma bizim boz<\/p>\n","protected":false},"author":13,"featured_media":0,"comment_status":"closed","ping_status":"closed","sticky":false,"template":"","format":"standard","meta":{"advanced_seo_description":"","jetpack_seo_html_title":"","jetpack_seo_noindex":false,"_jetpack_memberships_contains_paid_content":false,"footnotes":""},"categories":[6],"tags":[],"class_list":["post-18947","post","type-post","status-publish","format-standard","hentry","category-yorum"],"jetpack_featured_media_url":"","jetpack_sharing_enabled":true,"jetpack_likes_enabled":true,"jetpack-related-posts":[],"jetpack_shortlink":"https:\/\/wp.me\/pc2PfJ-4VB","_links":{"self":[{"href":"https:\/\/www.bghaber.org\/bghaber\/wp-json\/wp\/v2\/posts\/18947","targetHints":{"allow":["GET"]}}],"collection":[{"href":"https:\/\/www.bghaber.org\/bghaber\/wp-json\/wp\/v2\/posts"}],"about":[{"href":"https:\/\/www.bghaber.org\/bghaber\/wp-json\/wp\/v2\/types\/post"}],"author":[{"embeddable":true,"href":"https:\/\/www.bghaber.org\/bghaber\/wp-json\/wp\/v2\/users\/13"}],"replies":[{"embeddable":true,"href":"https:\/\/www.bghaber.org\/bghaber\/wp-json\/wp\/v2\/comments?post=18947"}],"version-history":[{"count":0,"href":"https:\/\/www.bghaber.org\/bghaber\/wp-json\/wp\/v2\/posts\/18947\/revisions"}],"wp:attachment":[{"href":"https:\/\/www.bghaber.org\/bghaber\/wp-json\/wp\/v2\/media?parent=18947"}],"wp:term":[{"taxonomy":"category","embeddable":true,"href":"https:\/\/www.bghaber.org\/bghaber\/wp-json\/wp\/v2\/categories?post=18947"},{"taxonomy":"post_tag","embeddable":true,"href":"https:\/\/www.bghaber.org\/bghaber\/wp-json\/wp\/v2\/tags?post=18947"}],"curies":[{"name":"wp","href":"https:\/\/api.w.org\/{rel}","templated":true}]}}