{"id":18931,"date":"2016-05-13T19:53:58","date_gmt":"2016-05-13T16:53:58","guid":{"rendered":"http:\/\/www.bghaber.org\/bghaber\/?p=18931"},"modified":"2016-05-13T20:01:30","modified_gmt":"2016-05-13T17:01:30","slug":"secim-kapisi-aralaniyor-2","status":"publish","type":"post","link":"https:\/\/www.bghaber.org\/bghaber\/secim-kapisi-aralaniyor-2\/","title":{"rendered":"Se\u00e7im Kap\u0131s\u0131 Aralan\u0131yor"},"content":{"rendered":"<p><strong><img data-recalc-dims=\"1\" loading=\"lazy\" decoding=\"async\" class=\"\" src=\"https:\/\/i0.wp.com\/www.bghaber.org\/bghaber\/wp-content\/uploads\/2015\/05\/Mustafa-Kahraman1.jpg?resize=88%2C119\" alt=\"Mustafa Kahraman1\" width=\"88\" height=\"119\" \/>\u00a0Dr. Mustafa\u00a0KAHRAMAN<\/strong><\/p>\n<p>Konu: <strong>K\u0131smen de olsa r\u00fczgar de\u011fi\u015fiyor.<\/strong><strong>\u00a0 \u00a0 \u00a0 \u00a0 \u00a0 \u00a0 \u00a0 \u00a0 \u00a0 \u00a0\u00a0<\/strong><\/p>\n<p>Bulgar siyaset \u00e7evrelerini kilitleyen ana konu \u015fudur:<\/p>\n<p>&#8221; <strong>Do\u011fan sarayda viski \u00e7ekerken, DOST partisinin kayd\u0131 engelleyip geciktirirken, bu karar\u0131n \u00e7\u0131kmas\u0131n\u0131 Ekimde yap\u0131lacak se\u00e7imlere kadar erteletip yeni umudun se\u00e7ime kat\u0131lma yolunu kese bilir mi?&#8221;<\/strong><\/p>\n<p>2 levaya 2 g\u00fcnde \u015firket kuran Bulgar mahkemesi, DOST partisinin evraklar\u0131n\u0131 g\u00f6r\u00fcnce, 10 Bulgaristan T\u00fcrk, Pomak, Roman ve Bulgar&#8217;\u0131n yeni bir siyas\u0131 parti istedi\u011fini g\u00f6r\u00fcnce irkildi ve kap\u0131lar kapand\u0131.<\/p><div id=\"bghab-1975897027\" class=\"bghab-icerik-icine bghab-entity-placement\"><script async src=\"\/\/pagead2.googlesyndication.com\/pagead\/js\/adsbygoogle.js?client=ca-pub-6203283170189293\" crossorigin=\"anonymous\"><\/script><ins class=\"adsbygoogle\" style=\"display:block; text-align:center;\" data-ad-client=\"ca-pub-6203283170189293\" \ndata-ad-slot=\"7303146466\" \ndata-ad-layout=\"in-article\"\ndata-ad-format=\"fluid\" data-full-width-responsive=\"true\"><\/ins>\n<script> \n(adsbygoogle = window.adsbygoogle || []).push({}); \n<\/script>\n<\/div>\n<p><strong>Soru<\/strong>: Bulgaristan&#8217;da neden kimse yenilik, yenile\u015fme, i\u015flerin d\u00fczelmesini istemiyor?<\/p>\n<p>Bu sorunun cevab\u0131nda herkes kendini g\u00f6r\u00fcyor. Avrupa Konseyi&#8217;nin &#8220;<strong>fa\u015fist<\/strong>&#8221; parti olarak niteledi\u011fi ve 28 \u00fclkeye yaz\u0131l\u0131 ve s\u00f6zl\u00fc olarak duyurdu\u011fu \u00a0&#8220;<strong>Ataka<\/strong>&#8220;, Makedon \u0130\u00e7 Devrim Te\u015fkilat\u0131 (<strong>VMRO<\/strong>) ve &#8220;Yurtsever Cephe&#8221; (<strong>PF<\/strong>) &#8220;yenilenme&#8221; dendi\u011finde hemen 1942 y\u0131l\u0131n\u0131 hayal ediyorlar.<\/p>\n<p>O y\u0131l III. Boris&#8217;in fa\u015fist monar\u015fi y\u00f6netimi &#8220;<strong>Ulusu Koruma Kanunu<\/strong>&#8221; adl\u0131 fa\u015fist bir yasa \u00e7\u0131karm\u0131\u015ft\u0131. Zorbac\u0131 y\u00f6netimin polis ve jandarmas\u0131 k\u00f6yde \u015fehirde, da\u011fda bay\u0131rda kas\u0131p kavuruyor, halka kan kusturuyordu. Bir yandan 1923&#8217;te ba\u015flayan &#8220;<strong>g\u00f6\u00e7 yoluyla<\/strong>&#8221; T\u00fcrklerden ar\u0131n da gece g\u00fcnd\u00fcz devam ederken, Makedonya ve i\u015fgal edilen Makedonya ve Bat\u0131 Trakya&#8217;dan toplanan Yahudiler hayvan vagonlar\u0131na doldurulup Polonya ve di\u011fer Orta Avrupa \u00fclkelerindeki bacalar\u0131 durmadan t\u00fcten &#8220;<strong>gaz kamaral\u0131<\/strong>&#8221; toplama kamplar\u0131na s\u00fcr\u00fcl\u00fcyor, Bulgaristan&#8217;dan toplananlar ise ya <strong>&#8220;\u00e7ak\u0131l k\u0131rmaya&#8221;<\/strong> ya da Polovdiv (Filibe) merkezindeki &#8220;<strong>Mezar Kap\u0131s\u0131<\/strong>&#8221; adl\u0131 kampa t\u0131k\u0131l\u0131yordu.<\/p>\n<p><strong>1942-43 Bulgar fa\u015fizminin bayram etti\u011fi y\u0131llard\u0131. <\/strong><\/p>\n<p>\u00d6ld\u00fcr\u00fclen ve s\u00fcr\u00fclen vatanda\u015flar\u0131n say\u0131s\u0131 hep gizli kald\u0131.\u00a0 \u00c7ingene n\u00fcfusa da g\u00f6z diken Naziler bizde de b\u00fcy\u00fck s\u0131k\u0131nt\u0131 ya\u015fatt\u0131.<\/p><div id=\"bghab-2370705883\" class=\"bghab-icerik-icine-10-paragraf bghab-entity-placement\"><script async src=\"\/\/pagead2.googlesyndication.com\/pagead\/js\/adsbygoogle.js?client=ca-pub-6203283170189293\" crossorigin=\"anonymous\"><\/script><ins class=\"adsbygoogle\" style=\"display:block; text-align:center;\" data-ad-client=\"ca-pub-6203283170189293\" \ndata-ad-slot=\"7303146466\" \ndata-ad-layout=\"in-article\"\ndata-ad-format=\"fluid\" data-full-width-responsive=\"true\"><\/ins>\n<script> \n(adsbygoogle = window.adsbygoogle || []).push({}); \n<\/script>\n<\/div>\n<p>1944&#8217;ten sonra kabul edilen 2. Bulgar Anayasas\u0131nda fa\u015fist \u00f6rg\u00fct kurma, fa\u015fist propaganda yapma, fa\u015fizmi ya\u015fatma \u00f6zel maddelerde yasakland\u0131. Bu ruh 1992&#8217;de kabul edilen 3. Anayasa&#8217;da da korunsa da, bug\u00fcn art\u0131k\u00a0 \u00fclkemizde fa\u015fizmin e\u015fek dikenlerinin boy att\u0131\u011f\u0131n\u0131 ve 2 siyasi parti \u015feklinde meclise girebildiklerini ve hatta <strong>Boyko Borisov<\/strong> h\u00fckumetine &#8220;<strong>ak\u0131l hocal\u0131\u011f\u0131<\/strong>&#8221; yapt\u0131klar\u0131n\u0131 g\u00f6rebiliyoruz. hele 2015&#8217;ten sonra olaylar \u00f6yle geli\u015fti\u011fi ki, fa\u015fizan siyasi parti <strong>&#8220;Yurtsever cephe&#8221;<\/strong> (<strong>PF<\/strong>) Makedon \u0130\u00e7 Devrim Te\u015fkilat\u0131 (<strong>VMRO<\/strong>) \u00f6rg\u00fct\u00fcn\u00fc de b\u00fcnyesine alarak\u00a0 h\u00fckumete &#8220;<strong>koltuk de\u011fne\u011fi<\/strong>&#8221; oldu.<\/p>\n<p>\u0130\u015fin en k\u00f6t\u00fcs\u00fc de T\u00fcrk ve \u0130slam d\u00fc\u015fman\u0131 &#8220;<strong>Skat<\/strong>&#8221; TV sahibi de olan Valeri Simyonov y\u00f6netimindeki bu parti mecliste yasama inisyatifini ele ge\u00e7irerek, &#8220;<strong>Se\u00e7im Yasas\u0131 De\u011fi\u015fikli\u011fi<\/strong>&#8221; \u00f6nerecek kadar ileri gitti. Bu yasada, Avrupa Birli\u011fi \u00fcyesi olmayan Birle\u015fik Amerika, Kanada, T\u00fcrkiye ve ba\u015fka \u00fclkelerde \u00e7al\u0131\u015fan, okuyan, hatta i\u015f kurmu\u015f oralarda yerle\u015fmi\u015f, aile kurmu\u015f Bulgaristan vatanda\u015flar\u0131n\u0131n se\u00e7me ve se\u00e7ilme hakk\u0131, daha a\u00e7\u0131k s\u00f6ylendi\u011finde, en do\u011fan vatanda\u015fl\u0131k ve insan hakk\u0131 ellerinden al\u0131nmak isteniyor. T\u00fcrkiye&#8217;de oy kullanma hakk\u0131 olan 710 bin Bulgaristan ve Avrupa Birli\u011fi pasaportlu soyda\u015f ikamet ederken, bunlar\u0131n say\u0131s\u0131 Birle\u015fik Amerika&#8217;da 155 bin, Kanada&#8217;da ise 210 bindir ve onlar\u0131n b\u00fcy\u00fck b\u00f6l\u00fcm\u00fc de T\u00fcrk M\u00fcsl\u00fcman&#8217;d\u0131r.<\/p>\n<p>Bu yasaya g\u00f6re, art arda\u00a0 2 defa genel meclis se\u00e7imine ve Cumhurba\u015fkan\u0131 se\u00e7imine kat\u0131lamayan soyda\u015flar\u0131m\u0131z se\u00e7im listelerinden silinecek ve vatanda\u015fl\u0131ktan \u00e7\u0131kar\u0131lmalar\u0131 i\u015flemi ba\u015flat\u0131lacakt\u0131r. \u00dcst\u00fcne \u00fcstelik, bu yeni yasa de\u011fi\u015fikli\u011finde, AB \u00fcyesi olmayan\u00a0\u00a0 d\u0131\u015f \u00fclkelerdeki (T\u00fcrkiye&#8217;deki) se\u00e7ime kat\u0131lma \u00f6zg\u00fcrl\u00fc\u011f\u00fc de \u015fu \u015fekilde baltalanmak isteniyor.<\/p>\n<p>B\u00fcy\u00fck El\u00e7ilik ve Konsolosluklar d\u0131\u015f\u0131ndaki se\u00e7im b\u00fcrolar\u0131 kald\u0131r\u0131lacak, oy kullanmak isteyen soyda\u015f \u0130stanbul, Ankara, Edirne ve Bursa konsolosluklar\u0131na y\u0131\u011f\u0131lacak ve oyunu kim kullanabilirse kullanacak, kullanamayanlarsa acaba k\u0131rm\u0131z\u0131 pasaportumu ve Bulgar kimli\u011fimi ne zaman elimden alacaklar diye kara kara d\u00fc\u015f\u00fcnmeye ba\u015flamak zorunda kalacaklar. Baz\u0131lar\u0131m\u0131z\u0131n oradan ald\u0131\u011f\u0131m\u0131z emekli maa\u015flar\u0131 kesilecek, i\u00e7inde ya\u015famasak da 26 y\u0131ldan beri vergisini \u00f6dedi\u011fimiz oradaki ev ve ta\u015f\u0131nmazlar\u0131m\u0131z da giderek gasp edilecektir.<\/p>\n<p>&#8220;<strong>Fa\u015fist<\/strong>&#8221; kafalar\u0131n bu istekleri Bulgar meclisimden ge\u00e7se de, bu defa Cumhurba\u015fkan\u0131 Rosen Plevneliev\u00a0 olaya \u00e7ok ciddi bakt\u0131 ve &#8220;<strong>Se\u00e7im Yasas\u0131 De\u011fi\u015fikleri<\/strong>&#8220;ne veto koydu, yani &#8220;<strong>bu i\u015f b\u00f6yle olmaz bir daha bak\u0131n<\/strong>&#8221; kayd\u0131yla meclise geri \u00e7evirdi.<\/p><div id=\"bghab-177850666\" class=\"bghab-icerik-icine-15-paragraf bghab-entity-placement\"><script async src=\"\/\/pagead2.googlesyndication.com\/pagead\/js\/adsbygoogle.js?client=ca-pub-6203283170189293\" crossorigin=\"anonymous\"><\/script><ins class=\"adsbygoogle\" style=\"display:block; text-align:center;\" data-ad-client=\"ca-pub-6203283170189293\" \ndata-ad-slot=\"7303146466\" \ndata-ad-layout=\"in-article\"\ndata-ad-format=\"fluid\" data-full-width-responsive=\"true\"><\/ins>\n<script> \n(adsbygoogle = window.adsbygoogle || []).push({}); \n<\/script>\n<\/div>\n<p>Bu geli\u015fmeler, \u00f6nce Ba\u015fbakan Boyko Borisov&#8217;un uykusunu ka\u00e7\u0131rd\u0131. \u00c7\u00fcnk\u00fc bu yasa de\u011fi\u015fikli\u011fi GERP partisinin de oylar\u0131yla kabul edilmi\u015fti. Eski Cumhurba\u015fkan\u0131 Georgi Parvanov, y\u00f6netti\u011fi &#8220;<strong>ABV<\/strong>&#8221; partisini h\u00fck\u00fcmet temsil eden Emek ve Sosyal \u0130\u015fleri Bakan\u0131 Kalfin&#8217;i\u00a0 kabineden \u00e7ekti bakanlar kuruluna meclis deste\u011fini de kald\u0131rd\u0131.<\/p>\n<p>Bu yasa tamamen T\u00fcrk d\u00fc\u015fman\u0131 bir nitelik ta\u015f\u0131d\u0131\u011f\u0131ndan dolay\u0131, 5 partili bir ortakl\u0131k olan ve h\u00fck\u00fcmeti destekleyen Reformcu Blok&#8217;un\u00a0 (RB) \u00fcyesi Korman \u0130smailov ve Kas\u0131m Dal&#8217;\u0131n &#8220;<strong>Demokratik \u00d6zg\u00fcrl\u00fck ve \u015eeref Partisi<\/strong>&#8220;nin de muhalefete kat\u0131lmas\u0131 bekleniyor. Ayn\u0131 blok i\u00e7inde en g\u00fc\u00e7l\u00fc durumdaki G\u00fc\u00e7l\u00fc Bulgaristan Hareketi (DSB) Ba\u015fkan\u0131 Radan K\u0131nev art\u0131k kabineye destek vermiyor. Erken se\u00e7im karar\u0131 al\u0131nmas\u0131 beklenen \u015fu g\u00fcnlerde Reformcu Blok&#8217;un karar\u0131 sonu\u00e7 belirleyici \u00f6nem ta\u015f\u0131yor.<\/p>\n<p>Erken genel se\u00e7imlerin muhtemelen Ekim 2016&#8217;da yap\u0131lacak Cumhurba\u015fkanl\u0131\u011f\u0131 se\u00e7imiyle birlikte, ayn\u0131 g\u00fcn yap\u0131lmas\u0131n\u0131 \u00f6ng\u00f6renler\u00a0 anket sonu\u00e7lar\u0131nda, DOST partisi tescil karar\u0131n\u0131n hen\u00fcz \u00e7\u0131kmam\u0131\u015f olmas\u0131 sonu\u00e7larda kesin olmayan bir ikircimlilik durum do\u011furuyor. Durum \u015f\u00f6yle a\u00e7\u0131klanabilir. 26 Y\u0131ldan beri Bulgaristan&#8217;da Cumhurba\u015fkan\u0131 se\u00e7imleri ikinci turunda sonu\u00e7 belirleyen g\u00fc\u00e7 hep T\u00fcrkler oldu. H\u00d6H&#8217;\u00fcn \u00f6nerilerine kulak vererek, demokratik cepheden J.Jelev&#8217;i, Demokratik G\u00fc\u00e7ler&#8217;den Petar Stoyanov&#8217;u, sol-Rus\u00e7u cepheden Georgi P\u0131rvanov&#8217;u ve ard\u0131ndan Avrupa Atlantik ruhlu demokrat, NATO \u00fcyeli\u011fini savunan Rosen Plevneliev&#8217;i Cumhurba\u015fkanl\u0131 koltu\u011funa oturttular.\u00a0 Sa\u011fdan sola yani u\u00e7tan u\u00e7a de\u011fi\u015fen bu yelpazeyi\u00a0 belirleyen bir Bulgar polisi ve Moskof ajan\u0131 olan Ahmet Do\u011fan&#8217;d\u0131. Bulgaristanl\u0131 T\u00fcrklerin siyasi olarak s\u0131f\u0131rland\u0131\u011f\u0131n\u0131 g\u00f6steren ve bas\u0131nda kendilerine &#8220;<strong>siyasi k\u00f6leler<\/strong>&#8221; denmesine neden olan bu ger\u00e7ekli\u011fin asl\u0131nda kitlemiz taraf\u0131ndan kabul edilmedi\u011fi hemen ortaya \u00e7\u0131kt\u0131.<\/p>\n<p>4 y\u0131l \u00f6nce Cumhurba\u015fkan\u0131 se\u00e7imlerine kendi aday\u0131n\u0131 g\u00f6steren \u0130stanbul merkezli BULT\u00dcRK -Bulgaristan T\u00fcrkleri K\u00fclt\u00fcr ve Hizmet Derne\u011fi ilk hamlede 50 bin oy ald\u0131. Bu giri\u015fimi y\u00f6neten BULT\u00dcRK Genel Ba\u015fkan\u0131 Rafet Ulut\u00fcrk Ekim 2016&#8217;da yap\u0131lacak Cumhurba\u015fkanl\u0131\u011f\u0131 se\u00e7imlerinde bir T\u00fcrk Cumhurba\u015fkan\u0131 ve bir Pomak Cumhurba\u015fkan\u0131 Aday\u0131 ile yar\u0131\u015fa kat\u0131lmaya haz\u0131rlan\u0131yor.<\/p>\n<p>Bulgaristan siyasetinde \u00f6nemli bir fakt\u00f6r oldu\u011fu asla reddedilemeyen 1.5 milyonluk (bir bu\u00e7uk milyonluk&#8221;) T\u00fcrk n\u00fcfus ve T\u00fcrkiye&#8217;de ya\u015fayan 710 bin Bulgaristanl\u0131 se\u00e7menin bu se\u00e7imde kendi adaylar\u0131yla yar\u0131\u015fma kararl\u0131l\u0131\u011f\u0131 b\u00fcy\u00fck bir heyecan ve beklenti uyand\u0131r\u0131yor. Kiminle konu\u015fsak, kiminle g\u00f6r\u00fc\u015fsek se\u00e7imlere kat\u0131lma azminin her zamankinden daha b\u00fcy\u00fck oldu\u011fu ve hi\u00e7 bir soyda\u015f\u0131m\u0131z\u0131n H\u00d6H partisinden gelen emirlere uymama kararl\u0131l\u0131\u011f\u0131 dikkati \u00e7ekiyor. Kirkovo (k\u0131z\u0131la\u011fa\u00e7) belediyesi Podkova (Balabanlar) &#8220;Yedi K\u0131zlar&#8221; camiindeki mevlitten sonra, b\u00f6lge temsilcileriyle DOST y\u00f6netimi aras\u0131nda yap\u0131lan toplant\u0131da, DOST y\u00f6neticilerinin parti toplant\u0131lar\u0131nda T\u00fcrk dilinde konu\u015fulmas\u0131 gelene\u011fimize d\u00f6nmesi ve hele de Ba\u015fkan Yard\u0131mc\u0131s\u0131 Mehmet Hocov&#8217;un &#8220;<strong>H\u00d6H partisinin zaman\u0131 doldu!<\/strong>&#8221; demesi alk\u0131\u015fla ve co\u015fkuyla kar\u015f\u0131land\u0131. Yeni geli\u015fmeleri Genel Ba\u015fkan L\u00fctfi Mesyan&#8217;\u0131n <strong>bTV<\/strong> Bulgar televizyonunda sunucu Hekimiyan ile yapt\u0131\u011f\u0131 s\u00f6yle\u015fi tamamlad\u0131.<\/p><div id=\"bghab-3461883996\" class=\"bghab-icerik-icine-20-paragraf bghab-entity-placement\"><script async src=\"\/\/pagead2.googlesyndication.com\/pagead\/js\/adsbygoogle.js?client=ca-pub-6203283170189293\" crossorigin=\"anonymous\"><\/script><ins class=\"adsbygoogle\" style=\"display:block; text-align:center;\" data-ad-client=\"ca-pub-6203283170189293\" \ndata-ad-slot=\"7303146466\" \ndata-ad-layout=\"in-article\"\ndata-ad-format=\"fluid\" data-full-width-responsive=\"true\"><\/ins>\n<script> \n(adsbygoogle = window.adsbygoogle || []).push({}); \n<\/script>\n<\/div>\n<p>Bu sunumunda L. Mestan DOST partisinin H\u00d6H partisinden tamamen koptu\u011funu ve &#8220;<strong>Bulgar fa\u015fistlerine<\/strong>&#8221; kar\u015f\u0131 sert ve kesin bir tutum i\u00e7inde oldu\u011funu ulusa duyurdu. Bu iki olaydan sonra, DOST partisinin halktan yana do\u011fru \u00e7izgi tutaca\u011f\u0131na ve T\u00fcrk ve M\u00fcsl\u00fcman kimli\u011fimize ve manevi alanda s\u0131f\u0131rlanan haklar\u0131m\u0131za kesin d\u00f6nme ve bu u\u011furda direnme \u00e7izgisini kararl\u0131l\u0131kla s\u00fcrd\u00fcrenlere \u00f6nc\u00fcl\u00fck etmeye haz\u0131r oldu\u011funu halka duyurmu\u015f oldu.<\/p>\n<p>Yeni \u00e7izginin \u00e7ok geni\u015f bir propaganda etkinli\u011fi ile halka indirilmesi gerekiyor. Bulgar kamuoyuna y\u00f6nelik de \u00f6zel \u00e7al\u0131\u015fmalara ba\u015flanmas\u0131 zaman\u0131 gelmi\u015ftir. \u00c7eyrek as\u0131r uyuklamaktan sonra kendimize d\u00f6nerek ger\u00e7ekliklerimizi\u00a0 en iyi bir \u015fekilde ve en anla\u015f\u0131l\u0131r ve yumu\u015fak bir dille ortaya d\u00f6kmeliyiz. Bulgarlar anadilimizde ve \u0130slam&#8217;da zehir olmad\u0131\u011f\u0131na inanmal\u0131d\u0131r.<\/p>\n<p>Dile\u011fimiz,\u00a0 1989 May\u0131s\u0131nda kurabildi\u011fimiz birlik ve beraberli\u011fimize yeniden d\u00f6nebilmektir. O zaman da radyomuz, gazetemiz yoktu ama b\u00fct\u00fcn radyolar bizi konu\u015fuyor bas\u0131n bizi yaz\u0131yordu. Uluslararas\u0131 konferanslarda g\u00fcndem olmay\u0131 ba\u015farm\u0131\u015ft\u0131k. De\u011fi\u015fen hi\u00e7 bir \u015fey olmad\u0131.<\/p>\n<p>De\u011fi\u015ftiyse yaln\u0131z yalanc\u0131lar\u0131n ba\u015f\u0131 A. Do\u011fan de\u011fi\u015fti. Halk\u0131n \u00f6nderiyim diye b\u00f6b\u00fcrlenirken, art\u0131k yaln\u0131z 3 ki\u015fiyle g\u00f6r\u00fc\u015febildi\u011fi bas\u0131na d\u00fc\u015ft\u00fc. Kimsenin derdini dinlemez, hi\u00e7bir \u015feye derman olamaz duruma d\u00fc\u015fm\u00fc\u015f.<\/p>\n<p>Ruhsal hastal\u0131klar uzmanlar\u0131, Sofya &#8220;<strong>4. kilometre<\/strong>&#8221; deliler merkezinden &#8220;<strong>Boyana Saray\u0131na<\/strong>&#8221; yol yapmaya ba\u015flam\u0131\u015flar. En b\u00fcy\u00fck profes\u00f6r\u00fcn payla\u015ft\u0131\u011f\u0131na g\u00f6re &#8220;<strong>bir hastal\u0131\u011f\u0131n nedeni tespit edilmeden te\u00e7hiz koyulamad\u0131\u011f\u0131 gibi ila\u00e7 da yaz\u0131lam\u0131yormu\u015f.&#8221;<\/strong> Ahmet Do\u011fan&#8217;\u0131n delili\u011finin viskiden mi yoksa ihanetten mi geldi\u011fi konusunda doktor heyeti hen\u00fcz son s\u00f6z\u00fcn\u00fc s\u00f6ylememi\u015f. Bu arada ba\u015fka bir yalan daha ortaya \u00e7\u0131kt\u0131. Bizim T\u00fcrkler Ahmet Do\u011fan&#8217;\u0131 art\u0131k defterden ve haf\u0131zalar\u0131ndan tamamen silmi\u015fler, ondan bir \u015fey bekleyen yok. H\u00d6H kap\u0131s\u0131 kapanm\u0131\u015f&#8230;<\/p><div id=\"bghab-3475302540\" class=\"bghab-icerik-icine-25-paragraf bghab-entity-placement\"><script async src=\"\/\/pagead2.googlesyndication.com\/pagead\/js\/adsbygoogle.js?client=ca-pub-6203283170189293\" crossorigin=\"anonymous\"><\/script><ins class=\"adsbygoogle\" style=\"display:block; text-align:center;\" data-ad-client=\"ca-pub-6203283170189293\" \ndata-ad-slot=\"7303146466\" \ndata-ad-layout=\"in-article\"\ndata-ad-format=\"fluid\" data-full-width-responsive=\"true\"><\/ins>\n<script> \n(adsbygoogle = window.adsbygoogle || []).push({}); \n<\/script>\n<\/div>\n<p>Bulgaristan T\u00fcrkleri, T\u00fcrkiye, Avrupa Birli\u011fi, Birle\u015fik Amerika ve Kanada&#8217;daki soyda\u015flar\u0131m\u0131z, karde\u015flerimiz yak\u0131n ve akrabalar\u0131m\u0131zdan istedi\u011fimiz bir \u015fey var. \u015eimdiye kadar neyse ne, sizden bir \u015fey istemi\u015f olsak da, fazla \u0131srar etmedik, \u00fcstelemedik, tepeniz binmedik. Ama g\u00f6rd\u00fc\u011f\u00fcn\u00fcz gibi, vatan\u0131m\u0131zda olaylar fa\u015fist renkler almaya ba\u015flad\u0131. Bu \u00e7\u00f6p\u00fcn, yani fa\u015fizm dikenlerinin ve pi\u015fman ruhlular\u0131n\u0131 \u00e7\u00f6p tenekesine yeniden atmam\u0131z gerekecek. Bu i\u015f dayakla, k\u00fcf\u00fcr etmekle, meclis k\u00fcrs\u00fcs\u00fcnde ter ve kin \u00a0d\u00f6kmekle vb olacak bir i\u015f de\u011fil.<\/p>\n<p>Fa\u015fizm ayr\u0131k otu gibidir. Yoksulla\u015fan her toplumda umut gibi belirip emek\u00e7i halk\u0131 ezer, dil ve din az\u0131nl\u0131klara kan kusturur. D\u00fcnya fa\u015fizmi yeneli 71 y\u0131l oldu, ama anla\u015f\u0131lan Almanya&#8217;da &#8220;Pegida&#8221; hareketinde, Avusturya&#8217;da ve \u00a0bizde &#8220;Ataka&#8221;, VMRO ve &#8220;PF&#8221; gibi siyasi \u00e7\u00f6pl\u00fck k\u0131r\u0131nt\u0131lar\u0131nda filizlenme ortam\u0131 buldu. Meclise girdi, h\u00fck\u00fcmete &#8220;koltuk de\u011fne\u011fi&#8221; oldu ve yasa de\u011fi\u015fikli\u011fi dayatmaya ba\u015flad\u0131.<\/p>\n<p>Hedefinde olan biz T\u00fcrkleriz, dilimiz, dinimiz ve vatan\u0131m\u0131zda var olmam\u0131zd\u0131r. Bu yol kesilmelidir. Bu sava\u015f\u0131mda DOST partisinin m\u00fccadele bayra\u011f\u0131 y\u00fckseltmesi \u00f6rg\u00fctleyici ve y\u00fcreklendiricidir. Yolumuz do\u011fru yoldur.<\/p>\n<p>STK&#8217;lar bu yolda birle\u015fmek zorundad\u0131rlar.<\/p>\n<p>Par\u00e7alanma, da\u011f\u0131lma, didi\u015fme ve k\u00fcsk\u00fcnl\u00fcklere son vermek zorunday\u0131z. Beklenen g\u00fcn gelmi\u015ftir. G\u00fcn bu g\u00fcnd\u00fcr.<\/p><div id=\"bghab-2561087553\" class=\"bghab-icerik-icine-30-paragraf bghab-entity-placement\"><script async src=\"\/\/pagead2.googlesyndication.com\/pagead\/js\/adsbygoogle.js?client=ca-pub-6203283170189293\" crossorigin=\"anonymous\"><\/script><ins class=\"adsbygoogle\" style=\"display:block; text-align:center;\" data-ad-client=\"ca-pub-6203283170189293\" \ndata-ad-slot=\"7303146466\" \ndata-ad-layout=\"in-article\"\ndata-ad-format=\"fluid\" data-full-width-responsive=\"true\"><\/ins>\n<script> \n(adsbygoogle = window.adsbygoogle || []).push({}); \n<\/script>\n<\/div>\n<div id=\"bghab-3407692595\" class=\"bghab-yazi-altinda bghab-entity-placement\"><div class=\"bghab-adlabel\">Reklamlar<\/div><script async src=\"https:\/\/pagead2.googlesyndication.com\/pagead\/js\/adsbygoogle.js\"><\/script>\r\n<!-- bghaber-yaz\u0131-sonu -->\r\n<ins class=\"adsbygoogle\"\r\n     style=\"display:block\"\r\n     data-ad-client=\"ca-pub-6203283170189293\"\r\n     data-ad-slot=\"4222328180\"\r\n     data-ad-format=\"auto\"\r\n     data-full-width-responsive=\"true\"><\/ins>\r\n<script>\r\n     (adsbygoogle = window.adsbygoogle || []).push({});\r\n<\/script><\/div><br style=\"clear: both; display: block; float: none;\"\/>","protected":false},"excerpt":{"rendered":"<p>\u00a0Dr. Mustafa\u00a0KAHRAMAN Konu: K\u0131smen de olsa r\u00fczgar de\u011fi\u015fiyor.\u00a0 \u00a0 \u00a0 \u00a0 \u00a0 \u00a0 \u00a0 \u00a0 \u00a0 \u00a0\u00a0 Bulgar siyaset \u00e7evrelerini kilitleyen ana konu \u015fudur: &#8221;<\/p>\n","protected":false},"author":13,"featured_media":14854,"comment_status":"closed","ping_status":"closed","sticky":false,"template":"","format":"standard","meta":{"advanced_seo_description":"","jetpack_seo_html_title":"","jetpack_seo_noindex":false,"_jetpack_memberships_contains_paid_content":false,"footnotes":""},"categories":[6],"tags":[],"class_list":["post-18931","post","type-post","status-publish","format-standard","has-post-thumbnail","hentry","category-yorum"],"jetpack_featured_media_url":"https:\/\/i0.wp.com\/www.bghaber.org\/bghaber\/wp-content\/uploads\/2015\/05\/Mustafa-Kahraman1.jpg?fit=602%2C810&ssl=1","jetpack_sharing_enabled":true,"jetpack_likes_enabled":true,"jetpack-related-posts":[],"jetpack_shortlink":"https:\/\/wp.me\/pc2PfJ-4Vl","_links":{"self":[{"href":"https:\/\/www.bghaber.org\/bghaber\/wp-json\/wp\/v2\/posts\/18931","targetHints":{"allow":["GET"]}}],"collection":[{"href":"https:\/\/www.bghaber.org\/bghaber\/wp-json\/wp\/v2\/posts"}],"about":[{"href":"https:\/\/www.bghaber.org\/bghaber\/wp-json\/wp\/v2\/types\/post"}],"author":[{"embeddable":true,"href":"https:\/\/www.bghaber.org\/bghaber\/wp-json\/wp\/v2\/users\/13"}],"replies":[{"embeddable":true,"href":"https:\/\/www.bghaber.org\/bghaber\/wp-json\/wp\/v2\/comments?post=18931"}],"version-history":[{"count":0,"href":"https:\/\/www.bghaber.org\/bghaber\/wp-json\/wp\/v2\/posts\/18931\/revisions"}],"wp:featuredmedia":[{"embeddable":true,"href":"https:\/\/www.bghaber.org\/bghaber\/wp-json\/wp\/v2\/media\/14854"}],"wp:attachment":[{"href":"https:\/\/www.bghaber.org\/bghaber\/wp-json\/wp\/v2\/media?parent=18931"}],"wp:term":[{"taxonomy":"category","embeddable":true,"href":"https:\/\/www.bghaber.org\/bghaber\/wp-json\/wp\/v2\/categories?post=18931"},{"taxonomy":"post_tag","embeddable":true,"href":"https:\/\/www.bghaber.org\/bghaber\/wp-json\/wp\/v2\/tags?post=18931"}],"curies":[{"name":"wp","href":"https:\/\/api.w.org\/{rel}","templated":true}]}}