{"id":18913,"date":"2016-05-12T23:36:20","date_gmt":"2016-05-12T20:36:20","guid":{"rendered":"http:\/\/www.bghaber.org\/bghaber\/?p=18913"},"modified":"2019-06-19T20:44:23","modified_gmt":"2019-06-19T17:44:23","slug":"bulgaristanin-dunu-bugunu-ve-yarini","status":"publish","type":"post","link":"https:\/\/www.bghaber.org\/bghaber\/bulgaristanin-dunu-bugunu-ve-yarini\/","title":{"rendered":"Bulgaristan&#8217;\u0131n D\u00fcn\u00fc, Bug\u00fcn\u00fc ve Yar\u0131n\u0131"},"content":{"rendered":"<p style=\"text-align: left;\">Konferansta konu\u015fma metni;<\/p>\n<p style=\"text-align: left;\"><img data-recalc-dims=\"1\" height=\"360\" width=\"640\" decoding=\"async\" src=\"https:\/\/i0.wp.com\/www.bghaber.org\/bghaber\/wp-content\/uploads\/2016\/05\/ural-konfrns-768x432.jpg?resize=640%2C360\" alt=\"ural konfrns\" \/><\/p>\n<p><strong>Rafet ULUT\u00dcRK<\/strong><\/p>\n<p><strong>Vazifemiz, d\u00fcn\u00fc ve bug\u00fcn\u00fc \u00e7\u00f6zerek, Bulgaristan&#8217;\u0131n gelece\u011fini belirlemektir.<\/strong><\/p>\n<p><strong>Ge\u00e7mi\u015f bir aynad\u0131r<\/strong>.<\/p>\n<p><em>G\u00f6sterdi\u011fi ger\u00e7ekse, ka\u00e7\u0131n\u0131lmaz olan\u0131n yakla\u015f\u0131m\u0131d\u0131r.<\/em><\/p><div id=\"bghab-2853350440\" class=\"bghab-icerik-icine bghab-entity-placement\"><script async src=\"\/\/pagead2.googlesyndication.com\/pagead\/js\/adsbygoogle.js?client=ca-pub-6203283170189293\" crossorigin=\"anonymous\"><\/script><ins class=\"adsbygoogle\" style=\"display:block; text-align:center;\" data-ad-client=\"ca-pub-6203283170189293\" \ndata-ad-slot=\"7303146466\" \ndata-ad-layout=\"in-article\"\ndata-ad-format=\"fluid\" data-full-width-responsive=\"true\"><\/ins>\n<script> \n(adsbygoogle = window.adsbygoogle || []).push({}); \n<\/script>\n<\/div>\n<p><em>G\u00f6ky\u00fcz\u00fcndeki bulutlar yakla\u015fan f\u0131rt\u0131nan\u0131n habercisidir.<\/em><\/p>\n<p><em>Yeni yeni ye\u015fermeye ba\u015flayan a\u011fa\u00e7lar\u0131n kokusu bahar\u0131 m\u00fcjdeler.<\/em><\/p>\n<p><em>Orada kalan memleketimin en iyi kokusu ise, ya\u011fmur kokusudur.<\/em><\/p>\n<p><em>Ya\u011fmur olmadan yolda olan hayat bulamaz.<\/em><\/p>\n<p><img data-recalc-dims=\"1\" decoding=\"async\" src=\"https:\/\/i0.wp.com\/www.bghaber.org\/bghaber\/wp-content\/uploads\/2016\/05\/13076921_1336814209667860_6133007044760494238_n.jpg?w=640\" alt=\"13076921_1336814209667860_6133007044760494238_n\" \/><\/p>\n<p>\u00d6ncelikle Bulgaristan&#8217;\u0131n D\u00dcN\u00dc, BUG\u00dcN\u00dc ve GELECE\u011e\u0130N\u0130 anlatmak \u00fczere bize verilen bu f\u0131rsattan dolay\u0131 ev sahibi Ural E\u011fitim K\u00fclt\u00fcr ve Stratejik Ara\u015ft\u0131rmalar Derne\u011fi Genel Ba\u015fkan\u0131 Sn.B\u00fclent MA\u015eAO\u011eLU karde\u015fime ve ekibine te\u015fekk\u00fcr eder eme\u011fi ge\u00e7en t\u00fcm arkada\u015flara ayr\u0131 ayr\u0131 \u015f\u00fckranlar\u0131m\u0131 sunar\u0131m.<\/p><div id=\"bghab-2342163996\" class=\"bghab-icerik-icine-10-paragraf bghab-entity-placement\"><script async src=\"\/\/pagead2.googlesyndication.com\/pagead\/js\/adsbygoogle.js?client=ca-pub-6203283170189293\" crossorigin=\"anonymous\"><\/script><ins class=\"adsbygoogle\" style=\"display:block; text-align:center;\" data-ad-client=\"ca-pub-6203283170189293\" \ndata-ad-slot=\"7303146466\" \ndata-ad-layout=\"in-article\"\ndata-ad-format=\"fluid\" data-full-width-responsive=\"true\"><\/ins>\n<script> \n(adsbygoogle = window.adsbygoogle || []).push({}); \n<\/script>\n<\/div>\n<p>Ayr\u0131ca bu konferans salonunda olmak benim i\u00e7in farkl\u0131 bir \u015feref oldu\u011fundan, Ferit ONDER ismini ya\u015fatan B\u00fclent MA\u015eAO\u011eLU Ba\u015fkan\u0131m\u0131za \u00f6zellikle te\u015fekk\u00fcr etmek isterim. Bu d\u00fcnyada paran\u0131z olmaktansa Vefal\u0131 arkada\u015f\u0131n\u0131z olmas\u0131 inan\u0131n \u00e7ok daha \u00f6nemlidir. \u00c7\u00fcnk\u00fc para sizden sonra sizleri ya\u015fatamaz, amma vefal\u0131 arkada\u015f\u0131n varsa o seni ya\u015fat\u0131r i\u015fte burada oldu\u011fu gibi FER\u0130T TUNCA \u00d6NDER ismini bu konferans salonu ile ya\u015fatan Vefal\u0131 Genel Ba\u015fkan\u0131n\u0131z\u0131 tan\u0131maktan ve kendisi ile karde\u015f olmaktan gurur duyuyorum. Allah herkese vefal\u0131 arkada\u015flar nasip etsin.<\/p>\n<p>\u0130lk ba\u015fta, Bulgaristan g\u00f6\u00e7meni olarak soyda\u015flar\u0131m\u0131n kar\u015f\u0131la\u015ft\u0131klar\u0131 s\u0131k\u0131nt\u0131 ve sorunlar\u0131 beni de yak\u0131ndan ilgilendirdi\u011finden bu sorunlar\u0131n \u00e7\u00f6z\u00fcm\u00fcne katk\u0131 sa\u011flamak ad\u0131na Bulgaristan T\u00fcrkleri K\u00fclt\u00fcr ve Hizmet Derne\u011fi \u201cBULT\u00dcRK\u201d \u00e7at\u0131s\u0131 alt\u0131nda, hem Genel Ba\u015fkan olarak, hem de BULT\u00dcRK gazetesi Genel Yay\u0131n Y\u00f6netmeni ve Bulgaristan Stratejik Ara\u015ft\u0131rma Merkezi y\u00f6neticisi olarak faaliyetlerimizi s\u00fcrd\u00fcrmekteyiz.<\/p>\n<p><strong>De\u011ferli kat\u0131l\u0131mc\u0131lar; <\/strong>Uzun y\u0131llar boyunca bu faaliyetlerden elde etti\u011fim birikimler \u00e7er\u00e7evesinde Bulgaristan&#8217;\u0131n <strong>D\u00dcN\u00dc, BUG\u00dcN\u00dc VE YARINI<\/strong> konusunu s\u00fcrem el verdi\u011fi \u00f6l\u00e7\u00fcde baz\u0131 vurgularla \u00f6zetlemeye \u00e7al\u0131\u015faca\u011f\u0131m.<\/p>\n<p><strong>Bulgaristan benim memleketimdir.<\/strong><\/p>\n<p>Topra\u011f\u0131n\u0131 s\u00fcrd\u00fc\u011f\u00fcm, ekme\u011fini yedi\u011fim, suyunu i\u00e7ti\u011fim memleketine a\u015f\u0131k biri olarak do\u011fdu\u011fum evi kap\u0131s\u0131 a\u00e7\u0131k, lambas\u0131 yan\u0131k olarak b\u0131rakarak buraya g\u00f6\u00e7 ettik. Atalar\u0131m\u0131n mezarlar\u0131 ve miraslar\u0131, \u00e7ocukluk hat\u0131ralar\u0131m, <strong>\u201cvatan\u201d<\/strong>\u00a0sevgim orada kald\u0131.<\/p><div id=\"bghab-1266083483\" class=\"bghab-icerik-icine-15-paragraf bghab-entity-placement\"><script async src=\"\/\/pagead2.googlesyndication.com\/pagead\/js\/adsbygoogle.js?client=ca-pub-6203283170189293\" crossorigin=\"anonymous\"><\/script><ins class=\"adsbygoogle\" style=\"display:block; text-align:center;\" data-ad-client=\"ca-pub-6203283170189293\" \ndata-ad-slot=\"7303146466\" \ndata-ad-layout=\"in-article\"\ndata-ad-format=\"fluid\" data-full-width-responsive=\"true\"><\/ins>\n<script> \n(adsbygoogle = window.adsbygoogle || []).push({}); \n<\/script>\n<\/div>\n<p>Konum itibariyle d\u00fcnyadaki say\u0131l\u0131 girift co\u011frafyalar\u0131n birinde bulundu\u011fumuzdan \u00e7ok\u00e7a ezildik, s\u00fcrg\u00fcnlere maruz kald\u0131k.<\/p>\n<p>Birinci ve \u0130kinci D\u00fcnya Sava\u015f\u0131 aras\u0131 d\u00f6nemde monar\u015fi zulm\u00fcn\u00fc ya\u015fad\u0131k. Ama bununla da kalmad\u0131k. Gerek \u00c7ar Ferdinand, gerek \u00c7ar III.Boris veya kom\u00fcnist diktat\u00f6r Jivkov d\u00f6nemlerinde T\u00fcrklerin maruz kald\u0131\u011f\u0131 zul\u00fcmler, tahamm\u00fcl s\u0131n\u0131rlar\u0131n\u0131 epey zorlam\u0131\u015f ve d\u00f6nem d\u00f6nem b\u00fcy\u00fck g\u00f6\u00e7lerin ya\u015fanmas\u0131na neden olmu\u015ftur.<\/p>\n<p>Osmanl\u0131 y\u00fczy\u0131llarca yat\u0131r\u0131m yaparak Bulgaristan\u2019da ticari, zirai ve k\u00fclt\u00fcrel olarak kalk\u0131nmas\u0131nda g\u00f6sterdi\u011fi at\u0131l\u0131mlardan sonra, Rus istilas\u0131 sonras\u0131 1878\u2019de \u00e7ekilirken ard\u0131nda binlerce cami, saray, konak, mescit, medrese, k\u00f6pr\u00fc, \u00e7e\u015fme, ge\u00e7it, k\u00f6y ve kasaba miras b\u0131rakt\u0131.<\/p>\n<p><strong>Bulgar tarihinde en \u00f6nemli y\u0131l 1878\u2019dir<\/strong><\/p>\n<p>O, bir sayfan\u0131n kapand\u0131\u011f\u0131 ve yeni bir sayfan\u0131n a\u00e7\u0131ld\u0131\u011f\u0131 y\u0131ld\u0131r. D\u00f6n\u00fcp geriye bakmak, bazen insanlar\u0131 ikiye, \u00fc\u00e7e be\u015fe b\u00f6ler, birbirine d\u00fc\u015fman eder, toplumu kar\u0131\u015ft\u0131r\u0131r ya da kayna\u015ft\u0131r\u0131r, birle\u015ftirir veya birbirine d\u00fc\u015fman eder.<\/p><div id=\"bghab-3267734745\" class=\"bghab-icerik-icine-20-paragraf bghab-entity-placement\"><script async src=\"\/\/pagead2.googlesyndication.com\/pagead\/js\/adsbygoogle.js?client=ca-pub-6203283170189293\" crossorigin=\"anonymous\"><\/script><ins class=\"adsbygoogle\" style=\"display:block; text-align:center;\" data-ad-client=\"ca-pub-6203283170189293\" \ndata-ad-slot=\"7303146466\" \ndata-ad-layout=\"in-article\"\ndata-ad-format=\"fluid\" data-full-width-responsive=\"true\"><\/ins>\n<script> \n(adsbygoogle = window.adsbygoogle || []).push({}); \n<\/script>\n<\/div>\n<p>Bulgaristan ve T\u00fcrkiye ayn\u0131 aileden bir birinden kopar\u0131lm\u0131\u015f karde\u015f iki kom\u015fu devlet. \u0130nsan karde\u015fini ve kom\u015fusunu kendisi se\u00e7emez. Ne var ki, d\u00fcnyadaki ac\u0131kl\u0131 kavga, karde\u015f kavgas\u0131d\u0131r. Basit bir husumetten sava\u015fa kadar uzanan \u00e7izgide tarihimiz boyunca pek \u00e7ok devlet karde\u015f kavgas\u0131 sonucu y\u0131k\u0131lm\u0131\u015ft\u0131r.<\/p>\n<p><strong>1877\u201378, Ruslarla Osmanl\u0131n\u0131n son kez birbirine k\u0131yas\u0131ya girdi\u011fi zamand\u0131r.<\/strong><\/p>\n<p>Ard\u0131ndan iki imparatorluk da \u00e7\u00f6km\u00fc\u015f ve da\u011f\u0131lm\u0131\u015ft\u0131r. Osmanl\u0131dan do\u011fan devletlerin toplam\u0131 44\u2019t\u00fcr. Bulgaristan, bu\u00a0<strong>\u201ckarde\u015f-devlet\u00e7ikler ailesine\u201d<\/strong>\u00a0Yunanistan ve S\u0131rbistan\u2019dan sonra girmi\u015ftir. Balkanlar\u0131n g\u00f6be\u011finde, Osmanl\u0131 devletinin ve O ZAMANLAR Rumeli Beylerbeyli\u011fi topraklar\u0131nda bulunurdu. T\u00fcrkler Bulgaristan&#8217;a sava\u015fs\u0131z girmi\u015f ve T\u00fcrkiye Cumhuriyeti de Bulgar devletine sava\u015f a\u00e7mam\u0131\u015ft\u0131r. Aram\u0131zdaki husumet Rus sald\u0131r\u0131lar\u0131 ve Bat\u0131 k\u0131\u015fk\u0131rtmalar\u0131yla gelmi\u015f ve Bulgar&#8217;da k\u00f6k salm\u0131\u015ft\u0131r.<\/p>\n<p><strong>Bulgaristan\u2019\u0131n\u00a0do\u011fum tarihi 3 Mart 1878\u2019dir.<\/strong><\/p>\n<p>Okul y\u0131llar\u0131nda, bizi, Bulgar \u00f6\u011frencilerle birbirimize d\u00fc\u015f\u00fcren hep\u00a0<strong>\u201c93 harbi\u201d<\/strong>\u00a0olmu\u015ftu.<\/p><div id=\"bghab-682171880\" class=\"bghab-icerik-icine-25-paragraf bghab-entity-placement\"><script async src=\"\/\/pagead2.googlesyndication.com\/pagead\/js\/adsbygoogle.js?client=ca-pub-6203283170189293\" crossorigin=\"anonymous\"><\/script><ins class=\"adsbygoogle\" style=\"display:block; text-align:center;\" data-ad-client=\"ca-pub-6203283170189293\" \ndata-ad-slot=\"7303146466\" \ndata-ad-layout=\"in-article\"\ndata-ad-format=\"fluid\" data-full-width-responsive=\"true\"><\/ins>\n<script> \n(adsbygoogle = window.adsbygoogle || []).push({}); \n<\/script>\n<\/div>\n<p>Bu sava\u015f\u0131n\u00a0<strong>\u201cbir sald\u0131r\u0131 harbi mi?\u201d\u00a0<\/strong>yoksa bir<strong>\u00a0\u201c kurtulu\u015f sava\u015f\u0131 m\u0131?\u201d<\/strong>\u00a0oldu\u011funu tart\u0131\u015f\u0131rd\u0131k. Tarihin genel ge\u00e7erli geli\u015fim yasalar\u0131, kategorileri, k\u0131staslar\u0131, de\u011fer yarg\u0131lar\u0131, s\u00fcre\u00e7leri, devrim, isyan ve evrim gibi temel de\u011fimleri vard\u0131r.<\/p>\n<p>Biz o zaman bunlar\u0131n ne anlama geldi\u011fini pek bilmesek de aras\u0131z didi\u015fiyorduk. Osmanl\u0131 devleti ile Rusya imparatorlu\u011funun iki feodal saltanatl\u0131k d\u00fczeni oldu\u011funu \u00f6\u011frenmi\u015ftim. T\u00fcrkiye tarih literat\u00fcr\u00fcnde pek kullan\u0131lmayan Frans\u0131z k\u00f6kenli \u201c<strong>Formasyon<\/strong>\u201d deyimini o zaman \u00f6\u011frendim ve \u00e7a\u011flar\u0131 birbirinden ay\u0131ran, belli bir \u015fekillenme, olu\u015fma ve olgunla\u015fma s\u00fcre\u00e7leri olarak benimsedim.<\/p>\n<p>Anlam\u0131, yeni olan her zaman eskinin ba\u011fr\u0131nda olu\u015fur ve hayat hakk\u0131 ister, \u015feklinde girdi kafama. Bulgaristan yeni olansa, neden\u00a0<strong>\u201cPlevne Sava\u015f\u0131nda\u201d<\/strong>, neden\u00a0<strong>\u201c\u015eipka Tepesinde\u201d<\/strong>\u00a0do\u011fdu? Sorular\u0131n sorusu i\u015fte budur.\u00a0 Nas\u0131l oldu da Osmanl\u0131&#8217;n\u0131n ba\u011fr\u0131ndan, Osmanl\u0131 devletinin hi\u00e7 bir iste\u011fine &#8220;<strong>hay\u0131r<\/strong>&#8221; demedi\u011fi bir h\u0131rsl\u0131 ve ihtirasl\u0131 Bulgar milli devleti do\u011fdu!<\/p>\n<p>Kendilerine Do\u011fu Ortodoks Kilisesini veren, bir\u00e7ok kilise, manast\u0131r ve okul kuran Osmanl\u0131 devleti onlara egemenliklerini de alt\u0131n tepsi i\u00e7inde sunmu\u015f olsayd\u0131, hayata gelen d\u00fc\u015fman\u0131m\u0131z olur muydu? Bu sorular \u00e7ocuklu\u011fumdan beri ba\u015f\u0131mda zonklam\u0131\u015ft\u0131r. Tabii tarih kural tan\u0131mad\u0131\u011f\u0131 i\u00e7in yan\u0131ts\u0131z kalan soru hep \u015fu oldu:<\/p>\n<p><strong>Yeni olan\u0131n ebesi SAVA\u015e m\u0131d\u0131r?<\/strong><\/p><div id=\"bghab-965432926\" class=\"bghab-icerik-icine-30-paragraf bghab-entity-placement\"><script async src=\"\/\/pagead2.googlesyndication.com\/pagead\/js\/adsbygoogle.js?client=ca-pub-6203283170189293\" crossorigin=\"anonymous\"><\/script><ins class=\"adsbygoogle\" style=\"display:block; text-align:center;\" data-ad-client=\"ca-pub-6203283170189293\" \ndata-ad-slot=\"7303146466\" \ndata-ad-layout=\"in-article\"\ndata-ad-format=\"fluid\" data-full-width-responsive=\"true\"><\/ins>\n<script> \n(adsbygoogle = window.adsbygoogle || []).push({}); \n<\/script>\n<\/div>\n<p>Tekrar ediyorum, bu soru beni \u00e7ok ilgilendirmi\u015ftir. Bir de, akl\u0131mdan \u00e7\u0131kmayan, dedemi \u00f6ld\u00fcren, soyumu vatan topra\u011f\u0131ndan s\u00f6k\u00fcp atan Rus \u00c7ar\u0131na\u00a0<strong>\u201ckurtar\u0131c\u0131 diyemezdim\u201d<\/strong>\u00a0O benim atalar\u0131m\u0131n katiliydi\u2026.<\/p>\n<p>\u0130\u015fte bu tabloda, \u00f6l\u00fcm\u00fcne birka\u00e7 y\u0131l kalan Rus \u00c7ar\u0131 2.Aleksan&#8217;d\u0131r, 1877\u2019de Tuna\u2019dan, Kara Deniz ve Kafkaslar \u00fczerinden Osmanl\u0131\u2019ya sald\u0131r\u0131ya ge\u00e7erken her iki imparatorlu\u011fun da tarih takvimindeki zaman\u0131 dolmu\u015ftu.<\/p>\n<p>Her ikisinin de, y\u0131llar\u0131 say\u0131l\u0131, eski b\u00fcy\u00fck devletler oldu\u011funu \u00f6\u011frendi\u011fimde, par\u00e7alanma anlam\u0131na gelen yok olu\u015fun, yeni ekonomik, siyasi ve k\u00fclt\u00fcrel ili\u015fkiler do\u011furmas\u0131 zorunlulu\u011funu ise, hen\u00fcz anlayam\u0131yordum. Formasyon&#8217;dan formasyona ge\u00e7i\u015fin bir \u00e7a\u011f ve medeniyet yenileme oldu\u011funu alg\u0131layam\u0131yordum.<\/p>\n<p>Feodal topluma kap\u0131 kapayan tarih, ulus devletleri hayata \u00e7a\u011f\u0131r\u0131yordu. Bunlardan biri de Bulgar devletiydi ve olay yaln\u0131\u015f bununla da bitmiyordu.<\/p>\n<p>Bir de Osmanl\u0131\u2019da farkl\u0131 dinlerin ve milletlerin koku\u015fmu\u015f bir\u00a0<strong>\u201c\u00fcmmet topu\u201d<\/strong>\u00a0i\u00e7inde bar\u0131nd\u0131\u011f\u0131 ger\u00e7e\u011fi vard\u0131. Bulgaristan i\u00e7in, eski olan\u0131n sonu ve yeni olana hayat hakk\u0131 tan\u0131ma anlam\u0131na gelen \u201c<strong>93 harbi\u201d<\/strong>\u00a0tam bir as\u0131r \u00f6nce 1774\u2019te, Silistre yak\u0131nlar\u0131ndaki\u00a0\u00a0<strong>\u201cK\u00fc\u00e7\u00fck Kaynarca\u2019da\u201d<\/strong>\u00a0imzalanan bir anla\u015fmada mayalanm\u0131\u015ft\u0131.<\/p><div id=\"bghab-1767834135\" class=\"bghab-icerik-icine-35-paragraf bghab-entity-placement\"><script async src=\"\/\/pagead2.googlesyndication.com\/pagead\/js\/adsbygoogle.js?client=ca-pub-6203283170189293\" crossorigin=\"anonymous\"><\/script><ins class=\"adsbygoogle\" style=\"display:block; text-align:center;\" data-ad-client=\"ca-pub-6203283170189293\" \ndata-ad-slot=\"7303146466\" \ndata-ad-layout=\"in-article\"\ndata-ad-format=\"fluid\" data-full-width-responsive=\"true\"><\/ins>\n<script> \n(adsbygoogle = window.adsbygoogle || []).push({}); \n<\/script>\n<\/div>\n<p>Ruslara Osmanl\u0131 topraklar\u0131ndaki H\u0131ristiyanlar\u0131 denetleme ve koruma hakk\u0131 tan\u0131yan bu antla\u015fma,\u00a0<strong>Osmanl\u0131n\u0131n \u00fcmmet topunu delmi\u015fti.<\/strong>\u00a0Ba\u015fka bir de\u011fi\u015fle, o zamana kadar yekpare olan O<strong>SMANLI MERMER\u0130N\u0130 \u00e7atlatm\u0131\u015ft\u0131.<\/strong><\/p>\n<p>Halk dilimizdeki\u00a0<strong>\u201cdanan\u0131n kuyru\u011funun koptu\u011fu yer\u201d<\/strong>\u00a0i\u015fte bu anla\u015fmada Rus \u00c7ar\u0131na tan\u0131nan haklard\u0131. Kritik nokta, diplomatlar\u0131n g\u00f6zden ka\u00e7\u0131rmad\u0131\u011f\u0131 noktad\u0131r.<\/p>\n<p>Osmanl\u0131 hanedan\u0131 bu hassasiyete duyarl\u0131 olup, bir b\u00fcy\u00fck sava\u015f patlamas\u0131na yol vermemek i\u00e7in, 1872\u2019de \u00f6zel bir fermanla Bulgar Do\u011fu Ortodoks Kilisesi\u2019ni Rum kilisesinden ay\u0131rm\u0131\u015f ve Ohri G\u00f6l\u00fcnden Kara Denize kadar Bulgar kilise ve manast\u0131rlar\u0131ndan Rum Papazlar\u0131n\u0131 kovmu\u015ftu. Fakat Osmanl\u0131ya sald\u0131rmak i\u00e7in f\u0131rsat kollayan Rus \u00c7ar\u0131\u2019n\u0131n stratejik hedefi, s\u0131cak denizlere inmekti, sava\u015fa vesile yaratmak i\u00e7in dini az\u0131nl\u0131k haklar\u0131 telini \u00e7al\u0131yordu.<\/p>\n<p><strong>Yaln\u0131z bu mu? Hay\u0131r, \u015fu da vard\u0131.<\/strong><\/p>\n<p><img data-recalc-dims=\"1\" height=\"360\" width=\"640\" decoding=\"async\" src=\"https:\/\/i0.wp.com\/www.bghaber.org\/bghaber\/wp-content\/uploads\/2016\/05\/ural-4-768x432.jpg?resize=640%2C360\" alt=\"ural 4\" \/><\/p>\n<p><strong>\u201cK\u00fc\u00e7\u00fck Kaynarca\u201d<\/strong>\u00a0dan tam 50 y\u0131l evvel,\u00a0<strong>\u201cAton\u201d<\/strong>\u00a0Manast\u0131r\u0131 ruhani liderinden biri olan Payisiy Hilendarski,\u00a0<strong>\u201c\u0130slav Bulgar Tarihi\u201d<\/strong>\u00a0eseriyle\u00a0 Bulgar maneviyat\u0131na etnik dirili\u015f suyu vermi\u015fti.<\/p><div id=\"bghab-1586477104\" class=\"bghab-icerik-icine-40-paragraf bghab-entity-placement\"><script async src=\"\/\/pagead2.googlesyndication.com\/pagead\/js\/adsbygoogle.js?client=ca-pub-6203283170189293\" crossorigin=\"anonymous\"><\/script><ins class=\"adsbygoogle\" style=\"display:block; text-align:center;\" data-ad-client=\"ca-pub-6203283170189293\" \ndata-ad-slot=\"7303146466\" \ndata-ad-layout=\"in-article\"\ndata-ad-format=\"fluid\" data-full-width-responsive=\"true\"><\/ins>\n<script> \n(adsbygoogle = window.adsbygoogle || []).push({}); \n<\/script>\n<\/div>\n<p>O, Bizans ve Osmanl\u0131da uzun s\u00fcre kalan ve \u00f6z tarihini unutmak \u00fczere olan Bulgar haf\u0131za k\u00fcp\u00fcn\u00fcn dibine inmeyi ba\u015farm\u0131\u015f ve\u00a0<strong>\u201cBulgarlar\u0131n soyu sopu, dil, din, alfabesi,<\/strong>\u00a0hatta Bizans \u0130mparatoru 1.Nikifor\u2019u yenen ve kellesini \u015farap tas\u0131 yapan Han Krum gibi \u00fcnl\u00fc \u00c7arlar\u0131 oldu\u011funu g\u00fcn \u0131\u015f\u0131\u011f\u0131na \u00e7\u0131karm\u0131\u015f ve kulaktan kula\u011fa yaym\u0131\u015ft\u0131. B\u00f6ylece Bulgarlar bizim tarihimiz var bilincine uyanm\u0131\u015ft\u0131.<\/p>\n<p>\u00c7ocuklu\u011fumdan kalan i\u015fte bu \u00f6yk\u00fclerde, Rus \u00c7ar\u0131\u2019n\u0131n Osmanl\u0131ya sald\u0131r\u0131s\u0131 Bulgarlar\u0131 kurtarmak i\u00e7in \u00f6zel olarak yap\u0131lm\u0131\u015ft\u0131. B\u00fcy\u00fck bir fedak\u00e2rl\u0131kt\u0131. Hatta bedeli asla \u00f6denemeyecek kadar b\u00fcy\u00fck olan, bir\u00a0<strong>\u201cKurtar\u0131c\u0131l\u0131k Misyonu\u201d<\/strong>\u00a0idi. Dolay\u0131s\u0131yla benim Ruslara olan\u00a0<strong>\u201cminnet borcumuz\u201d<\/strong>\u00a0onlar\u0131n dedemi katletmesinden kaynaklan\u0131yordu.<\/p>\n<p><strong>Beynime \u00e7izilen tabloda, hep boynu b\u00fck\u00fck olmak T\u00fcrklere hakt\u0131. <\/strong><\/p>\n<p>\u00c7\u00fcnk\u00fc biz Bulgaristan\u2019da kalan Osmanl\u0131 k\u0131r\u0131nt\u0131lar\u0131yd\u0131k. Bizim uyan\u0131p bilin\u00e7lenmemiz i\u00e7inse, s\u00fcrekli bask\u0131 alt\u0131nda, su\u00e7lu durumunda, ezilmeyi hak etmi\u015f mahk\u00fbm vaziyette olmam\u0131z isteniyordu.<\/p>\n<p>\u0130yilik ile k\u00f6t\u00fcl\u00fck aras\u0131ndaki bitmeyen kavgada, insan d\u00fc\u015fmanl\u0131\u011f\u0131, tatmin olmayan bir h\u0131rs ve s\u00fcrekli b\u00f6b\u00fcrlenme ihtiyac\u0131 ve her defas\u0131nda hakl\u0131 ve batakl\u0131\u011f\u0131n \u00fczerinde leke gibi ama mutlaka \u00fcstte olmak bir nitelikse, <strong>TAR\u0130H-ANA \u0130RADES\u0130NDE VE RUHUNDA B\u0130R EKS\u0130KL\u0130K YA DA FAZLALIK OLAN \u0130NSAN T\u0130P\u0130 YARATMA KAB\u0130L\u0130YET\u0130 M\u0130 G\u0130ZL\u0130YOR?<\/strong><\/p><div id=\"bghab-1459910622\" class=\"bghab-icerik-icine-45-paragraf bghab-entity-placement\"><script async src=\"\/\/pagead2.googlesyndication.com\/pagead\/js\/adsbygoogle.js?client=ca-pub-6203283170189293\" crossorigin=\"anonymous\"><\/script><ins class=\"adsbygoogle\" style=\"display:block; text-align:center;\" data-ad-client=\"ca-pub-6203283170189293\" \ndata-ad-slot=\"7303146466\" \ndata-ad-layout=\"in-article\"\ndata-ad-format=\"fluid\" data-full-width-responsive=\"true\"><\/ins>\n<script> \n(adsbygoogle = window.adsbygoogle || []).push({}); \n<\/script>\n<\/div>\n<p>\u0130nsanl\u0131k ge\u00e7en y\u00fczy\u0131l i\u015fte bu sorunun cevab\u0131n\u0131 belki bulabilirim umuduyla ya\u015fad\u0131. \u00c7arp\u0131t\u0131lan aynada biz ezilen onlarsa ezme hakk\u0131 olan durumundayd\u0131.<\/p>\n<p><strong>\u0130nsan do\u011fu\u015ftan kimseye d\u00fc\u015fman de\u011fildir.<\/strong><\/p>\n<p>\u0130nsan do\u011fdu\u011funda kim oldu\u011funu bilmez. Sevgi, sayg\u0131, ad\u0131l olma, dost\u00e7a davranma ve karde\u015f\u00e7e ya\u015fama gibi, kin, nefret, \u00f6fke, tahamm\u00fcls\u00fczl\u00fck, d\u00fc\u015fmanl\u0131k, ayr\u0131mc\u0131l\u0131k, \u0131rk\u00e7\u0131l\u0131k vesaire e\u011fitim sonucu ve ya\u015fad\u0131\u011f\u0131 \u00e7evresi ve k\u0131saca toplumun \u00fcr\u00fcn\u00fcd\u00fcr.<\/p>\n<p><strong>Olumlu olan ve Olumsuzluk tarih k\u00fcp\u00fcnde gizlidir. Onlar\u0131 bireysel ve toplumsal haf\u0131za k\u00fcp\u00fcne depolayan da tarihtir. Ne yaz\u0131k ki, yaln\u0131z tek ki\u015finin de\u011fil, kavimlerin, soylar\u0131n, milletlerin ve halklar\u0131n da hat\u0131ra havzas\u0131 b\u00f6yle olu\u015fur. Uyan\u0131\u015f\u0131n mayaland\u0131\u011f\u0131 ve kitlelerin \u015fahland\u0131\u011f\u0131 yer de \u00f6nce haf\u0131zam\u0131zd\u0131r. <\/strong><\/p>\n<p>Belki de, insano\u011flunun en \u00fcst\u00fcn h\u00fcnerlerinden biri, ger\u00e7ek bir m\u00fccevher olan an\u0131lardan, herkese ve t\u00fcm topluma yararl\u0131, ustaca yararlanmak ve yeni daha derin \u00e7izgilerle yenilerini yaratmakt\u0131r.<\/p><div id=\"bghab-3253701467\" class=\"bghab-icerik-icine-50-paragraf bghab-entity-placement\"><script async src=\"\/\/pagead2.googlesyndication.com\/pagead\/js\/adsbygoogle.js?client=ca-pub-6203283170189293\" crossorigin=\"anonymous\"><\/script><ins class=\"adsbygoogle\" style=\"display:block; text-align:center;\" data-ad-client=\"ca-pub-6203283170189293\" \ndata-ad-slot=\"7303146466\" \ndata-ad-layout=\"in-article\"\ndata-ad-format=\"fluid\" data-full-width-responsive=\"true\"><\/ins>\n<script> \n(adsbygoogle = window.adsbygoogle || []).push({}); \n<\/script>\n<\/div>\n<p><strong>Bizim analiz nesnemiz Bulgaristan ile\u00a0T\u00fcrkiye\u2019dir<\/strong><\/p>\n<p>Bulgaristan\u2019da de\u011fi\u015fen pek bir \u015fey yok. Benim gen\u00e7li\u011fimde, kitaplar\u0131n resimledi\u011fi, radyolar\u0131n anlatt\u0131\u011f\u0131, gazetelerin yazd\u0131\u011f\u0131, tarih ve edebiyat hocalar\u0131 taraf\u0131ndan bilmemiz istenen ne varsa bug\u00fcn de az farkla yine ayn\u0131d\u0131r. Her y\u0131l, milli bayram, 3 Mart\u2019ta \u201c\u015eipka\u201d tepesine \u00e7\u0131k\u0131p 20\u201330 fesli ve sar\u0131kl\u0131 askerlerin boynu k\u0131l\u0131\u00e7la kesilir. Ruslara te\u015fekk\u00fcr edenler yeni s\u00f6zler bulmakta zorlan\u0131rlar. Biz, T\u00fcrk olsak da, Bulgaristan Halk\u0131 Ad\u0131na te\u015fekk\u00fcr edilirken, paketin i\u00e7indeyiz.\u00a0<strong>Dedelerimizi k\u0131y\u0131p ge\u00e7en Moskoflara aman ne iyi ettiniz de Osmanl\u0131y\u0131 Plevne\u2019de yendiniz, Osman Pa\u015fay\u0131 \u015e\u0131pka\u2019dan kovdunuz, Bulgar halk\u0131n\u0131 s\u00f6z\u00fcm ona\u00a0 \u201cesaretten\u201d\u00a0 kurtard\u0131n\u0131z diye sevinemeyiz.\u00a0Kendini bilen, dedelerini \u00f6ld\u00fcren katile hi\u00e7 minnet duyar m\u0131? Fakat art\u0131k bu tarih \u00e7arp\u0131tan t\u00f6renlerde de k\u00fcfte kebap da\u011f\u0131t\u0131ld\u0131\u011f\u0131ndan, \u00c7ingenelerin kat\u0131l\u0131m\u0131yla yeni kalabal\u0131k olu\u015fmaya ba\u015flad\u0131.<\/strong><\/p>\n<p>Bir bak\u0131ma, biz Bulgaristan\u2019da kalan T\u00fcrk ve M\u00fcsl\u00fcmanlar, tamamen \u00e7arp\u0131k ve iliklerine kadar Osmanl\u0131 T\u00fcrk ve M\u00fcsl\u00fcmanl\u0131k d\u00fc\u015fmanl\u0131\u011f\u0131 dolu bir ruhla olu\u015fan Bulgar kimli\u011fi kar\u015f\u0131s\u0131nda, hep ezilmi\u015flik hissine kap\u0131ld\u0131k. Okul, radyo, TV, kitaplar, kamuoyu, toplumun kendisi bizi bu ezilmi\u015fli\u011fi omuzlar\u0131m\u0131zda ta\u015f\u0131maya zorluyordu.<\/p>\n<p>Ancak dirilen Bulgar ulusal kimli\u011finde asla yerimiz olmad\u0131\u011f\u0131n\u0131 anlad\u0131\u011f\u0131m\u0131zda T\u00fcrkl\u00fck bilinci ye\u015fererek b\u00fcnyemizde filizlendi. Bizleri s\u00f6nm\u00fc\u015f olan \u00fcmmet bilincinden uyand\u0131ran Bulgar milli duygusunun kabarmas\u0131d\u0131r. Beraber olmam\u0131z\u0131n, etkile\u015fimimizin zorlu\u011funu zaman i\u00e7inde \u015fu \u015fekilde kavrayabildim:<\/p>\n<p>&#8220;Bir y\u0131\u011f\u0131n kirpi so\u011fuk bir k\u0131\u015f g\u00fcn\u00fc birbirini \u0131s\u0131tmak ve ayazda donup kalmamak i\u00e7in birbirine iyice sokulmu\u015ftu. Birbirine sokulan Bulgarlarla T\u00fcrklerdir. Gelgelelim \u00e7ok ge\u00e7meden biri \u00f6tekinin dikenlerini kendi v\u00fccudunda hissetti; bu da onlar\u0131 yine birbirinden uzakla\u015ft\u0131rd\u0131.<\/p><div id=\"bghab-2389693190\" class=\"bghab-icerik-icine-55-paragraf bghab-entity-placement\"><script async src=\"\/\/pagead2.googlesyndication.com\/pagead\/js\/adsbygoogle.js?client=ca-pub-6203283170189293\" crossorigin=\"anonymous\"><\/script><ins class=\"adsbygoogle\" style=\"display:block; text-align:center;\" data-ad-client=\"ca-pub-6203283170189293\" \ndata-ad-slot=\"7303146466\" \ndata-ad-layout=\"in-article\"\ndata-ad-format=\"fluid\" data-full-width-responsive=\"true\"><\/ins>\n<script> \n(adsbygoogle = window.adsbygoogle || []).push({}); \n<\/script>\n<\/div>\n<p>Is\u0131nma gereksinimiyle ne zaman birbirine yakla\u015fsalar, dikenlerinin birbirinin v\u00fccuduna batmas\u0131 gibi tats\u0131z bir durumla kar\u015f\u0131la\u015ft\u0131lar. B\u00f6ylece iki k\u00f6t\u00fcden biriyle \u00f6tekisi aras\u0131nda gidip geldiler, sonunda birbirlerinin yak\u0131nl\u0131\u011f\u0131na en \u00e7ok katlanabilecekleri bir uzakl\u0131k ke\u015ffettiler ve bunun sa\u011flad\u0131\u011f\u0131 az bu\u00e7uk bir \u0131s\u0131yla yetindiler ister istemez.&#8221; Bu masal\u0131n sosyal ya\u015famdaki anlam\u0131 so\u011fu\u011fa ve diken ac\u0131s\u0131na dayanamayanlar\u0131n g\u00f6\u00e7 etme zorunlulu\u011funu do\u011furdu ve ge\u00e7en y\u00fczy\u0131l\u0131n istatistik tablosu \u015fudur:<\/p>\n<p><strong>Bulgaristan \u0130statistiklerine g\u00f6re,<\/strong><\/p>\n<p>1893-1980\u00a0Aralar\u0131nda ya\u015fanan g\u00f6\u00e7lerden (8) <strong>sekiz milyon civar\u0131nda Bulgaristan&#8217;dan T\u00fcrkiye&#8217;ye g\u00f6\u00e7 gelmi\u015ftir.<\/strong><\/p>\n<p>Sadece son 1989 y\u0131l\u0131nda 3\u00a0ayda 362.00 ve bug\u00fcne kadar toplam T\u00fcrkiye&#8217;de resmi rakamlarla\u00a0<strong>710 bin Bulgaristan T\u00fcrk\u00fc T\u00fcrkiye Cumhuriyetine g\u00f6\u00e7 etmi\u015ftir.<\/strong> Bunlardan %90 civar\u0131nda olan ise \u00e7ift vatanda\u015ft\u0131r.<\/p>\n<p>K\u00fc\u00e7\u00fckl\u00fc b\u00fcy\u00fckl\u00fc g\u00f6\u00e7ler ge\u00e7en y\u00fczy\u0131lda\u00a0 her bir T\u00fcrk ailemizin bitmeyen s\u0131z\u0131s\u0131 oldu. Biz hep azald\u0131k, k\u00fc\u00e7\u00fcld\u00fck, ezildik ve\u00a0 nihayet biz de insan\u0131z bilinci ve ruhuyla May\u0131s 1989\u2019da \u00f6z haklar\u0131m\u0131z u\u011fruna ayakland\u0131k.<\/p><div id=\"bghab-2542236131\" class=\"bghab-icerik-icine-60-paragraf bghab-entity-placement\"><script async src=\"\/\/pagead2.googlesyndication.com\/pagead\/js\/adsbygoogle.js?client=ca-pub-6203283170189293\" crossorigin=\"anonymous\"><\/script><ins class=\"adsbygoogle\" style=\"display:block; text-align:center;\" data-ad-client=\"ca-pub-6203283170189293\" \ndata-ad-slot=\"7303146466\" \ndata-ad-layout=\"in-article\"\ndata-ad-format=\"fluid\" data-full-width-responsive=\"true\"><\/ins>\n<script> \n(adsbygoogle = window.adsbygoogle || []).push({}); \n<\/script>\n<\/div>\n<p>O g\u00fcn bu g\u00fcn yine durumda pek \u00f6nemli de\u011fi\u015fikler oldu\u011fu s\u00f6ylenemez. \u00c7ocuklar\u0131m\u0131z yine cahil, okullar\u0131m\u0131z kapal\u0131, babalar\u0131m\u0131z i\u015fsiz, annelerimiz \u00fczg\u00fcn ve hepimiz umutluyuz.<\/p>\n<p>Umudumuzun anlam\u0131<strong> \u201c<strong>bu gidi\u015f gidi\u015f de\u011fil, her gidi\u015fin bir de d\u00f6n\u00fc\u015f\u00fc vard\u0131r<\/strong>\u201d <\/strong>c\u00fcmlesinde \u00f6zetlenebilir.<\/p>\n<p>\u015eu da var, bu 138 y\u0131ldan beri devam eden\u00a0<strong>\u201cetki-tepki\u201d<\/strong>\u00a0\u015feklinde geli\u015fen iki tarafl\u0131 bir s\u00fcre\u00e7tir. Ana dil, din, k\u00fclt\u00fcr ve tarih ve perspektif olarak tamamen farkl\u0131 olmam\u0131z ve birbirimizin i\u00e7inde eriyerek b\u00fct\u00fcnle\u015fmemizin m\u00fcmk\u00fcn olmamas\u0131 ger\u00e7e\u011fi, bu s\u00fcreci peki\u015ftirmi\u015f ve ulus Bulgar devleti yap\u0131s\u0131n\u0131n\u00a0<strong>\u201c\u00e7ok k\u00fclt\u00fcrl\u00fc yap\u0131lanmay\u0131 kabul etmemesi\u201d<\/strong>\u00a0de k\u0131z\u0131\u015fan \u00e7eki\u015fmelerin kopma noktas\u0131na ta\u015f\u0131m\u0131\u015ft\u0131r.<\/p>\n<p><img data-recalc-dims=\"1\" height=\"360\" width=\"640\" decoding=\"async\" src=\"https:\/\/i0.wp.com\/www.bghaber.org\/bghaber\/wp-content\/uploads\/2016\/05\/13220931_1336814613001153_8984640127817842653_n-768x432.jpg?resize=640%2C360\" alt=\"13220931_1336814613001153_8984640127817842653_n\" \/><\/p>\n<p>Atalar\u0131m\u0131z, Bulgaristan ko\u015fullar\u0131nda\u00a0<strong>\u201c\u00fcmmet\u201d<\/strong>\u00a0kabu\u011fu i\u00e7inden T\u00fcrk kimli\u011fini b\u00f6yle \u00e7\u0131kard\u0131. Ayn\u0131 topraklarda reformcu Rus\u00e7uk Valisi Mithad Pa\u015fa taraf\u0131ndan ekilen yenile\u015fme tohumlar\u0131nda, T\u00fcrkler i\u00e7in herhangi bir ayr\u0131cal\u0131k olmad\u0131\u011f\u0131ndan, Biz Bulgaristan T\u00fcrklerinin T\u00fcrk kimli\u011fini \u00e7a\u011f\u0131ran milli uyan\u0131\u015f\u0131m\u0131z Bulgarlardan 60\u201370 y\u0131l ge\u00e7 olmu\u015ftur. Bu bak\u0131ma biz yenilenme s\u00fcrecinde, d\u00f6n\u00fc\u015f\u00fcm hamlelerinde ta\u015f\u0131y\u0131c\u0131 rol \u00fcstlenemedik, kendimiz icraata ge\u00e7emeden hamasi s\u00f6zlerle avuttuk. Kendimizi tan\u0131mlamak bir tarafa ba\u015fkalar\u0131 taraf\u0131ndan &#8220;ibrik\u00e7iler, &#8220;gacallar&#8221;, Bulgaristan M\u00fcsl\u00fcmanlar\u0131, Bulgaristan T\u00fcrkleri vsy. olarak tan\u0131mland\u0131k.<\/p>\n<p>Benzetmesi \u015fudur.<\/p><div id=\"bghab-3111515188\" class=\"bghab-icerik-icine-65-paragraf bghab-entity-placement\"><script async src=\"\/\/pagead2.googlesyndication.com\/pagead\/js\/adsbygoogle.js?client=ca-pub-6203283170189293\" crossorigin=\"anonymous\"><\/script><ins class=\"adsbygoogle\" style=\"display:block; text-align:center;\" data-ad-client=\"ca-pub-6203283170189293\" \ndata-ad-slot=\"7303146466\" \ndata-ad-layout=\"in-article\"\ndata-ad-format=\"fluid\" data-full-width-responsive=\"true\"><\/ins>\n<script> \n(adsbygoogle = window.adsbygoogle || []).push({}); \n<\/script>\n<\/div>\n<p><strong>Biz Bulgaristan T\u00fcrkleri kilise avlusuna b\u0131rak\u0131lm\u0131\u015f bir M\u00fcsl\u00fcman \u00e7ocuk olarak yeti\u015fmek zorunda kald\u0131k. Ayinlere kat\u0131lmasak da, ortak sofrada yemeyi kabul ettik. \u00c7\u00f6lde susuz kalanlar olarak tarihimizden ve dinimizden gelen serap p\u0131narlar\u0131yla avunduk.<\/strong><\/p>\n<p>Tarih boyu mayalan\u0131p olu\u015fan Bulgar milli bilin\u00e7 tohumunu\u00a0<strong>\u201c\u00e7atlamas\u0131nda\u201d<\/strong>\u00a0i\u00e7 fakt\u00f6rler kadar d\u0131\u015f etmenler de rol oynam\u0131\u015ft\u0131r. Bu bilincin i\u00e7ine Osmanl\u0131 d\u00fc\u015fmanl\u0131\u011f\u0131 zehrinin \u015f\u0131r\u0131ngalanmas\u0131nda 19.y\u00fczy\u0131l Bat\u0131 ve Do\u011fu burjuva ayd\u0131nlar\u0131, bu oca\u011fa k\u00f6m\u00fcr atm\u0131\u015flard\u0131r.<\/p>\n<p>Volter\u2019den, Dickens&#8217;ten,\u00a0 Victor Hugo\u2019dan Dostoyevski\u2019ye kadar keskin kalemlerin hepsi birlik olup Bo\u011fazlardaki\u00a0<strong>\u201chasta adam\u0131&#8221; <\/strong>ta\u015flam\u0131\u015flard\u0131r.<strong> Yani <\/strong>T\u00fcrkl\u00fc\u011f\u00fc do\u011farken yok etmek u\u011fruna eylem birli\u011fi yapm\u0131\u015flard\u0131r.<\/p>\n<p><strong>Ters bir \u00f6rnek vermek istiyorum.\u00a0Belki konu daha a\u00e7\u0131k g\u00f6r\u00fclebilir: <\/strong><\/p>\n<p>Klasiklerinden Karl Marks ile Fridrih Engels bile\u00a0<strong>\u201cOrient\u201d<\/strong>\u00a0ve Rus\u2013Osmanl\u0131 Sava\u015f\u0131 \u00fcst\u00fcne yaz\u0131lar\u0131nda,\u00a0\u00a0<strong>\u201cbir sald\u0131r\u0131 sava\u015f\u0131d\u0131r\u201d,<\/strong>\u00a0<strong>\u201cRus \u0130mparatoru 2.Aleksand\u0131r\u2019\u0131n kanl\u0131 istila sava\u015f\u0131d\u0131r\u201d<\/strong>\u00a0ger\u00e7e\u011finin alt\u0131n\u0131 kal\u0131n \u00e7izmi\u015flerdir. Sosyalist bir \u00fclkede e\u011fitim alsak da biz bunlar\u0131 \u00e7ok sonradan \u00f6\u011frendik.<\/p>\n<p>Bulgaristan\u2019da ya\u015fayanlar hakikati okuma veya i\u015fitme imk\u00e2n\u0131 bulam\u0131yordu. \u00c7\u00fcnk\u00fc ba\u015f tac\u0131 edilen bu iki deha toplu eserleri\u00a0<strong>Bulgarca 56 cilt olarak bas\u0131lm\u0131\u015ft\u0131<\/strong>.<\/p>\n<p>Oysa orijinali 153 cilttir. Marks\u2019\u0131n\u00a0<strong>\u201ccennet\u201d<\/strong>\u00a0olarak tan\u0131mlad\u0131\u011f\u0131 Osmanl\u0131 \u00fcst\u00fcne yaz\u0131lan\u0131n da yer ald\u0131\u011f\u0131 97 cilt rafa kald\u0131r\u0131l\u0131p, yok say\u0131lm\u0131\u015ft\u0131.<\/p>\n<p><strong>\u201cGer\u00e7ekleri karartma\u201d<\/strong>\u00a0ile tarihi \u00e7arp\u0131tan makinenin kapasitesi b\u00fcy\u00fck, di\u015fleri kocamand\u0131. Zavall\u0131 insanlar\u0131m\u0131z\u0131 \u00e7arp\u0131k, eksik ve yanl\u0131\u015f bilgilendirme, ger\u00e7ekleri \u00f6\u011frenme yolu t\u0131kal\u0131, korku ortam\u0131 toplumun bilgilenerek uyan\u0131\u015f\u0131na b\u00fcy\u00fck bir settir. Bizde de \u00f6yle olmu\u015ftur. &#8220;Demokrasi&#8221; geldim dese de, 26 y\u0131l sonra Osmanl\u0131, T\u00fcrk, T\u00fcrkl\u00fck, \u0130slam kavgas\u0131 gece g\u00fcnd\u00fcz kaynamaya devam ediyor ve toplum ger\u00e7eklerle bulu\u015fam\u0131yor.<\/p>\n<p><strong>\u015eimdi sizlere tam bu konuda tezimi destekleyici bir somut \u00f6rnek sunmak istiyorum.<\/strong><\/p>\n<ol>\n<li>Plevne ku\u015fat\u0131ld\u0131\u011f\u0131nda yerli Bulgar erk\u00e2n, \u00e7orbac\u0131lar, Papaz \u00f6nde Osman Pa\u015fa kurmay\u0131na gider. \u201c<strong>Bizi Koruyun, kurtar\u0131n bizi<\/strong>\u201d diye s\u00f6ze ba\u015flayan Papaz, 3 torba alt\u0131n \u00e7\u0131kar\u0131r. \u201c <strong>Buyurun Pa\u015fam, uygun g\u00f6rd\u00fc\u011f\u00fcn\u00fcz gibi harcay\u0131n ama bizi savunun!<\/strong>\u201d der.<\/li>\n<\/ol>\n<ol start=\"2\">\n<li><strong>\u015eu \u00f6rne\u011fim de Plevne\u2019den.\u00a0<\/strong>Bulgar \u00c7ar\u0131 Ferdinand Londra ziyareti esnas\u0131nda Lortlar Kamaras\u0131nda \u015f\u00f6yle bir ricada bulunmu\u015ftur.\u00a0<strong>\u201cBeyler sizden Plevne toplu mezar\u0131ndaki Osmanl\u0131 kemiklerini alman\u0131z\u0131 rica ediyorum. \u00c7\u00fcnk\u00fc Bulgar halk\u0131 uyuyam\u0131yor, Osmanl\u0131n\u0131n hortlamas\u0131ndan korkuyorlar.\u201d\u00a0<\/strong>Lortlar, bu ricay\u0131 ciddi bulup gere\u011fini yapm\u0131\u015flard\u0131r. Bir k\u0131s\u0131m toplu mezarlar a\u00e7\u0131lm\u0131\u015f, kemikler \u00e7\u0131kar\u0131l\u0131p sand\u0131klar i\u00e7inde Varna liman\u0131ndan \u0130ngiltere\u2019ye ta\u015f\u0131nm\u0131\u015f, \u00f6\u011f\u00fct\u00fcl\u00fcp \u0130ngiltere ormanlar\u0131na sa\u00e7\u0131lm\u0131\u015ft\u0131r.<\/li>\n<\/ol>\n<p><img data-recalc-dims=\"1\" height=\"360\" width=\"640\" decoding=\"async\" src=\"https:\/\/i0.wp.com\/www.bghaber.org\/bghaber\/wp-content\/uploads\/2016\/05\/ural-2-768x432.jpg?resize=640%2C360\" alt=\"ural 2\" \/><\/p>\n<p><strong><u>Not: Plevne toplu mezarda 123 bin Osmanl\u0131 askeri g\u00f6m\u00fcl\u00fcd\u00fcr<\/u><\/strong><\/p>\n<p>Bir \u00f6rnek daha ilave ederek, Bulgar devlet adamlar\u0131n\u0131n Osmanl\u0131 miras\u00e7\u0131s\u0131 yerli T\u00fcrkler hakk\u0131nda d\u00fc\u015f\u00fcnd\u00fcklerini ve ald\u0131klar\u0131 tavr\u0131 a\u00e7\u0131klamak istiyorum. Osmanl\u0131dan koptuktan sonra Bulgar Prensli\u011fine en uzun zaman Ba\u015fbakan olan Stefan Stanbolov \u00f6ld\u00fcr\u00fcld\u00fckten sonra Mecliste okunan raporda,\u00a0<strong>Osmanl\u0131 Bankas\u0131ndan 80 bin alt\u0131n bor\u00e7 ald\u0131\u011f\u0131 ve bu parayla g\u00f6\u00e7e zorlanan T\u00fcrklerin tarla, \u00e7ay\u0131r, koru ve ormanlar\u0131n\u0131 ald\u0131\u011f\u0131 a\u00e7\u0131klanm\u0131\u015ft\u0131r.<\/strong><\/p>\n<p><strong>Bu zihniyet 138 y\u0131ld\u0131r s\u00fcre gelmektedir.<\/strong><\/p>\n<p><strong>\u0130nsan ve toplum g\u00fcc\u00fcn\u00fc ge\u00e7mi\u015finden, tarihinden al\u0131r.<\/strong><\/p>\n<p>Plevne yama\u00e7lar\u0131nda y\u00fckselen ve Tuna\u2019dan g\u00f6r\u00fcnen bir Osman Pa\u015fa, \u015eipka Doru\u011funca g\u00f6klere uzanan bir S\u00fcleyman Pa\u015fa an\u0131t\u0131 dikilemedi. An\u0131tlar ta\u015f ve beton y\u0131\u011f\u0131n\u0131 de\u011fil, tarihin sembolleri, \u015fehitlerin ruhu ve tarihsel b\u00fct\u00fcnl\u00fc\u011f\u00fcm\u00fcz\u00fcn simgesidir. Mezarl\u0131klar\u0131m\u0131z\u0131n s\u00fcr\u00fcl\u00fcp tarla yap\u0131lmas\u0131na g\u00f6z yumamay\u0131z onlar bizim tapumuzdur. Cennet ata topra\u011f\u0131ndad\u0131r.<\/p>\n<p><strong>\u201cT\u00fcrklerin k\u00f6klerini kaz\u0131yaca\u011f\u0131z\u201d<\/strong>\u00a0deme\u00e7leri 1 Kas\u0131m 2014 te yap\u0131lan Bulgaristan yerel se\u00e7imlerinden sonra da meclis k\u00fcrs\u00fclerine ta\u015f\u0131nd\u0131. Konu\u015fmam\u0131 i\u015fbu k\u00fcfl\u00fc milliyet\u00e7ilik k\u00f6klerinin derinli\u011fini ve \u00f6z\u00fcn\u00fc birlikte ara\u015ft\u0131rma niyetiyle haz\u0131rlad\u0131m. Irk\u00e7\u0131 milliyet\u00e7ilik soldan &#8220;<strong>Ataka<\/strong>&#8221; olarak, sa\u011fdan da s\u00f6z\u00fcm ona &#8220;<strong>yurtsever cephe<\/strong>&#8221; olarak boy g\u00f6sterdi. Sa\u011fdakiler h\u00fck\u00fcmete sar\u0131ld\u0131. 2 y\u0131lda haz\u0131rlad\u0131klar\u0131 son &#8220;<strong>Se\u00e7im Yasas\u0131 De\u011fi\u015fikli\u011fi<\/strong>&#8221; ile biz AB d\u0131\u015f\u0131ndaki soyda\u015flar\u0131m\u0131z\u0131 oy hakk\u0131 kullanmaktan mahrum, iki defa oy kullanmayan\u0131 da vatanda\u015fl\u0131ktan mahrum b\u0131rakma tuza\u011f\u0131 kurmu\u015flar. Sevindirici olan Cumhurba\u015fkan\u0131 Plevneliev &#8220;<strong>de\u011fi\u015fikli\u011fi<\/strong>&#8221; cuma g\u00fcn veto etti. Olay h\u00fck\u00fcmet krizi do\u011furuyor, ABV sosyal i\u015fler bakan\u0131n\u0131 Borisov h\u00fck\u00fcmetinden \u00e7ekti, koalisyon krizi ba\u015fl\u0131yor, Ekimde hem Cumhurba\u015fkanl\u0131\u011f\u0131 hem de erken genel se\u00e7im kap\u0131y\u0131 \u00e7alabilir.<\/p>\n<p><strong>G\u00fcncelin d\u0131\u015f\u0131ndaki ana konu \u015fudur.<\/strong><\/p>\n<p>Biz, 20 as\u0131r boyunca\u00a0<strong>\u201cT\u00fcrk tehlikesi\u201d, \u201c 5-inci kol ordu\u201d<\/strong>\u00a0ve halen\u00a0<strong>\u201c Il\u0131ml\u0131 \u0130slam tehlikesi\u201d<\/strong>\u00a0gibi her g\u00fcn ya\u011fan ideolojik zehir ya\u011fmuru alt\u0131nda yeti\u015ftik ve ya\u015f\u0131yoruz.<\/p>\n<p><strong>1878\u2019de biz T\u00fcrkler Bulgaristan n\u00fcfusunun %64\u2019\u00fcn\u00fc olu\u015ftururken, \u015fimdi %25\u2019e d\u00fc\u015ft\u00fck.<\/strong>\u00a0<strong>1.5 milyonuz<\/strong>. Mal\u0131m\u0131z\u0131 m\u00fclk\u00fcm\u00fcz\u00fc oralarda b\u0131rakt\u0131k da ka\u00e7t\u0131k. Tazminat almay\u0131 d\u00fc\u015f\u00fcnen\u00a0dahi olmad\u0131. Her \u015feyimiz onlara, Bulgar&#8217;a, Bulgar Devletine kald\u0131.\u00a0 Osmanl\u0131 miras\u0131 da geri al\u0131namad\u0131.<\/p>\n<p>Onlar\u0131n g\u00f6z\u00fc doymak bilmiyor. Bu g\u00fcn bile Say\u0131n Ba\u015fbakan\u0131m\u0131z\u0131n Sofya\u2019ya yapt\u0131\u011f\u0131 ziyaret esnas\u0131nda haberlerden sonra yine Rus\u00e7u, sol marjinal z\u00fcmre, Bulgarlar\u0131n 1912\u2019de Edirne sald\u0131r\u0131s\u0131ndan geri \u00e7ekilmelerinden sonra u\u011frad\u0131klar\u0131 kay\u0131plar i\u00e7in 10 milyar dolar talep etmeye haz\u0131rlan\u0131yorlarm\u0131\u015f.<\/p>\n<p><strong>Oysa iki devlet aras\u0131ndaki ge\u00e7mi\u015fe ait sorunlar 1925 Ankara Antla\u015fmas\u0131yla kesin \u00e7\u00f6z\u00fcm bulmu\u015ftu.<\/strong><\/p>\n<p>Onlar 1912 y\u0131l\u0131 ma\u011fduriyetlerinin giderilmesini talep ediyorlar, ama bizler 1877\u2019den g\u00fcn\u00fcm\u00fcze kadar\u00a0ya\u015fad\u0131\u011f\u0131m\u0131z ma\u011fduriyetleri dile getirmekten bile aciziz. Diplomasimiz d\u00fczen kuran duruma ge\u00e7melidir.<\/p>\n<p><strong>Tarih ka\u015f\u0131maya uygun bir yarad\u0131r.\u00a0<\/strong><\/p>\n<p><strong>\u00c7\u00fcnk\u00fc Bulgaristan kuruldu\u011fundan beri Bulgar Devlet A\u011fc\u0131 T\u00fcrklere kar\u015f\u0131 hep dikenli, meyveleri hep ac\u0131yd\u0131<\/strong>.<\/p>\n<p>Ge\u00e7mi\u015fe daha farkl\u0131 bir a\u00e7\u0131dan da bakabiliriz.<\/p>\n<p><strong>Tarih ak\u0131\u015f\u0131 i\u00e7inde olaylar\u0131n \u00e7arp\u0131t\u0131lmas\u0131<\/strong><\/p>\n<p>Bilirsiniz San Stefano\u2013(Ye\u015fil K\u00f6y) Antla\u015fmas\u0131 din ve dili bilinen ve Osmanl\u0131dan \u00f6nce ayn\u0131 topraklar \u00fczerinde tarihi olan, Do\u011fu Ortodoks H\u0131ristiyan Bulgar \u0131rk\u0131na kendi ba\u015f\u0131na ruhen var olma hakk\u0131 tan\u0131d\u0131. O zaman Rumeli\u2019de kalan M\u00fcsl\u00fcman halk topluluklar\u0131na, yuvan\u0131z\u0131 bozmay\u0131n, kal\u0131n kald\u0131\u011f\u0131n\u0131z yerde, dendi. Ne var ki, Osmanl\u0131 Padi\u015fah\u2019\u0131n\u0131n Rum Papazlar\u0131 Bulgar kilise ve manast\u0131rlar\u0131ndan kovan 1872 Ferman\u0131na g\u00f6re \u00e7izilen San Stefano s\u0131n\u0131rlar\u0131, Bat\u0131l\u0131 B\u00fcy\u00fcklerin g\u00f6z\u00fcne batt\u0131. A\u00e7\u0131lan yaran\u0131n kapanmas\u0131 Rus \u00c7arl\u0131\u011f\u0131 da istemiyordu.<\/p>\n<p>Hemen toplanan Berlin Konferans\u0131, <strong>\u201cBize Padi\u015fah\u2019\u0131n yapt\u0131\u011f\u0131 iyili\u011fi kimse yapmam\u0131\u015ft\u0131r\u201d<\/strong> anlam\u0131ndaki Bulgar minnettarl\u0131\u011f\u0131 yerine, yeniden \u00e7izip bi\u00e7erken Bulgar Prensli\u011fi s\u0131n\u0131rlar\u0131 i\u00e7ine T\u00fcrk d\u00fc\u015fmanl\u0131\u011f\u0131 tohumu ekildi. Bulgar Prensli\u011fi\u2019ne ancak Tuna boyu ve Sofya ilinin tahsis edilmesi hep k\u0131\u015fk\u0131rt\u0131lan ve asla <strong>S\u00d6NMEYEN B\u0130R HUS\u00dcMET OCA\u011eI ATE\u015eLED\u0130.<\/strong><\/p>\n<p><strong>Bu ate\u015fi yakan Osmanl\u0131 Padi\u015fahlar\u0131 de\u011fildi.<\/strong><\/p>\n<p><strong>\u201cDaha fazlas\u0131n\u0131 hak etmek i\u00e7in Padi\u015faha\u00a0k\u00fcfredeceksiniz, T\u00fcrklere k\u00f6k\u00a0s\u00f6kt\u00fcrecek-siniz\u201d<\/strong>\u00a0diyen <strong>\u201ckurtar\u0131c\u0131lar\u201d<\/strong>\u00a0ve \u201cuyumlu\u201d ya\u015fama ihtimalinden endi\u015fe duyanlard\u0131. Osmanl\u0131 devrinde Balkanlarda kurulan iyi kom\u015fuluk, ho\u015fg\u00f6r\u00fc ve yard\u0131mla\u015fma ortam\u0131ndan korkanlar vard\u0131.<\/p>\n<p><strong>Olay\u0131 daha b\u00fcy\u00fck bir mercek alt\u0131na \u00e7ekelim.<\/strong><\/p>\n<p>Bulgar tarihinin daha da derinlerine inip birka\u00e7 \u00f6zelli\u011fe i\u015faret edelim.\u00a0Bulgarlar, Payisi Hilendarski\u2019den sonra, tarihini bilen bir millettir. Hazar bozk\u0131r\u0131nda kom\u015fuluk yapm\u0131\u015f olsak da, bir kolu 8. y\u00fczy\u0131loda \u0130slam\u0131 kabul edil \u0130dil Bulgar Devleti&#8217;nde kald\u0131, ikinci kolu da\u00a0 Balkanlara bizden 700 y\u0131l \u00f6nce gelip \u0130slavl\u0131\u011fa \u0131s\u0131nd\u0131.\u00a0 861\u2019de Birinci Bulgar \u00c7arl\u0131\u011f\u0131 Kurdular ve 4 sene sonra Bizans dinini devlet dini ilan ettiler.<\/p>\n<p><strong>O d\u00f6nem tarih yazan k\u0131l\u0131\u00e7 Bizans\u2019\u0131n elindeydi. <\/strong><\/p>\n<p>Gelen g\u00f6\u00e7ebelerin \u00e7ad\u0131r kurdu\u011fu topraklar onundu. Bulgarlar, bir de kalem tutmay\u0131 ve okumay\u0131 severdi. O zamanlardan kalan b\u00fcy\u00fck eserlerden biri Kiril Alfabesidir. Bu yaz\u0131, \u00c7ar I.Boris\u2019in olu\u015fturdu\u011fu Preslav ve Ohrid ayd\u0131n ruhunda yeti\u015fen Kiril ve Metodiy karde\u015flerin yakt\u0131\u011f\u0131 s\u00f6nmez \u00e7\u0131rad\u0131r.<\/p>\n<p><strong>Yeri gelmi\u015fken, de\u011finmeme izin veriniz,<\/strong>\u00a0son d\u00f6nem Bulgaristan\u2019a kar\u015f\u0131 \u015fiddetlenen siber sald\u0131r\u0131, B\u00fckre\u015f\u2019te d\u00fczenlenen uluslararas\u0131 g\u00fcvenlik konferans\u0131nda Cumhurba\u015fkan\u0131 Rosen Pleneliev taraf\u0131ndan k\u0131nand\u0131. O, siber sald\u0131r\u0131n\u0131n Moskova\u2019dan geldi\u011fine i\u015faret etti. Kendine has megalomanl\u0131kla, hemen cevap veren Putin,<strong>\u201cunutmay\u0131n yazd\u0131\u011f\u0131n\u0131z yaz\u0131n\u0131n harflerini biz verdik\u201d<\/strong>\u00a0dedi.<\/p>\n<p><strong>B\u00fcy\u00fck ayd\u0131nl\u0131k\u00e7\u0131 Kiril ve Metodiy karde\u015flerin dev eserini \u00e7almakla, Yak\u0131n Do\u011fu petrol\u00fcn\u00fc \u00e7almak, K\u0131r\u0131m\u0131 ilhak etmek ve Karadeniz&#8217;e \u00e7\u00f6reklenmek aras\u0131nda fark g\u00f6remiyorum.<\/strong><\/p>\n<p>Bu \u00f6rneklemeyle de tarihin kesintisiz bir s\u00fcre\u00e7 oldu\u011funu, derinliklerinden k\u00f6t\u00fcl\u00fck, husumet ve d\u00fc\u015fmanl\u0131k mayas\u0131 \u00e7\u0131kar\u0131labilece\u011fi gibi, iyilik \u00f6rneklerinin \u00e7\u0131kar\u0131lmas\u0131n\u0131n da m\u00fcmk\u00fcn oldu\u011funu s\u00f6ylemek istedim.<\/p>\n<p><strong>Evet, Devam edelim,<\/strong><\/p>\n<p>Bizans imparatorlar\u0131na kar\u015f\u0131 sava\u015fan, Pe\u00e7enek ve Kuman Atl\u0131 T\u00fcrk Ordular\u0131n\u0131 da saflar\u0131na alan, \u015fanl\u0131 zafer sayfalar\u0131 yazan Bulgar \u00c7arl\u0131\u011f\u0131n\u0131n \u00e7\u0131ras\u0131 1018\u2019de s\u00f6nd\u00fc. Ne var ki, g\u00fcne\u015f bat\u0131m\u0131ndan \u00f6nce meydana gelen, de\u011finece\u011fim olay, karanl\u0131\u011f\u0131n 168 sene s\u00fcrmesine neden oldu.<\/p>\n<p>29 Temmuz 1014\u2019te Bulgar \u00c7ar\u0131 Samuil \u201cBelasitsa\u201d Sava\u015f\u0131\u2019nda Bizans \u0130mparatoru 2. Nikifor\u2019a yenik d\u00fc\u015ft\u00fc. 15 bin Bulgar esirden y\u00fczde biri tek g\u00f6zl\u00fc b\u0131rak\u0131ld\u0131. Yani 14.985\u2019i iki g\u00f6z\u00fc k\u00f6r edildi. \u00d6tekilerin 15\u2019i sadece bir g\u00f6zleri k\u00f6r edildi. \u201c <strong>H\u0131ristiyanl\u0131\u011f\u0131 kabul etmezseniz kaderiniz budur<\/strong>!\u201d dersi orada verildi.<\/p>\n<p>Bulgar k\u00f6ylerine birer birer da\u011f\u0131t\u0131ld\u0131lar. Halk\u0131n ruhu ve iradesi k\u0131r\u0131ld\u0131. Askerlerinin halini g\u00f6ren Samuil kay\u0131p gitti. Rumeli\u2019de 200 y\u0131l ku\u015f u\u00e7mam\u0131\u015ft\u0131. Evet, ger\u00e7ekleri g\u00fcn \u0131\u015f\u0131\u011f\u0131na \u00e7\u0131kartma zaman\u0131 geldi.<\/p>\n<p>Bulgar halk\u0131na bu ac\u0131 sanki azm\u0131\u015f gibi, ruhu daha da oyuldu.\u00a0Balkanlara ruhsal iyili\u011fi seven \u201cTangra\u201d Tanr\u0131s\u0131yla gelmi\u015flerdi.\u00a0Canlar\u0131 pahas\u0131na dayat\u0131lan Tanr\u0131, Baba ve O\u011ful iman\u0131, din ve ibadet dillerini de\u011fi\u015ftirdi. Bulgarlar\u0131n H\u0131ristiyanl\u0131\u011f\u0131 g\u00f6n\u00fcll\u00fc kabul ettiklerini yaza yaza yazar olan bilim adamlar\u0131na selam\u0131m var.<\/p>\n<p>O i\u015f, o zaman, dedi\u011finiz gibi olsayd\u0131,\u00a0 1168\u2019den, yani \u0130kinci Bulgar \u00c7arl\u0131\u011f\u0131\u2019n\u0131n dirilmesinden\u20131396\u2019da Bulgarlar\u0131n Osmanl\u0131ya kat\u0131lmas\u0131na ve Rum Papazlar\u0131 Bulgar kilise ve manast\u0131rlardan kovan 1872 Padi\u015fah Ferman\u0131na kadar, din \u00f6zg\u00fcrl\u00fc\u011f\u00fc ve <strong>DO\u011eU ORTADOKSLU\u011eU OLU\u015eTURMA<\/strong> m\u00fccadelesini anlamak m\u00fcmk\u00fcn olamaz. Olaya b\u00f6yle bakt\u0131\u011f\u0131m\u0131zda, K\u00fc\u00e7\u00fck Kaynarca\u2019dan\u00a0<strong>\u201c93 harbine\u201d<\/strong>\u00a0kadar Rus \u0130mparatorlar\u0131n\u0131n Bulgarlar aras\u0131nda neden din k\u0131\u015fk\u0131rt\u0131c\u0131l\u0131\u011f\u0131 yapt\u0131\u011f\u0131 da kolayca anla\u015f\u0131lmaktad\u0131r.<\/p>\n<p>E\u011fer Bulgar halk\u0131n\u0131n \u00f6z\u00fcnde Tangra\u2019dan gelen iyilik kutsalla\u015fmam\u0131\u015f olsayd\u0131; bu halk\u0131n Bizans\u2019ta her g\u00fcn ya\u015fad\u0131\u011f\u0131 bitmeyen ve din de\u011fi\u015ftirme zorbal\u0131\u011f\u0131ndan kaynakland\u0131\u011f\u0131na inand\u0131\u011f\u0131 eziyete \u015feytan \u00e7ilesi demezlerdi, isyan edip <strong>BOGOM\u0130L HAREKET\u0130<\/strong> \u2013 (Tanr\u0131s\u0131n\u0131 sevenler hareketi) alevlendirmez ve yanmaya g\u00f6n\u00fcl vermezdi.<\/p>\n<p>Bu olay 1000 y\u0131l \u00f6nceki Bulgar toplumu i\u00e7in ruhsal olan\u0131 belirleyendir. Buralara gelen dervi\u015fler do\u011fan\u0131n felsefesinde sevgi ruhunu g\u00fcne\u015fle kavu\u015fturdu. Naz\u0131m Hikmet \u201c y\u00e2rin yana\u011f\u0131ndan ba\u015fka her yerde ve her yerde beraberiz\u201d dizelerinde bu sevgiye sonsuz umut \u00e7\u0131ras\u0131 yakt\u0131.<\/p>\n<p>Kar\u015f\u0131m\u0131za \u00e7\u0131kan Bulgar ruhunun bir milenyum boyu s\u00fcren, ezen ile ezilen bo\u011fu\u015fmas\u0131 sahnesinde, \u015fu ger\u00e7ek yani T\u0131rnono Patrikli\u011fi\u2019nin\u00a0<strong>\u201cTanr\u0131 sevenleri\u201d<\/strong>\u00a0bir\u00a0<strong>\u201ctarikat\u201d<\/strong>, bir\u00a0<strong>\u201ceres\u201d<\/strong>\u00a0olarak lanetleyip, ta\u015flatmas\u0131, Bat\u0131l\u0131 Krallar\u0131n ise\u00a0<strong>\u201cyakaland\u0131klar\u0131 yerde yak\u0131n\u201d<\/strong>\u00a0 buyru\u011fu belirleyici oldu.<\/p>\n<p><strong>\u0130yilikleri ya\u015fatmak i\u00e7in \u00e7\u0131kar\u0131lan fermana rastlamad\u0131m.\u00a0<\/strong><\/p>\n<p>\u0130Y\u0130L\u0130\u011e\u0130N ge\u00e7mi\u015fe ait oldu\u011fu kadar, bug\u00fcne ve yar\u0131na da ait oldu\u011fu i\u00e7in \u00f6l\u00fcms\u00fcz bir umut, en a\u011f\u0131r balyoz alt\u0131nda bile asla ezilip yok olmayan, bir c\u0131va tanesi gibi ancak sa\u00e7\u0131lan, sa\u00e7\u0131l\u0131p zaman i\u00e7inde hep var olan, oldu\u011funu g\u00f6rebildikleri i\u00e7in, Osmanl\u0131 dervi\u015flerine huzurunuzda te\u015fekk\u00fcr etmek istiyorum.<\/p>\n<p>Ayr\u0131ca 1952\u2019de Bulgaristan\u2019a gelen Naz\u0131m Hikmet Dobruca\u2019y\u0131 k\u00f6y k\u00f6y gezerken yapt\u0131\u011f\u0131 konu\u015fmalar\u0131nda, Bulgar idaresinin T\u00fcrk-Bulgar ay\u0131r\u0131m\u0131 siyasetini tuzla buz etmi\u015f, ekti\u011fi fikirler 5-6 senede ye\u015ferince, Bulgaristan\u2019da medeni anlamda T\u00fcrk kimli\u011fi yarat\u0131lmas\u0131nda, okul, lise, pedagoji mektepleri ve din okullar\u0131m\u0131z ve hatta Sofya \u00dcniversitesinde T\u00fcrk\u00e7e tedrisatl\u0131 4-5 fak\u00fclte a\u00e7\u0131lmas\u0131na temel olmu\u015ftu. Naz\u0131m\u2019\u0131n fikirlerinin T\u00fcrkl\u00fck \u00e7\u0131ras\u0131 gibi yand\u0131\u011f\u0131 y\u0131llar\u00a0<strong>\u201cBulgaristanl\u0131 T\u00fcrklerin alt\u0131n \u00e7a\u011f\u0131d\u0131r.\u201d<\/strong>\u00a0Totalitarizm karanl\u0131\u011f\u0131na ra\u011fmen bizi \u0131s\u0131tan ruhsal oca\u011f\u0131m\u0131zd\u0131r. 70 y\u0131l \u00f6nce bi\u00e7imlenen \u0130stanbul diline dayal\u0131 T\u00fcrk kimli\u011fimize en b\u00fcy\u00fck darbe, H\u00d6H &#8211; T\u00fcrkl\u00fck d\u00fc\u015fmanl\u0131\u011f\u0131n\u0131 g\u00f6reve \u00e7a\u011f\u0131ran Bulgar devletinin 10 bin ayd\u0131n\u0131m\u0131z\u0131 memleketten kovmas\u0131 oldu.<\/p>\n<p>Art\u0131k y\u0131k\u0131lan bu \u00f6rnek, o d\u00f6nem k\u0131sa zamanda bir\u00e7ok T\u00fcrk\u00e7e gazete ve dergi ve 560 T\u00fcrk\u00e7e kitap bas\u0131lm\u0131\u015ft\u0131. Bulgaristan&#8217;da T\u00fcrkl\u00fck bahar\u0131 ye\u015fermi\u015fti. Bizler iyili\u011fin \u00f6l\u00fcms\u00fczl\u00fc\u011f\u00fcne inan\u0131yoruz.<\/p>\n<p>Bulgarlar\u0131n bizi, bizim de onlar\u0131 anlayabilmemizin ve karde\u015f\u00e7e, kom\u015fu kom\u015fu beraber ya\u015famam\u0131z i\u00e7in ger\u00e7e\u011fin 2 y\u00fcz\u00fcn\u00fc de tarih suyunda y\u0131kamak zorunday\u0131z. Analizimiz, Bulgar ger\u00e7ekli\u011finde bu iki y\u00fczden birinin k\u00fcflenip pasland\u0131\u011f\u0131, propaganda ile karart\u0131lan, ters y\u00fcz g\u00f6sterilen d\u00fcnya ve tarihin g\u00fcn \u0131\u015f\u0131\u011f\u0131na \u00e7\u0131kar\u0131labilece\u011fi inanc\u0131m\u0131 art\u0131r\u0131yor. Bu inan\u00e7 <strong>&#8220;B\u00fcy\u00fck T\u00fcrkiye&#8221;<\/strong> nin ve Avrupa Birli\u011fi&#8217;nin etkisiyle mutlaka boy atacakt\u0131r.\u00a0 Bulgaristan&#8217;\u0131n da gelece\u011fini s\u0131n\u0131r ve milliyet\u00e7ilik tan\u0131mayan bilgi toplumu belirleyece\u011fi i\u00e7in umutlar\u0131m\u0131z\u0131n ye\u015ferece\u011fine inanc\u0131m\u0131z b\u00fcy\u00fckt\u00fcr.<\/p>\n<p><strong>Bir de \u015fu var: TAR\u0130H TEKERR\u00dcRDEN \u0130BARETT\u0130R<\/strong><\/p>\n<p>Zorbal\u0131k alt\u0131nda, korkuya yenik d\u00fc\u015fm\u00fc\u015f bilin\u00e7, haf\u0131za k\u00fcp\u00fcne olumsuzluk depolar.\u00a0Katmerle\u015ferek s\u0131k\u0131\u015fan k\u00f6t\u00fcl\u00fckler, Bizans\u2019\u0131n yerine Osmanl\u0131n\u0131n, Ruslar, ard\u0131ndan Alman Nazilerinin, daha sonra en b\u00fcy\u00fck dalgalarla gelip \u00fcslenmeye yer arayan emperyalizmin \u00e7ulland\u0131k\u00e7a \u00e7ullanmas\u0131, biliyor musunuz neye benziyor?<\/p>\n<p>Duvardaki kirleri kapatmak i\u00e7in taze boya yapsan da, hava nemlendik\u00e7e k\u00fcfl\u00fc lekelerin alabildi\u011fine, yeniden ve yeniden s\u0131r\u0131tmas\u0131na\u2026 Fakat \u00e7\u0131kmayan boyalar\u0131n pa\u015fas\u0131 solmayan T\u00fcrk ebrusudur ve ebediyetle karde\u015ftir.<\/p>\n<p><strong>Bulgar tarihinde \u015fu tekerr\u00fcr\u00fcn izleri derindir:<\/strong><\/p>\n<p>\u00c7ar Samuil\u2019in bir g\u00fcnde15 bin askerinden oldu\u011funu bilin\u00e7 belirleyen ac\u0131 bir tarihsel ger\u00e7ek olarak an\u0131msad\u0131k. 899 y\u0131l sonra, tam tarih -18 Eyl\u00fcl 1913\u2019te yine Makedonya y\u00f6resinde, Rumlar ve S\u0131rplarla \u00e7arp\u0131\u015fmada Bulgar ordusundan 49 090 asker \u00f6ld\u00fc.<\/p>\n<p>21 bin 200\u2019\u00fc \u00f6m\u00fcr boyu sakat, toplam 102 bin 853 yaral\u0131 verdi. K\u00f6t\u00fcl\u00fc\u011f\u00fcn \u00f6l\u00fcms\u00fczle\u015ftirilmesi a\u00e7\u0131s\u0131ndan, buna olumsuzlu\u011fa tuz ekme diyebiliriz. Bu olaydan sonra, o \u201c<strong>y\u00e2rin yana\u011f\u0131ndan ba\u015fka her yerde ve her \u015feyde<\/strong> \u2026.\u201d Sembolizmi var ya, onu de\u011fi\u015ftiren bir karakter aynas\u0131 olan yeni bir Bulgar de\u011fimi do\u011fdu:<\/p>\n<p>\u201c<strong>Benim iyi olmam \u00f6nemli de\u011fil, onun k\u00f6t\u00fc olmas\u0131 \u00f6nemlidir<\/strong>.\u201d Bu anlay\u0131\u015f monar\u015fi zaman\u0131nda yerle\u015fti, totalitarizm d\u00f6neminde katmerle\u015fti ve toplumsal dayan\u0131\u015fma, ho\u015fg\u00f6r\u00fc, iyi kom\u015fuluk vs. gibi de\u011ferli erdemlere kuyu kazd\u0131. Bizans ve Osmanl\u0131dan sonra monar\u015fi \u015feklinde tek ki\u015filik fa\u015fist y\u00f6netim, ard\u0131ndan da sosyalist liderlik \u015feklindeki totaliter rejim bask\u0131s\u0131 alt\u0131nda ya\u015fayan Bulgar halk\u0131, g\u00fcn\u00fcm\u00fczde de zaman\u0131n\u0131 doldurmu\u015f ve uygulanmas\u0131 imk\u00e2ns\u0131zla\u015fm\u0131\u015f sahte demokrasiye bir t\u00fcrl\u00fc ayak uyduram\u0131yor. Bat\u0131n\u0131n hurda ideolojileri de art\u0131k bir i\u015fe yaram\u0131yor.<\/p>\n<p>Parlamenterli\u011fi Osmanl\u0131 birinci ve ikinci me\u015frutiyetinde \u00f6\u011frenen Bulgarlar, Veliko T\u0131rnono kurucu meclisine yumurtadan \u00e7\u0131km\u0131\u015f Liberal ve muhafazakarlar olarak dolmu\u015ftu. Bu tohumlar bizim toprakta zaman geldi fa\u015fizm ve totalitarizm yani ay\u0131r\u0131m ve haks\u0131zl\u0131k do\u011furdu. O zaman onlar\u0131n siyasi partileri yoktu, ama ellerinde baston ve ba\u015flar\u0131nda fot\u00f6y \u015fapka kendilerine sandalye ve bakanl\u0131k se\u00e7erken T\u00fcrklerin aras\u0131ndan geldiklerini unutuverdiler. 700 ki\u015fiye bir temsilci olmas\u0131 gereken mecliste, n\u00fcfusun % 52 T\u00fcrk olmas\u0131na kar\u015f\u0131n bir tek Vidin M\u00fcft\u00fcs\u00fc vard\u0131. Bizimle ilgili ayr\u0131m ve adaletsizli\u011fin ba\u015flad\u0131\u011f\u0131 y\u0131l 1879&#8217;dur. Birinci Anayasa b\u00f6yle mayalanm\u0131\u015ft\u0131.<\/p>\n<p><strong>\u0130\u015fte b\u00f6ylece BUG\u00dcN VE YARIN b\u00f6l\u00fcm\u00fcne ge\u00e7tik.<\/strong><\/p>\n<p>1908\u2019de \u00c7arl\u0131k olarak dirilen Bulgaristan bug\u00fcn bir parlamenter cumhuriyettir.<\/p>\n<p><strong>138 y\u0131ll\u0131k yeni tarihinde 3 Anayasa de\u011fi\u015fti.\u00a0<\/strong><\/p>\n<p><strong>Birincisi monar\u015fiyi yasalla\u015ft\u0131rd\u0131. <\/strong><\/p>\n<p><strong>1947\u2019de kabul edilen ikincisi Kom\u00fcnist Partisi y\u00f6netiminde halk idaresi, dedi. <\/strong><\/p>\n<p><strong>1992\u2019de kabul edilen \u00fc\u00e7\u00fcnc\u00fc anayasa sosyal, demokratik d\u00fczen dese de, hi\u00e7 birinde \u201c adalet, m\u00fclkiyetin temelidir\u201d ilkesine yer verilmedi.<\/strong><\/p>\n<p>Bu anayasalar\u0131n hepsinde belirtilen, yasama, y\u00fcr\u00fctme ve yarg\u0131 ayr\u0131m\u0131 asla uygulanmamas\u0131, anayasada yer almayan\u00a0<strong>\u201cki\u015fisel idare\u201d<\/strong>,\u00a0<strong>\u201c\u015fahsi rejim\u201d<\/strong>, <strong>\u201cdiktat\u00f6rl\u00fck\u201d<\/strong>,\u00a0<strong>\u201cfa\u015fist monar\u015fi\u201d, \u201ctotalitarizm\u201d<\/strong>\u00a0ve bir otokrasi erki i\u00e7in kullan\u0131lan di\u011fer tan\u0131mlarla zulme, bask\u0131 ve ter\u00f6re dayanan rejimler hep iktidarda bulundu. Zorbal\u0131\u011f\u0131n sivri ucu tek uluslu Bulgar devleti kurulurken hep etnik ve dini az\u0131nl\u0131klara y\u00f6neldi. Bogomil ruhuna kaz\u0131nm\u0131\u015f\u00a0<strong>\u201ce\u015fitlik ve karde\u015flik\u201d<\/strong>\u00a0ilkesi, 1795\u2019te Frans\u0131z burjuva devriminde de, ana slogan olsa da, Bulgaristan\u2019da hep, daha k\u00f6t\u00fc g\u00fcnler i\u00e7in, bir yerlere saklanm\u0131\u015f kald\u0131. Bu d\u00f6nemde az\u0131nl\u0131klar\u0131n, T\u00fcrklerin ve di\u011fer M\u00fcsl\u00fcmanlar\u0131n menfaatlerini de g\u00f6zeten ba\u015fbakanlar g\u00f6rev ba\u015f\u0131na gelmedi mi? Geldi. Bulgaristan hukuk devletinin geli\u015fmi\u015flik d\u00fczeyini, bu sene Ba\u015fbakan Boyko Borisov&#8217;un Temiyiz Mahkemesi oturumuna girdi\u011finde yarg\u0131\u00e7 ve savc\u0131lar\u0131n ayak kalkmas\u0131nda bir daha a\u00e7\u0131k\u00e7a g\u00f6rebildik. Yasan\u0131n \u00fcst\u00fcnl\u00fc\u011f\u00fc ilkesi duru\u015fma salonlar\u0131nda bir &#8220;<strong>\u00f6l\u00fc canl\u0131<\/strong>&#8221; olmaya devam ediyor. Bu sav, hele az\u0131nl\u0131k haklar\u0131 i\u00e7in, y\u00fczde y\u00fcz ge\u00e7erlidir.<\/p>\n<p><strong>Aleksand\u0131rStanboliyski<\/strong>\u00a0\u2013 Bulgaristan \u00c7ift\u00e7i Partisinin lideri bir istisnayd\u0131. 1920-lerde T\u00fcrklerin ekonomik ve k\u00fclt\u00fcrel haklar\u0131n\u0131 destekledi. T\u00fcrk okullar\u0131na bir\u00e7ok yerde devlet ve belediye m\u00fclk\u00fcnden toprak verdi. Sonra V\u0131lko \u00c7ervenmkov da 3-5 sene \u00f6zg\u00fcn k\u00fclt\u00fcr\u00fcm\u00fcz\u00fcn serpilip a\u00e7mas\u0131na olanak verdi. \u0130lkokullardan ba\u015fka liselerimizi a\u00e7t\u0131k, gazetelerimizi \u00e7\u0131kard\u0131k, b\u00fcy\u00fck say\u0131da kitap bast\u0131k, radyo yay\u0131nlar\u0131m\u0131z\u0131 ba\u015flatm\u0131\u015ft\u0131k, \u00f6zenci sanat canland\u0131, tiyatrolar\u0131m\u0131z a\u00e7\u0131ld\u0131. Ama \u00e7ok k\u0131sa s\u00fcrd\u00fc ve art\u0131k 60 y\u0131ldan beri \u00f6zledi\u011fimiz y\u0131llara d\u00f6nemiyoruz.<\/p>\n<p>1878\u2019de Osmanl\u0131\u2019dan kopan Prenslikte bir etnik ve dini az\u0131nl\u0131k olarak kalan T\u00fcrklerin gelece\u011fi anayasaya ve yasalara i\u015flenmedi. \u00c7ok etnikli olu\u015f ve farl\u0131 k\u00fclt\u00fcrl\u00fcl\u00fck yasalara girmedi.<\/p>\n<p>Osmanl\u0131 feodalizmi i\u00e7inde uyanan, Ayd\u0131nlanma \u00c7a\u011f\u0131 ya\u015fayan Bulgar milletinin kapitalist bir d\u00fczen kurmaya, yani demokrasiye, yani toplumsal ayr\u0131\u015f\u0131ma, yani t\u00fcm az\u0131nl\u0131klar\u0131n haklar\u0131n\u0131 tan\u0131maya a\u00e7\u0131lmas\u0131 gerekiyordu. Beklenen buydu. Hayal edilen ile uygulanan birbirini tutmad\u0131. Asl\u0131nda Bulgar ulusal devrim hareketi program\u0131n\u0131 Yunandan kopyalam\u0131\u015ft\u0131 ve bu bak\u0131ma ba\u015ftan a\u015fa\u011f\u0131 aldatmacayd\u0131.<\/p>\n<p><strong>16 Nisan 1879\u2019da T\u0131rnovo\u2019da toplanan B\u00fcy\u00fck Millet Meclisi<\/strong>\u2019nde kabul edilen <strong>BURJUVA ANAYASASI,<\/strong> Hollanda Anayasas\u0131\u2019ndan kopyalanm\u0131\u015ft\u0131, Hollanda s\u00f6m\u00fcrge metropol\u00fc, az\u0131nl\u0131\u011f\u0131 olmayan bir devletti. Fakat anayasal Prenslik hedeflendi\u011fi i\u00e7in bize en uygundu. Bu anayasa 68 y\u0131l y\u00fcr\u00fcrl\u00fckte kald\u0131 ve Berlin Anla\u015fmas\u0131 maddeleri de\u011fi\u015ftik\u00e7e, o da hep aleyhimizde\u00a0 ayarland\u0131.<\/p>\n<p><strong>Bug\u00fcn\u00fcm\u00fcz\u00fcn daha kolay anla\u015f\u0131lmas\u0131 i\u00e7in bir \u00f6rnekleme yap\u0131yorum.<\/strong><\/p>\n<p>Berlin Anla\u015fmas\u0131n\u0131n ilk \u015feklinde \u201c<strong>Bulgaristan\u2019a Ba\u011f\u0131ms\u0131zl\u0131k Tan\u0131nmas\u0131<\/strong>\u201d maddesi yoktur. Rus \u0130mparatoru 2-nci Nikolay\u2019\u0131n dayatmas\u0131 sonucu bu y\u00f6ndeki de\u011fi\u015fiklik yap\u0131ld\u0131.<\/p>\n<p><strong>Ba\u015fka bir misal:<\/strong><\/p>\n<p>Anayasas\u0131\u2019n\u0131n orijinalinde Prensi\u2019nin Do\u011fu Ortodoks Dinden olmas\u0131 \u015fart\u0131 vard\u0131r. Ferdinand Katolik\u2019ti. 1908 \u2013 1918 aras\u0131 \u00dc\u00e7\u00fcnc\u00fc Bulgar \u00c7arl\u0131\u011f\u0131n\u0131n ilk \u00c7ar\u0131 olabilmesi i\u00e7in veliahd\u0131n Do\u011fu Ortodoks Dininden olmas\u0131 \u015fart\u0131n\u0131 yine Rus \u00c7ar\u0131 \u0130kinci Nikolay getirdi. O\u011flu \u00dc\u00e7\u00fcnc\u00fc Boris vaftiz etti. Tangr\u0131 ilah\u0131n\u0131n H\u0131ristiyanl\u0131kla de\u011fi\u015ftirilmesinden sonra, Rumeli\u2019de din, dil, mezhep de\u011fi\u015ftirme i\u015flerinin ba\u015fka renkler al\u0131p, \u201c<strong>\u00e7\u0131kar gere\u011fi<\/strong>\u201d yap\u0131ld\u0131\u011f\u0131n\u0131 da g\u00f6r\u00fcyoruz. Ku\u015fkusuz ard\u0131ndan daha 1912\u2019de t\u00fcm Pomaklar\u0131n vaftiz edili\u015fi, minarelerin y\u0131k\u0131l\u0131p, camilerin kiliseye d\u00f6nd\u00fcr\u00fclmesi trajedisi ya\u015fand\u0131. 1936 ve 1942\u2019de vsy. Pomaklar\u0131n isim ve dinlerine daha \u015fiddetli bir sald\u0131r\u0131 geldi. 1950\u2019lerden sonra \u00c7ingeneler Bulgarla\u015ft\u0131r\u0131ld\u0131. 1972\u2019de Pomaklar\u0131n tamam\u0131na din ve dil haklar\u0131n\u0131 yeniden kaybetti. 1984-85\u2019te 1 milyon 250 bin T\u00fcrk\u00fcn isim, baba ad\u0131 ve soy atlar\u0131n\u0131n 3 ayda de\u011fi\u015ftirilmesi, dil ve din yasa\u011f\u0131, M\u00fcsl\u00fcman ahlak\u0131 kap\u0131s\u0131na anahtar vurulmas\u0131 sab\u0131r ta\u015f\u0131rd\u0131.<\/p>\n<p>Halk ayakland\u0131 ve totalitarizm ba\u015f\u0131 Todor\u00a0 Jivkov\u2019u 10 Kas\u0131m 1989\u2019da devirdi.\u00a0Bulgaristan anayasal-demokratik bir \u00fclkedir diyoruz da, 20. y\u00fczy\u0131l boyunca ba\u015f\u0131m\u0131za gelen \u015fu s\u0131ralad\u0131\u011f\u0131m vah\u015fetin bir harfi, bir virg\u00fcl\u00fc anayasada ve yasalarda yoktur.<\/p>\n<p>Anayasa totalitarizmin s\u00f6k\u00fclmesini \u00f6ng\u00f6rmedi\u011fi gibi, &#8220;<strong>soya d\u00f6n\u00fc\u015f&#8221;, &#8220;k\u00fclt\u00fcrel soy k\u0131r\u0131m<\/strong>&#8221; kurbanlar\u0131n\u0131n katillerinin tutuklan\u0131p yarg\u0131lanmas\u0131n\u0131 da \u00f6ng\u00f6rmemi\u015ftir.<\/p>\n<p>Olaya olumsuzlama a\u00e7\u0131s\u0131ndan bakarsak, Bug\u00fcnk\u00fc Bulgaristan topraklar\u0131ndaki Osmanl\u0131 devlet yap\u0131s\u0131n\u0131n, k\u00fclt\u00fcr ve uygarl\u0131\u011f\u0131n\u0131n k\u00f6kten ret edilmesi\u00a0\u00a0<strong>\u201c93 harbi\u201d<\/strong>\u00a0ve ilk Bulgar Anayasas\u0131yla hemen, birden bire olmam\u0131\u015ft\u0131r. Bir defa Do\u011fu Rumeli Osmanl\u0131ya ba\u011fl\u0131 kalm\u0131\u015ft\u0131r. \u0130kinci, Osmanl\u0131ya kar\u015f\u0131 geli\u015fen Bulgar milli kurtulu\u015f hareketi, komitac\u0131l\u0131k, ayd\u0131nlanma s\u00fcreci ge\u00e7mi\u015fi ret etme a\u00e7\u0131s\u0131ndan, az\u0131nl\u0131klara, T\u00fcrklere, Yahudilere, Ermenilere vb. milli az\u0131nl\u0131klarla ilgili\u00a0<strong>\u201cvatanda\u015fl\u0131k haklar\u0131n\u0131 yitirirler\u201d<\/strong>\u00a0gibi bir a\u015f\u0131r\u0131l\u0131\u011fa tak\u0131lmam\u0131\u015ft\u0131r. 19. y\u00fczy\u0131l\u0131n ikinci yar\u0131s\u0131nda Bulgar ruhunu saran bu hareketlenmeyi ad\u0131m ad\u0131m kaleme alan, komitac\u0131, Diyarbak\u0131r mahk\u00fbmu,\u00a0 Krall\u0131k d\u00f6neminde meclis ba\u015fkan\u0131 Zahari Stoyanov, Bulgaristan T\u00fcrklerini anlat\u0131rken <strong>\u201cmemleketimizde her zaman var olacaklard\u0131r\u201d<\/strong>\u00a0c\u00fcmlesini kullanm\u0131\u015ft\u0131r.<\/p>\n<p>Ola\u011fan\u00fcst\u00fc \u00e7al\u0131\u015fkan, namuslu, vatansever, d\u00fcr\u00fcst insanlar olarak bilinen ve toplu halde ya\u015fayan Bulgaristanl\u0131 T\u00fcrkler, yak\u0131n tarihimizde, ba\u015flar\u0131na gelenlere ra\u011fmen,\u00a0 Bulgar devletinin y\u00fcz\u00fcn\u00fc defalarca ak etmi\u015flerdir. Bir defa, isimleri de\u011fi\u015ftirilmezden sadece bir y\u0131l \u00f6nce Bulgar d\u00f6viz gelirinin % 49\u2019una tek\u00e2m\u00fcl eden tar\u0131m ve sanayi \u00fcretimini onlar sa\u011flam\u0131\u015ft\u0131r.<\/p>\n<p><strong>Bir\u00e7ok kez d\u00fc\u015fmanl\u0131klar\u0131 emek ve insan sevgisiyle yenmi\u015flerdir.<\/strong><\/p>\n<p><strong>Spor dal\u0131ndan \u00f6rneklersek,<\/strong>\u00a0a\u011f\u0131r s\u0131klet serbest g\u00fcre\u015fte L\u00fctf\u00fc Ahmedov Olimpiyat ve d\u00fcnya \u015fampiyonu alt\u0131n madalyalar\u0131n\u0131 Sofya\u2019ya getirendir. Naim S\u00fcleymano\u011fulu, Halil MUTLU hepimizin gururudur.<\/p>\n<p><strong>M\u00fczik dal\u0131nda,<\/strong>\u00a0MesruMehmedov New York filarmonisiyle d\u00fcnyay\u0131 aya\u011fa kald\u0131rd\u0131. Ge\u00e7en sene \u015eumnulu ikiz karde\u015fler \u0130brahim ile Hasan Malta\u2019da d\u00fczenlenen EVROV\u0130ZYON yar\u0131\u015f\u0131nda ikinci oldular. K\u0131rcaaliye ba\u011fl\u0131 \u00c7ernoo\u00e7ene (Karag\u00f6zler)\u00a0 lisesinden Bayse k\u0131z\u0131m\u0131z D\u00fcnya Satran\u00e7 Birincisi oldu. Bu ba\u015far\u0131lar\u0131m\u0131z\u0131 saymakla bitiremeyiz.<\/p>\n<p><strong>\u015eimdi biraz politik yap\u0131dan s\u00f6z edelim:<\/strong><\/p>\n<p>Osmanl\u0131n\u0131n ba\u011fr\u0131nda mayalanan Bulgar politik yap\u0131lanmas\u0131 T\u0131rnovo meclisinde\u00a0<strong>\u201cliberaller\u201d<\/strong>\u00a0 ve <strong>\u201cmuhafazak\u00e2rlar\u201d<\/strong>\u00a0olarak iki renkte ortaya \u00e7\u0131kt\u0131, dedim. Sonra onlara Dimit\u0131r Blagoev\u2019in, sosyal demokratlar\u0131,<strong>\u201cgeni\u015f\u201d<\/strong>\u00a0ve\u00a0<strong>\u201cdar sosyalist-kom\u00fcnistleri\u201d<\/strong>\u00a0kar\u0131\u015ft\u0131. 1990\u2019da Bulgaristan Halk \u00c7ift\u00e7i Partisi kuruldu. Fa\u015fizm d\u00f6neminde\u00a0<strong>\u201clejyonerler\u201d<\/strong>\u00a0a\u011f\u0131rl\u0131k kazand\u0131. Sosyalizm y\u0131llar\u0131nda \u00c7ift\u00e7iler kom\u00fcnist partisine\u00a0<strong>\u201ckoltuk de\u011fne\u011fi\u201d <\/strong>oldu. \u015eimdi Bulgaristan\u2019da tescili yap\u0131lm\u0131\u015f 400&#8217;den fazla politik parti var. Bunlardan 8\u2019i mecliste temsil ediliyor. D\u00f6rd\u00fc iktidar orta\u011f\u0131 idi, \u015fimdi ABV ayr\u0131lm\u0131\u015f, 125 oyla 3 parti iktidardad\u0131r.<\/p>\n<p>1890\u2019dan beri kurulan da\u011f\u0131lan ama nas\u0131lsa bug\u00fcnlere eri\u015fen siyasi parti ve fraksiyonlar\u0131n aras\u0131na 1990\u2019\u0131n 4 Ocak g\u00fcn\u00fc Bulgaristan T\u00fcrklerinin Hak ve \u00d6zg\u00fcrl\u00fckler Hareketi kat\u0131ld\u0131. Parti, 1960\u2019lardan sonra Kom\u00fcnist Parti\u2019nin Bulgaristan\u2019da ya\u015fayan T\u00fcrk ve M\u00fcsl\u00fcmanlar\u0131n \u00f6zg\u00fcn k\u00fclt\u00fcrel haklar\u0131 ve ibadet \u00f6zg\u00fcrl\u00fc\u011f\u00fc ve M\u00fcsl\u00fcman ya\u015fam tarz\u0131na, adet ve geleneklerine ba\u011fl\u0131 olarak ya\u015famaya devam etme arzusunda kurulmu\u015ftu.<\/p>\n<p><strong>Direni\u015f y\u0131llar\u0131nda toplam 44 dernek, kul\u00fcp, birlik, \u00f6rg\u00fct ve parti kurulmu\u015ftur.<\/strong><\/p>\n<p>\u015eunu \u00f6nemle belirmek istiyorum. Hak ve \u00d6zg\u00fcrl\u00fck Hareketi kurulmas\u0131na giden yol Bulgaristan\u2019\u0131n totalitarizmden kurtulu\u015fu ve demokrasiye a\u00e7\u0131lma yoludur. Bu direni\u015flerde Bulgarlar da at\u0131l\u0131m i\u00e7inde olsalar da, T\u00fcrklerin ve Pomaklar\u0131n direni\u015f \u00f6rg\u00fctleri ile Bulgar demokrasi ve insan haklar\u0131 \u00f6rg\u00fctleri aras\u0131nda organik ba\u011f kurulamam\u0131\u015ft\u0131r. 1990\u2019dn sonra Bulgar kamuoyu par\u00e7alan\u0131rken bu kopukluk hemen belirdi. O zaman Demokratik g\u00fc\u00e7lerle T\u00fcrk \u00f6zg\u00fcrl\u00fck hareketi kayna\u015ft\u0131r\u0131lmad\u0131. Buna engel olan BKP&#8217;dir.\u00a0 O zaman Demokratik G\u00fc\u00e7ler Birli\u011fi (CDC) ile Halk ve \u00d6zg\u00fcrl\u00fck Hareketi (H\u00d6H) \u00fcn birle\u015fip kayna\u015fmas\u0131ndan korktu.<\/p>\n<p>S\u00f6ylemek istedi\u011fim bir ger\u00e7ek daha var. Gerek Bulgar, gerekse T\u00fcrk ve Pomaklar\u0131n insan haklar\u0131 ve demokrasi m\u00fccadelesi hele &#8220;soya d\u00f6n\u00fc\u015f&#8221; zulm\u00fc y\u0131llar\u0131nda \u00a0<strong>Bulgar gizli polisinin ve Rus d\u0131\u015f istihbarat \u00f6rg\u00fct\u00fc KGB g\u00f6z\u00fcnden ka\u00e7mam\u0131\u015ft\u0131r. Bu y\u0131llarda T\u00fcrklerin ve di\u011fer M\u00fcsl\u00fcmanlar\u0131n aras\u0131ndan toplam 3 bin 16 hafiye, rejim lehinde \u00e7al\u0131\u015fmaya zorlanm\u0131\u015ft\u0131r. Hainli\u011fi kabul etmeyenler yok edilmi\u015ftir. \u0130dam edilen T\u00fcrklerin say\u0131s\u0131 hen\u00fcz a\u00e7\u0131klanmam\u0131\u015ft\u0131r.<\/strong><\/p>\n<p>Hainli\u011fi kabul eden ki\u015filer B\u00fcy\u00fck G\u00f6\u00e7te halk\u0131n evini, yurdunu elinin tersiyle itip, yola d\u00fc\u015fmesinde de k\u0131\u015fk\u0131rt\u0131c\u0131 rol g\u00f6rm\u00fc\u015flerdir. Bulgaristan\u2019da toplumsal ilerlemenin mezar\u0131n\u0131 totalitarizm kal\u0131nt\u0131lar\u0131yla BSP-DPS hep birlikte kazd\u0131.<\/p>\n<p><strong>Di\u011fer partilere gelince, bilinmesi gereken \u015funlard\u0131r.<\/strong><\/p>\n<p>1989\u2019da totaliter rejimin \u00e7\u00f6kmesi ve 1992\u2019de Anayasa\u2019n\u0131n 1. maddesi de\u011fi\u015ftirilerek. BKP\u2019nin toplumdaki y\u00f6netici rol\u00fc kald\u0131r\u0131l\u0131nca, Kom\u00fcnist Partisi hemen k\u0131l\u0131f de\u011fi\u015ftirdi. Bulgaristan sosyalist partisi oldu. BKP\u2019nin ordu ve polis d\u0131\u015f\u0131, i\u015f\u00e7i k\u00f6yl\u00fc kadrolar\u0131 ve kitlesi partide kald\u0131. BSP 26 y\u0131lda 3 h\u00fck\u00fcmet kurdu. 2 d\u00f6nem Cumhurba\u015fkan\u0131 H\u00d6H-DPS ile birlikte \u00e7\u0131kard\u0131lar.<\/p>\n<p>Son y\u0131llarda BSP ufalanmaya devam ediyor. Hele Bulgaristan\u2019\u0131n 2004\u2019te NATO\u2019ya ve 2007\u2019de AB\u2019ye al\u0131nmas\u0131yla ve toplumun Moskova\u2019dan kopma havas\u0131na girmesiyle BSP par\u00e7alanarak k\u00fc\u00e7\u00fcl\u00fcyor. Halen mecliste BSP yaln\u0131zca 46 milletvekili var. 1 Kas\u0131mda yap\u0131lan yerel se\u00e7imlerde ilk defa \u0130l belediye ba\u015fkan\u0131 \u00e7\u0131karamad\u0131. Ba\u015fkan ve y\u00f6netim de\u011fi\u015fimi i\u00e7in Kurultay haz\u0131rl\u0131\u011f\u0131 g\u00f6r\u00fcyor. Pazar g\u00fcn yap\u0131lan 46. kurultay\u0131nda Ba\u015fkan de\u011fi\u015ftirdi ve 1891&#8217;den beri parti ba\u015f\u0131na ilk kez bir Bayan &#8211; Korneliya Manolova ge\u00e7ti.Hem Bat\u0131c\u0131 hem Moskovac\u0131 zihniyet olu\u015fturup yeni lider yeti\u015ftirmek zor olsa erek.<\/p>\n<p>1990\u2019da patlayan devrim dalgas\u0131 Sofya meydanlar\u0131na 1 milyon 200 bin ki\u015fi \u00e7\u0131kard\u0131. O zaman Demokratik G\u00fc\u00e7ler Birli\u011fi Kuruldu. 1997\u2019ye kadar toplumun nabz\u0131n\u0131 tuttu. Demokrat Jel\u00fc Jelev \u00a0ve Pet\u0131r Stoyanov Cumhurba\u015fkan\u0131 oldular. zaman\u0131n ge\u00e7mesiyle bu balonu \u015fi\u015firenin de gizli servis ve kom\u00fcnistler oldu\u011fu ortaya \u00e7\u0131kt\u0131. Balon 1997\u2019de patlad\u0131. Demokratik G\u00fc\u00e7ler Birli\u011fi k\u0131r\u0131nt\u0131lar\u0131n\u0131n bug\u00fcnk\u00fc 5 yamal\u0131 \u201c<strong>Reformcu Blok<\/strong>\u201d bile\u015fiminde g\u00f6r\u00fcyoruz. Onlar Bulgar meclisinde ilgin\u00e7 bir tablo sergilediler. Yar\u0131s\u0131 iktidarda ve 5 bakanl\u0131\u011f\u0131 elinde tutarken, ayn\u0131 birli\u011fin motoru olan G\u00fc\u00e7l\u00fc Bulgaristan Partisi vekilleri ise muhalefettedir. Bu erken se\u00e7imin kap\u0131 \u00e7ald\u0131\u011f\u0131na ba\u015fka bir i\u015farettir.<\/p>\n<p>Dedi\u011fim gibi, h\u00fckmet orta\u011f\u0131 olan ve topumu k\u00f6kten d\u00f6n\u00fc\u015ft\u00fcrme hevesiyle Adalet, Sa\u011fl\u0131k, Ekonomi, E\u011fitim ve Savunma gibi en \u00f6nemli 5 bakan koltu\u011funa da oturan bu siyasi k\u0131r\u0131nt\u0131, kendisinin yerinde sayd\u0131\u011f\u0131 yetmezmi\u015f gibi, topluma da yerinde sayd\u0131r\u0131yor. Son 26 y\u0131l, hayat, Demokratik G\u00fc\u00e7ler Birli\u011fi\u2019nin toplumu totalitarizmden demokrasiye d\u00f6n\u00fc\u015ft\u00fcrebilecek bir kapasite sahip olmad\u0131\u011f\u0131n\u0131 g\u00f6sterdi. Fakat ge\u00e7im s\u0131k\u0131nt\u0131s\u0131na yenik d\u00fc\u015fen, ama umudunu yitirmeyen se\u00e7men kitlesi, 1 Kas\u0131m yerel se\u00e7imlerinde Refomculara 3 ilde se\u00e7im kazand\u0131rd\u0131.<\/p>\n<p>2001\u2019de Bulgar siyasi arenas\u0131na, kom\u00fcnistlerce 1945\u2019te \u00e7\u00f6pl\u00fc\u011fe at\u0131lan \u00e7arl\u0131k varislerinden II. Simiyon \u00e7\u0131kt\u0131. Onun, 50 y\u0131ldan sonra Madrid\u2019den d\u00f6nmesi, Moskova\u2019n\u0131n biz tasar\u0131m\u0131 olarak de\u011ferlendirildi. Dedesi Ferdinand, Avrupa Saray s\u00fclalelerinden olsa da Rus \u00c7ar\u0131 II. Nikoay ile anla\u015fm\u0131\u015f, babas\u0131 III. Boris ise Hitler taraf\u0131ndan zehirlenmi\u015fti. Hariciyede bulundu\u011fu yar\u0131m as\u0131rda KGB\u2019nin g\u00f6z\u00fc hep Simiyon\u2019un \u00fczerinde olmu\u015ftu. 2001\u2019de Sofya\u2019ya inmesi, bir platform a\u00e7\u0131klamadan, parti bile kuramadan, ben sizin maddi durumunuzu 834 g\u00fcnde iyile\u015ftirece\u011fim vaadiyle ba\u015fbakan olmas\u0131, toplumun psikolojik durumunu kendili\u011finden anlatan benzeri zor bulunur, b\u00fcy\u00fck bir \u00f6rnektir.<\/p>\n<p>Onun geri gelmesi ve halk\u0131n g\u00f6z\u00fcne bir k\u0131s\u0131m renkli k\u00fcl atmas\u0131 \u015f\u00fcphesiz KGB ve yerli servislerin kurgusuydu. Bu balon da patlad\u0131. Ne var ki, Bulgar Do\u011fu Ortodoks Kilisesi Sinod\u2019u \/Ruhsal Kurum\/onun \u00c7arl\u0131\u011f\u0131n\u0131 tan\u0131d\u0131. Pazar ve bayram ayinlerinde duas\u0131 ediliyor. Simeon sayfas\u0131, sanki 2005\u2019te kapansa da, Ekim 2016 se\u00e7imlerinde Cumhurba\u015fkan\u0131 adayl\u0131\u011f\u0131n\u0131n hem Moskova, hem Washington ve hem de Br\u00fcksel taraf\u0131ndan desteklenmesi muhtemeldir.<\/p>\n<p>Halen iktidar\u0131n orta dire\u011fi ve \u00fclkenin ana siyasi partisi olan Avrupa Vatanda\u015fl\u0131\u011f\u0131 \u0130\u00e7in Bulgaristan Partisi\u2013GERB Ba\u015fkan\u0131 ve Ba\u015fbakan BoykoBorisov H\u00fck\u00fcmeti devam ettirmekte. Y\u0131llar y\u0131l\u0131 yapt\u0131\u011f\u0131 i\u015f TodorJivkov\u2019u korumak olmu\u015ftu.\u00a0 GERB \u2013 Bulgaristan emekli Ordulu, polis, itfaiyeci, jandarma, onlar\u0131n yak\u0131nlar\u0131 vesaire tabakas\u0131n\u0131n partisidir. Bu, ya\u015flanan ve g\u00fc\u00e7s\u00fcz kalan kom\u00fcnistlerin, belki de sahaya \u00e7\u0131karabildi\u011fi amma kontrol edemedi\u011fi bir tak\u0131m haline d\u00f6n\u00fc\u015ft\u00fc.<\/p>\n<p>\u015e\u00f6yle d\u00fc\u015f\u00fcnelim.\u00a0 Bu parti de Kom\u00fcnist Partisi \u201cmatr\u00f6\u015fkas\u0131\u201d i\u00e7inden \u00e7\u0131kt\u0131. Fakat sosyalistler kadar k\u00f6r Moskovac\u0131 de\u011fildir. Kabineye sa\u011fdan soldan 3 parti daha \u00e7eken Boyo Borisov, geminin alabora olmas\u0131ndan sorumlu olmad\u0131\u011f\u0131n\u0131 \u00f6nceden beyan eden bir kaptan gibidir.<\/p>\n<p>Bug\u00fcn H\u00d6H y\u00f6netiminde parti kurucular\u0131ndan, hapislerden, i\u015fkence odalar\u0131ndan ge\u00e7mi\u015f T\u00fcrk ve Pomaklardan bir tek temsilci yoktur. T\u00fcrk k\u00fclt\u00fcr\u00fc ve T\u00fcrk kimli\u011fi gibi konular\u0131 rafa kald\u0131rm\u0131\u015ft\u0131r.<\/p>\n<p>T\u00fcrk ve Pomak se\u00e7men taban\u0131 H\u00d6H elit kesiminin milletvekilleri, belediye ba\u015fkanlar\u0131 ve muhtarlar\u0131 yukar\u0131dan dayatma siyasetine sert tepki g\u00f6stermeye ba\u015flad\u0131. Orant\u0131l\u0131 \/portsionel\/ sistemi esas alan Bulgar se\u00e7im kanununda 2013\u2019te yap\u0131lan son de\u011fi\u015fiklikle, se\u00e7mene parti listesi i\u00e7inde se\u00e7ti\u011fini i\u015faretleyip\u00a0 oy verme hakk\u0131 tan\u0131nd\u0131. Tepki ve direni\u015f yolar\u0131 arayan se\u00e7menlerimiz 2014 erken genel se\u00e7imlerinde bilin\u00e7li oy kulland\u0131lar.<\/p>\n<p>Blagoevgrat ile Razgarad\u2019a ba\u011fl\u0131 Kubrat ve \u0130sperih \/Kemaller\/ belediyesinde tercihli se\u00e7me usul\u00fcn\u00fc ustaca kullanarak H\u00d6H Merkez y\u00f6netiminden dayat\u0131lan aylara de\u011fil de, tan\u0131d\u0131klar\u0131, sevdikleri, kendilerini daha\u00a0do\u011fru temsil edeceklerine inand\u0131klar\u0131 ki\u015fileri se\u00e7tiler. Ba\u015fev ile H\u00fcsmen G\u00fcnay beyleri listenin alt s\u0131ralar\u0131ndan \u00e7\u0131kar\u0131p parlamentoya g\u00f6nderdiler.<\/p>\n<p>Parti y\u00f6netimi ikisini de disiplin bozmakla cezaland\u0131rd\u0131. 1 Kas\u0131m 2015 yerel se\u00e7imlerinde tepki daha da b\u00fcy\u00fck oldu. Ayn\u0131 sistemi daha kararl\u0131 ve ba\u015far\u0131l\u0131 uygulayan T\u00fcrk ve Pomak se\u00e7men Dulovo \/Akkad\u0131nlar\/, \u0130sperih \/Kemaller\/, Kubrat, Nikola Kozlevo ve G\u0131rmen gibi T\u00fcrkl\u00fck ve M\u00fcsl\u00fcmanl\u0131k kalelerinde H\u00d6H partisini yerel y\u00f6netimden indirdi, bir\u00e7ok muhtarl\u0131klar\u0131 ba\u011f\u0131ms\u0131z adaylar\u0131m\u0131z se\u00e7ildi.<\/p>\n<p>Ve bug\u00fcn DOST partisi ba\u015fkan\u0131 L\u00fctfi Mestan&#8217;\u0131 d\u00fcn\u00fcn aynas\u0131nda arayanlar\u00a0 i\u015fte bu olaylar\u0131 g\u00f6r\u00fcyorlar.\u00a0 O d\u00f6nem o H\u00d6H Genel Ba\u015fkan\u0131yd\u0131. Direnenler ona kar\u015f\u0131 ba\u015fkald\u0131rm\u0131\u015ft\u0131. Bu olaylar, 2013&#8217;\u00fcn Oca\u011f\u0131nda H\u00d6H 8. Ola\u011fan Kurultay\u0131nda gen\u00e7 delege Oktay Yeni Mehmedin Ahmet Do\u011fan&#8217;\u0131 k\u00fcrs\u00fcden indirmesinden sonra, T\u00fcrk ve M\u00fcsl\u00fcman Pomak taban\u0131nda b\u00fcy\u00fck bir hareketlenme oldu\u011funa, bilin\u00e7lenme ve T\u00fcrk kimli\u011fini peki\u015ftirme s\u00fcrecinin yaln\u0131z k\u00f6k de\u011fil, art\u0131k dal budak sald\u0131\u011f\u0131na kesin i\u015farettir.<\/p>\n<p>Bu olaylar\u0131n birikimi H\u00d6H partisi i\u00e7indeki kaynamay\u0131 h\u0131zland\u0131rd\u0131, kar\u0131\u015f\u0131kl\u0131klar boy att\u0131. T\u00fcrkiye Silahl\u0131 Kuvvetlerinin &#8220;CU-24&#8221; Rus sava\u015f u\u00e7a\u011f\u0131n\u0131 d\u00fc\u015f\u00fcrmesi ve H\u00d6H milletvekili grubunun bir bildiri ile olay\u0131 desteklemesi ve NATO-cu ve Avrupa &#8211; Atlantik siyasetine ba\u011fl\u0131l\u0131k beyan etmesi danan\u0131n kuyru\u011funu kopard\u0131.<\/p>\n<p>17 Aral\u0131k 2015&#8217;te H\u00d6H lideri, 3 y\u0131ldan beri kapal\u0131 bulundu\u011fu evden \u00e7\u0131kmayan Ahmet Do\u011fan parti &#8220;\u015feref&#8221; ba\u015fkan\u0131 s\u0131fat\u0131yla L\u00fctfi Mestan, \u015eaban Ali Ahmet vve daha 2 milletvekilini partiden ayr\u0131lmaya zorlad\u0131. H\u00d6H&#8217;ten \u00e7\u0131kanlara K\u0131rcaali il ba\u015fkan\u0131 Bahri \u00d6mer de kat\u0131ld\u0131 ve 9 Nisan 2016 g\u00fcn\u00fc Sofya&#8217;da bu inisyatif grubu bir kurucu kurultay toplad\u0131 ve DOST partisini tescil ettirmek \u00fczere mahkemeye ba\u015f vurdu. Partinin Avrupa Atlantik\u00e7i, T\u00fcrkiye yanda\u015f\u0131, neo liberal olaca\u011f\u0131 a\u00e7\u0131kland\u0131. Mahkeme kay\u0131t i\u015flemini hen\u00fcz bitirmedi. Bu, H\u00d6H&#8217;ten ayr\u0131lan 8. partidir.<\/p>\n<p>H\u00d6H kendini Bulgaristan T\u00fcrk M\u00fcsl\u00fcmanlar\u0131n\u0131n\u00a0 demokrasi ve insan haklar\u0131 m\u00fccadelesinin, May\u0131s 1989 Ayaklanmam\u0131z\u0131n bir \u00fcr\u00fcn\u00fc olarak kabul ettirse de, asl\u0131nda Bulgar totalitarizminin ve Bulgar Rus gizli polis ortakl\u0131\u011f\u0131n\u0131n Bulgaristanl\u0131 T\u00fcrkleri T\u00fcrkiye&#8217;den ve \u00f6z davalar\u0131ndan koparma ortakl\u0131\u011f\u0131n\u0131n bir \u00fcr\u00fcn\u00fcd\u00fcr.<\/p>\n<p>Dost partisi H\u00d6H&#8217;ten ayr\u0131ld\u0131. Genel Ba\u015fkan L. Mestan, Bulgaristanl\u0131 T\u00fcrklerin demokrasi hareketini sol arenadan sa\u011fa cepheye \u00e7eken bir parlamentocu ve lideriydi. Sosyalistlerde \u00f6p\u00fc\u015ft\u00fc, Ba\u015fbakanla kahve i\u00e7ti ama kayna\u015famad\u0131. T\u00fcrklerin partisinin sa\u011fda olmay\u0131 tercih etmesi Bulgarlar\u0131 kudurttu, &#8220;<strong>k\u00f6klerini kaz\u0131yaca\u011f\u0131z<\/strong>&#8221; slogan\u0131 o zaman belirdi.<\/p>\n<p>DOST bir sa\u011f parti oldu\u011funu ya da olaca\u011f\u0131n\u0131 iddia etti. Onun se\u00e7menleri de H\u00d6H se\u00e7menleri gibi k\u00f6yl\u00fcler-imizdir. K\u00f6yl\u00fcl\u00fc\u011f\u00fcn, emek\u00e7i kesimin sa\u011f partisi olmaz. \u0130deolojik ve politik konularda \u00e7ok \u00e7al\u0131\u015fmak gerekece\u011fine inan\u0131yorum. Bu partide s\u00f6z\u00fc dinlenen hatip olarak, &#8220;<strong>H\u00d6H&#8217;\u00fcn milad\u0131 doldu<\/strong>&#8221; diyen Mehmet Hoca dikkat \u00e7ekiyor. O da H\u00d6H genel Ba\u015fkanl\u0131\u011f\u0131ndan ayr\u0131lm\u0131\u015ft\u0131. \u015eu d\u00f6nem DOST&#8217;un g\u00f6z\u00fc soyda\u015flar\u0131m\u0131z\u0131n oylar\u0131nda. Yaln\u0131z ba\u015f\u0131na Bulgaristan&#8217;da baraj\u0131 atlamas\u0131 m\u00fcmk\u00fcn olmad\u0131\u011f\u0131ndan, g\u00f6z\u00fcn\u00fc \u0130stanbul ve Bursa&#8217;ya \u00e7evirmi\u015f durumdad\u0131r. T\u00fcrkiye derneklerinden yard\u0131m bekliyor.<\/p>\n<p>Se\u00e7menimizde ola\u011fan\u00fcst\u00fc bir durgunluk var ve oylar\u0131n H\u00d6H&#8217;ten DOST&#8217;a ak\u0131t\u0131lmas\u0131 sert bir m\u00fccadele konusudur.<\/p>\n<p><strong><img data-recalc-dims=\"1\" height=\"360\" width=\"640\" decoding=\"async\" src=\"https:\/\/i0.wp.com\/www.bghaber.org\/bghaber\/wp-content\/uploads\/2016\/05\/ural-konfrns-768x432.jpg?resize=640%2C360\" alt=\"ural konfrns\" \/><\/strong><\/p>\n<p><strong>BULT\u00dcRK y\u00f6netimi olarak biz de DOST kurulu\u015funa kat\u0131ld\u0131k, kendilerini kutlad\u0131k.<\/strong><\/p>\n<p>BULT\u00dcRK y\u00f6netimi olarak biz daha \u00f6nce de, yerel se\u00e7imlerden sonra\u00a0 Dobrucaya ve Deliormana gittik. H\u00d6H&#8217;ten ayr\u0131lan ve yeni se\u00e7ilen ba\u011f\u0131ms\u0131z belediye ba\u015fkanlar\u0131 kutlad\u0131k, kendilerine moral verdik. Bulgaristan\u2019da adalet ve demokrasi i\u00e7in isyan eden T\u00fcrkler ger\u00e7ek demokrasi yolunu a\u00e7maya ba\u015flad\u0131. Halk savc\u0131s\u0131n\u0131, polis \u015fefini, belediye ba\u015fkan\u0131n\u0131 ve milletvekilini \u00e7o\u011fulcu sisteme g\u00f6re (majoriter) kendisi se\u00e7mek istiyor. Bu uzun ve dik bir yol, bilin\u00e7li m\u00fccadele yoludur.<\/p>\n<p>G\u00f6rd\u00fc\u011f\u00fcn\u00fcz \u00fczere, Bulgaristan\u2019\u0131, devlet yap\u0131s\u0131n\u0131, se\u00e7im sistemini, Bulgarlar\u0131 anlatmak pek \u00f6yle kolay de\u011fil. \u00c7ok problemli k\u00fc\u00e7\u00fck bir \u00fclke so\u011fuk r\u00fczg\u00e2rlar\u0131n geldi\u011fi kuzey kom\u015fumuz.<\/p>\n<p>Art\u0131 konu\u015fmam\u0131 toparl\u0131yorum. En \u00e7ok kulland\u0131\u011f\u0131m s\u00f6zlerden birisi Bulgaristan, ikincisi de ANAYASA oldu.<\/p>\n<p>Anayasa her devletin <strong>ADALET D\u0130RE\u011e\u0130D\u0130R<\/strong>.<\/p>\n<p>Son ve \u00dc\u00e7\u00fcnc\u00fc Bulgaristan Anayasas\u0131 1992\u2019de kabul edildi. Bu totalitarizmden demokrasiye ge\u00e7i\u015f anayasas\u0131 olmal\u0131yd\u0131. O zaman bu hamurdan ekmek pi\u015fmeyece\u011fini anlam\u0131\u015f olacaklar, Demokratik G\u00fc\u00e7ler Birli\u011fi ve Hak ve \u00d6zg\u00fcrl\u00fck Hareketinin B\u00fcy\u00fck Millet Meclisi parlamenterleri Anayasay\u0131 imzalamam\u0131\u015flard\u0131. Daha sonra bu anayasada kez\u00a0<u>retu\u015f<\/u>\u00a0yap\u0131ld\u0131. 2014\u2019te erken genel se\u00e7imlerden sonra kurulan 2. Boyko Borisov h\u00fckumeti Adalet reformu sonunu, ge\u00e7ici se\u00e7im h\u00fck\u00fcmetinde Adalet Bakan\u0131 olan Hristo \u0130vanov\u2019u Reformcu Blok bile\u015fiminden bakan olarak b\u0131rakarak \u00e7\u00f6zd\u00fc.<\/p>\n<p>Hristo \u0130vanov Amerika\u2019da hukuk tahsili g\u00f6rm\u00fc\u015f, 2013-2014 y\u0131llar\u0131nda Sofya\u2019da ve Bulgaristan\u2019da sivil toplum \u00f6rg\u00fctlerinin geli\u015ftirdi\u011fi k\u00f6kl\u00fc anayasal adalet reformu iste\u011fiyle geli\u015fen eylemlerin liderlerinden biriydi.<\/p>\n<p>\u0130stifa etmesinin nedeni, Bulgar savc\u0131 ve yarg\u0131\u00e7lar\u0131n\u0131n Y\u00fcksek Mahkeme\u2019de e\u015fit say\u0131da olmamas\u0131 ve \u00e7o\u011funlu\u011fun savc\u0131larda olmas\u0131 ve savc\u0131lar\u0131n kendilerini sorgulamas\u0131 hakk\u0131n\u0131n korumu\u015f olmalar\u0131d\u0131r. Bakan Hristov ile birlikte, Mecliste hukuk reformundan yana olan milletvekillerinden, G\u00fc\u00e7l\u00fc Bulgaristan Partisi Ba\u015fkan\u0131 RadanK\u0131nev de istifas\u0131n\u0131 sundu. Meclis ku\u015fat\u0131ld\u0131. Reform isteyenler aya\u011fa kalkt\u0131. L. Mestan y\u00f6netimindeki H\u00d6H onun de\u011fi\u015fiklik tasla\u011f\u0131na kar\u015f\u0131 oy kullanm\u0131\u015ft\u0131.<\/p>\n<p>Orta direk, eski anayasan\u0131n totaliter d\u00f6nemde konulan ilkeleri kald\u0131r\u0131lmadan, Bulgaristan\u2019\u0131n k\u00f6kl\u00fc demokratikler ger\u00e7ekle\u015ftirerek demokratikle\u015fmesi olas\u0131 de\u011fildir.<\/p>\n<p><strong>Bulgar devlet a\u011fac\u0131 bir akasya gibi, bir kakt\u00fcs gibidir. K\u00fc\u00e7\u00fck iken ilk dokunu\u015fta dikenleri kadife gibi g\u00f6r\u00fcnse de, b\u00fcy\u00fcd\u00fck\u00e7e amans\u0131z bat\u0131yor.<\/strong><\/p>\n<p>Ne var ki, insan anas\u0131n\u0131 ve memleketini se\u00e7emiyor. \u00c7ok derinlerine dalarak, Bulgarlar\u0131n tarihinden de\u011fi\u015fik \u00e7arp\u0131c\u0131 \u00f6rneklerle size, bir ulusal karakterin olu\u015fumunu, etkileni\u015fini ve bize olan yakla\u015f\u0131m\u0131n\u0131 anlatmaya \u00e7al\u0131\u015ft\u0131m.<\/p>\n<p>Yeni Bulgaristan\u2019\u0131n daha demokratik, T\u00fcrk ve Pomaklar\u0131m\u0131z\u0131n devlet yap\u0131s\u0131na daha aktif kat\u0131laca\u011f\u0131, ekonomisinde pay\u0131m\u0131z\u0131n artaca\u011f\u0131, bug\u00fcn a\u015famad\u0131\u011f\u0131m\u0131z sorunlar\u0131 a\u015faca\u011f\u0131m\u0131z\u0131 ve adaletin her yerde ve her bak\u0131m hakim olaca\u011f\u0131na inan\u0131yorum.<\/p>\n<p>\u015euna da fazlas\u0131yla inan\u0131yorum. B\u00fcy\u00fck T\u00fcrkiye emelimizin ger\u00e7ekle\u015fmesiyle Bulgaristan\u2019da ya\u015fayan karde\u015flerim daha rahat, daha g\u00fcvenli ve yar\u0131nlar\u0131ndan daha emin ya\u015fayacaklar.<\/p>\n<p>Biz B\u00fcy\u00fck G\u00f6\u00e7le s\u0131n\u0131r kap\u0131s\u0131n\u0131 a\u00e7t\u0131k. Bu kap\u0131da her iki taraf da yat\u0131r\u0131mlar\u0131n artmas\u0131n\u0131 beklerken, turist kafilelerinin daha kalabal\u0131k olmas\u0131n\u0131 bekliyoruz.<\/p>\n<p>H\u00fckumetten Bulgaristan\u2019la ilgili \u00f6zel yakla\u015f\u0131m program\u0131 bekliyoruz. Bulgaristan\u2019\u0131n \u00f6zellikleri dikkate al\u0131narak fakl\u0131 bir yakla\u015f\u0131m hak etti\u011fine inan\u0131yorum. Ba\u015far\u0131ya g\u00f6t\u00fcren yol somut yakla\u015f\u0131m yoludur.<\/p>\n<p>\u00c7ok b\u00fcy\u00fck bir hamle i\u00e7indeyiz. 1990\u2019da 2 milyar olan T\u00fcrkiye Bulgaristan ticareti 6 milyar\u0131 Dolar\u0131 a\u015ft\u0131. Sanayicilerimizin at\u0131l\u0131m\u0131 s\u0131radad\u0131r.<\/p>\n<p>Ben tarihin tekerr\u00fcr edece\u011fine de inan\u0131yorum.<\/p>\n<p><strong>Ba\u015f\u0131m\u0131za gelen t\u00fcm k\u00f6t\u00fcl\u00fckleri bizim iyili\u011fimiz olumsuzla\u015facak ve \u00e7\u00f6pe atacakt\u0131r.<\/strong><\/p>\n<p>Son haberlere g\u00f6re, AB d\u0131\u015f\u0131ndaki Bulgaristan vatanda\u015flar\u0131n\u0131n yakla\u015fan Cumhurba\u015fkanl\u0131\u011f\u0131 se\u00e7imlerinde oy kullanmas\u0131na s\u0131n\u0131rlama getiren &#8220;Yasa De\u011fi\u015fikli\u011fi&#8221; Cumhurba\u015fkanl\u0131\u011f\u0131 taraf\u0131ndan veto edilmi\u015f olsa da, h\u00fck\u00fcmet bunal\u0131m\u0131 ve erken se\u00e7im sinyal\u0131 veriyor. H\u00fck\u00fcmet orta\u011f\u0131 olan kom\u00fcnist cumhurba\u015fkan\u0131 P\u0131rvanov&#8217;un sosyalistlerden ayr\u0131lan &#8220;ABV&#8221; partisi koalisyondan ayr\u0131lma karar\u0131 ald\u0131. \u015eu an H\u00fck\u00fcmeti destekleyen partilerin toplam milletvekili say\u0131s\u0131 kritik \u00e7izgiye d\u00fc\u015ft\u00fc. Kamuoyu erken se\u00e7im sloganlar\u0131 y\u00fckseltiyor. Bu arada Ekim ay\u0131nda Yap\u0131lacak olan Cumhurba\u015fkanl\u0131\u011f\u0131 se\u00e7imleri i\u00e7in de toplum pusuya yatm\u0131\u015f durumda, partiler aday g\u00f6stermiyor. Bat\u0131ya d\u00f6n\u00fck ve demokratik icatlar\u0131yla \u00fcn yapan Plevneliev ikinci defa aday olabilir. Bizlerde bunun yan\u0131na bir T\u00fcrk aday verebilmeliyiz.<\/p>\n<p>\u015e\u00f6yle bir ger\u00e7ek var, 26y\u0131ldan beri Bulgaristan Cumhurba\u015fkan\u0131 se\u00e7imlerinde belirleyici olan hep T\u00fcrklerin oylar\u0131 oldu. \u0130lki Jelyu JELEV-1 A\u011fustos1990; Pet\u0131r STOYANOV-22 Ocak 1997; Georgi PIRVANOV-22 Ocak 2002; Rosen PLEVNEL\u0130EV-22 Ocak 2012, Bu son Cumhurba\u015fkan\u0131n\u0131 da T\u00fcrkler taraf\u0131ndan sadece BULT\u00dcRK destek olmu\u015ftur.<\/p>\n<p>Bu defa da ikinci turda Plevneliev, H\u00d6H ve DOST demeden T\u00fcrk se\u00e7menden oy bekledi\u011fini gizlemiyor.<\/p>\n<p><strong>\u00c7\u00f6z\u00fcm \u00f6nerilerim:<\/strong><\/p>\n<ol>\n<li>Bu g\u00fcn hasta bir toplumda \u00f6z Kimlikleri yolunan bir kitle olarak Bulgaristanl\u0131 T\u00fcrk ve di\u011fer M\u00fcsl\u00fcmanlar\u0131n sorunlar\u0131n\u0131n \u00e7\u00f6z\u00fclmesi i\u00e7in T.C. ile Bulgaristan aras\u0131nda yeni bir k\u00f6kl\u00fc anla\u015fmaya gerek oldu\u011funa inan\u0131yorum. &#8220;Bulgaristan&#8217;\u0131n i\u00e7 i\u015flerine&#8221; kar\u0131\u015fma bir yana, etnik halk toplulu\u011fumuzun K\u0131rcaali ve Razgrat &#8211; \u015eumen olmak \u00fczere iki k\u00fclt\u00fcrel merkezde toplanma yolunun a\u00e7\u0131lmas\u0131 zaman\u0131 gelmi\u015ftir. Karma b\u00f6lgelere T\u00fcrkiye yat\u0131r\u0131mlar\u0131n\u0131n artmas\u0131 ve sosyo-ekonomik durumun k\u00f6kten de\u011fi\u015fmesi ba\u015fta gelen \u00f6devdir.<\/li>\n<li>Yar\u0131na y\u00f6nelik \u00e7al\u0131\u015fmalarda, Bulgaristan&#8217;daki partilerden fazla T\u00fcrkiye&#8217;deki derneklere ile ilgi g\u00f6sterilmesi, g\u00f6\u00e7menlerin \u00e7ok y\u00f6nl\u00fc \u00f6rg\u00fctlenerek, giri\u015fimcili\u011fe ve pasif durumdan faal duruma ge\u00e7melerine yard\u0131m edilmelidir. T\u00fcrkiye r\u00fczg\u00e2r\u0131 esmeden oradaki karde\u015flerimizi bir daha y\u00fcreklendirebilmemiz belki de \u00e7ok zor olacak. Fakat bu \u00f6n\u00fcm\u00fczdeki se\u00e7imlerde <strong>T\u00fcrkiye\u2019nin kurdu\u011fu parti baraj\u0131 a\u015fmak zorundad\u0131r: Bunun ba\u015fka yolu yok ya a\u015facak ya a\u015facakt\u0131r. T\u00fcm T\u00fcrkler sadece bu se\u00e7imlerde DOST&#8217;a arka olmak zorunday\u0131z. Bu se\u00e7imlerde DOST&#8217;a bir \u015fans verelim diyoruz.<\/strong><\/li>\n<\/ol>\n<p>\u00d6zetle, son d\u00f6nemde ortaya \u00e7\u0131km\u0131\u015ft\u0131r ki, s\u00f6zde T\u00fcrk partisi dedi\u011fimiz H\u00d6H\u2019\u00fcn belediye ba\u015fkanlar\u0131 ve \u00fcst d\u00fczey yetkililerinin de ne yaz\u0131k ki Ana-vatan T\u00fcrkiye yerine Rusya\u2019n\u0131n u\u015fa\u011f\u0131 olduklar\u0131 bas\u0131ndan ve bizzat kendi konu\u015fmalar\u0131 ile tasdik etmi\u015f oldular. B\u00f6ylece bu g\u00fcne kadar T\u00fcrkiye\u2019den giden ekiplerimiz de yapt\u0131klar\u0131 \u00e7al\u0131\u015fma ve faaliyetlerle bunlar\u0131n \u00e7\u0131karlar\u0131na alet olmu\u015f olmuyorlar m\u0131?<\/p>\n<p>Bu arada CHP heyetlerinin Sofya Kurultaylar\u0131nda AK Parti, Cumhurba\u015fkan\u0131 ve genelde T\u00fcrkiye aleyhinde yapt\u0131\u011f\u0131 konu\u015fmalar olumsuz izlenim b\u0131rak\u0131rken, d\u00fc\u015fmanlar\u0131m\u0131z\u0131n ekme\u011fine ya\u011f bal oluyor.<\/p>\n<p><strong>\u015eimdi de ayn\u0131 tiyatronun 2.perdesi sergilenmeye ba\u015flad\u0131. <\/strong><\/p>\n<p>Rusya ile ya\u015fanan u\u00e7ak krizi sonucunda da Rusya\u2019ya kar\u015f\u0131 NATO \u00e7\u0131karlar\u0131n\u0131 destekleyen Mestan bu sefer koltu\u011fundan oldu. Hem de resmi yetkisi olmayan onursal ba\u015fkan A.Do\u011fan taraf\u0131ndan at\u0131ld\u0131. Bu \u00e7at\u0131\u015fmay\u0131 f\u0131rsat bilerek Sofya\u2019da bulunan T.C. B\u00fcy\u00fckel\u00e7ili\u011fimizi de alet etmeyi ba\u015fard\u0131. B\u00f6ylece bu manevras\u0131 ile \u015fimdi Bulgaristan\u2019da DOST ad\u0131nda bir yeni parti kurarak ba\u015fkanl\u0131\u011fa oturma hakk\u0131 kazand\u0131. T\u00fcrkiye devlet olarak art\u0131k kendisi oyun kurucu olmal\u0131 ve insanlarla de\u011fil sistemi oturtmal\u0131d\u0131r. Ba\u015fkalar\u0131n\u0131n yazd\u0131\u011f\u0131 senaryolara fig\u00fcran olmaktan \u00e7\u0131kmal\u0131d\u0131r.<\/p>\n<p>Na\u00e7izane \u00f6nerimiz, bug\u00fcnden itibaren, Bulgaristan\u2019a y\u00f6nelik t\u00fcm proje, yat\u0131r\u0131m ve etkinliklerde yetki verilirken ayn\u0131 zamanda sorumlulukta y\u00fcklenmeli ve yetki verilen ki\u015filerin i\u015fin sonunda hesap da verebilmesi gerekti\u011finin alt\u0131 \u00e7izilmelidir. Yetki ve sorumluluk ayn\u0131 zamanda hesap verilebilirli\u011fi de beraberin de getirmelidir.<\/p>\n<p>3.\u00d6\u011frencilerle gen\u00e7lerle, ailelerle, k\u00f6ylerde amaca y\u00f6nelik ekonomik, sosyal ve k\u00fclt\u00fcrel, e\u011fitim programlar\u0131 haz\u0131rlay\u0131p, elektronik ara\u00e7larla sis perdesini delip T\u00fcrkl\u00fc\u011f\u00fc yeniden mutlaka \u015fahland\u0131rmak ve ya\u015fatmak zorunday\u0131z. Dalgay\u0131 mutlaka d\u00f6nd\u00fcrmeli ve dalgalar\u0131m\u0131z\u0131 Bulgaristan&#8217;\u0131n d\u00f6rt bir yan\u0131na yaymak zorunday\u0131z.<\/p>\n<p>4.T\u00fcrkiye\u2019de bulunan Bulgaristan T\u00fcrkleri bu de\u011fi\u015fimi ger\u00e7ekle\u015ftirebilirler. Bulgaristan\u2019dakilerden bir \u015fey beklememek gerekir. Nas\u0131l Moskova oyununu kurur ve insanlar\u0131m\u0131z\u0131 figuran ettiyse bizlerde bunun daha fazlas\u0131n\u0131 yapmal\u0131 ve yapabilmeliyiz.<\/p>\n<p>5.T\u00fcrkiye Cumhuriyeti de art\u0131k STK\u2019lar \u00fczerinden devletleri y\u00f6netmeyi \u00f6\u011frenmelidir. B\u00f6yle bir tak\u0131m olu\u015fturabilmek i\u00e7in bu b\u00f6lgelerde yeti\u015fmi\u015f saha elemanlarla bu i\u015fler yap\u0131lmal\u0131d\u0131r. T\u00fcrkiye Bulgaristan&#8217;a STK&#8217;lar \u00fczerinden ve onlar\u0131n eliyle girecek ve g\u00f6r\u00fcn\u00fcm\u00fc tamamen de\u011fi\u015ftirecektir.<\/p>\n<p>Tekrar bizlere sesimizi duyurmakta bu f\u0131rsat\u0131 veren Ural\u00a0Derne\u011finin\u00a0Genel Ba\u015fkan\u0131 ba\u015fta olmak \u00fczere Karde\u015fim B\u00fclent MA\u015eAO\u011eLU&#8217;na ve t\u00fcm y\u00f6netime birkes daha te\u015fekk\u00fcr eder, sizlere de sab\u0131rla dinledi\u011finiz i\u00e7in Te\u015fekk\u00fcr ederim.<\/p>\n<p><img data-recalc-dims=\"1\" height=\"360\" width=\"640\" decoding=\"async\" src=\"https:\/\/i0.wp.com\/www.bghaber.org\/bghaber\/wp-content\/uploads\/2016\/05\/ural-konfr-768x432.jpg?resize=640%2C360\" alt=\"ural konfr\" \/><\/p>\n<p><strong>Sorular ve Yan\u0131tlar<\/strong><\/p>\n<p><strong>SORU 1; Musa VATANSEVER- &#8220;Su buzda erimez, buz suda erir&#8221; \u00a0Bunu anlayamad\u0131m bu ne demek?<\/strong><\/p>\n<p>Ceva1: Ben bu konu\u015fmamda, Bulgarlarla 600 y\u0131ldan beri i\u00e7 i\u00e7e, yan yana ya\u015fad\u0131\u011f\u0131m\u0131z\u0131, birlikte var olu\u015fumuzu anlat\u0131rken, onlar\u0131n her zaman kaskat\u0131 kald\u0131klar\u0131n\u0131, d\u0131\u015ftan gelen insan s\u0131cakl\u0131\u011f\u0131, merhamet, ho\u015fg\u00f6r\u00fc gibi erdemlerden etkilenmediklerini, bir\u00e7ok konuda kaskat\u0131 kald\u0131klar\u0131n\u0131, de\u011fi\u015fmediklerini anlatabilmek i\u00e7in Bulgarlara <strong>BUZ <\/strong>&#8211; onlar\u0131n tarih boyu i\u00e7inde ya\u015fad\u0131klar\u0131 topluma da <strong>SU, DERYA<\/strong> dedim.<\/p>\n<p>Derya da tuzlu su olacak ki, Buzlanm\u0131yor.<\/p>\n<p>Bizim Bulgarla\u015fmad\u0131\u011f\u0131m\u0131z gibi.<\/p>\n<p>Onlar yorgan\u0131 her zaman kendilerinden yana \u00e7ektiler. Yorgan\u0131 kendi ayaklar\u0131na g\u00f6re uzatmad\u0131lar. Asimile ederek b\u00fcy\u00fcmeye, istila ederek yay\u0131lmaya \u00e7al\u0131\u015ft\u0131lar.<\/p>\n<p>Bu arada, Bulgarl\u0131klar\u0131n\u0131 hep korudular. H\u0131ristiyanla\u015ft\u0131lar, kendi kiliselerine &#8211; Do\u011fu Ortodoks Kilisesine sahip oldular, kilise dili olarak Bulgarcay\u0131 dayatt\u0131lar. \u00a0Tarihlerini yazabildiler, Bulgar folklorundan senfoniler, s\u00fcitler yapt\u0131lar,\u00a0 silahland\u0131lar, ordu kurdular, devlet yapt\u0131lar, Osmanl\u0131dan \u00e7\u0131kt\u0131lar, Rus g\u00f6lgesinden ka\u00e7\u0131p Almanlara sar\u0131ld\u0131lar, 138 y\u0131ldan beri ele ge\u00e7irdikleri topraklardan Bulgar olmayanlar\u0131 kovup, Makedonya, Moldova&#8217;dan, S\u0131rbistan&#8217;dan Bulgar \u00e7a\u011f\u0131r\u0131p n\u00fcfus \u00e7o\u011falma yollar\u0131 arad\u0131lar. Burada Buz k\u00fctlesi gibi \u00fczerine su att\u0131k\u00e7a b\u00fcy\u00fcd\u00fcklerini g\u00f6r\u00fcyoruz, kendinden vermiyor, par\u00e7alanm\u0131yor, topluyor. Benzetme \u00f6zelliklere aittir. Anlatabildim mi? Kavram olarak\u00a0 &#8220;<strong>Buz K\u00fctlesi<\/strong> da do\u011fru olabilir. 1985&#8217;te buz gibi kesilmi\u015f Bulgar surat\u0131n\u0131 hat\u0131rlay\u0131n!<\/p>\n<p>\u2026\u2026\u2026\u2026\u2026\u2026\u2026\u2026\u2026\u2026\u2026\u2026\u2026\u2026\u2026\u2026\u2026\u2026\u2026\u2026\u2026\u2026\u2026\u2026\u2026\u2026\u2026\u2026.<\/p>\n<p><strong>Soru:\u00a02 Av\u015fin BALKAN &#8211; T\u00fcrklerden-Bulgarlar ilk M\u00fcsl\u00fcman olanlar diye s\u00f6ylemi\u015ftin bir zaman bu do\u011fru mu?<\/strong><\/p>\n<p><strong>Cevap 2: <\/strong>Bulgarlar \u0130slam&#8217;la daha \u0130dil (Volga) Bulgar devletinde tan\u0131\u015ft\u0131.<\/p>\n<p>Han Krum 9.Y\u00fczy\u0131lda Tuna Bulgar Devleti Han\u0131 oldu\u011funda Bulgarlar Orta Asya uygarl\u0131\u011f\u0131ndan \u00e7\u0131k\u0131p Slavla\u015fmaya ba\u015flad\u0131 ve 9.y\u00fczy\u0131lda H\u0131ristiyanl\u0131\u011f\u0131 kabul ettiler. \u00a0\u0130dil Bulgarlar\u0131 -ikinci kol- Volga Bulgarlar\u0131 ise <strong>8. y\u00fczy\u0131lda \u0130slam&#8217;\u0131 kabul etti<\/strong>. Bu bir sava\u015fla de\u011fil, Ba\u011fdat&#8217;tan \u00e7\u0131k\u0131p \u0130slam&#8217;\u0131 yayan el\u00e7iler ve Abbasilerle ili\u015fkiler sayesinde oldu. \u0130dil Bulgarlar\u0131n\u0131n ilk mescitleri Han Almu\u015f zaman\u0131nda kuruldu.<\/p>\n<p>\u0130lk M\u00fcsl\u00fcman T\u00fcrk Devletleri denince akl\u0131m\u0131za; <strong>Toluno\u011fullar\u0131, \u0130h\u015fid\u00eeler, \u0130til (Volga) Bulgarlar\u0131, Karahanl\u0131lar ve Gazneliler gelir<\/strong>. Ancak zaman\u0131m\u0131z tarih\u00e7ileri ilk M\u00fcsl\u00fcman T\u00fcrk devletinin bunlardan hangisi oldu\u011fu hakk\u0131nda hen\u00fcz bir fikir birli\u011fine varamam\u0131\u015ft\u0131r. S\u00f6zgeli\u015fi, \u0130til Bulgarlar\u0131, \u201c<strong>8. y\u00fczy\u0131lda \u0130slamiyet\u2019i resmen kabul eden ilk T\u00fcrk devleti<\/strong>\u201d olarak nitelenmektedir.<\/p>\n<p><strong>Karahanl\u0131lar, \u201cDo\u011fu ve Bat\u0131 T\u00fcrkistan\u2019da h\u00fck\u00fcm s\u00fcren ilk \u0130slam\u00ee T\u00fcrk s\u00fcl\u00e2lesidir\u201d ve \u0130slam&#8217;\u0131 9. y\u00fczy\u0131lda kabul etmi\u015flerdir.<\/strong><\/p>\n<p>\u2026\u2026\u2026\u2026\u2026\u2026\u2026\u2026\u2026\u2026\u2026\u2026\u2026\u2026\u2026\u2026\u2026\u2026\u2026\u2026\u2026\u2026\u2026\u2026\u2026\u2026\u2026\u2026\u2026\u2026\u2026\u2026\u2026\u2026\u2026\u2026\u2026\u2026\u2026\u2026.<\/p>\n<p><strong>Soru:3 Mujgan DEN\u0130Z &#8211; Bulgaristan&#8217;da 2013 y\u0131l\u0131nda T\u00fcrk partisi kurdu T\u00fcrkiye, \u00a0\u015fimdi de yeni bir parti buna ne diyorsun. Bunlar iki T\u00fcrk partisini kongrede bir araya gelmezler mi?<\/strong><\/p>\n<p><strong>Cevap 3: <\/strong>H\u00d6H partisi i\u00e7indeki kadrolar bilin\u00e7lendik\u00e7e, bu parti par\u00e7alanmaya mecburdur.<\/p>\n<p>Bu bilin\u00e7lenme, parti y\u00f6netim kadrolar\u0131n\u0131n Bulgar sivil polisi &#8220;DS&#8221; tuza\u011f\u0131na d\u00fc\u015ft\u00fcklerini fark ettikleri an ba\u015flar. Partinin kurucu ba\u015fkan\u0131 Ahmet Do\u011fan 1974&#8217;te ele ge\u00e7irilmi\u015f \u00e7aresiz bir polis ajan olarak, soyunda da T\u00fcrkl\u00fck olmad\u0131\u011f\u0131ndan, Bulgaristan T\u00fcrk ve M\u00fcsl\u00fcmanlar\u0131na kar\u015f\u0131 \u00e7al\u0131\u015fmay\u0131 kabul etmi\u015f ve hem &#8220;DS&#8221; hem de &#8220;KGB&#8221; ajan\u0131 olarak, Bulgaristan T\u00fcrklerini T\u00fcrkl\u00fckten ve T\u00fcrkiye\u2019den koparma, Bulgaristan&#8217;da Rusya&#8217;n\u0131n BE\u015e\u0130NC\u0130 KOL ORDUSU olarak ayakta tutma vazifesini kabul etmi\u015f ve 4 Ocak 1990&#8217;da Varna&#8217;da parti kurulurken\u00a0 ba\u015fa ge\u00e7mi\u015ftir. Ve ilk par\u00e7alanma daha o g\u00fcn orada olmu\u015ftur. Vesile, konu\u015fmamda da belirtti\u011fim gibi, biz Bulgaristan T\u00fcrkleri &#8220;Bulgar ulusundan m\u0131y\u0131z?&#8221; yoksa T\u00fcrk ulusundan m\u0131y\u0131z? Oldu\u011fumuz konusudur. H\u00d6H&#8217;ten ilk ayr\u0131lan Halim Pasajov&#8217;tur. Dobrucal\u0131, y\u00fcksek\u00f6\u011frenimli, hapiste yatm\u0131\u015f, 1986&#8217;da Sofyta&#8217;da K\u0131rcalili in\u015faat i\u015f\u00e7ileriyle\u00a0 &#8220;<strong>\u00d6zg\u00fcrl\u00fck<\/strong>&#8221; \u00f6rg\u00fct\u00fcn\u00fc kurmu\u015ftur.<\/p>\n<p><strong>Pasajov&#8217;tan sonra milletvekili \u00c2dem Kenan,<\/strong><\/p>\n<p>\u015eimdi Dost Partisi Ba\u015fkan Yard\u0131mc\u0131s\u0131 se\u00e7ilen <strong>Mehmet Hoca,<\/strong><\/p>\n<p>Ard\u0131ndan H\u00d6H Ba\u015fkan Yard\u0131mc\u0131s\u0131 <strong>G\u00fcner Tahir<\/strong>,<\/p>\n<p>Daha sonra yine H\u00d6H Ba\u015fkan Yard\u0131mc\u0131s\u0131 <strong>Osman Oktay<\/strong> partiden ayr\u0131lm\u0131\u015f ve hepsi de yeni parti kurmu\u015ftur.<\/p>\n<p>2013&#8217;te Ba\u015fkan yard\u0131mc\u0131s\u0131 ve \u00d6rg\u00fct \u0130\u015fleri sekreteri <strong>Kasim Dal <\/strong>ile Gen\u00e7lik Kollar\u0131 sekreteri ve milletvekili <strong>\u0130smail Korman<\/strong>&#8216;\u0131n H\u00d6H&#8217;ten ayr\u0131lma nedeni, 23 y\u0131l sonra resmen tepki <strong>g\u00f6ren Ahmet Do\u011fan&#8217;\u0131n &#8220;DS&#8221; ajanl\u0131\u011f\u0131d\u0131r<\/strong>.<\/p>\n<p>Fakat 1990 H\u00d6H Kurucu Toplant\u0131s\u0131ndaki &#8220;DS&#8221; ajanlar\u0131n\u0131n say\u0131s\u0131 12&#8217;dir. O zaman Bulgaristan T\u00fcrkleri aras\u0131nda <strong>3.016 &#8220;DS&#8221;<\/strong> ajan\u0131 oldu\u011fu resmen a\u00e7\u0131klanm\u0131\u015ft\u0131r. A\u00e7\u0131klanmayan ajanlar, askeri istihbarat kadrolar\u0131d\u0131r. Bu nedenle ben, Kas\u0131m Dal&#8217;\u0131n neden yeni kurdu\u011fu Demokrasi \u015eeref ve \u00d6zg\u00fcrl\u00fck Partisi Ba\u015fkan\u0131 olmad\u0131\u011f\u0131n\u0131, baca\u011f\u0131n\u0131n askeri istihbarat ba\u011fl\u0131 oldu\u011funa ba\u011fl\u0131yorum. \u00d6te yandan, &#8220;DS&#8221; II. \u015eube Dosyas\u0131 birden bire kaybolan <strong>L\u00fctfi Mestan&#8217;\u0131n<\/strong> da dosyas\u0131n\u0131n askeri istihbarata ba\u011fl\u0131 oldu\u011funu d\u00fc\u015f\u00fcn\u00fcyorum ve &#8220;YUKARIDAN&#8221; bir yerlerden emir almadan bu yak\u0131nla\u015fma ve birle\u015fmenin m\u00fcmk\u00fcn olamayaca\u011f\u0131 g\u00f6r\u00fc\u015f\u00fcndeyim. <strong>\u0130kinci olarak da, bu iki partinin T\u00fcrkiye&#8217;den para kopartmak i\u00e7in kuruldu\u011funa inan\u0131yorum. Bu a\u00e7\u0131dan bak\u0131ld\u0131\u011f\u0131nda, bu yak\u0131nla\u015fma ve birle\u015fmenin olabilece\u011fini d\u00fc\u015f\u00fcnmek bile yanl\u0131\u015f olur.<\/strong><\/p>\n<p>\u2026\u2026\u2026\u2026\u2026\u2026\u2026\u2026\u2026\u2026\u2026\u2026\u2026\u2026\u2026\u2026\u2026\u2026\u2026\u2026\u2026\u2026\u2026\u2026\u2026\u2026\u2026\u2026.<\/p>\n<p><img data-recalc-dims=\"1\" height=\"360\" width=\"640\" decoding=\"async\" src=\"https:\/\/i0.wp.com\/www.bghaber.org\/bghaber\/wp-content\/uploads\/2016\/05\/ural-2-768x432.jpg?resize=640%2C360\" alt=\"ural 2\" \/><\/p>\n<p><strong>Soru: 4 Mehmet UYAR &#8211; DOST Partisi i\u00e7in ne diyorsunuz. Kongreye gittin amma pek destek verdi\u011finiz s\u00f6ylenemez. Se\u00e7im olsa baraj\u0131 ge\u00e7er mi?<\/strong><\/p>\n<p><strong>Cevap:\u00a0 <\/strong>Bug\u00fcn art\u0131k H\u00d6H partisini Bulgar gizli polisi DS&#8217;nin kurdu\u011funu kabul ediyor, gazeteler yaz\u0131yor, siyaset\u00e7iler vurguluyor. Neden, 1990 se\u00e7imlerinde, BKP MK T\u00fcrk, Pomak ve \u00c7ingenelker&#8217;in isim de\u011fi\u015ftiren eski kom\u00fcnist yeni BSP partisini\u00a0 oy vermeyeceklerini bildiklerinden,\u00a0 etnik az\u0131nl\u0131k oylar\u0131n\u0131n yeni kurulan Demokratik G\u00fc\u00e7ler Birli\u011fi (CDC) partisine akmas\u0131n\u0131 ve \u00e7ok g\u00fc\u00e7l\u00fc bir muhalefet olu\u015fmas\u0131n\u0131 engellemekti. Bu plan ger\u00e7ekle\u015fti ve H\u00d6H Bulgar polisinin g\u00fcd\u00fcml\u00fc bir g\u00fcc\u00fc olarak kuruldu. 26 y\u0131ldan beri tek ba\u015f\u0131na iktidar olamayan Bulgar partilerine &#8220;<strong>koltuk de\u011fne\u011fi<\/strong>&#8221; oluyor.<\/p>\n<p>17 Aral\u0131k 2015&#8217;te H\u00d6H testisi bir daha k\u0131r\u0131ld\u0131 ve aralar\u0131nda Genel Ba\u015fkan L. Mestan olmak da olmak \u00fczere 5-6 e\u011fitimli kadro partiden at\u0131ld\u0131 &#8220;\u00e7\u0131kt\u0131&#8221; &#8211; &#8220;kovuldu&#8221;, hepsi do\u011frudur. L. Mestan 18 y\u0131ldan beri H\u00d6H milletvekili ve meclis grup ba\u015fkan\u0131d\u0131r.<\/p>\n<p><strong>H\u00d6H f\u0131r\u0131n\u0131ndan bir kadrodur, bu f\u0131r\u0131ndan \u00e7\u0131km\u0131\u015f bir ekmektir. <\/strong><\/p>\n<p>Niteli\u011finin ana \u00e7izgilerinde ajanl\u0131k, T\u00fcrk ve \u0130slam d\u00fc\u015fmanl\u0131\u011f\u0131 belirgindir. \u015eimdi, halk aynaya bak\u0131yor ve ne g\u00f6rs\u00fcn, bu adam\u0131n ge\u00e7mi\u015fi karmakar\u0131\u015f\u0131k ve ba\u015f\u0131n\u0131 ba\u015fka tarafa \u00e7eviriyor. Kom\u00fcnist partisi kapat\u0131ld\u0131, ama Bulgar&#8217;da kom\u00fcnistlik bitmedi, T.Jivkov&#8217;un korumas\u0131 B. Borisov bug\u00fcn ba\u015fbakan. Ba\u015f hain Ahmet Do\u011fan&#8217;\u0131n en g\u00fcvenilir adam\u0131, parti genel ba\u015fkan\u0131 nas\u0131l oldu da birden bire y\u00fczde y\u00fcz de\u011fi\u015fti. Birbirimizi aldatmayal\u0131m. Bir insan hamama gidince kirini atar, t\u0131rnaklar\u0131n\u0131 da keser, ama ruhu ve ci\u011feri ayn\u0131d\u0131r. Ben pek fazla de\u011fi\u015fiklik g\u00f6remiyorum. O d\u00fcn de liberalim diyordu, d\u00fcn de NATO-cuyum diyordu. \u0130\u015fin i\u00e7inde ba\u015fka \u015feyler olmas\u0131 gerekir, zaman g\u00f6sterecek. Dostun halk\u0131m\u0131z\u0131n dostu olmas\u0131 i\u00e7in bizim hepimizin \u00e7al\u0131\u015fmam\u0131z gerekecek.<\/p>\n<p><strong>Bulgaristan&#8217;dan alaca\u011f\u0131 oylarla baraj ge\u00e7emez. T\u00fcrk beklentisi T\u00fcrkiye oylar\u0131d\u0131r.<\/strong><\/p>\n<p>\u2026\u2026\u2026\u2026\u2026\u2026\u2026\u2026\u2026\u2026\u2026\u2026\u2026\u2026\u2026\u2026\u2026\u2026\u2026\u2026\u2026\u2026\u2026\u2026\u2026\u2026\u2026\u2026.<\/p>\n<p><strong>Soru: 5 Dr.Nedim B\u0130R\u0130NC\u0130 -Bulgar partileri neden T\u00fcrk milletvekili belediye b\u015fk. \u00e7\u0131karm\u0131yo\u0131rlar?<\/strong><\/p>\n<p><strong>Yan\u0131t: 5 <\/strong>\u015eimdiye kadar yani 1990&#8217;da B\u00fcy\u00fck Milletvekili se\u00e7imlerinde BSP Sumen (Venets-Hitrino) se\u00e7im b\u00f6lgesinden Do\u00e7. Dr. \u0130brahim Yalamov&#8217;u milletvekili \u00e7\u0131kard\u0131 ve tekrar etmedi.\u00a0 GERB de se\u00e7ilmeyecek yerlerden, bile bile yad es aday g\u00f6steriyor, ama se\u00e7ilmesini istemiyor. &#8220;Soya D\u00f6n\u00fc\u015f&#8221; trajedisinden sonra Bulgar toplumu par\u00e7aland\u0131. Etnik az\u0131nl\u0131klarla \u0131s\u0131n\u0131p\u00a0 kaynama hen\u00fcz ba\u015flayamad\u0131. Eni milliyet\u00e7ilik hem sol hem de sa\u011f \u0131rk\u00e7\u0131l\u0131k olarak emin ad\u0131mlarla y\u00fcr\u00fcyor. Se\u00e7men T\u00fcrklerin oylar\u0131n\u0131 istemiyor. T\u00fcrklerin Bulgar siyasetini belirlemesini istemiyor.<\/p>\n<p>Cumhurba\u015fkan\u0131 se\u00e7imlerinde olay farkl\u0131 tabii<\/p>\n<p>26 y\u0131ldan beri Cumhurba\u015fkanlar\u0131 hep son anda T\u00fcrklerin oylar\u0131yla se\u00e7ilmi\u015ftir. Ve bunun sonu\u00e7lar\u0131 da ortada, i\u015fte \u015fimdi Plevneliev &#8220;<strong>Se\u00e7im Kanunu de\u011fi\u015fikliklerini<\/strong>&#8221; veto etti. Aday olursa bizi sand\u0131k ba\u015f\u0131na bekliyor.<\/p>\n<p>\u2026\u2026\u2026\u2026\u2026\u2026\u2026\u2026\u2026\u2026\u2026\u2026\u2026\u2026\u2026\u2026\u2026\u2026\u2026\u2026\u2026\u2026\u2026\u2026\u2026\u2026\u2026\u2026.<\/p>\n<p><strong>Soru 6: Osman B\u00dcY\u00dcKKAYA -1990 dan sonra kurulan T\u00fcrk partileri neden ba\u015far\u0131l\u0131 olam\u0131yorlar<\/strong><\/p>\n<p><strong>Yan\u0131t 6:\u00a0 <\/strong>H\u00d6H&#8217;ten sonra kurulan 6-7 T\u00fcrk partisinden hi\u00e7 biri H\u00d6H&#8217;ten farkl\u0131 bir program \u00e7\u0131karam\u0131yor, Program ve T\u00fcz\u00fckler birbirinin kopyas\u0131, orijinal\u0131 da Bulgar polisinin &#8220;Simyonovo&#8221; akademisinde yaz\u0131lm\u0131\u015f. Farkl\u0131 fikirlerle ortaya \u00e7\u0131k\u0131lsa mahkeme kabul etmez, &#8220;etnik&#8221; -b\u00f6l\u00fcc\u00fc, &#8220;\u0130slamc\u0131&#8221; &#8211; k\u00f6kten dinci der ve partiyi kurdurmaz. Bir adam t\u0131rnak \u00e7ak\u0131s\u0131 ile kurban kesemez. Bu partilerin hi\u00e7 biriyle bir \u015fey olmaz, Bulgaristan tarlas\u0131na farkl\u0131 tohum ekmeliyiz. Fakat buz bu defa DOST&#8217;a destek vermek istiyoruz.<\/p>\n<p>\u2026\u2026\u2026\u2026\u2026\u2026\u2026\u2026\u2026\u2026\u2026\u2026\u2026\u2026\u2026\u2026\u2026\u2026\u2026\u2026\u2026\u2026\u2026\u2026\u2026\u2026\u2026\u2026.<\/p>\n<p><strong>Soru: 7 Naz\u0131m \u00c7AVU\u015e Bulgaristan&#8217;da Dernekler var m\u0131 ve \u00e7al\u0131\u015fmalar\u0131 nas\u0131l.<\/strong><\/p>\n<p><strong>Yan\u0131t: 7 <\/strong>Var tabii, Bulgaristan&#8217;da da dernekler var, dernek \u00e7al\u0131\u015fmalar\u0131 derne\u011fi var. \u015eimdi bug\u00fcnen faal derneklerimizin K\u0131rcaali &#8220;Kadriye Lativova&#8221;; \u015eumen &#8220;Naz\u0131m Hikmet&#8221;, k\u00fclt\u00fcr derne\u011fi, \u00d6\u011fretmenler derne\u011fi ve T\u00fcr\u00fcn \u00dcreticiler vb dernekler oldu\u011funa i\u015faret edebilirim.<\/p>\n<p>&nbsp;<\/p>\n<p>Tarihi \u00fczerinde durmam\u0131z gereken dernekler aras\u0131nda\u00a0 &#8220;Turan&#8221; derne\u011fi ba\u015fta gelir.\u00a0 Dedelerimiz d\u00fcnyadaki b\u00fct\u00fcn T\u00fcrkleri birle\u015ftirerek Turan devleti kuymay\u0131 da ama\u00e7lam\u0131\u015flar. T\u00fcrklerin Orta Asya&#8217;daki en eski yurdunu \u00f6zlemi\u015f olacaklar. Turanc\u0131l\u0131k, bizim orada Pant\u00fcrkizim olarak geni\u015fmi\u015ftir. Osmanl\u0131 devletinin son y\u0131llar\u0131nda \u00e7\u0131km\u0131\u015f ve dedelerimiz T\u00fcrk kimli\u011fimizi ararken Turanc\u0131l\u0131\u011fa da bel ba\u011flam\u0131\u015flard\u0131r. Bir ideoloji ve eylemdir. Geni\u015f bir konudur. Bulgaristan&#8217;daki dernek\u00e7ili\u011fe bir \u00f6zel seminer ay\u0131rabiliriz. O zaman daha geni\u015f kojnhu\u015furuz.<\/p>\n<p>\u2026\u2026\u2026\u2026\u2026\u2026\u2026\u2026\u2026\u2026\u2026\u2026\u2026\u2026\u2026\u2026\u2026\u2026\u2026\u2026\u2026\u2026\u2026\u2026\u2026\u2026\u2026\u2026.<\/p>\n<p><strong>Soru 8:\u00a0 Hakan \u00d6ZDE\u015e &#8211; Bulgaristan&#8217;da T\u00fcrk partilerinin ba\u015fkanlar\u0131 neden hep istihbarat\u00e7\u0131lardan<\/strong><\/p>\n<p><strong>Cevap: 8 <\/strong>Bulgaristan&#8217;daki T\u00fcrk partilerinin hepsinin k\u00f6kleri kom\u00fcnist totaliter d\u00f6neme &#8220;soya d\u00f6n\u00fc\u015f&#8221; mezalimine, 1989 May\u0131s direni\u015flerine ve halk hareketimize dayan\u0131r. \u00a0Bir defa 12 bin mahpus\u00e7umuz ve binlerce s\u00fcrg\u00fcn\u00fcm\u00fcz var. Bulgaristan&#8217;da s\u00fcrg\u00fcnden ve ceza evinden \u00e7\u0131karken imzalatt\u0131r\u0131lan evraklardan da bir ki\u015finin milis, gizli polis, jandarma, askeri istihbarat, g\u00f6n\u00fcll\u00fc m\u00fcfreze ve sistemine ba\u011flanm\u0131\u015f oldu\u011fu ortadad\u0131r. \u00d6rne\u011fin doktorlar\u0131n hepsi yeminli subayd\u0131r. Osman Oktay, Kas\u0131m Dal, G\u00fcner Tahir ve daha bir\u00e7ok T\u00fcrk gen\u00e7 askerli\u011fini motorize birliklerde \u015fof\u00f6r olarak yapm\u0131\u015flar ve yeminlidirler ve saire vs.<\/p>\n<p>Bunun i\u00e7in bir\u00e7ok ki\u015finin akan dosyas\u0131 onun bilgisi d\u0131\u015f\u0131nda da haz\u0131rlanm\u0131\u015ft\u0131r. \u015eimdi Sofya Mahkemesi&#8217;nde Mihaylov ad\u0131nda bir Bulgar &#8220;ben ajan de\u011fildim&#8221; davas\u0131 g\u00f6r\u00fcl\u00fcyor. Dosyas\u0131 Belene\u2019de haz\u0131rlanm\u0131\u015f, dava bitirilemiyor, \u00e7\u00fcnk\u00fc olay 55 y\u0131l \u00f6ncesinden. Dosya \u015fimdi ak g\u00fcn g\u00f6rm\u00fc\u015f ve adam dava a\u00e7\u0131lm\u0131\u015f. H\u00d6H kurucular\u0131ndan 12-si ajanm\u0131\u015f. Ben &#8220;Belenecilerin&#8221; hepsinin dosyas\u0131 oldu\u011funa ve en \u00f6nemli ajanlar\u0131n dosyalar\u0131n\u0131n sakland\u0131\u011f\u0131na inan\u0131yorum. \u00d6rne\u011fin en \u00f6nemli gizli polis olan VI. \u015eubenin ajan dosyalar\u0131 a\u00e7\u0131klanmad\u0131. Mecliste 86 ajan oldu\u011fu a\u00e7\u0131kland\u0131, fakat ben T\u00fcrk milletvekillerinin hepsinin hafiyeli\u011finden \u015f\u00fcphe ediyorum. Onun i\u00e7in ajan olmayan bir ki\u015finin Bulgaristan&#8217;da parti kurmas\u0131n\u0131n bir &#8220;\u015fans&#8221; eseri oldu\u011funa inan istiyorum. Biz bu y\u00fczden totaliter devlet yap\u0131s\u0131n\u0131n anayasa ve yasalarla birlikte k\u00f6kten de\u011fi\u015ftirilmesinde direniyoruz. &#8220;<strong>Beni \u0131s\u0131rmayan ajan bin ya\u015fas\u0131n<\/strong>&#8221; demek istiyorum ama \u00fczerime g\u00fclece\u011finizi biliyorum.<\/p>\n<div id=\"bghab-1690752211\" class=\"bghab-yazi-altinda bghab-entity-placement\"><div class=\"bghab-adlabel\">Reklamlar<\/div><script async src=\"https:\/\/pagead2.googlesyndication.com\/pagead\/js\/adsbygoogle.js\"><\/script>\r\n<!-- bghaber-yaz\u0131-sonu -->\r\n<ins class=\"adsbygoogle\"\r\n     style=\"display:block\"\r\n     data-ad-client=\"ca-pub-6203283170189293\"\r\n     data-ad-slot=\"4222328180\"\r\n     data-ad-format=\"auto\"\r\n     data-full-width-responsive=\"true\"><\/ins>\r\n<script>\r\n     (adsbygoogle = window.adsbygoogle || []).push({});\r\n<\/script><\/div><br style=\"clear: both; display: block; float: none;\"\/>","protected":false},"excerpt":{"rendered":"<p>Konferansta konu\u015fma metni; Rafet ULUT\u00dcRK Vazifemiz, d\u00fcn\u00fc ve bug\u00fcn\u00fc \u00e7\u00f6zerek, Bulgaristan&#8217;\u0131n gelece\u011fini belirlemektir. Ge\u00e7mi\u015f bir aynad\u0131r. G\u00f6sterdi\u011fi ger\u00e7ekse, ka\u00e7\u0131n\u0131lmaz olan\u0131n yakla\u015f\u0131m\u0131d\u0131r. G\u00f6ky\u00fcz\u00fcndeki bulutlar yakla\u015fan f\u0131rt\u0131nan\u0131n<\/p>\n","protected":false},"author":13,"featured_media":18922,"comment_status":"closed","ping_status":"closed","sticky":false,"template":"","format":"standard","meta":{"advanced_seo_description":"","jetpack_seo_html_title":"","jetpack_seo_noindex":false,"_jetpack_memberships_contains_paid_content":false,"footnotes":""},"categories":[10],"tags":[],"class_list":["post-18913","post","type-post","status-publish","format-standard","has-post-thumbnail","hentry","category-kultur-sanat"],"jetpack_featured_media_url":"https:\/\/i0.wp.com\/www.bghaber.org\/bghaber\/wp-content\/uploads\/2016\/05\/ural-konfrns.jpg?fit=960%2C540&ssl=1","jetpack_sharing_enabled":true,"jetpack_likes_enabled":true,"jetpack-related-posts":[],"jetpack_shortlink":"https:\/\/wp.me\/pc2PfJ-4V3","_links":{"self":[{"href":"https:\/\/www.bghaber.org\/bghaber\/wp-json\/wp\/v2\/posts\/18913","targetHints":{"allow":["GET"]}}],"collection":[{"href":"https:\/\/www.bghaber.org\/bghaber\/wp-json\/wp\/v2\/posts"}],"about":[{"href":"https:\/\/www.bghaber.org\/bghaber\/wp-json\/wp\/v2\/types\/post"}],"author":[{"embeddable":true,"href":"https:\/\/www.bghaber.org\/bghaber\/wp-json\/wp\/v2\/users\/13"}],"replies":[{"embeddable":true,"href":"https:\/\/www.bghaber.org\/bghaber\/wp-json\/wp\/v2\/comments?post=18913"}],"version-history":[{"count":0,"href":"https:\/\/www.bghaber.org\/bghaber\/wp-json\/wp\/v2\/posts\/18913\/revisions"}],"wp:featuredmedia":[{"embeddable":true,"href":"https:\/\/www.bghaber.org\/bghaber\/wp-json\/wp\/v2\/media\/18922"}],"wp:attachment":[{"href":"https:\/\/www.bghaber.org\/bghaber\/wp-json\/wp\/v2\/media?parent=18913"}],"wp:term":[{"taxonomy":"category","embeddable":true,"href":"https:\/\/www.bghaber.org\/bghaber\/wp-json\/wp\/v2\/categories?post=18913"},{"taxonomy":"post_tag","embeddable":true,"href":"https:\/\/www.bghaber.org\/bghaber\/wp-json\/wp\/v2\/tags?post=18913"}],"curies":[{"name":"wp","href":"https:\/\/api.w.org\/{rel}","templated":true}]}}