{"id":18905,"date":"2016-05-10T21:19:45","date_gmt":"2016-05-10T18:19:45","guid":{"rendered":"http:\/\/www.bghaber.org\/bghaber\/?p=18905"},"modified":"2016-05-13T21:42:03","modified_gmt":"2016-05-13T18:42:03","slug":"haydar-alievin-93-dogum-yildonumu","status":"publish","type":"post","link":"https:\/\/www.bghaber.org\/bghaber\/haydar-alievin-93-dogum-yildonumu\/","title":{"rendered":"Haydar Aliev&#8217;\u0131n 93. Do\u011fum Y\u0131ld\u00f6n\u00fcm\u00fc"},"content":{"rendered":"<div><img data-recalc-dims=\"1\" loading=\"lazy\" decoding=\"async\" class=\"\" src=\"https:\/\/i0.wp.com\/www.bghaber.org\/bghaber\/wp-content\/uploads\/2016\/05\/HAliev.jpg?resize=591%2C201\" alt=\"HAliev\" width=\"591\" height=\"201\" \/><\/div>\n<div id=\"yiv9621433111yui_3_16_0_ym19_1_1462810791260_12527\"><i id=\"yiv9621433111yui_3_16_0_ym19_1_1462810791260_12533\"><span id=\"yiv9621433111yui_3_16_0_ym19_1_1462810791260_12534\">Azerbaycan\u2019\u0131n 3. Cumhurba\u015fkan\u0131 merhum Haydar Aliyev, do\u011fumunun 93.do\u011fum y\u0131l d\u00f6n\u00fcmde \u0130stanbul Sar\u0131yer Kire\u00e7burnu Haydar Aliyev Park\u0131\u2019nda an\u0131ld\u0131.\u00a0<\/span><\/i><span id=\"yiv9621433111yui_3_16_0_ym19_1_1462810791260_12541\">Haydar Aliyev an\u0131t\u0131n\u0131n \u00f6n\u00fcnde yap\u0131lan sayg\u0131 duru\u015fu ve iki \u00fclke milli mar\u015flar\u0131n\u0131n \u00e7al\u0131nmas\u0131yla ba\u015flayan t\u00f6ren, Azerbaycan Cumhuriyeti \u0130stanbul Ba\u015fkonsolosu Mesin HACIYEV\u2019in konu\u015fmas\u0131yla ba\u015flad\u0131.<\/span><\/div>\n<div>\n<p><strong>Ard\u0131ndan\u00a0&#8211;\u00a0<\/strong>Haydar Aliyev Park\u0131\u2019nda d\u00fczenlenen t\u00f6rende, ba\u015fkonsolos ve beraberindeki heyet, Haydar AL\u0130YEV an\u0131t\u0131na ve park\u0131n i\u00e7inde bulunan Atat\u00fcrk an\u0131t\u0131na da karanfil b\u0131rak\u0131p sayg\u0131 duru\u015funda bulundu.<\/p>\n<\/div>\n<div><img decoding=\"async\" src=\"https:\/\/scontent-frt3-1.xx.fbcdn.net\/v\/t1.0-9\/13138876_10154144427130902_984760532377584550_n.jpg?oh=7cf012c59feee52b8c8dce293030633c&amp;oe=57DB7A95\" \/><\/div>\n<div>BULT\u00dcRK Derne\u011fi olarak bizlerde haz\u0131r bulunduk.<\/div>\n<div id=\"yiv9621433111yui_3_16_0_ym19_1_1462810791260_12543\"><span id=\"yiv9621433111yui_3_16_0_ym19_1_1462810791260_12544\">De\u011ferli \u0130stanbullu Azerbaycan dostlar\u0131, bas\u0131n mensuplar\u0131! <\/span><\/div>\n<div><span id=\"yiv9621433111yui_3_16_0_ym19_1_1462810791260_12544\">DE\u011eERL\u0130 K A R D E \u015e L E R \u0130 M,<\/span><\/div>\n<div id=\"yiv9621433111yui_3_16_0_ym19_1_1462810791260_12546\"><span id=\"yiv9621433111yui_3_16_0_ym19_1_1462810791260_12547\">\u00a0<\/span><span id=\"yiv9621433111yui_3_16_0_ym19_1_1462810791260_12550\">\u00a0\u00a0\u00a0\u00a0\u00a0\u00a0\u00a0\u00a0\u00a0\u00a0\u00a0 Avrupa ve Asya aras\u0131nda, diyarlar g\u00fczeli Can Azerbaycan&#8217;da yeti\u015fen ve insanl\u0131\u011fa yar\u0131n\u0131n yolunu g\u00f6steren bir y\u0131ld\u0131z olan, modern Azerbaycan&#8217;\u0131n kurucusu, b\u00fcy\u00fck \u00f6nder Haydar Aliev&#8217;in aziz an\u0131s\u0131n\u0131, 93. do\u011fum y\u0131l d\u00f6n\u00fcm\u00fcnde, onun ad\u0131n\u0131 ta\u015f\u0131yan d\u00fcnyan\u0131n yeni merkezi \u0130stanbul\u2019da \u015fu g\u00fczelim parkta birlikte anmak, s\u0131cak beraberli\u011fimiz, \u00e7ok anlaml\u0131d\u0131r.<\/span><\/div>\n<div id=\"yiv9621433111yui_3_16_0_ym19_1_1462810791260_12552\"><span id=\"yiv9621433111yui_3_16_0_ym19_1_1462810791260_12553\">Anlaml\u0131d\u0131r, \u00e7\u00fcnk\u00fc Haydar Aliev bir devlet adam\u0131 ve halk \u00f6nderi olarak yeni tarihin en kritik d\u00f6neminde ya\u015fam\u0131\u015f, zaman\u0131n\u0131n en sert virajlar\u0131n\u0131 ba\u015far\u0131yla al\u0131rken bir\u00e7ok halka \u00f6rnek olmu\u015ftur. B\u00fcy\u00fck ba\u015far\u0131lar\u0131 aras\u0131nda Azerbaycan&#8217;\u0131n milli kimli\u011fine, ba\u011f\u0131ms\u0131zl\u0131k ve egemenli\u011fine d\u00f6nmesi; halk\u0131n\u0131n \u00f6zg\u00fcrl\u00fcklerini elde etmesi; k\u0131sa bir s\u00fcrede farkl\u0131l\u0131klardan derlenen yeni medeniyete Azerbaycanl\u0131 \u00f6z &#8211; kimli\u011fini ve \u0130slam ruhuna \u00f6r\u00fclm\u00fc\u015f yenid\u00fcnya g\u00f6r\u00fc\u015f\u00fcn\u00fc katmas\u0131 yak\u0131n ve bir\u00e7ok yak\u0131n ve uzak halkla birlikte biz Bulgaristanl\u0131 T\u00fcrk M\u00fcsl\u00fcmanlar\u0131na da \u00f6rnek olmu\u015f ve olmaktad\u0131r.<\/span><\/div>\n<div id=\"yiv9621433111yui_3_16_0_ym19_1_1462810791260_12555\"><span id=\"yiv9621433111yui_3_16_0_ym19_1_1462810791260_12556\">Hemen s\u00f6yleyeyim, 1950&#8217;lerde olu\u015fan Bulgaristanl\u0131 T\u00fcrk kimli\u011fi Azerbaycan ayd\u0131nlar\u0131n\u0131n paha bi\u00e7ilmez \u00f6z katk\u0131lar\u0131yla bi\u00e7imlenmi\u015fti.<\/span><\/div>\n<div id=\"yiv9621433111yui_3_16_0_ym19_1_1462810791260_12558\"><span id=\"yiv9621433111yui_3_16_0_ym19_1_1462810791260_12559\">\u00a0\u00a0\u00a0\u00a0\u00a0\u00a0\u00a0\u00a0\u00a0\u00a0\u00a0 Bu nedenle, Bulgaristan T\u00fcrkleri K\u00fclt\u00fcr ve Hizmet Derne\u011fi BULT\u00dcRK ve Bulgaristan Stratejik Ara\u015ft\u0131rmalar Merkezi BGSAM heyeti olarak bu anma t\u00f6reninde haz\u0131r bulunmam\u0131z bizim i\u00e7in \u00e7ok b\u00fcy\u00fck anlam ta\u015f\u0131yor.<\/span><\/div>\n<div id=\"yiv9621433111yui_3_16_0_ym19_1_1462810791260_12561\"><span id=\"yiv9621433111yui_3_16_0_ym19_1_1462810791260_12562\">1878 Rus &#8211; Osmanl\u0131 Sava\u015f\u0131ndan sonra, Bulgaristan&#8217;da kalan bizler yakla\u015f\u0131k bir y\u00fczy\u0131l T\u00fcrk M\u00fcsl\u00fcman kimli\u011fi olu\u015fturma davas\u0131 verdik. 1950&#8217;den sonra Azerbaycanl\u0131 bilim adamlar\u0131, Prof. Do\u00e7ent, Doktor ve \u00f6\u011fretmenler ordusu \u00fclkemize Bulgaristan\u2019a gelip, bize T\u00fcrk kimli\u011fi ve k\u00fclt\u00fcr\u00fc, dil dokusundan ve din atk\u0131s\u0131ndan olu\u015fur, gelin biz \u00f6nce anadil dokusunu yayal\u0131m, edebiyat dili \u015feklinde, s\u00f6zl\u00fc yaz\u0131l\u0131 halka a\u015f\u0131layal\u0131m dememi\u015f olsalard\u0131, biz bug\u00fcn de eski karanl\u0131klarda bocalamaya devam edecektik. Milli kimli\u011fimizde, \u00f6zg\u00fcn edebiyat ve tarihimizin dirilmesinde bize usta eli oldunuz, dost eli uzatt\u0131n\u0131z.<\/span><\/div>\n<div id=\"yiv9621433111yui_3_16_0_ym19_1_1462810791260_12564\"><b id=\"yiv9621433111yui_3_16_0_ym19_1_1462810791260_12565\"><span id=\"yiv9621433111yui_3_16_0_ym19_1_1462810791260_12566\">Ekti\u011finiz tohumlar ayd\u0131n ordumuzu yaratt\u0131. Ne mutlu bize.<\/span><\/b><\/div>\n<div id=\"yiv9621433111yui_3_16_0_ym19_1_1462810791260_12568\"><span id=\"yiv9621433111yui_3_16_0_ym19_1_1462810791260_12569\">\u00a0\u00a0\u00a0\u00a0\u00a0\u00a0\u00a0\u00a0\u00a0\u00a0\u00a0 Biz Bulgaristan T\u00fcrkleri, 1878\u2019de Osmanl\u0131\u2019dan kopar\u0131l\u0131nca devletsiz kald\u0131k, yeni iktidarlar 1945\u2019lere kadar eski irfan ocaklar\u0131m\u0131z\u0131 tamamen s\u00f6nd\u00fcrd\u00fc. Lise ve y\u00fcksek okullar\u0131 hayallerimizden bile silmi\u015fti, k\u00f6y okullar\u0131nda \u00f6\u011fretmenlik yapacak kadrolar\u0131m\u0131z kalmam\u0131\u015ft\u0131,\u00a0 karanl\u0131\u011f\u0131n bu denli zifiri oldu\u011fu bir d\u00f6nemde, ruhumuzda Azerbaycan nuru yand\u0131.<\/span><\/div>\n<div id=\"yiv9621433111yui_3_16_0_ym19_1_1462810791260_12571\"><span id=\"yiv9621433111yui_3_16_0_ym19_1_1462810791260_12572\">\u00a0<img decoding=\"async\" src=\"https:\/\/scontent-frt3-1.xx.fbcdn.net\/v\/t1.0-9\/13102705_10154144427635902_513543707158716929_n.jpg?oh=441f697b9be73ba3a770a8b69a9b89e1&amp;oe=57A68DDB\" \/><\/span><\/div>\n<div id=\"yiv9621433111yui_3_16_0_ym19_1_1462810791260_12574\"><span id=\"yiv9621433111yui_3_16_0_ym19_1_1462810791260_12575\">\u00a0\u00a0\u00a0\u00a0\u00a0\u00a0\u00a0\u00a0\u00a0\u00a0\u00a0 Bak\u00fc\u2019den gelen B\u0130LGE hocalar\u0131n, do\u00e7ent ve profes\u00f6rlerin \u00f6nc\u00fcl\u00fc\u011f\u00fcnde ve yard\u0131m\u0131yla K\u0131rcaali, Razgrad, \u015eumen, Ruse ve Sofya\u2019da pedagoji okullar\u0131 a\u00e7\u0131ld\u0131. Sofya \u00dcniversitesinde 4 fak\u00fclte T\u00fcrk\u00e7e tedrisata ba\u015flad\u0131. Bulgaristan birden bire ayd\u0131nland\u0131.<\/span><\/div>\n<div id=\"yiv9621433111yui_3_16_0_ym19_1_1462810791260_12577\"><span id=\"yiv9621433111yui_3_16_0_ym19_1_1462810791260_12578\">\u015eumen Dram Tiyatrosu\u2019nda Azerbaycan piyesleri sahnelendi.<\/span><\/div>\n<div id=\"yiv9621433111yui_3_16_0_ym19_1_1462810791260_12580\"><span id=\"yiv9621433111yui_3_16_0_ym19_1_1462810791260_12581\">B\u00fclb\u00fcl o\u011flunun \u015fark\u0131lar\u0131 g\u00f6n\u00fcllere girdi. Gen\u00e7ler Nizami\u2019yi T\u00fcrk\u00e7e ezberlemeye koyuldu. K\u0131zlar \u2013 \u015eirin, o\u011flanlar ise \u2013 Ferhat oldu. Ya\u015fl\u0131lar\u0131m\u0131z d\u00fcnyaya Fuzuli g\u00f6z\u00fcyle bakmaya ba\u015flad\u0131. Bulgaristan T\u00fcrkleri 1953\u2019te birden bire Azerbaycan&#8217;a sevdaland\u0131. Daha \u00f6nce b\u00f6yle bir ayd\u0131nl\u0131k, b\u00f6yle bir s\u0131cakl\u0131k ve perspektif g\u00f6rmemi\u015flerdi. Bizlerde, yani Bulgaristan\u2019da Azerbaycan \u00e7\u0131ras\u0131 b\u00f6yle bir yanm\u0131\u015ft\u0131 ki!\u00a0 T\u00fcrk karde\u015fli\u011finin sembol\u00fc, ge\u00e7mi\u015f ve gelece\u011fimizi birle\u015ftiren ate\u015f oldu.<\/span><\/div>\n<div id=\"yiv9621433111yui_3_16_0_ym19_1_1462810791260_12583\"><span id=\"yiv9621433111yui_3_16_0_ym19_1_1462810791260_12584\">\u00a0\u00a0\u00a0\u00a0\u00a0\u00a0\u00a0\u00a0\u00a0\u00a0\u00a0 E\u011fer bug\u00fcn Bulgaristan T\u00fcrkleri edebiyat\u0131ndan, modern \u00e7izgileri olan \u00f6zg\u00fcn bir etnik k\u00fclt\u00fcr\u00fcm\u00fczden, T\u00fcrk kimli\u011fimizin varolu\u015fundan s\u00f6z edebiliyorsak, bunu \u00c7OK B\u00dcY\u00dcK \u00f6l\u00e7\u00fcde \u00fclkemizde T\u00fcrkl\u00fck \u00e7\u0131ras\u0131 yakan Azerbaycanl\u0131 ayd\u0131nlara bor\u00e7luyuz. Kendilerine bug\u00fcn de te\u015fekk\u00fcr bor\u00e7luyuz.<\/span><\/div>\n<div id=\"yiv9621433111yui_3_16_0_ym19_1_1462810791260_12586\"><span id=\"yiv9621433111yui_3_16_0_ym19_1_1462810791260_12587\">\u00a0\u00a0\u00a0\u00a0\u00a0\u00a0\u00a0\u00a0\u00a0\u00a0\u00a0 \u00d6z tarihimizi T\u00fcrk\u00e7e yazd\u0131k. T\u00fcrk olarak \u00f6rg\u00fctlendik, ayd\u0131nland\u0131k, daha sonraki totaliter yasaklar d\u00f6neminde, bask\u0131lara ra\u011fmen, Azerbaycan ayd\u0131nlar\u0131n\u0131n bizde yakt\u0131\u011f\u0131 \u00e7\u0131rayla adalet ararken, bundan 27 y\u0131l \u00f6nce totaliter bask\u0131 ve ter\u00f6re kar\u015f\u0131 1989 May\u0131s\u0131nda ayakland\u0131k, asla y\u0131lmad\u0131k, kimseye el a\u00e7madan dirilmeyi ba\u015fard\u0131k. Azerbaycanl\u0131 ayd\u0131nlar bize <strong id=\"yiv9621433111yui_3_16_0_ym19_1_1462810791260_12588\"><span id=\"yiv9621433111yui_3_16_0_ym19_1_1462810791260_12589\">\u201cmuhta\u00e7 oldu\u011fumuz kudretin damarlar\u0131m\u0131zda mevcut oldu\u011funu g\u00f6sterdiler.\u201d<\/span><\/strong><span id=\"yiv9621433111yui_3_16_0_ym19_1_1462810791260_12590\"> <\/span>Biz onlara inanm\u0131\u015ft\u0131k, inan\u0131yoruz. <b id=\"yiv9621433111yui_3_16_0_ym19_1_1462810791260_12591\">Kendilerine buradan bir daha sonsuz te\u015fekk\u00fcrlerimizi iletiyoruz.<\/b><\/span><\/div>\n<div id=\"yiv9621433111yui_3_16_0_ym19_1_1462810791260_12593\"><span id=\"yiv9621433111yui_3_16_0_ym19_1_1462810791260_12594\">\u00a0\u00a0\u00a0\u00a0\u00a0\u00a0\u00a0\u00a0\u00a0\u00a0\u00a0 Ortak davam\u0131zda sanki eksikliklerimiz var. Bulgaristan\u2019da art\u0131k Azerbaycan filmi oynat\u0131lm\u0131yor. Karde\u015f Azerbaycan yazarlar\u0131n\u0131n raflardaki yerleri bo\u015f\u2026<\/span><\/div>\n<div id=\"yiv9621433111yui_3_16_0_ym19_1_1462810791260_12596\"><span id=\"yiv9621433111yui_3_16_0_ym19_1_1462810791260_12597\">\u00a0\u00a0\u00a0\u00a0\u00a0\u00a0\u00a0\u00a0\u00a0\u00a0\u00a0 Masallar\u0131n\u0131z\u0131, \u00f6yk\u00fclerinizi dinlemek istiyor \u00e7ocuklar\u0131m\u0131z\u2026.<\/span><\/div>\n<div id=\"yiv9621433111yui_3_16_0_ym19_1_1462810791260_12599\"><span id=\"yiv9621433111yui_3_16_0_ym19_1_1462810791260_12600\">\u00a0\u00a0\u00a0\u00a0\u00a0\u00a0\u00a0\u00a0\u00a0\u00a0\u00a0 Azerbaycanl\u0131 sanat\u00e7\u0131lar\u0131n eskiden oldu\u011fu gibi \u015fimdi de Radyo efirinden g\u00f6n\u00fclleri doldurmas\u0131n\u0131 bekliyoruz.<\/span><\/div>\n<div id=\"yiv9621433111yui_3_16_0_ym19_1_1462810791260_12602\"><span id=\"yiv9621433111yui_3_16_0_ym19_1_1462810791260_12603\">\u00a0\u00a0\u00a0\u00a0\u00a0\u00a0\u00a0\u00a0\u00a0\u00a0\u00a0 Bulgaristan\u2019da son 20 y\u0131lda say\u0131n Prof.Dr. El\u00e7in \u0130skenderzade beyin eserlerinden ba\u015fka T\u00fcrk\u00e7e ve Bulgarca yeni eserlerinizi okuyamad\u0131k. Azerbaycan&#8217;\u0131 tan\u0131tan rehber kitaplara ihtiya\u00e7 duyuyoruz. Bunlar Bulgarca da olabilir.\u00a0<\/span><span id=\"yiv9621433111yui_3_16_0_ym19_1_1462810791260_12606\">Bu etkinlikleri BULT\u00dcRK arac\u0131l\u0131yla ger\u00e7ekle\u015ftirebiliriz. Kap\u0131m\u0131z Can Azerbaycan&#8217;a a\u00e7\u0131kt\u0131r.<\/span><\/div>\n<div id=\"yiv9621433111yui_3_16_0_ym19_1_1462810791260_12608\"><span id=\"yiv9621433111yui_3_16_0_ym19_1_1462810791260_12609\">\u00a0\u00a0\u00a0\u00a0\u00a0\u00a0\u00a0\u00a0\u00a0\u00a0\u00a0 1950\u2019lerde \u015eumen dram tiyatrosunda \u201cFerhat ile \u015eirin\u2019i\u201d izleyenlerin torunlar\u0131 bug\u00fcn de ayn\u0131 piyesi g\u00f6rme arzusuyla yan\u0131p tutu\u015fuyorlar.<\/span><\/div>\n<div id=\"yiv9621433111yui_3_16_0_ym19_1_1462810791260_12611\"><span id=\"yiv9621433111yui_3_16_0_ym19_1_1462810791260_12612\">\u00a0\u00a0\u00a0\u00a0\u00a0\u00a0\u00a0\u00a0\u00a0\u00a0\u00a0 Tarihi ayd\u0131nlatan b\u00fcy\u00fck halklar\u0131n yeni \u00f6devi, y\u0131llar\u0131n y\u00fck\u00fcn\u00fc ta\u015f\u0131makta zorlanan eski k\u0131ta Avrupa \u015fimdi de yeni \u0131\u015f\u0131k bekliyor. Beklenen petrol ve do\u011fal gaz ile birlikte manevi nurdur.<\/span><\/div>\n<div id=\"yiv9621433111yui_3_16_0_ym19_1_1462810791260_12614\"><span id=\"yiv9621433111yui_3_16_0_ym19_1_1462810791260_12615\">\u00a0\u00a0\u00a0\u00a0\u00a0\u00a0\u00a0\u00a0\u00a0\u00a0\u00a0 Bunlar art\u0131k ortak \u00f6devlerimizden biri oldu. Ayr\u0131 ayr\u0131 yanan ama birle\u015fince yanmayan Hidrojen ve Oksijen\u2019\u0131 par\u00e7alay\u0131p yeni enerji kaynaklar\u0131 arayanlara selam olsun, en b\u00fcy\u00fck ate\u015f insanlar\u0131n g\u00f6nl\u00fcndeki dostluk ve karde\u015flik ate\u015fidir. Ve bu ate\u015fi ya\u015fatan bizleriz. Yeni y\u00fczy\u0131lda Amerika\u2019da en fazla bas\u0131lan ve okunan eser Mevlana Cellalettin Rumi\u2019nin MESNEV\u0130S\u0130 olduysa, 21. Y\u00fczy\u0131lda Avrupa\u2019da en b\u00fcy\u00fck bask\u0131 say\u0131s\u0131nda \u00e7\u0131kan ve en fazla satan eser neden Nizami, Fuzuli, Haf\u0131z ve ya di\u011fer Azerbaycan ayd\u0131nl\u0131k\u00e7\u0131lar\u0131m\u0131z olmas\u0131n.<\/span><\/div>\n<div id=\"yiv9621433111yui_3_16_0_ym19_1_1462810791260_12617\"><span id=\"yiv9621433111yui_3_16_0_ym19_1_1462810791260_12618\">Onlar\u0131n incileri kalem ucundan deri s\u0131rt\u0131na d\u00f6k\u00fcleli 1000 (bin) \u00a0y\u0131l oldu ama \u0131\u015f\u0131\u011f\u0131n eskisi ve yenisi olmaz. Azerbaycan \u00e7\u0131ras\u0131 g\u00fcne\u015f \u0131\u015f\u0131\u011f\u0131ndan bir par\u00e7ad\u0131r. Siz yeni medeniyet ta\u015f\u0131nda incisiniz.<\/span><span id=\"yiv9621433111yui_3_16_0_ym19_1_1462810791260_12619\"><\/span><\/div>\n<div id=\"yiv9621433111yui_3_16_0_ym19_1_1462810791260_12621\"><span id=\"yiv9621433111yui_3_16_0_ym19_1_1462810791260_12622\">100 y\u0131la yak\u0131n bir zaman kesimi i\u00e7inde Azerbaycanl\u0131 konuk bilim \u00f6nc\u00fclerinin bizi T\u00fcrk ve M\u00fcsl\u00fcman oca\u011f\u0131nda \u0131s\u0131tt\u0131, T\u00fcrkl\u00fc\u011f\u00fc ayakta tuttu, tutmaya devam ediyor. Azerbaycan ayd\u0131n ordusunun \u00f6nc\u00fcl\u00fc\u011f\u00fcnde memleketimizde \u00f6\u011fretmen ordusu yeti\u015fti, ders odalar\u0131, k\u00fct\u00fcphaneler ayd\u0131nland\u0131, \u0131\u015f\u0131k sa\u00e7an dernekler kuruldu, gazete ve dergiler \u00e7\u0131kt\u0131, anadilimizde radyo yay\u0131nlar\u0131 ba\u015flad\u0131, edebiyat ansiklopedilerimize 100 \u015fair, 100 yazar s\u0131\u011fmad\u0131, \u015fark\u0131 ve t\u00fcrk\u00fclerimiz yeni namelerle yank\u0131land\u0131.\u00a0 En \u00f6nemlisi de, Azerbaycanl\u0131 ayd\u0131n ordusu bize yepyeni bir d\u00fcnya g\u00f6r\u00fc\u015f\u00fc a\u015f\u0131lad\u0131, bilimsel d\u00fc\u015f\u00fcnme \u00f6\u011fretti,\u00a0 insan karde\u015fli\u011fimizi yeni anlamla zenginle\u015ftirdi, \u0131\u015f\u0131k bu kez Bulgaristanl\u0131 T\u00fcrklerin kendi ayd\u0131n ordusunu olu\u015fturdu. Onlar bize &#8220;<b id=\"yiv9621433111yui_3_16_0_ym19_1_1462810791260_12623\">g\u00fcne\u015f i\u00e7meyi<\/b>&#8221; \u00f6\u011frettiler. Size minnettar\u0131z! Te\u015fekk\u00fcr ederiz.<\/span><\/div>\n<div><img decoding=\"async\" src=\"https:\/\/scontent-frt3-1.xx.fbcdn.net\/v\/t1.0-9\/13138876_10154144427130902_984760532377584550_n.jpg?oh=7cf012c59feee52b8c8dce293030633c&amp;oe=57DB7A95\" \/><\/div>\n<div id=\"yiv9621433111yui_3_16_0_ym19_1_1462810791260_12625\"><span id=\"yiv9621433111yui_3_16_0_ym19_1_1462810791260_12626\">Bu b\u00fcy\u00fck davada &#8211; bir halk\u0131 ayd\u0131nlatmaktan daha b\u00fcy\u00fck bir dava olamaz &#8211; bug\u00fcn aziz hat\u0131ras\u0131n\u0131 and\u0131\u011f\u0131m\u0131z, davas\u0131n\u0131 \u00f6rnek ald\u0131\u011f\u0131m\u0131z, kendisine, Azerbaycan, Orta Asya, \u0130slam \u00e2lemi, Balkanlar ve d\u00fcnya halklar\u0131 i\u00e7in yapt\u0131klar\u0131yla \u00f6v\u00fcnd\u00fc\u011f\u00fcm\u00fcz b\u00fcy\u00fck devlet adam\u0131 Haydar Aliev&#8217;in muzaffer davas\u0131 ve yaratt\u0131\u011f\u0131 parlak umutlar ya\u015fad\u0131k\u00e7a \u00f6nem kazan\u0131yor.\u00a0 \u00c7a\u011fda\u015f Azerbaycan&#8217;\u0131n yeni bir bilim, k\u00fclt\u00fcr, ya\u015fam bi\u00e7imi, kalk\u0131nma ve medeniyet \u00f6rne\u011fi olmas\u0131, bizim i\u00e7in \u00f6v\u00fcn\u00e7l\u00fc k\u0131van\u00e7 kayna\u011f\u0131d\u0131r.<\/span><\/div>\n<div><img decoding=\"async\" src=\"https:\/\/scontent-frt3-1.xx.fbcdn.net\/v\/t34.0-12\/13231043_10154149914870902_1769627226_n.jpg?oh=c0e52b4e1bee6cd3e2fea80f6e3a30f1&amp;oe=5738D849\" \/><\/div>\n<div id=\"yiv9621433111yui_3_16_0_ym19_1_1462810791260_12628\"><span id=\"yiv9621433111yui_3_16_0_ym19_1_1462810791260_12629\">Bu \u00f6zl\u00fc ve \u015ferefli davan\u0131n say\u0131n devlet Ba\u015fkan\u0131 \u0130lham Aliev taraf\u0131ndan bug\u00fcn zaferden zafere g\u00f6t\u00fcr\u00fclmesi, bizim hem uzak hem de yak\u0131n memleketimiz Bulgaristan dahi yar\u0131nlar\u0131n\u0131 Azerbaycan ekonomisiyle kayna\u015fmada, Hazar do\u011fal gaz\u0131n\u0131n bize de enerji kayna\u011f\u0131 olmas\u0131nda g\u00f6r\u00fcyorsa, yeni ba\u015flayan 21. y\u00fczy\u0131l ortakl\u0131\u011f\u0131m\u0131z\u0131n son derece b\u00fcy\u00fck anlam\u0131 hemen ortaya \u00e7\u0131k\u0131yor.<\/span><\/div>\n<div id=\"yiv9621433111yui_3_16_0_ym19_1_1462810791260_12631\"><span id=\"yiv9621433111yui_3_16_0_ym19_1_1462810791260_12632\">\u0130yi ki Vars\u0131n\u0131z. \u0130yi ki \u00f6l\u00fcms\u00fcz \u00f6nder Haydar Aliev&#8217;i biz de tan\u0131ma imkanlar\u0131 bulabildik. \u0130yi ki, yeni umutlar\u0131m\u0131z\u0131 Azerbaycan&#8217;\u0131n gen\u00e7 \u00f6nderi \u0130lhan Aliev&#8217;e ba\u011flad\u0131k.<\/span><\/div>\n<div id=\"yiv9621433111yui_3_16_0_ym19_1_1462810791260_12634\"><span id=\"yiv9621433111yui_3_16_0_ym19_1_1462810791260_12635\">Bu \u00f6nemli g\u00fcnde, Azerbaycanl\u0131 karde\u015flerimize ne i\u00e7ten sa\u011fl\u0131k ve ba\u015far\u0131 dileklerimizi, kalpten selamlar\u0131m\u0131z\u0131 iletmenizi rica ediyorum.<\/span><\/div>\n<div id=\"yiv9621433111yui_3_16_0_ym19_1_1462810791260_12637\"><span id=\"yiv9621433111yui_3_16_0_ym19_1_1462810791260_12638\">Sa\u011f olun! Var olun! Sizlerle birlikte olman\u0131n umudu bile, son derece heyecan verici. Te\u015fekk\u00fcr ederim.<\/span><\/div>\n<div><img data-recalc-dims=\"1\" decoding=\"async\" src=\"https:\/\/i0.wp.com\/www.sariyer.bel.tr\/userfiles\/mudurlukler\/BasinYayin\/image\/635037975013800725.JPG?w=640\" \/><\/div>\n<div id=\"bghab-930305515\" class=\"bghab-yazi-altinda bghab-entity-placement\"><div class=\"bghab-adlabel\">Reklamlar<\/div><script async src=\"https:\/\/pagead2.googlesyndication.com\/pagead\/js\/adsbygoogle.js\"><\/script>\r\n<!-- bghaber-yaz\u0131-sonu -->\r\n<ins class=\"adsbygoogle\"\r\n     style=\"display:block\"\r\n     data-ad-client=\"ca-pub-6203283170189293\"\r\n     data-ad-slot=\"4222328180\"\r\n     data-ad-format=\"auto\"\r\n     data-full-width-responsive=\"true\"><\/ins>\r\n<script>\r\n     (adsbygoogle = window.adsbygoogle || []).push({});\r\n<\/script><\/div><br style=\"clear: both; display: block; float: none;\"\/>","protected":false},"excerpt":{"rendered":"<p>Azerbaycan\u2019\u0131n 3. Cumhurba\u015fkan\u0131 merhum Haydar Aliyev, do\u011fumunun 93.do\u011fum y\u0131l d\u00f6n\u00fcmde \u0130stanbul Sar\u0131yer Kire\u00e7burnu Haydar Aliyev Park\u0131\u2019nda an\u0131ld\u0131.\u00a0Haydar Aliyev an\u0131t\u0131n\u0131n \u00f6n\u00fcnde yap\u0131lan sayg\u0131 duru\u015fu ve iki<\/p>\n","protected":false},"author":13,"featured_media":18940,"comment_status":"closed","ping_status":"closed","sticky":false,"template":"","format":"standard","meta":{"advanced_seo_description":"","jetpack_seo_html_title":"","jetpack_seo_noindex":false,"_jetpack_memberships_contains_paid_content":false,"footnotes":""},"categories":[6],"tags":[],"class_list":["post-18905","post","type-post","status-publish","format-standard","has-post-thumbnail","hentry","category-yorum"],"jetpack_featured_media_url":"https:\/\/i0.wp.com\/www.bghaber.org\/bghaber\/wp-content\/uploads\/2016\/05\/HAliev.jpg?fit=598%2C203&ssl=1","jetpack_sharing_enabled":true,"jetpack_likes_enabled":true,"jetpack-related-posts":[],"jetpack_shortlink":"https:\/\/wp.me\/pc2PfJ-4UV","_links":{"self":[{"href":"https:\/\/www.bghaber.org\/bghaber\/wp-json\/wp\/v2\/posts\/18905","targetHints":{"allow":["GET"]}}],"collection":[{"href":"https:\/\/www.bghaber.org\/bghaber\/wp-json\/wp\/v2\/posts"}],"about":[{"href":"https:\/\/www.bghaber.org\/bghaber\/wp-json\/wp\/v2\/types\/post"}],"author":[{"embeddable":true,"href":"https:\/\/www.bghaber.org\/bghaber\/wp-json\/wp\/v2\/users\/13"}],"replies":[{"embeddable":true,"href":"https:\/\/www.bghaber.org\/bghaber\/wp-json\/wp\/v2\/comments?post=18905"}],"version-history":[{"count":0,"href":"https:\/\/www.bghaber.org\/bghaber\/wp-json\/wp\/v2\/posts\/18905\/revisions"}],"wp:featuredmedia":[{"embeddable":true,"href":"https:\/\/www.bghaber.org\/bghaber\/wp-json\/wp\/v2\/media\/18940"}],"wp:attachment":[{"href":"https:\/\/www.bghaber.org\/bghaber\/wp-json\/wp\/v2\/media?parent=18905"}],"wp:term":[{"taxonomy":"category","embeddable":true,"href":"https:\/\/www.bghaber.org\/bghaber\/wp-json\/wp\/v2\/categories?post=18905"},{"taxonomy":"post_tag","embeddable":true,"href":"https:\/\/www.bghaber.org\/bghaber\/wp-json\/wp\/v2\/tags?post=18905"}],"curies":[{"name":"wp","href":"https:\/\/api.w.org\/{rel}","templated":true}]}}