{"id":18691,"date":"2016-04-22T23:16:03","date_gmt":"2016-04-22T20:16:03","guid":{"rendered":"http:\/\/www.bghaber.org\/bghaber\/?p=18691"},"modified":"2016-04-22T23:16:03","modified_gmt":"2016-04-22T20:16:03","slug":"bulgaristanda-oy-kullanmak-zorunlu-hale-geldi","status":"publish","type":"post","link":"https:\/\/www.bghaber.org\/bghaber\/bulgaristanda-oy-kullanmak-zorunlu-hale-geldi\/","title":{"rendered":"Bulgaristan&#8217;da oy kullanmak zorunlu hale geldi"},"content":{"rendered":"<h2 class=\"standfirst\">BGSAM<\/h2>\n<div>Bulgaristan parlamentosunda g\u00f6r\u00fc\u015f\u00fclen ve 110 oyla kabul edilen de\u011fi\u015fiklikte, oy kullanma hakk\u0131n\u0131n &#8220;vatanda\u015fl\u0131k g\u00f6revi&#8221; oldu\u011fu belirtildi. Bu hak daha \u00f6nce se\u00e7menlerin &#8220;\u00f6zg\u00fcr iradesine&#8221; b\u0131rak\u0131lm\u0131\u015ft\u0131.<\/div>\n<div>Yasada yer alan yeni maddede, &#8220;Oy kullan\u0131m\u0131 zorunlu olup vatanda\u015fl\u0131k g\u00f6revi olarak yerine getirilir\u201d ifadesine yer verildi.<\/div>\n<div>Ana muhalefetteki Bulgaristan Sosyalist Partisi (BSP), T\u00fcrk ve M\u00fcsl\u00fcmanlar\u0131n olu\u015fturdu\u011fu Hak ve \u00d6zg\u00fcrl\u00fckler Hareketi (H\u00d6H) ile Reformcu Blok (RB) milletvekillerinden baz\u0131lar\u0131 aleyhte oy kulland\u0131.<\/div>\n<div>Oy kullanmayanlara verilecek ceza ise hen\u00fcz belirlenmedi.<\/div>\n<div><\/div>\n<div><strong>Demokrasinin ilk se\u00e7imleri Bulgaristan\u2019da<\/strong><\/div>\n<div>1990 y\u0131l\u0131nda yap\u0131lan ilk demokratik se\u00e7imlere kat\u0131l\u0131m y\u00fczde <strong>90,6 olmu\u015ftu. <\/strong><\/div>\n<div><\/div>\n<div>2013 y\u0131l\u0131ndaki se\u00e7imlerde ise kay\u0131tl\u0131 se\u00e7menlerin y\u00fczde <strong>51,33\u2019\u00fc<\/strong>\u00a0oy kulland\u0131.<\/div>\n<div>2014 y\u0131l\u0131nda parlamento se\u00e7iminde ise kat\u0131l\u0131m y\u00fczde <strong>40-lara\u00a0d\u00fc\u015fm\u00fc\u015ft\u00fc.<\/strong><\/div>\n<div id=\"bghab-3763526065\" class=\"bghab-yazi-altinda bghab-entity-placement\"><div class=\"bghab-adlabel\">Reklamlar<\/div><script async src=\"https:\/\/pagead2.googlesyndication.com\/pagead\/js\/adsbygoogle.js\"><\/script>\r\n<!-- bghaber-yaz\u0131-sonu -->\r\n<ins class=\"adsbygoogle\"\r\n     style=\"display:block\"\r\n     data-ad-client=\"ca-pub-6203283170189293\"\r\n     data-ad-slot=\"4222328180\"\r\n     data-ad-format=\"auto\"\r\n     data-full-width-responsive=\"true\"><\/ins>\r\n<script>\r\n     (adsbygoogle = window.adsbygoogle || []).push({});\r\n<\/script><\/div><br style=\"clear: both; display: block; float: none;\"\/>","protected":false},"excerpt":{"rendered":"<p>BGSAM Bulgaristan parlamentosunda g\u00f6r\u00fc\u015f\u00fclen ve 110 oyla kabul edilen de\u011fi\u015fiklikte, oy kullanma hakk\u0131n\u0131n &#8220;vatanda\u015fl\u0131k g\u00f6revi&#8221; oldu\u011fu belirtildi. Bu hak daha \u00f6nce se\u00e7menlerin &#8220;\u00f6zg\u00fcr iradesine&#8221; b\u0131rak\u0131lm\u0131\u015ft\u0131.<\/p>\n","protected":false},"author":13,"featured_media":11602,"comment_status":"closed","ping_status":"closed","sticky":false,"template":"","format":"standard","meta":{"advanced_seo_description":"","jetpack_seo_html_title":"","jetpack_seo_noindex":false,"_jetpack_memberships_contains_paid_content":false,"footnotes":""},"categories":[4],"tags":[],"class_list":["post-18691","post","type-post","status-publish","format-standard","has-post-thumbnail","hentry","category-siyaset"],"jetpack_featured_media_url":"https:\/\/i0.wp.com\/www.bghaber.org\/bghaber\/wp-content\/uploads\/2014\/10\/secim-bulgaristan.jpg?fit=300%2C225&ssl=1","jetpack_sharing_enabled":true,"jetpack_likes_enabled":true,"jetpack-related-posts":[],"jetpack_shortlink":"https:\/\/wp.me\/pc2PfJ-4Rt","_links":{"self":[{"href":"https:\/\/www.bghaber.org\/bghaber\/wp-json\/wp\/v2\/posts\/18691","targetHints":{"allow":["GET"]}}],"collection":[{"href":"https:\/\/www.bghaber.org\/bghaber\/wp-json\/wp\/v2\/posts"}],"about":[{"href":"https:\/\/www.bghaber.org\/bghaber\/wp-json\/wp\/v2\/types\/post"}],"author":[{"embeddable":true,"href":"https:\/\/www.bghaber.org\/bghaber\/wp-json\/wp\/v2\/users\/13"}],"replies":[{"embeddable":true,"href":"https:\/\/www.bghaber.org\/bghaber\/wp-json\/wp\/v2\/comments?post=18691"}],"version-history":[{"count":0,"href":"https:\/\/www.bghaber.org\/bghaber\/wp-json\/wp\/v2\/posts\/18691\/revisions"}],"wp:featuredmedia":[{"embeddable":true,"href":"https:\/\/www.bghaber.org\/bghaber\/wp-json\/wp\/v2\/media\/11602"}],"wp:attachment":[{"href":"https:\/\/www.bghaber.org\/bghaber\/wp-json\/wp\/v2\/media?parent=18691"}],"wp:term":[{"taxonomy":"category","embeddable":true,"href":"https:\/\/www.bghaber.org\/bghaber\/wp-json\/wp\/v2\/categories?post=18691"},{"taxonomy":"post_tag","embeddable":true,"href":"https:\/\/www.bghaber.org\/bghaber\/wp-json\/wp\/v2\/tags?post=18691"}],"curies":[{"name":"wp","href":"https:\/\/api.w.org\/{rel}","templated":true}]}}