{"id":18686,"date":"2016-04-22T19:07:37","date_gmt":"2016-04-22T16:07:37","guid":{"rendered":"http:\/\/www.bghaber.org\/bghaber\/?p=18686"},"modified":"2016-04-22T19:07:37","modified_gmt":"2016-04-22T16:07:37","slug":"osman-gazi-koprusunu-gec-orhan-gazi-ile-butunles","status":"publish","type":"post","link":"https:\/\/www.bghaber.org\/bghaber\/osman-gazi-koprusunu-gec-orhan-gazi-ile-butunles\/","title":{"rendered":"Osman Gazi K\u00f6pr\u00fcs\u00fcn\u00fc ge\u00e7 Orhan Gazi ile b\u00fct\u00fcnle\u015f"},"content":{"rendered":"<div class=\"news-detail-spot\">\n<h2 class=\"selectionShareable\"><img data-recalc-dims=\"1\" height=\"420\" width=\"640\" decoding=\"async\" src=\"https:\/\/i0.wp.com\/www.bghaber.org\/bghaber\/wp-content\/uploads\/2016\/04\/tayip-yol-768x504.jpg?resize=640%2C420\" alt=\"tayip yol\" \/><\/h2>\n<h2 class=\"selectionShareable\">2013 y\u0131l\u0131nda temeli at\u0131lan <a class=\"keywords\" href=\"http:\/\/www.hurriyet.com.tr\/index\/izmit-korfez-gecis-koprusu\" target=\"_blank\">\u0130zmit K\u00f6rfez Ge\u00e7i\u015f K\u00f6pr\u00fcs\u00fc<\/a>\u2019n\u00fcn son tabliyesi d\u00fcn t\u00f6renle birle\u015ftirilirken, art\u0131k k\u00f6rfezi ge\u00e7mek 2 saatten 6 dakikaya indi. Cumhurba\u015fkan\u0131 Erdo\u011fan, Ba\u015fbakan Davuto\u011flu ve Ula\u015ft\u0131rma Bakan\u0131 Binali Y\u0131ld\u0131r\u0131m\u2019\u0131n birlikte birle\u015ftirdi\u011fi ve ismi \u2018Osman Gazi\u2019 olan k\u00f6pr\u00fc Ramazan Bayram\u0131 \u00f6ncesi hizmete a\u00e7\u0131lacak.<\/h2>\n<\/div>\n<div class=\"news-box\">\n<p class=\"selectionShareable\">2013 y\u0131l\u0131nda temeli at\u0131lan ve \u0130zmit K\u00f6rfezi\u2019nin gerdanl\u0131\u011f\u0131 olarak nitelendirilen K\u00f6rfez Ge\u00e7i\u015f K\u00f6pr\u00fcs\u00fc\u2019nde <a class=\"keywords\" href=\"http:\/\/www.hurriyet.com.tr\/index\/son\" target=\"_blank\">son<\/a> tabliye d\u00fcn Cumhurba\u015fkan\u0131 <a class=\"keywords\" href=\"http:\/\/www.hurriyet.com.tr\/index\/recep-tayyip-erdogan\" target=\"_blank\">Recep Tayyip Erdo\u011fan<\/a>, <a class=\"keywords\" href=\"http:\/\/www.hurriyet.com.tr\/index\/basbakan-ahmet-davutoglu\" target=\"_blank\">Ba\u015fbakan Ahmet Davuto\u011flu<\/a> ve Ula\u015ft\u0131rma, Denizcilik ve Haberle\u015fme Bakan\u0131 Binali Y\u0131ld\u0131r\u0131m\u2019\u0131n kat\u0131l\u0131m\u0131yla Yalova taraf\u0131nda yap\u0131lan bir t\u00f6renle yerine yerle\u015ftirildi. <a class=\"keywords\" href=\"http:\/\/www.hurriyet.com.tr\/istanbul\/\" target=\"_blank\">\u0130stanbul<\/a> ile \u0130zmir aras\u0131n\u0131 3.5 saate indirecek Gebze- Orhangazi-\u0130zmir Otoyolu\u2019nun en \u00f6nemli aya\u011f\u0131 olan<a class=\"keywords\" href=\"http:\/\/www.hurriyet.com.tr\/index\/izmit-korfez-gecis-koprusu\" target=\"_blank\">\u0130zmit K\u00f6rfez Ge\u00e7i\u015f K\u00f6pr\u00fcs\u00fc<\/a>\u2019n\u00fcn son vidalar\u0131n\u0131 ise <a class=\"keywords\" href=\"http:\/\/www.hurriyet.com.tr\/index\/yavuz-sultan-selim\" target=\"_blank\">Yavuz Sultan Selim<\/a> K\u00f6pr\u00fcs\u00fc\u2019nde oldu\u011fu gibi Erdo\u011fan, Davuto\u011flu ve Y\u0131ld\u0131r\u0131m birlikte s\u0131kt\u0131. K\u00f6pr\u00fcn\u00fcn Ramazan Bayram\u0131 \u00f6ncesinde a\u00e7\u0131lmas\u0131 planlan\u0131yor. Bug\u00fcne kadar 112 tabliyenin konuldu\u011fu k\u00f6pr\u00fcde, 113\u2019\u00fcnc\u00fc tabliyenin yerle\u015ftirilmesiyle art\u0131k 2 bin 682 metrelik k\u00f6pr\u00fc, y\u00fcr\u00fcyerek ge\u00e7ilir hale geldi. Otoyolun Alt\u0131nova- Gemlik aras\u0131ndaki 40 kilometrelik kesimi de yap\u0131lan t\u00f6renle hizmete a\u00e7\u0131ld\u0131.<\/p>\n<p class=\"selectionShareable\">Cumhurba\u015fkan\u0131 Recep Tayyip Erdo\u011fan ve Ba\u015fbakan <a class=\"keywords\" href=\"http:\/\/www.hurriyet.com.tr\/index\/ahmet-davutoglu\" target=\"_blank\">Ahmet Davuto\u011flu<\/a>, d\u00fcn \u0130stanbul-\u0130zmir Otoyolu K\u00f6rfez Ge\u00e7i\u015f K\u00f6pr\u00fcs\u00fc\u2019n\u00fcn son tabliyesinin konulma merasimi ve otoyolun Alt\u0131nova-Gemlik aras\u0131ndaki kesiminin a\u00e7\u0131l\u0131\u015f\u0131 i\u00e7in Yalova\u2019dayd\u0131. T\u00f6ren i\u00e7in otoyol \u00fczerinde kurulan alana saatler \u00f6ncesinden binlerce vatanda\u015f topland\u0131. K\u00f6pr\u00fcn\u00fcn Alt\u0131nova taraf\u0131ndaki aya\u011f\u0131n\u0131n bulundu\u011fu noktada t\u00f6rene ger\u00e7ekle\u015ftirildi.<\/p>\n<p>Cumhurba\u015fkan\u0131 Erdo\u011fan a\u00e7\u0131l\u0131\u015fta yapt\u0131\u011f\u0131 konu\u015fmada k\u00f6pr\u00fcn\u00fcn 2023 projeleri aras\u0131nda ilk tamamlananlardan oldu\u011funa dikkat \u00e7ekerek \u015f\u00f6yle konu\u015ftu: \u201cBu <a class=\"keywords\" href=\"http:\/\/www.hurriyet.com.tr\/index\/turkiye\" target=\"_blank\">T\u00fcrkiye<\/a>\u2019nin otoyoludur. Proje sadece \u015fu a\u00e7\u0131l\u0131\u015f\u0131n\u0131 ger\u00e7ekle\u015fmekte oldu\u011fumuz 40 kilometrelik b\u00f6l\u00fcm ve son tabliyesinin vidalar\u0131n\u0131 s\u0131kt\u0131\u011f\u0131m\u0131z \u00f6n\u00fcm\u00fczdeki ay\u0131n sonunda a\u00e7\u0131lacak k\u00f6pr\u00fc b\u00f6lgenin ula\u015f\u0131m\u0131nda \u00e7ok b\u00fcy\u00fck rahatlama sa\u011flayacak. Bayramlarda kuyruklar\u0131 hat\u0131rl\u0131yorsunuz de\u011fil mi? Art\u0131k b\u00f6yle bir \u015fey olmayacak, hepsi art\u0131k tarih olacak. Gebze\u2019den Gemlik\u2019e kadar olan 13 kilometrelik kesim \u00f6n\u00fcm\u00fczdeki ay\u0131n sonunda a\u00e7\u0131lacak. 50 dakika olan ula\u015f\u0131m s\u00fcresini 20 dakikaya d\u00fc\u015fecek. Alt\u0131nova-Gemlik 1-1.5 saati bulan ula\u015f\u0131m s\u00fcresini 6 dakikaya indirdi. Vakit nakittir demi\u015f b\u00fcy\u00fcklerimiz. \u0130\u015fte buyrun ekonomi bu, ekonomiden anlamak bu. Vakti nakte d\u00f6n\u00fc\u015ft\u00fcr\u00fcyoruz. Eskiden Gebze\u2019den Dilovas\u0131\u2019na 2.5 saatte giden ara\u00e7 yar\u0131m saatten daha k\u0131sa s\u00fcrede kat edecek.\u201d<\/p>\n<p class=\"selectionShareable\"><strong>Cumhurba\u015fkan\u0131 Erdo\u011fan, Ba\u015fbakan Davuto\u011flu ile Bakan\u0131 Y\u0131ld\u0131r\u0131m ve beraberindekiler,<a class=\"keywords\" href=\"http:\/\/www.hurriyet.com.tr\/index\/turk\" target=\"_blank\">T\u00fcrk<\/a> ve Japon bayraklar\u0131n\u0131n as\u0131ld\u0131\u011f\u0131 k\u00f6pr\u00fcn\u00fcn \u00fczerinden, son tabliyenin montaj\u0131n\u0131n yap\u0131laca\u011f\u0131 noktaya y\u00fcr\u00fcd\u00fc. \u00a0Ard\u0131ndan Cumhurba\u015fkan\u0131 Erdo\u011fan, Ba\u015fbakan Davuto\u011flu ve Bakan Y\u0131ld\u0131r\u0131m, son tabliyenin vidalar\u0131n\u0131 s\u0131k\u0131\u015ft\u0131rd\u0131. Cumhurba\u015fkan\u0131 Erdo\u011fan, son vidalamay\u0131 yapt\u0131\u011f\u0131 anahtar\u0131, hat\u0131ra olarak ald\u0131. Bu arada a\u00e7\u0131l\u0131\u015fa \u00f6zel 6 tane pirin\u00e7ten yap\u0131lan anahtar, vida ve somun kullan\u0131ld\u0131. Bu arada, Erdo\u011fan ve beraberindekilerin baret takt\u0131klar\u0131 ve kendileri i\u00e7in haz\u0131rlanan montlar\u0131 giydiler. \u00a0 \u00a0 \u00a0<\/strong><\/p>\n<p><strong>6 DAK\u0130KADA K\u00d6RFEZ<\/strong><br \/>\n&#8211; \u0130stanbul-\u0130zmir Otoyolu\u2019nun en \u00f6nemli aya\u011f\u0131 olan \u0130zmit K\u00f6rfez Ge\u00e7i\u015f K\u00f6pr\u00fcs\u00fc\u2019n\u00fcn hizmete a\u00e7\u0131lmas\u0131yla birlikte \u0130stanbul ile \u0130zmir aras\u0131ndaki mesafe 3.5 saate inecek.<\/p><div id=\"bghab-1075240742\" class=\"bghab-icerik-icine bghab-entity-placement\"><script async src=\"\/\/pagead2.googlesyndication.com\/pagead\/js\/adsbygoogle.js?client=ca-pub-6203283170189293\" crossorigin=\"anonymous\"><\/script><ins class=\"adsbygoogle\" style=\"display:block; text-align:center;\" data-ad-client=\"ca-pub-6203283170189293\" \ndata-ad-slot=\"7303146466\" \ndata-ad-layout=\"in-article\"\ndata-ad-format=\"fluid\" data-full-width-responsive=\"true\"><\/ins>\n<script> \n(adsbygoogle = window.adsbygoogle || []).push({}); \n<\/script>\n<\/div>\n<p>&#8211; \u0130zmit Dilovas\u0131 ile Yalova Hersek Burnu aras\u0131nda yap\u0131lan ve 1.1 milyar dolara mal olan k\u00f6pr\u00fc, iki kule aras\u0131ndaki bin 550 metrelik uzunlu\u011fuyla d\u00fcnyan\u0131n d\u00f6rd\u00fcnc\u00fc b\u00fcy\u00fck asma k\u00f6pr\u00fcs\u00fc olma \u00f6zelli\u011fine sahip.<\/p>\n<p>&#8211; Toplamda 2 bin 682 metre uzunlu\u011funda olan k\u00f6pr\u00fcn\u00fcn kule y\u00fcksekli\u011fi 252 metre, tabliye geni\u015fli\u011fi ise 35.93 metre.\ufffd<\/p>\n<p>&#8211; K\u00f6pr\u00fc, 3 gidi\u015f, 3 geli\u015f olmak \u00fczere toplam 6 \u015ferit ile hizmet verecek. K\u00f6pr\u00fcde ayr\u0131ca bir de hizmet \u015feridi olacak.<\/p>\n<p>&#8211; K\u00f6rfez ge\u00e7i\u015f k\u00f6pr\u00fcs\u00fc tamamland\u0131\u011f\u0131nda, halen k\u00f6rfezi dola\u015farak 2 saat, feribot ile 1 saat olan k\u00f6rfez ge\u00e7i\u015f s\u00fcresi ortalama 6 dakikaya inecek.\u00a0A\u00e7\u0131ld\u0131\u011f\u0131nda T\u00fcrkiye ekonomisine y\u0131ll\u0131k 165 milyon <a class=\"keywords\" href=\"http:\/\/www.hurriyet.com.tr\/index\/dolar\" target=\"_blank\">dolar<\/a> tasarruf sa\u011flayacak.<\/p>\n<p>&#8211; K\u00f6pr\u00fcden ge\u00e7i\u015f \u00fccreti ise 35 dolar art\u0131 KDV olacak.\u00a09 milyar dolara mal olan proje zaman\u0131ndan 2 y\u0131l \u00f6nce yani 2018\u2019de tamamlanacak.<\/p><div id=\"bghab-378609649\" class=\"bghab-icerik-icine-10-paragraf bghab-entity-placement\"><script async src=\"\/\/pagead2.googlesyndication.com\/pagead\/js\/adsbygoogle.js?client=ca-pub-6203283170189293\" crossorigin=\"anonymous\"><\/script><ins class=\"adsbygoogle\" style=\"display:block; text-align:center;\" data-ad-client=\"ca-pub-6203283170189293\" \ndata-ad-slot=\"7303146466\" \ndata-ad-layout=\"in-article\"\ndata-ad-format=\"fluid\" data-full-width-responsive=\"true\"><\/ins>\n<script> \n(adsbygoogle = window.adsbygoogle || []).push({}); \n<\/script>\n<\/div>\n<p>&#8211; Kamu 13.5 milyar lira harcama yapt\u0131 bunun \u00e7o\u011funlu\u011fu kamula\u015ft\u0131rmaya gitti.\u00a0\u00a0Tabliyenin ard\u0131ndan Cumhurba\u015fkan\u0131 Erdo\u011fan ve Davuto\u011flu, i\u015f\u00e7ilerle poz verdi.<\/p>\n<p class=\"selectionShareable\"><strong><a class=\"keywords\" href=\"http:\/\/www.hurriyet.com.tr\/index\/osman-gazi-koprusu\" target=\"_blank\">OSMAN GAZ\u0130 K\u00d6PR\u00dcS\u00dc<\/a><\/strong><br \/>\nCUMHURBA\u015eKANI Erdo\u011fan k\u00f6pr\u00fcn\u00fcn merakla beklenen ismini de konu\u015fmas\u0131n\u0131n sonunda a\u00e7\u0131klad\u0131. Erdo\u011fan \u015f\u00f6yle konu\u015ftu: \u201c\u0130sti\u015farelerimizi yapt\u0131k neticesinde de kutlu bir tarihin varisleriyiz ve bu kutlu tarihin mimarlar\u0131n\u0131 gelece\u011fe de ayn\u0131 \u015fekilde ta\u015f\u0131mak b\u00f6yle bir neslin g\u00f6revidir. Biz de dedik ki de\u011ferli Ba\u015fbakan\u0131m\u0131z, bakan\u0131m\u0131z beraberce de\u011ferlendirdik dedik ki ad\u0131n\u0131 Osman Gazi K\u00f6pr\u00fcs\u00fc koyal\u0131m. Uygun mu? G\u00fczel mi? Osman Gazi\u2019den bize miras de\u011fil mi? Osman Gazi K\u00f6pr\u00fcs\u00fc\u2019nden ge\u00e7 Orhan Gazi ile b\u00fct\u00fcnle\u015f. Hay\u0131rl\u0131 olsun.\u201d<\/p>\n<p class=\"selectionShareable\"><strong>Erdo\u011fan, Davuto\u011flu ile birlikte kendi kulland\u0131\u011f\u0131 makam arac\u0131yla Osman Gazi K\u00f6pr\u00fcs\u00fc\u2019n\u00fcn gi\u015felerinden ge\u00e7ti. Erdo\u011fan\u2019\u0131n ard\u0131ndan direksiyonun ba\u015f\u0131na ge\u00e7en Davuto\u011flu arac\u0131 kulland\u0131. \u00a0<\/strong><\/p>\n<p><strong>G\u00d6N\u00dcLLER\u0130N K\u00d6PR\u00dcS\u00dc<\/strong><br \/>\nBa\u015fbakan Ahmet Davuto\u011flu, her g\u00fcn ta\u015f \u00fcst\u00fcne ta\u015f koymaya, \u015fehirleri, il\u00e7eleri, y\u00fcrekleri birle\u015ftirmeye devam edeceklerini belirterek, \u201cKim ne yaparsa yaps\u0131n, birileri ter\u00f6r tuzaklar\u0131yla bu millete tuzak kurmaya kalkarsa, onlar\u0131n da hesab\u0131n\u0131 g\u00f6rece\u011fiz. Hem m\u00fccadele edece\u011fiz hem de <a class=\"keywords\" href=\"http:\/\/www.hurriyet.com.tr\/index\/bugun\" target=\"_blank\">bug\u00fcn<\/a> oldu\u011fu gibi hizmetlerimize devam edece\u011fiz. \u00c7\u00fcnk\u00fc bu memleketin kaybedecek bir dakika dahi vakti yoktur\u201d dedi. Davuto\u011flu, konu\u015fmas\u0131n\u0131 \u015f\u00f6yle s\u00fcrd\u00fcrd\u00fc:\u00a0\u201c\u0130n\u015fallah kadim ba\u015fkentimiz \u0130stanbul, bu projeyle \u0130zmir\u2019e ba\u011flan\u0131yor. Ama nas\u0131l ba\u011flan\u0131yor biliyor musunuz? D\u00fcnyan\u0131n uzunlukta 4. b\u00fcy\u00fck k\u00f6pr\u00fcs\u00fcyle ve 8 saatlik yolu, 3 saate indiren otoyoluyla ba\u011flan\u0131yor. B\u00f6ylece Fatih Sultan Mehmet Han, <a class=\"keywords\" href=\"http:\/\/www.hurriyet.com.tr\/index\/kocaeli\" target=\"_blank\">Kocaeli<\/a>\u2019de Ak\u00e7akoca ile Bursa\u2019da Osman Gazi ile \u0130zmir\u2019de Caka Bey\u2019le bulu\u015fuyor, \u015fehzadeler \u015fehri Manisa ile \u0130stanbul birbirine kom\u015fu oluyor. Allah bu yolu hay\u0131rl\u0131 eylesin; bu k\u00f6pr\u00fcy\u00fc, g\u00f6n\u00fclleri birle\u015ftiren k\u00f6pr\u00fc eylesin. Allah k\u00f6pr\u00fclerimizi, g\u00f6n\u00fcl k\u00f6pr\u00fcleriyle ta\u00e7land\u0131rs\u0131n\u201d<\/p>\n<\/div>\n<div id=\"bghab-2438951758\" class=\"bghab-yazi-altinda bghab-entity-placement\"><div class=\"bghab-adlabel\">Reklamlar<\/div><script async src=\"https:\/\/pagead2.googlesyndication.com\/pagead\/js\/adsbygoogle.js\"><\/script>\r\n<!-- bghaber-yaz\u0131-sonu -->\r\n<ins class=\"adsbygoogle\"\r\n     style=\"display:block\"\r\n     data-ad-client=\"ca-pub-6203283170189293\"\r\n     data-ad-slot=\"4222328180\"\r\n     data-ad-format=\"auto\"\r\n     data-full-width-responsive=\"true\"><\/ins>\r\n<script>\r\n     (adsbygoogle = window.adsbygoogle || []).push({});\r\n<\/script><\/div><br style=\"clear: both; display: block; float: none;\"\/>","protected":false},"excerpt":{"rendered":"<p>2013 y\u0131l\u0131nda temeli at\u0131lan \u0130zmit K\u00f6rfez Ge\u00e7i\u015f K\u00f6pr\u00fcs\u00fc\u2019n\u00fcn son tabliyesi d\u00fcn t\u00f6renle birle\u015ftirilirken, art\u0131k k\u00f6rfezi ge\u00e7mek 2 saatten 6 dakikaya indi. Cumhurba\u015fkan\u0131 Erdo\u011fan, Ba\u015fbakan Davuto\u011flu<\/p>\n","protected":false},"author":13,"featured_media":18687,"comment_status":"closed","ping_status":"closed","sticky":false,"template":"","format":"standard","meta":{"advanced_seo_description":"","jetpack_seo_html_title":"","jetpack_seo_noindex":false,"_jetpack_memberships_contains_paid_content":false,"footnotes":""},"categories":[4],"tags":[],"class_list":["post-18686","post","type-post","status-publish","format-standard","has-post-thumbnail","hentry","category-siyaset"],"jetpack_featured_media_url":"https:\/\/i0.wp.com\/www.bghaber.org\/bghaber\/wp-content\/uploads\/2016\/04\/tayip-yol.jpg?fit=770%2C505&ssl=1","jetpack_sharing_enabled":true,"jetpack_likes_enabled":true,"jetpack-related-posts":[],"jetpack_shortlink":"https:\/\/wp.me\/pc2PfJ-4Ro","_links":{"self":[{"href":"https:\/\/www.bghaber.org\/bghaber\/wp-json\/wp\/v2\/posts\/18686","targetHints":{"allow":["GET"]}}],"collection":[{"href":"https:\/\/www.bghaber.org\/bghaber\/wp-json\/wp\/v2\/posts"}],"about":[{"href":"https:\/\/www.bghaber.org\/bghaber\/wp-json\/wp\/v2\/types\/post"}],"author":[{"embeddable":true,"href":"https:\/\/www.bghaber.org\/bghaber\/wp-json\/wp\/v2\/users\/13"}],"replies":[{"embeddable":true,"href":"https:\/\/www.bghaber.org\/bghaber\/wp-json\/wp\/v2\/comments?post=18686"}],"version-history":[{"count":0,"href":"https:\/\/www.bghaber.org\/bghaber\/wp-json\/wp\/v2\/posts\/18686\/revisions"}],"wp:featuredmedia":[{"embeddable":true,"href":"https:\/\/www.bghaber.org\/bghaber\/wp-json\/wp\/v2\/media\/18687"}],"wp:attachment":[{"href":"https:\/\/www.bghaber.org\/bghaber\/wp-json\/wp\/v2\/media?parent=18686"}],"wp:term":[{"taxonomy":"category","embeddable":true,"href":"https:\/\/www.bghaber.org\/bghaber\/wp-json\/wp\/v2\/categories?post=18686"},{"taxonomy":"post_tag","embeddable":true,"href":"https:\/\/www.bghaber.org\/bghaber\/wp-json\/wp\/v2\/tags?post=18686"}],"curies":[{"name":"wp","href":"https:\/\/api.w.org\/{rel}","templated":true}]}}