{"id":1844,"date":"2013-05-23T01:01:07","date_gmt":"2013-05-22T22:01:07","guid":{"rendered":"http:\/\/bghaber.org\/bghaber\/?p=1844"},"modified":"2026-03-12T03:15:27","modified_gmt":"2026-03-12T00:15:27","slug":"issizlik-yuzde-138e-ulasti","status":"publish","type":"post","link":"https:\/\/www.bghaber.org\/bghaber\/issizlik-yuzde-138e-ulasti\/","title":{"rendered":"Bulgaristan&#8217;da \u0130\u015fsizlik y\u00fczde 13,8\u2019e ula\u015ft\u0131"},"content":{"rendered":"<p>Y\u0131l\u0131n ilk \u00e7eyre\u011finde i\u015fsizlik oran\u0131n\u0131n y\u00fczde 13,8\u2019e ula\u015ft\u0131\u011f\u0131 a\u00e7\u0131kland\u0131. Ulusal \u0130statistik Enstit\u00fcs\u00fc\u2019n\u00fcn (NS\u0130) 2013 y\u0131l\u0131n\u0131n ilk \u00fc\u00e7 ayl\u0131k verilerine g\u00f6re, \u00fclkedeki i\u015fsizlerin say\u0131s\u0131n\u0131n 456 bin 400 ki\u015fi oldu\u011fu a\u00e7\u0131kland\u0131. NS\u0130\u2019den yap\u0131lan a\u00e7\u0131klamada, bir \u00f6nceki y\u0131l\u0131n ayn\u0131 d\u00f6nemine g\u00f6re i\u015fsizli\u011fin 0,9 oran\u0131nda artarak y\u00fczde 13,8\u2019e ula\u015ft\u0131\u011f\u0131, i\u015fsizlerden 267 bin 500 ki\u015finin erkek, 188 bin 800 ki\u015finin de bayan oldu\u011fu belirtildi. <!--more-->Daimi i\u015fsizlerin oran\u0131n\u0131n da y\u00fczde 10 artt\u0131\u011f\u0131n\u0131 duyuran NS\u0130, yakla\u015f\u0131k 250 bin 800 ki\u015finin s\u00fcrekli i\u015fsiz olduklar\u0131n\u0131 ve bu oran\u0131n ge\u00e7en y\u0131l\u0131n ilk \u00fc\u00e7 ayl\u0131k d\u00f6nemine k\u0131yasla y\u00fczde 10.6 artt\u0131\u011f\u0131n\u0131 vurgulad\u0131. S\u00fcrekli i\u015fsizlerin oran\u0131 2013 y\u0131l\u0131n\u0131n ilk \u00fc\u00e7 ayl\u0131k d\u00f6neminde y\u00fczde 0.7 oran\u0131nda artarak erkekler aras\u0131nda bu oran\u0131n y\u00fczde 8.7, bayanlar aras\u0131nda ise y\u00fczde 6.32\u2019ye y\u00fckseldi\u011fi vurguland\u0131. \u0130\u015fsiz olan 384 bin 200 ki\u015finin veya toplamdaki y\u00fczde 84.2\u2019sinin bundan \u00f6nceki d\u00f6nemlerde herhangi bir i\u015fte \u00e7al\u0131\u015ft\u0131klar\u0131, fakat daha sonra i\u015fsiz kald\u0131klar\u0131 a\u00e7\u0131kland\u0131. \u0130lk \u00e7al\u0131\u015fma yeri arayan i\u015fsizlerin say\u0131s\u0131n\u0131n ise y\u00fczde 1.9 oran\u0131nda artt\u0131\u011f\u0131 ve 2013 y\u0131l\u0131n\u0131n ilk \u00fc\u00e7 ayl\u0131k d\u00f6neminde bu ki\u015filerin say\u0131s\u0131n\u0131n 72 bin 100 ki\u015fiye \u00e7\u0131kt\u0131\u011f\u0131 belirtildi.<\/p>\n<p><strong>Gayri Safi Milli Has\u0131la y\u00fczde 0,4 artt\u0131<\/strong><\/p>\n<p>NS\u0130\u2019nin verilerine g\u00f6re, y\u0131l\u0131n ilk \u00fc\u00e7 ayl\u0131k d\u00f6neminde Gayri Safi Milli Has\u0131la\u2019n\u0131n bir \u00f6nceki y\u0131l\u0131n ayn\u0131 d\u00f6nemine k\u0131yasla y\u00fczde 0,4 artt\u0131. \u0130lk \u00fc\u00e7 ayl\u0131k d\u00f6nemde milli gelir 16.1 milyon leva olurken, en fazla katma de\u011fer y\u00fczde 63,4 ile (13.7 milyon leva) hizmet sekt\u00f6r\u00fcnden sa\u011fland\u0131. Bu sekt\u00f6r\u00fc y\u00fczde 31,9 ile sanayi ve y\u00fczde 4,7 ile tar\u0131m izledi.<\/p>\n<div id=\"bghab-2958190416\" class=\"bghab-yazi-altinda bghab-entity-placement\"><script async src=\"https:\/\/pagead2.googlesyndication.com\/pagead\/js\/adsbygoogle.js\"><\/script>\r\n<!-- bghaber-yaz\u0131-sonu -->\r\n<ins class=\"adsbygoogle\"\r\n     style=\"display:block\"\r\n     data-ad-client=\"ca-pub-6203283170189293\"\r\n     data-ad-slot=\"4222328180\"\r\n     data-ad-format=\"auto\"\r\n     data-full-width-responsive=\"true\"><\/ins>\r\n<script>\r\n     (adsbygoogle = window.adsbygoogle || []).push({});\r\n<\/script><\/div><br style=\"clear: both; display: block; float: none;\"\/>","protected":false},"excerpt":{"rendered":"<p>Y\u0131l\u0131n ilk \u00e7eyre\u011finde i\u015fsizlik oran\u0131n\u0131n y\u00fczde 13,8\u2019e ula\u015ft\u0131\u011f\u0131 a\u00e7\u0131kland\u0131. Ulusal \u0130statistik Enstit\u00fcs\u00fc\u2019n\u00fcn (NS\u0130) 2013 y\u0131l\u0131n\u0131n ilk \u00fc\u00e7 ayl\u0131k verilerine g\u00f6re, \u00fclkedeki i\u015fsizlerin say\u0131s\u0131n\u0131n 456 bin<\/p>\n","protected":false},"author":29,"featured_media":1845,"comment_status":"closed","ping_status":"closed","sticky":false,"template":"","format":"standard","meta":{"advanced_seo_description":"","jetpack_seo_html_title":"","jetpack_seo_noindex":false,"jetpack_seo_schema_type":"","_jetpack_newsletter_access":"","_jetpack_dont_email_post_to_subs":false,"_jetpack_newsletter_tier_id":0,"_jetpack_memberships_contains_paywalled_content":false,"_jetpack_feature_clip_id":0,"_jetpack_memberships_contains_paid_content":false,"footnotes":"","jetpack_post_was_ever_published":false},"categories":[5],"tags":[30],"class_list":["post-1844","post","type-post","status-publish","format-standard","has-post-thumbnail","hentry","category-yasam","tag-bulgaristan"],"jetpack_sharing_enabled":true,"jetpack_likes_enabled":true,"jetpack-related-posts":[],"jetpack_shortlink":"https:\/\/wp.me\/pc2PfJ-tK","jetpack_featured_media_url":"https:\/\/i0.wp.com\/www.bghaber.org\/bghaber\/wp-content\/uploads\/2013\/05\/issizlik.jpg?fit=500%2C375&ssl=1","_links":{"self":[{"href":"https:\/\/www.bghaber.org\/bghaber\/wp-json\/wp\/v2\/posts\/1844","targetHints":{"allow":["GET"]}}],"collection":[{"href":"https:\/\/www.bghaber.org\/bghaber\/wp-json\/wp\/v2\/posts"}],"about":[{"href":"https:\/\/www.bghaber.org\/bghaber\/wp-json\/wp\/v2\/types\/post"}],"author":[{"embeddable":true,"href":"https:\/\/www.bghaber.org\/bghaber\/wp-json\/wp\/v2\/users\/29"}],"replies":[{"embeddable":true,"href":"https:\/\/www.bghaber.org\/bghaber\/wp-json\/wp\/v2\/comments?post=1844"}],"version-history":[{"count":0,"href":"https:\/\/www.bghaber.org\/bghaber\/wp-json\/wp\/v2\/posts\/1844\/revisions"}],"wp:featuredmedia":[{"embeddable":true,"href":"https:\/\/www.bghaber.org\/bghaber\/wp-json\/wp\/v2\/media\/1845"}],"wp:attachment":[{"href":"https:\/\/www.bghaber.org\/bghaber\/wp-json\/wp\/v2\/media?parent=1844"}],"wp:term":[{"taxonomy":"category","embeddable":true,"href":"https:\/\/www.bghaber.org\/bghaber\/wp-json\/wp\/v2\/categories?post=1844"},{"taxonomy":"post_tag","embeddable":true,"href":"https:\/\/www.bghaber.org\/bghaber\/wp-json\/wp\/v2\/tags?post=1844"}],"curies":[{"name":"wp","href":"https:\/\/api.w.org\/{rel}","templated":true}]}}