{"id":1825,"date":"2013-05-23T00:43:37","date_gmt":"2013-05-22T21:43:37","guid":{"rendered":"http:\/\/bghaber.org\/bghaber\/?p=1825"},"modified":"2019-07-18T23:57:23","modified_gmt":"2019-07-18T21:57:23","slug":"gerb-secim-sonucunun-iptali-icin-anayasa-mahkemesine-basvurdu","status":"publish","type":"post","link":"https:\/\/www.bghaber.org\/bghaber\/gerb-secim-sonucunun-iptali-icin-anayasa-mahkemesine-basvurdu\/","title":{"rendered":"GERB se\u00e7im sonucunun iptali i\u00e7in Anayasa Mahkemesi&#8217;ne ba\u015fvurdu"},"content":{"rendered":"<p>Bulgaristan&#8217;da 12 May\u0131s&#8217;ta yap\u0131lan genel se\u00e7imde en \u00e7ok oy alan Bulgaristan&#8217;\u0131n Avrupal\u0131 Gelece\u011fi \u0130\u00e7in Vatanda\u015flar (GERB) partisi se\u00e7im sonucunun iptali i\u00e7in Anayasa Mahkemesi&#8217;ne ba\u015fvurdu.<!--more--><\/p>\n<p><a href=\"https:\/\/i0.wp.com\/bghaber.org\/bghaber\/wp-content\/uploads\/2013\/05\/gerb-anayasa-mahkemesi.jpg\"><img data-recalc-dims=\"1\" loading=\"lazy\" decoding=\"async\" class=\"size-medium wp-image-1826 alignright\" alt=\"gerb-anayasa-mahkemesi\" src=\"https:\/\/i0.wp.com\/bghaber.org\/bghaber\/wp-content\/uploads\/2013\/05\/gerb-anayasa-mahkemesi-300x225.jpg?resize=300%2C225\" width=\"300\" height=\"225\" srcset=\"https:\/\/i0.wp.com\/www.bghaber.org\/bghaber\/wp-content\/uploads\/2013\/05\/gerb-anayasa-mahkemesi.jpg?resize=300%2C225&amp;ssl=1 300w, https:\/\/i0.wp.com\/www.bghaber.org\/bghaber\/wp-content\/uploads\/2013\/05\/gerb-anayasa-mahkemesi.jpg?resize=320%2C240&amp;ssl=1 320w, https:\/\/i0.wp.com\/www.bghaber.org\/bghaber\/wp-content\/uploads\/2013\/05\/gerb-anayasa-mahkemesi.jpg?w=600&amp;ssl=1 600w\" sizes=\"auto, (max-width: 300px) 100vw, 300px\" \/><\/a>GERB Milletvekili Krasimir Tsipov, bas\u0131na yapt\u0131\u011f\u0131 a\u00e7\u0131klamada, se\u00e7imin t\u00fcm sonu\u00e7lar\u0131n\u0131n iptalini istediklerini bildirdi.<\/p>\n<p>Yasalara g\u00f6re se\u00e7im arifesinde her t\u00fcrl\u00fc siyasi propagandan\u0131n yap\u0131lmas\u0131n\u0131n yasak olmas\u0131na ra\u011fmen bu yasa\u011f\u0131n ihlal edildi\u011fini belirten Tsipov, se\u00e7im g\u00fcn\u00fcnde de \u00e7ok say\u0131da yasa ihlali yap\u0131ld\u0131\u011f\u0131n\u0131 \u00f6ne s\u00fcrd\u00fc.<\/p>\n<p>Parlamentoda 97 milletvekili olan GERB partisinin itiraz ba\u015fvurusu 96 milletvekili taraf\u0131ndan imzaland\u0131. Babas\u0131 anayasa mahkemesi \u00fcyesi olmas\u0131 nedeniyle &#8220;menfaat \u00e7eli\u015fkisine d\u00fc\u015fmemek i\u00e7in&#8221; milletvekili Aleksandar Nenov dilek\u00e7eyi imzalamad\u0131.<\/p>\n<p>GERB partisi, se\u00e7im sonu\u00e7lar\u0131n\u0131n iptaliyle ilgili dilek\u00e7ede \u0131rk\u00e7\u0131 Bulgaristan Ulusal Kurtulu\u015f Cephesi (NFSP) ve pop\u00fclist \u00e7izgide siyaset yapan D\u00fczen, Me\u015fruiyet ve G\u00fcvenlik (RZS) partilerinin itiraz gerek\u00e7elerine de yer verdi.<\/p><div id=\"bghab-1274569164\" class=\"bghab-icerik-icine bghab-entity-placement\"><script async src=\"\/\/pagead2.googlesyndication.com\/pagead\/js\/adsbygoogle.js?client=ca-pub-6203283170189293\" crossorigin=\"anonymous\"><\/script><ins class=\"adsbygoogle\" style=\"display:block; text-align:center;\" data-ad-client=\"ca-pub-6203283170189293\" \ndata-ad-slot=\"7303146466\" \ndata-ad-layout=\"in-article\"\ndata-ad-format=\"fluid\" data-full-width-responsive=\"true\"><\/ins>\n<script> \n(adsbygoogle = window.adsbygoogle || []).push({}); \n<\/script>\n<\/div>\n<p>GERB milletvekili Tzipov, &#8220;Biz, parlamento grubu olarak, parlamento d\u0131\u015f\u0131ndaki siyasilerin sesini de duyurmak isteriz&#8221; diye konu\u015ftu.<\/p>\n<p><b>\u0130tiraz\u0131n gerek\u00e7eleri<\/b><\/p>\n<p>Se\u00e7im arifesinde Sofya&#8217;n\u0131n g\u00fcneybat\u0131s\u0131nda K\u00f6stence \u015fehrinde se\u00e7im pusulalar\u0131 haz\u0131rlayan bir matbaan\u0131n deposunda \u00fclkenin 31 se\u00e7im b\u00f6lgesine da\u011f\u0131t\u0131lmak \u00fczere paketlenen 350 bin adet pusula bulunmu\u015ftu. Se\u00e7im yasaklar\u0131n\u0131n ba\u015flad\u0131\u011f\u0131 saatlerde \u00e7\u0131kan baz\u0131 yorumlar nedeniyle GERB partisi, bu yorumlar\u0131n se\u00e7im \u00f6ncesi propagandan\u0131n yasak oldu\u011fu &#8220;d\u00fc\u015f\u00fcnme ve karar verme g\u00fcn\u00fcnde&#8221; yap\u0131ld\u0131\u011f\u0131n\u0131, se\u00e7im yasas\u0131n\u0131n bu anlamda ihlal edildi\u011fini \u00f6ne s\u00fcrm\u00fc\u015ft\u00fc.<\/p>\n<p>Se\u00e7imde GERB partisi yakla\u015f\u0131k 1 milyon oy alm\u0131\u015f ancak di\u011fer partilerin uzla\u015fmaya yana\u015fmamas\u0131 nedeniyle h\u00fck\u00fcmeti kuramam\u0131\u015ft\u0131.<\/p>\n<p>Anayasaya g\u00f6re h\u00fck\u00fcmet en az 121 milletvekilinin deste\u011fine sahip olmal\u0131.<\/p><div id=\"bghab-2708479361\" class=\"bghab-icerik-icine-10-paragraf bghab-entity-placement\"><script async src=\"\/\/pagead2.googlesyndication.com\/pagead\/js\/adsbygoogle.js?client=ca-pub-6203283170189293\" crossorigin=\"anonymous\"><\/script><ins class=\"adsbygoogle\" style=\"display:block; text-align:center;\" data-ad-client=\"ca-pub-6203283170189293\" \ndata-ad-slot=\"7303146466\" \ndata-ad-layout=\"in-article\"\ndata-ad-format=\"fluid\" data-full-width-responsive=\"true\"><\/ins>\n<script> \n(adsbygoogle = window.adsbygoogle || []).push({}); \n<\/script>\n<\/div>\n<p>Merkez Se\u00e7im Komisyonu&#8217;nun se\u00e7im sonu\u00e7lar\u0131n\u0131 kabul etmesi dolay\u0131s\u0131yla GERB&#8217;in itiraz\u0131n\u0131n Anayasa Mahkemesi&#8217;nden d\u00f6nece\u011fi tahmini yap\u0131l\u0131yor<\/p>\n<div id=\"bghab-1377119567\" class=\"bghab-yazi-altinda bghab-entity-placement\"><script async src=\"https:\/\/pagead2.googlesyndication.com\/pagead\/js\/adsbygoogle.js\"><\/script>\r\n<!-- bghaber-yaz\u0131-sonu -->\r\n<ins class=\"adsbygoogle\"\r\n     style=\"display:block\"\r\n     data-ad-client=\"ca-pub-6203283170189293\"\r\n     data-ad-slot=\"4222328180\"\r\n     data-ad-format=\"auto\"\r\n     data-full-width-responsive=\"true\"><\/ins>\r\n<script>\r\n     (adsbygoogle = window.adsbygoogle || []).push({});\r\n<\/script><\/div><br style=\"clear: both; display: block; float: none;\"\/>","protected":false},"excerpt":{"rendered":"<p>Bulgaristan&#8217;da 12 May\u0131s&#8217;ta yap\u0131lan genel se\u00e7imde en \u00e7ok oy alan Bulgaristan&#8217;\u0131n Avrupal\u0131 Gelece\u011fi \u0130\u00e7in Vatanda\u015flar (GERB) partisi se\u00e7im sonucunun iptali i\u00e7in Anayasa Mahkemesi&#8217;ne ba\u015fvurdu.<\/p>\n","protected":false},"author":29,"featured_media":1826,"comment_status":"closed","ping_status":"closed","sticky":false,"template":"","format":"standard","meta":{"advanced_seo_description":"","jetpack_seo_html_title":"","jetpack_seo_noindex":false,"jetpack_seo_schema_type":"","_jetpack_newsletter_access":"","_jetpack_dont_email_post_to_subs":false,"_jetpack_newsletter_tier_id":0,"_jetpack_memberships_contains_paywalled_content":false,"_jetpack_feature_clip_id":0,"_jetpack_memberships_contains_paid_content":false,"footnotes":"","jetpack_post_was_ever_published":false},"categories":[4],"tags":[30,114],"class_list":["post-1825","post","type-post","status-publish","format-standard","has-post-thumbnail","hentry","category-siyaset","tag-bulgaristan","tag-gerb"],"jetpack_sharing_enabled":true,"jetpack_likes_enabled":true,"jetpack-related-posts":[],"jetpack_shortlink":"https:\/\/wp.me\/pc2PfJ-tr","jetpack_featured_media_url":"https:\/\/i0.wp.com\/www.bghaber.org\/bghaber\/wp-content\/uploads\/2013\/05\/gerb-anayasa-mahkemesi.jpg?fit=600%2C450&ssl=1","_links":{"self":[{"href":"https:\/\/www.bghaber.org\/bghaber\/wp-json\/wp\/v2\/posts\/1825","targetHints":{"allow":["GET"]}}],"collection":[{"href":"https:\/\/www.bghaber.org\/bghaber\/wp-json\/wp\/v2\/posts"}],"about":[{"href":"https:\/\/www.bghaber.org\/bghaber\/wp-json\/wp\/v2\/types\/post"}],"author":[{"embeddable":true,"href":"https:\/\/www.bghaber.org\/bghaber\/wp-json\/wp\/v2\/users\/29"}],"replies":[{"embeddable":true,"href":"https:\/\/www.bghaber.org\/bghaber\/wp-json\/wp\/v2\/comments?post=1825"}],"version-history":[{"count":0,"href":"https:\/\/www.bghaber.org\/bghaber\/wp-json\/wp\/v2\/posts\/1825\/revisions"}],"wp:featuredmedia":[{"embeddable":true,"href":"https:\/\/www.bghaber.org\/bghaber\/wp-json\/wp\/v2\/media\/1826"}],"wp:attachment":[{"href":"https:\/\/www.bghaber.org\/bghaber\/wp-json\/wp\/v2\/media?parent=1825"}],"wp:term":[{"taxonomy":"category","embeddable":true,"href":"https:\/\/www.bghaber.org\/bghaber\/wp-json\/wp\/v2\/categories?post=1825"},{"taxonomy":"post_tag","embeddable":true,"href":"https:\/\/www.bghaber.org\/bghaber\/wp-json\/wp\/v2\/tags?post=1825"}],"curies":[{"name":"wp","href":"https:\/\/api.w.org\/{rel}","templated":true}]}}