{"id":1822,"date":"2013-05-23T00:41:51","date_gmt":"2013-05-22T21:41:51","guid":{"rendered":"http:\/\/bghaber.org\/bghaber\/?p=1822"},"modified":"2019-07-18T23:57:24","modified_gmt":"2019-07-18T21:57:24","slug":"bulgaristanda-hukumet-kurma-calismalari","status":"publish","type":"post","link":"https:\/\/www.bghaber.org\/bghaber\/bulgaristanda-hukumet-kurma-calismalari\/","title":{"rendered":"Bulgaristan&#8217;da H\u00fck\u00fcmet Kurma \u00c7al\u0131\u015fmalar\u0131"},"content":{"rendered":"<p>Bulgaristan&#8217;da 12 May\u0131s&#8217;taki genel se\u00e7inden birinci \u00e7\u0131kan Bulgaristan&#8217;\u0131n Avrupal\u0131 Geli\u015fimi \u0130\u00e7in Vatanda\u015flar (GERB) partisinin lideri ve eski Ba\u015fbakan Boyko Borisov, Cumhurba\u015fkan\u0131 Rosen Plevneliev&#8217;den alaca\u011f\u0131 h\u00fck\u00fcmet kurma g\u00f6revini zaman ge\u00e7irmeden iade edece\u011fini s\u00f6yledi.<!--more--><\/p>\n<p><a href=\"https:\/\/i0.wp.com\/bghaber.org\/bghaber\/wp-content\/uploads\/2013\/05\/boyko-borisov-rosen-plevneliev.jpg\"><img data-recalc-dims=\"1\" loading=\"lazy\" decoding=\"async\" class=\"size-medium wp-image-1823 alignright\" alt=\"boyko-borisov-rosen-plevneliev\" src=\"https:\/\/i0.wp.com\/bghaber.org\/bghaber\/wp-content\/uploads\/2013\/05\/boyko-borisov-rosen-plevneliev-300x170.jpg?resize=300%2C170\" width=\"300\" height=\"170\" \/><\/a>240 sandalyeli parlamentoda 97 milletvekili bulunan GERB&#8217;in lideri Borisov, Plevneliev ile yapaca\u011f\u0131 g\u00f6r\u00fc\u015fmede kendi kabinesine ili\u015fkin bir liste sunaca\u011f\u0131n\u0131 fakat alaca\u011f\u0131 h\u00fck\u00fcmet kurma g\u00f6revi ayn\u0131 bulu\u015fmada iade edece\u011fini kaydetti.<\/p>\n<p>87 milletvekiline sahip ikinci b\u00fcy\u00fck grup olan Bulgaristan Sosyalist Partisi&#8217;ne (BSP) h\u00fck\u00fcmet kurma f\u0131rsat\u0131 verece\u011fini belirten Borisov, \u00fclkeyi BSP, \u00fcyelerinin \u00e7o\u011funlu\u011funu T\u00fcrklerin olu\u015fturdu\u011fu Hak ve \u00d6zg\u00fcrl\u00fckler Hareketi (H\u00d6H) ve a\u015f\u0131r\u0131 sa\u011fc\u0131 ATAKA partisinin kuraca\u011f\u0131 \u00fc\u00e7l\u00fc koalisyonun y\u00f6netece\u011fini \u00f6ne s\u00fcrd\u00fc.<\/p>\n<p>Borisov&#8217;un Cumhurba\u015fkan\u0131 ile yar\u0131n g\u00f6r\u00fc\u015fmesi beklenirken, BSP&#8217;nin ba\u015fbakan aday\u0131 olarak eski maliye bakan\u0131 Plamen Oge\u015farski&#8217;yi aday g\u00f6stermesi ve H\u00d6H ile ATAKA&#8217;dan h\u00fck\u00fcmete d\u0131\u015far\u0131dan destek vermesini istemesi bekleniyor.<\/p>\n<div id=\"bghab-1819803256\" class=\"bghab-yazi-altinda bghab-entity-placement\"><script async src=\"https:\/\/pagead2.googlesyndication.com\/pagead\/js\/adsbygoogle.js\"><\/script>\r\n<!-- bghaber-yaz\u0131-sonu -->\r\n<ins class=\"adsbygoogle\"\r\n     style=\"display:block\"\r\n     data-ad-client=\"ca-pub-6203283170189293\"\r\n     data-ad-slot=\"4222328180\"\r\n     data-ad-format=\"auto\"\r\n     data-full-width-responsive=\"true\"><\/ins>\r\n<script>\r\n     (adsbygoogle = window.adsbygoogle || []).push({});\r\n<\/script><\/div><br style=\"clear: both; display: block; float: none;\"\/>","protected":false},"excerpt":{"rendered":"<p>Bulgaristan&#8217;da 12 May\u0131s&#8217;taki genel se\u00e7inden birinci \u00e7\u0131kan Bulgaristan&#8217;\u0131n Avrupal\u0131 Geli\u015fimi \u0130\u00e7in Vatanda\u015flar (GERB) partisinin lideri ve eski Ba\u015fbakan Boyko Borisov, Cumhurba\u015fkan\u0131 Rosen Plevneliev&#8217;den alaca\u011f\u0131 h\u00fck\u00fcmet<\/p>\n","protected":false},"author":29,"featured_media":1823,"comment_status":"closed","ping_status":"closed","sticky":false,"template":"","format":"standard","meta":{"advanced_seo_description":"","jetpack_seo_html_title":"","jetpack_seo_noindex":false,"jetpack_seo_schema_type":"","_jetpack_newsletter_access":"","_jetpack_dont_email_post_to_subs":false,"_jetpack_newsletter_tier_id":0,"_jetpack_memberships_contains_paywalled_content":false,"_jetpack_feature_clip_id":0,"_jetpack_memberships_contains_paid_content":false,"footnotes":"","jetpack_post_was_ever_published":false},"categories":[4],"tags":[127,129,30,94,114,93],"class_list":["post-1822","post","type-post","status-publish","format-standard","has-post-thumbnail","hentry","category-siyaset","tag-ataka","tag-bsp","tag-bulgaristan","tag-dps","tag-gerb","tag-hoh"],"jetpack_sharing_enabled":true,"jetpack_likes_enabled":true,"jetpack-related-posts":[],"jetpack_shortlink":"https:\/\/wp.me\/pc2PfJ-to","jetpack_featured_media_url":"https:\/\/i0.wp.com\/www.bghaber.org\/bghaber\/wp-content\/uploads\/2013\/05\/boyko-borisov-rosen-plevneliev.jpg?fit=553%2C315&ssl=1","_links":{"self":[{"href":"https:\/\/www.bghaber.org\/bghaber\/wp-json\/wp\/v2\/posts\/1822","targetHints":{"allow":["GET"]}}],"collection":[{"href":"https:\/\/www.bghaber.org\/bghaber\/wp-json\/wp\/v2\/posts"}],"about":[{"href":"https:\/\/www.bghaber.org\/bghaber\/wp-json\/wp\/v2\/types\/post"}],"author":[{"embeddable":true,"href":"https:\/\/www.bghaber.org\/bghaber\/wp-json\/wp\/v2\/users\/29"}],"replies":[{"embeddable":true,"href":"https:\/\/www.bghaber.org\/bghaber\/wp-json\/wp\/v2\/comments?post=1822"}],"version-history":[{"count":0,"href":"https:\/\/www.bghaber.org\/bghaber\/wp-json\/wp\/v2\/posts\/1822\/revisions"}],"wp:featuredmedia":[{"embeddable":true,"href":"https:\/\/www.bghaber.org\/bghaber\/wp-json\/wp\/v2\/media\/1823"}],"wp:attachment":[{"href":"https:\/\/www.bghaber.org\/bghaber\/wp-json\/wp\/v2\/media?parent=1822"}],"wp:term":[{"taxonomy":"category","embeddable":true,"href":"https:\/\/www.bghaber.org\/bghaber\/wp-json\/wp\/v2\/categories?post=1822"},{"taxonomy":"post_tag","embeddable":true,"href":"https:\/\/www.bghaber.org\/bghaber\/wp-json\/wp\/v2\/tags?post=1822"}],"curies":[{"name":"wp","href":"https:\/\/api.w.org\/{rel}","templated":true}]}}