{"id":18138,"date":"2016-02-18T23:14:00","date_gmt":"2016-02-18T21:14:00","guid":{"rendered":"http:\/\/www.bghaber.org\/bghaber\/?p=18138"},"modified":"2016-02-18T23:29:02","modified_gmt":"2016-02-18T21:29:02","slug":"bulgarlik-dayatmasina-son-verelim","status":"publish","type":"post","link":"https:\/\/www.bghaber.org\/bghaber\/bulgarlik-dayatmasina-son-verelim\/","title":{"rendered":"Bulgarl\u0131k Dayatmas\u0131na Son Verelim"},"content":{"rendered":"<p><img data-recalc-dims=\"1\" loading=\"lazy\" decoding=\"async\" class=\"\" src=\"https:\/\/i0.wp.com\/www.bghaber.org\/bghaber\/wp-content\/uploads\/2016\/02\/nejdet-%C3%B6zgur-300x300.jpg?resize=136%2C136\" alt=\"nejdet \u00f6zgur\" width=\"136\" height=\"136\" \/>\u00a0Dr. Nejdet \u00d6ZG\u00dcR<\/p>\n<p>Konu:\u00a0 <strong>Hemen \u00e7\u00f6z\u00fcm bekleyen sorunlar\u0131m\u0131z\u0131n ba\u015f\u0131nda gelen, anadilde e\u011fitimdir.<\/strong><\/p>\n<p><strong>Kolumuz kaysa, kolsuz kal\u0131r\u0131z.<\/strong><\/p>\n<p><strong>Baca\u011f\u0131m\u0131z kaysa, topal ya\u015far\u0131z.<\/strong><\/p>\n<p><strong>Dilimizi kaybediyoruz,<\/strong><\/p><div id=\"bghab-3258779243\" class=\"bghab-icerik-icine bghab-entity-placement\"><script async src=\"\/\/pagead2.googlesyndication.com\/pagead\/js\/adsbygoogle.js?client=ca-pub-6203283170189293\" crossorigin=\"anonymous\"><\/script><ins class=\"adsbygoogle\" style=\"display:block; text-align:center;\" data-ad-client=\"ca-pub-6203283170189293\" \ndata-ad-slot=\"7303146466\" \ndata-ad-layout=\"in-article\"\ndata-ad-format=\"fluid\" data-full-width-responsive=\"true\"><\/ins>\n<script> \n(adsbygoogle = window.adsbygoogle || []).push({}); \n<\/script>\n<\/div>\n<p><strong>Ne yapmal\u0131y\u0131z?<\/strong><\/p>\n<p><strong>Topluluk olarak dilsiz ya\u015fayamay\u0131z!<\/strong><\/p>\n<p>Sorunlar\u0131n \u00e7\u00f6z\u00fclememesinin, problemlerin a\u015f\u0131lamamas\u0131n\u0131n ana nedeni, su\u00e7lular\u0131n cezaland\u0131r\u0131lmaktan ka\u00e7may\u0131 ba\u015farabilmeleridir. Bulgaristan\u2019da, 1984 -1989 y\u0131llar\u0131 aras\u0131nda, toplam say\u0131lar\u0131 1 milyon 250 bin ki\u015fi olan etnik T\u00fcrk M\u00fcsl\u00fcmanlardan <strong>60 bin ki\u015fi<\/strong> tutuklanm\u0131\u015f, sorgulam\u0131\u015f, sudan sebeplerle yarg\u0131layarak yada yarg\u0131lamadan, ailesinden ay\u0131rm\u0131\u015f, s\u00fcrm\u00fc\u015f, \u201c<strong>Belene<\/strong>\u201d \u00d6l\u00fcm Kamp\u0131na, cezaevine, hapishanelerine t\u0131km\u0131\u015f, mektupla\u015fanlar\u0131n mektuplar\u0131n\u0131 okumu\u015f, evlenmelerini, dua etmelerini,\u00a0 \u015fenlenmelerini, sevinmelerini yasaklam\u0131\u015ft\u0131r. Yani 20\u2019den biz cehennem inine girmi\u015f, bin bir travma ald\u0131ktan sonra sanki serbest b\u0131rak\u0131lm\u0131\u015f, korkutuldu\u011fu i\u00e7in g\u00f6\u00e7 etmeye zorlanm\u0131\u015ft\u0131r.<\/p>\n<p>Manevi hayat\u0131m\u0131z\u0131n 1960\u2019lardan beri buruk ve sars\u0131nt\u0131l\u0131 ge\u00e7ti\u011fini hepimiz biliyoruz. K\u00f6t\u00fc gidi\u015fin \u00f6n\u00fc al\u0131namad\u0131. Ruhsal y\u0131k\u0131m\u0131 durdurmaya irade olu\u015fmad\u0131. Zul\u00fcm g\u00f6renlerin i\u00e7i d\u0131\u015f\u0131 hiddet ve \u00f6fke dolmu\u015f olsa da, B\u00fcy\u00fck G\u00f6\u00e7 \u00e7ilesi \u00e7ekerlerken, onlar\u0131 izleyenlerin raporlar\u0131nda \u201c<strong>hissizle\u015ftirildikleri<\/strong>\u201d ve yurtlar\u0131ndan ka\u00e7maktan ba\u015fka bir iste\u011fi olmayan \u201c<strong>robotla\u015ft\u0131r\u0131lm\u0131\u015f insanlar<\/strong>\u201d haline getirile bilmi\u015fler, diye yazd\u0131lar.<\/p>\n<p><strong>Vatan\u0131ndan kim ka\u00e7ar? <\/strong><\/p><div id=\"bghab-693294578\" class=\"bghab-icerik-icine-10-paragraf bghab-entity-placement\"><script async src=\"\/\/pagead2.googlesyndication.com\/pagead\/js\/adsbygoogle.js?client=ca-pub-6203283170189293\" crossorigin=\"anonymous\"><\/script><ins class=\"adsbygoogle\" style=\"display:block; text-align:center;\" data-ad-client=\"ca-pub-6203283170189293\" \ndata-ad-slot=\"7303146466\" \ndata-ad-layout=\"in-article\"\ndata-ad-format=\"fluid\" data-full-width-responsive=\"true\"><\/ins>\n<script> \n(adsbygoogle = window.adsbygoogle || []).push({}); \n<\/script>\n<\/div>\n<p>Memleketinden kovu\u015fturulanlar, arananlar, haklar\u0131nda tutuklama karar\u0131 \u00e7\u0131km\u0131\u015f olanlar ile yurdunda daha fazla kalmaya y\u00fcz\u00fc olmayan, cinayetlerin en k\u00f6t\u00fclerini, katliamlar\u0131n en kanl\u0131lar\u0131n\u0131 i\u015flemi\u015f katiler. Bir askeri beton yeralt\u0131 s\u0131\u011f\u0131na\u011f\u0131nda e\u015fi Eva Braun ile birlikte gizlenen ve 1945\u2019te s\u00f6zde e\u015fiyle birlikte kendini yakan, asl\u0131nda kay\u0131plara kar\u0131\u015fan Adolf Hitler de Almanya\u2019dan ka\u00e7m\u0131\u015ft\u0131. 1962\u2019ye kadar Patagonya\u2019da ya\u015fad\u0131 ve orada \u00f6ld\u00fc. Ka\u00e7mam\u0131\u015f olsayd\u0131 25 milyon Alman vatanda\u015f\u0131n\u0131n ve milyonlarca da Yahudi\u2019nin \u00f6l\u00fcm kaplar\u0131ndan yak\u0131lmas\u0131ndan ve Almanya\u2019n\u0131n yerle bir edilmesinden su\u00e7lu biri olarak ya lin\u00e7 edilecek, ya da N\u00fcrnberg Sava\u015f Su\u00e7lular\u0131 Mahkemesi\u2019nde idam cezas\u0131 alacakt\u0131.<\/p>\n<p><strong>Sava\u015f su\u00e7lular\u0131n\u0131n 2-s\u0131 Almanya\u2019da biri de Romanya\u2019da ge\u00e7en hafta tutukland\u0131 ve yarg\u0131ya teslim edildi. Almanlar\u0131n\u0131n fa\u015fizmden ve fa\u015fistlerden, Nazilerden ar\u0131nd\u0131r\u0131lmas\u0131 kolay olmad\u0131, 70 y\u0131l s\u00fcrd\u00fc ama ba\u015far\u0131ld\u0131.<\/strong><\/p>\n<p>1989\u2019dan sonra \u00fclkemizin de totaliter rejimin silahl\u0131 katillerinden, infaz imzalar\u0131n\u0131 atanlardan, kendilerini mahkemelerin yerine koyan dere beylerden, avukat\u0131, savc\u0131 ve yarg\u0131c\u0131 hi\u00e7e sayanlardan, anayasay\u0131 ve yasalar\u0131 rafa kald\u0131ranlardan, insan haklar\u0131ndan s\u00f6z ettirmeyenlerden temizlenmesi, ar\u0131t\u0131laca\u011f\u0131 vard\u0131 i\u00e7imizde ama olmad\u0131. \u0130simler de\u011fi\u015ftirilirken 42 T\u00fcrk kad\u0131n ve erkek kahraman kur\u015funland\u0131, y\u00fczlercesi yaraland\u0131. Katiller aranmad\u0131 ve bulunmad\u0131. 12 bin T\u00fcrk M\u00fcsl\u00fcman hapis yapt\u0131 s\u00fcr\u00fcld\u00fc. Bu zorbal\u0131ktan hesap soran olmad\u0131.<\/p>\n<p>Bu insanlar\u0131n en \u00f6nemli hakk\u0131 olan do\u011fduklar\u0131 topraklarda ya\u015fama hakk\u0131 ellerinden al\u0131nd\u0131 ve vatanlar\u0131ndan kovuldular. S\u00f6k\u00fcl\u00fcp s\u0131n\u0131r d\u0131\u015f\u0131na at\u0131ld\u0131lar. Ve katiller ve yard\u0131mc\u0131lar\u0131, dalkavuklar\u0131, kertenkele gibi renk de\u011fi\u015ftirdi, barba gibi k\u0131l\u0131f de\u011fi\u015ftirdi, ismini de\u011fi\u015ftirdi yine iktidar oldular, h\u00fck\u00fcmete \u00e7\u00f6reklendiler ve bir daha kalkmad\u0131lar.<\/p>\n<p><strong>Todor Jivkov d\u00f6nemi bize Bulgarl\u0131k dayatm\u0131\u015ft\u0131, 1990\u2019dan sonra sis kalkmad\u0131, hava bo\u011fuyor.<\/strong><\/p><div id=\"bghab-524537344\" class=\"bghab-icerik-icine-15-paragraf bghab-entity-placement\"><script async src=\"\/\/pagead2.googlesyndication.com\/pagead\/js\/adsbygoogle.js?client=ca-pub-6203283170189293\" crossorigin=\"anonymous\"><\/script><ins class=\"adsbygoogle\" style=\"display:block; text-align:center;\" data-ad-client=\"ca-pub-6203283170189293\" \ndata-ad-slot=\"7303146466\" \ndata-ad-layout=\"in-article\"\ndata-ad-format=\"fluid\" data-full-width-responsive=\"true\"><\/ins>\n<script> \n(adsbygoogle = window.adsbygoogle || []).push({}); \n<\/script>\n<\/div>\n<p>\u00c7ok iyi dikkat etmemiz gereken hususun \u00f6z\u00fcndeki ise \u015fudur. Anadilimizin atk\u0131s\u0131 T\u00fcrk\u00e7emizse, \u00e7\u00f6zg\u00fcs\u00fc dinimizdir, k\u00fclt\u00fcr\u00fcm\u00fcz ve uygarl\u0131\u011f\u0131m\u0131z ise bu ikinin b\u00fct\u00fcnl\u00fck \u00fcr\u00fcn\u00fcd\u00fcr. Bu b\u00fct\u00fcnl\u00fck bozuldu\u011fu an, ba\u015fka hi\u00e7bir \u015feyin \u00f6nemi yoktur ve olamaz.<\/p>\n<p><strong>Bin bir travma ald\u0131k dedik. Amerikan psikiyatristlerinin not defterlerinden bir \u00f6rnek alsak, farelerde birka\u00e7 dakikal\u0131k stresin beyinlerini \u00f6m\u00fcr boyu de\u011fi\u015fti\u011fi izleriz.<\/strong><\/p>\n<p>Anneler bilir, \u00e7ocuklar esnek do\u011fmaz. \u00a00 ile 7 ya\u015f aras\u0131nda beyinleri b\u00fcy\u00fcr ve duyum sistemi geli\u015firken travma ya da taciz g\u00f6rse a\u00e7\u0131lan yaralar \u00f6m\u00fcr boyu silinmez. Biz Bulgaristanl\u0131 T\u00fcrkler art\u0131k \u00fc\u00e7\u00fcnc\u00fc ku\u015fan travmal\u0131y\u0131z dedi\u011fimiz zaman, \u00a01950\u2019lerin sonunda rahlelerinin \u00fczerinden T\u00fcrk\u00e7e kitaplar\u0131, cami odalar\u0131ndan din kitaplar\u0131 toplanan dedelerimizin ve bizim \u00e7ocuklar\u0131m\u0131za kadar uzanan ku\u015faklar\u0131n bu yaralanmay\u0131 devaml\u0131 olarak ya\u015fad\u0131\u011f\u0131n\u0131 ya\u015fad\u0131k ve ya\u015f\u0131yoruz. Anadilimizde yaz\u0131p \u00e7izmek, e\u011fitim ve \u00f6\u011fretim g\u00f6rmek, sanat etkinlikleri yasay\u0131 ile birlikte, sokakta ve di\u011fer sosyal alanlarda konu\u015fmak, tart\u0131\u015fmak, e\u011fitim ve hizmet dili olarak anadilimizi kullanmak hep imk\u00e2ns\u0131zla\u015ft\u0131r\u0131ld\u0131.<\/p>\n<p>T\u00fcrk\u00e7e etkinlikte bulunman\u0131n cezaland\u0131r\u0131ld\u0131\u011f\u0131 ve daha da sert \u00f6nlemlerle bask\u0131 yap\u0131ld\u0131\u011f\u0131 (T\u00fcrk\u00e7e kitaplar\u0131n yasaklanmas\u0131, \u015fark\u0131, t\u00fcrk\u00fc kaset ve CD -lerinin yok edilmesi)\u00a0 ve bunun genel zulm\u00fcn bir bi\u00e7imi olarak devlet eliyle uyguland\u0131\u011f\u0131 dikkate al\u0131nd\u0131\u011f\u0131nda, olay\u0131n son derece ciddi oldu\u011fu g\u00fcn \u0131\u015f\u0131\u011f\u0131na hemen \u00e7\u0131k\u0131yor.<\/p>\n<p>Ciddi bask\u0131 ve ter\u00f6r\u00fcn b\u0131rakt\u0131\u011f\u0131 izler derin ve kapanmaz olmu\u015ftur. Okullarda T\u00fcrk dilinde e\u011fitim programlar\u0131n\u0131n kald\u0131r\u0131lmas\u0131 ve anadilimizde kitap bas\u0131m\u0131n\u0131n yasaklanmas\u0131 sonucu lise, kolej ve \u00fcniversite mezunu T\u00fcrk-M\u00fcsl\u00fcman ayd\u0131nlar yeti\u015fmesi yolu kesildi. Havan\u0131n sertle\u015fti\u011fini sezen ayd\u0131nlar\u0131m\u0131z\u0131n ilk b\u00fcy\u00fck grubu 1976 g\u00f6\u00e7\u00fcyle yortan ayr\u0131ld\u0131.<\/p><div id=\"bghab-2069357330\" class=\"bghab-icerik-icine-20-paragraf bghab-entity-placement\"><script async src=\"\/\/pagead2.googlesyndication.com\/pagead\/js\/adsbygoogle.js?client=ca-pub-6203283170189293\" crossorigin=\"anonymous\"><\/script><ins class=\"adsbygoogle\" style=\"display:block; text-align:center;\" data-ad-client=\"ca-pub-6203283170189293\" \ndata-ad-slot=\"7303146466\" \ndata-ad-layout=\"in-article\"\ndata-ad-format=\"fluid\" data-full-width-responsive=\"true\"><\/ins>\n<script> \n(adsbygoogle = window.adsbygoogle || []).push({}); \n<\/script>\n<\/div>\n<p>1989 g\u00f6\u00e7\u00fcnden sonra T\u00fcrk M\u00fcsl\u00fcman doktor, m\u00fchendis, sanat\u00e7\u0131 ve \u00f6\u011fretmenleri Bulgaristan\u2019dan gitti. 2007\u2019de Avrupa Birli\u011fi\u2019ne girmemizle uzman i\u015f\u00e7iler, yabanc\u0131 dil bilenler, ustalar, gen\u00e7ler ve aileleri k\u00f6ylerinden Bat\u0131 \u00fclkelerine u\u00e7tular.\u00a0 Bu hareketlenin temelinde hangi g\u00fcncel nedenler a\u011f\u0131r basm\u0131\u015f olursa olsun, ka\u015f\u0131nan travma hep eski yaralard\u0131, anadilimizin yasaklanm\u0131\u015f olmas\u0131yd\u0131, \u0131s\u0131namad\u0131\u011f\u0131m\u0131z bir ya\u015fam tarz\u0131na zorlanmam\u0131zd\u0131, \u00f6zg\u00fcn k\u00fclt\u00fcr ve din haklar\u0131m\u0131z\u0131n tan\u0131nmamas\u0131yd\u0131. E\u011fitim olanaklar\u0131n\u0131n daralmas\u0131, e\u011fitimli ve diplomal\u0131 gen\u00e7 ayd\u0131nlar\u0131m\u0131z i\u00e7in istihdams\u0131zl\u0131k, umutsuzluk vb oldu.<\/p>\n<p>\u0130ki dil k\u0131l\u0131f\u0131 i\u00e7inde Bulgarca dayat\u0131lmas\u0131n\u0131 kabul etmeye devam etmemiz bizim sonumuz olacak, biz kendimiz teslim olmay\u0131 kabul etmi\u015f olaca\u011f\u0131z. S\u00f6zde bizim i\u00e7in yap\u0131lan her \u015fey asl\u0131nda bir tuzakt\u0131r. Bulgar ulusal devlet b\u00fct\u00fcnl\u00fc\u011f\u00fcn\u00fc ve Bulgar s\u00f6zde etnik modelini kabul etmekle biz T\u00fcrk M\u00fcsl\u00fcman kimli\u011fimizi, dilimizi, dinimizi, \u00f6zg\u00fcn k\u00fclt\u00fcr\u00fcm\u00fcz\u00fc ve ya\u015fam bi\u00e7imimizi ret etmi\u015f oluyoruz.\u00a0 Yar\u0131m y\u00fcz \u00f6nce uygulanmaya konan ve t\u00fcm t\u00fck okullar\u0131n\u0131n devletle\u015ftirilmesiyle ta\u00e7lanan, anadile ayr\u0131lan saatler s\u0131f\u0131rlanana kadar\u00a0 \u201ciki dilli e\u011fitime ge\u00e7i\u015f\u201d projesiyle asimilasyona do\u011fru en b\u00fcy\u00fck ve kararl\u0131 ad\u0131m at\u0131lm\u0131\u015ft\u0131.<\/p>\n<p>Burac\u0131kta, \u015fu ince noktaya dikkat etmek zorunday\u0131z. 1989\u2019da diktat\u00f6r Todor Jivkov\u2019un totaliter kom\u00fcnist reji sars\u0131l\u0131p y\u0131k\u0131l\u0131rken ve bu m\u00fccadelede T\u00fcrk M\u00fcsl\u00fcmanlar\u0131n ola\u011fan\u00fcst\u00fc b\u00fcy\u00fck oldu\u011fu d\u00fc\u015f\u00fcn\u00fcld\u00fc\u011f\u00fcnde,\u00a0 demokratik ortamda \u00f6zg\u00fcn haklar\u0131m\u0131z\u0131 ve \u00f6zg\u00fcrl\u00fcklerimizi mutlaka elde etmemiz gerekiyordu. Totalitarizm \u2013 demokrasi didi\u015fmesi 26 y\u0131ldan beri devam ediyor, kah k\u0131z\u0131\u015f\u0131yor, kah serinletiliyor, ama oyun bozulmuyor. Kimse anayasaya dokunmak, anayasan\u0131n i\u00e7inde totalitarizmi s\u00f6kmek, etnik az\u0131nl\u0131k topluluklar\u0131n\u0131n haklar\u0131n\u0131 tan\u0131mak, se\u00e7im sistemini de\u011fi\u015ftirmek, halk\u0131n iradesine ger\u00e7ekten \u00f6zg\u00fcrl\u00fck tan\u0131mak, demokratik insan haklar\u0131n\u0131n t\u00fcm\u00fcn\u00fc tan\u0131mak ve buna g\u00f6re yasalar\u0131 da de\u011fi\u015ftirme maddeleri i\u015flenmiyor.<\/p>\n<p>Etnik T\u00fcrk M\u00fcsl\u00fcman roplulu\u011funun milli harc\u0131 olan anadilimiz T\u00fcrk\u00e7eyi resmen tan\u0131yan ve ona ya\u015fama hakk\u0131 tan\u0131yan maddeler getirmeye \u00e7\u0131rp\u0131nan yok. H\u00d6H \u2013DPS d\u00f6neminde, meclis oyunlar\u0131yla iktidar partilerine koltuk de\u011fne\u011fi olma siyaseti s\u00fcrerken, demokrasi, insan haklar\u0131, genel k\u00fclt\u00fcrel haklar ve etniklerin \u00f6zg\u00fcn k\u00fclt\u00fcrel haklar\u0131, bar\u0131\u015f, g\u00fcvenlik ve \u00f6zg\u00fcrl\u00fck vb ad\u0131na bu kavramlar\u0131n haklar\u0131n\u0131 \u00e7arp\u0131tmadan uygulama sa\u011flayacak yasal de\u011fi\u015fikliklere gidilmedi.<\/p>\n<p>H\u00d6H-DPS partisi totalitarizmin \u00f6z\u00fcn\u00fc ve kabunu karumak i\u00e7in hayata \u00e7a\u011fr\u0131ld\u0131\u011f\u0131 i\u00e7in tav\u0131z \u00fcst\u00fcne tav\u0131z vermek zorunda kald\u0131, 1992\u2019de y\u0131k\u0131lan Bulgaristan ekonomisinin yerine mafya d\u00fczeni, oligar\u015fi sistemi, devleti dalavere yaparak soymaktan ba\u015fka bir \u015fey bilmeyen r\u00fc\u015fvet rejimi kurulmas\u0131nda \u00f6nayak oldu. Parti halktan tamamen koptu. Ekonomiyi, sosyal ya\u015fam\u0131, k\u00fclt\u00fcrel ge\u00e7mi\u015fimizi ve gelece\u011fimizi y\u0131kt\u0131\u011f\u0131 gibi, T\u00fcrk M\u00fcsl\u00fcman kimli\u011fimizi de ate\u015fe verdi.<\/p><div id=\"bghab-3391804271\" class=\"bghab-icerik-icine-25-paragraf bghab-entity-placement\"><script async src=\"\/\/pagead2.googlesyndication.com\/pagead\/js\/adsbygoogle.js?client=ca-pub-6203283170189293\" crossorigin=\"anonymous\"><\/script><ins class=\"adsbygoogle\" style=\"display:block; text-align:center;\" data-ad-client=\"ca-pub-6203283170189293\" \ndata-ad-slot=\"7303146466\" \ndata-ad-layout=\"in-article\"\ndata-ad-format=\"fluid\" data-full-width-responsive=\"true\"><\/ins>\n<script> \n(adsbygoogle = window.adsbygoogle || []).push({}); \n<\/script>\n<\/div>\n<p>H\u00d6H lideri Ahmet Do\u011fan\u2019\u0131n sa\u00e7mal\u0131ktan ba\u015fka bir \u015fey olmayan yeni \u201c<strong>Bulgar milli menfaatleri<\/strong>\u201d siyaseti Bulgaristan milli birli\u011fine bir darbedir, ulusal b\u00fct\u00fcnl\u00fc\u011f\u00fcm\u00fcz\u00fc baltalamay\u0131, T\u00fcrk Bulgar dostlu\u011funa travma vermeyi ama\u00e7layan bir tuzakt\u0131r. \u015eu unutulmamal\u0131, bug\u00fcnk\u00fc sald\u0131rgan Rusya\u2019n\u0131n \u00e7\u0131karlar\u0131 Bulgaristan milli \u00e7\u0131karlar\u0131yla \u00e7ak\u0131\u015fmad\u0131\u011f\u0131 gibi, Bulgaristan M\u00fcsl\u00fcmanlar\u0131n\u0131n menfaatleriyle asla ilintili bile de\u011fildir.<\/p>\n<p>\u015eu iyi bilinmeli, Bulgaristanl\u0131 T\u00fcrk M\u00fcsl\u00fcmanlar\u0131n anadil, \u00e7zg\u00fcn k\u00fclt\u00fcr ve ya\u015fam tarz\u0131 ile din hak ve \u00f6zg\u00fcrl\u00fckleri b\u00fct\u00fcnsel tan\u0131nmadan, tek devlet, tek vatan, tek bayrak ve egemenlik davas\u0131 ba\u015far\u0131ya ula\u015famaz. Bulgaristan M\u00fcsl\u00fcmanlar\u0131n\u0131n ve T\u00fcrkiye\u2019deki soyda\u015flar\u0131m\u0131z\u0131n oylar\u0131yla siyasette, ortak, denge fakt\u00f6r\u00fc, koltuk de\u011fne\u011fi ya da yap\u0131c\u0131 muhalefet durumuna gelen H\u00d6H-DPS partisi oyunu ald\u0131\u011f\u0131 insanlar\u0131 yoksullar ve sefiller \u00e7izgisi alt\u0131na iterek milli kimliklerini yok etme, onlar\u0131 s\u00fcrekli korku ve bask\u0131 i\u00e7inde ya\u015fatma siyaseti y\u00fcr\u00fctmeye devam edemez.<\/p>\n<p>Bu gidi\u015f partinin be\u015finci defa par\u00e7alanmas\u0131n\u0131n \u00e7ok yak\u0131n oldu\u011funa sinyal veriyor. Parti etnik z\u00fcmrecilik, din adamlar\u0131n\u0131 yal\u0131t lama, gen\u00e7lerin umudunu \u00e7alma ve vatan\u0131m\u0131z\u0131n utkunu karartma siyasetinden vazge\u00e7melidir. Bulgar demokratik kamuoyu H\u00c7H-DPS partisi bir mafya-mason-oligar\u015fi yap\u0131lanmas\u0131 olarak bak\u0131yor ki, bu gidi\u015f u\u00e7urumad\u0131r. Milli sorumluluk milli b\u00fct\u00fcnl\u00fc\u011f\u00fc esas almal\u0131 ve etnik gruplar\u0131n haklar\u0131na konma siyasetinden kesinlikle uzakla\u015fmal\u0131d\u0131r. Vatan\u0131m\u0131zda ya\u015fayan Bulgaristanl\u0131 T\u00fcrkler bu memleketin en az Bulgar kavmi kadar efendisi ve sahibidir ve bu durum korundu\u011funda a\u015f\u0131lamayacak durum olmayacakt\u0131r.<\/p>\n<p>Ba\u015fta H\u00d6H troykas\u0131 olmak \u00fczere, kendilerini M\u00fcsl\u00fcman olarak kabul ettirmeye \u00e7al\u0131\u015fan siyaset\u00e7iler de \u201c<strong>ateizm<\/strong>\u201d ve ba\u015fka yerlere kendileri yamama anlay\u0131\u015f\u0131yla vedala\u015f-mal\u0131d\u0131rlar.<\/p>\n<p><strong>Din ile siyaset ate\u015fle su gibidir, yaratan onlar\u0131 birbirinden uzak kals\u0131nlar diye yaratm\u0131\u015ft\u0131r. <\/strong><\/p><div id=\"bghab-782724356\" class=\"bghab-icerik-icine-30-paragraf bghab-entity-placement\"><script async src=\"\/\/pagead2.googlesyndication.com\/pagead\/js\/adsbygoogle.js?client=ca-pub-6203283170189293\" crossorigin=\"anonymous\"><\/script><ins class=\"adsbygoogle\" style=\"display:block; text-align:center;\" data-ad-client=\"ca-pub-6203283170189293\" \ndata-ad-slot=\"7303146466\" \ndata-ad-layout=\"in-article\"\ndata-ad-format=\"fluid\" data-full-width-responsive=\"true\"><\/ins>\n<script> \n(adsbygoogle = window.adsbygoogle || []).push({}); \n<\/script>\n<\/div>\n<p><strong>Bu s\u00f6zler, Bulgarc\u0131l\u0131k siyaseti i\u00e7in de ge\u00e7erlidir.<\/strong><\/p>\n<div id=\"bghab-2353994864\" class=\"bghab-yazi-altinda bghab-entity-placement\"><div class=\"bghab-adlabel\">Reklamlar<\/div><script async src=\"https:\/\/pagead2.googlesyndication.com\/pagead\/js\/adsbygoogle.js\"><\/script>\r\n<!-- bghaber-yaz\u0131-sonu -->\r\n<ins class=\"adsbygoogle\"\r\n     style=\"display:block\"\r\n     data-ad-client=\"ca-pub-6203283170189293\"\r\n     data-ad-slot=\"4222328180\"\r\n     data-ad-format=\"auto\"\r\n     data-full-width-responsive=\"true\"><\/ins>\r\n<script>\r\n     (adsbygoogle = window.adsbygoogle || []).push({});\r\n<\/script><\/div><br style=\"clear: both; display: block; float: none;\"\/>","protected":false},"excerpt":{"rendered":"<p>\u00a0Dr. Nejdet \u00d6ZG\u00dcR Konu:\u00a0 Hemen \u00e7\u00f6z\u00fcm bekleyen sorunlar\u0131m\u0131z\u0131n ba\u015f\u0131nda gelen, anadilde e\u011fitimdir. Kolumuz kaysa, kolsuz kal\u0131r\u0131z. Baca\u011f\u0131m\u0131z kaysa, topal ya\u015far\u0131z. Dilimizi kaybediyoruz, Ne yapmal\u0131y\u0131z? Topluluk<\/p>\n","protected":false},"author":13,"featured_media":18139,"comment_status":"closed","ping_status":"closed","sticky":false,"template":"","format":"standard","meta":{"advanced_seo_description":"","jetpack_seo_html_title":"","jetpack_seo_noindex":false,"_jetpack_memberships_contains_paid_content":false,"footnotes":""},"categories":[6],"tags":[],"class_list":["post-18138","post","type-post","status-publish","format-standard","has-post-thumbnail","hentry","category-yorum"],"jetpack_featured_media_url":"https:\/\/i0.wp.com\/www.bghaber.org\/bghaber\/wp-content\/uploads\/2016\/02\/nejdet-%C3%B6zgur.jpg?fit=907%2C907&ssl=1","jetpack_sharing_enabled":true,"jetpack_likes_enabled":true,"jetpack-related-posts":[],"jetpack_shortlink":"https:\/\/wp.me\/pc2PfJ-4Iy","_links":{"self":[{"href":"https:\/\/www.bghaber.org\/bghaber\/wp-json\/wp\/v2\/posts\/18138","targetHints":{"allow":["GET"]}}],"collection":[{"href":"https:\/\/www.bghaber.org\/bghaber\/wp-json\/wp\/v2\/posts"}],"about":[{"href":"https:\/\/www.bghaber.org\/bghaber\/wp-json\/wp\/v2\/types\/post"}],"author":[{"embeddable":true,"href":"https:\/\/www.bghaber.org\/bghaber\/wp-json\/wp\/v2\/users\/13"}],"replies":[{"embeddable":true,"href":"https:\/\/www.bghaber.org\/bghaber\/wp-json\/wp\/v2\/comments?post=18138"}],"version-history":[{"count":0,"href":"https:\/\/www.bghaber.org\/bghaber\/wp-json\/wp\/v2\/posts\/18138\/revisions"}],"wp:featuredmedia":[{"embeddable":true,"href":"https:\/\/www.bghaber.org\/bghaber\/wp-json\/wp\/v2\/media\/18139"}],"wp:attachment":[{"href":"https:\/\/www.bghaber.org\/bghaber\/wp-json\/wp\/v2\/media?parent=18138"}],"wp:term":[{"taxonomy":"category","embeddable":true,"href":"https:\/\/www.bghaber.org\/bghaber\/wp-json\/wp\/v2\/categories?post=18138"},{"taxonomy":"post_tag","embeddable":true,"href":"https:\/\/www.bghaber.org\/bghaber\/wp-json\/wp\/v2\/tags?post=18138"}],"curies":[{"name":"wp","href":"https:\/\/api.w.org\/{rel}","templated":true}]}}