{"id":1735,"date":"2013-05-21T03:30:54","date_gmt":"2013-05-21T00:30:54","guid":{"rendered":"http:\/\/bghaber.org\/bghaber\/?p=1735"},"modified":"2019-07-18T23:57:36","modified_gmt":"2019-07-18T21:57:36","slug":"kircaali-bolge-muftusu-mestanli-ilahiyat-lisesini-ziyaret-etti","status":"publish","type":"post","link":"https:\/\/www.bghaber.org\/bghaber\/kircaali-bolge-muftusu-mestanli-ilahiyat-lisesini-ziyaret-etti\/","title":{"rendered":"K\u0131rcaali B\u00f6lge M\u00fcft\u00fcs\u00fc Mestanl\u0131 \u0130lahiyat Lisesini Ziyaret etti"},"content":{"rendered":"<p>K\u0131rcaali B\u00f6lge M\u00fcft\u00fcs\u00fc Beyhan Mehmet Mestanl\u0131 \u0130lahiyat Lisesini ziyaret ederek, \u00d6\u011frencilerle hasbihal etti. Mezun olan \u00f6\u011frencilere, devlet s\u0131navlar\u0131nda (Maturalalar) da ba\u015far\u0131lar dileyen m\u00fcft\u00fc, \u00f6\u011frencilerle iftihar etti\u011fini ifade etti. Okullar\u0131 \u201cDil e\u011fitimi merkezine benzeten\u201d Mehmet, d\u00f6rt y\u0131lda zahmetsiz d\u00f6rt dil (Bulgarca, T\u00fcrk\u00e7e, Arap\u00e7a ve \u0130ngilizce) \u00f6\u011frenildi\u011fini kaydetti. <!--more--><\/p>\n<p><a href=\"https:\/\/i0.wp.com\/bghaber.org\/bghaber\/wp-content\/uploads\/2013\/05\/mestanli-ilahiyat-lisesi.jpg\"><img data-recalc-dims=\"1\" loading=\"lazy\" decoding=\"async\" class=\"aligncenter size-medium wp-image-1736\" alt=\"mestanli-ilahiyat-lisesi\" src=\"https:\/\/i0.wp.com\/bghaber.org\/bghaber\/wp-content\/uploads\/2013\/05\/mestanli-ilahiyat-lisesi-300x217.jpg?resize=300%2C217\" width=\"300\" height=\"217\" srcset=\"https:\/\/i0.wp.com\/www.bghaber.org\/bghaber\/wp-content\/uploads\/2013\/05\/mestanli-ilahiyat-lisesi.jpg?resize=300%2C217&amp;ssl=1 300w, https:\/\/i0.wp.com\/www.bghaber.org\/bghaber\/wp-content\/uploads\/2013\/05\/mestanli-ilahiyat-lisesi.jpg?w=600&amp;ssl=1 600w\" sizes=\"auto, (max-width: 300px) 100vw, 300px\" \/><\/a>E\u011fitimin \u00f6nemine de temas eden M\u00fcft\u00fc, \u201c\u0130lim be\u015fikten mezara kadar \u00f6\u011frenilir, hadisiyle beraber \u201c G\u00fcn\u00fc \u2013 g\u00fcn\u00fcne m\u00fcsavi olan ( e\u015fit olan) ziyandad\u0131r\u201d hadisini hat\u0131rlatt\u0131. E\u011fitimli ve erdemli yeti\u015fen \u00f6\u011frencilere, toplumda sizlere ciddi manada ihtiya\u00e7 vard\u0131r!, siz toplumun efendilerisiniz, nitekim Peygamberimiz \u201c Sizin efendiniz- onurlunuz topluma hizmet edenlerinizdir\u201d buyuruyor, dediler.<\/p>\n<p>Motiveli ve azimli \u00e7al\u0131\u015fmalara dikkat \u00e7ektiler. M\u00fcft\u00fcye e\u015flik eden Recai Y\u0131ld\u0131z hoca da \u201c \u00d6\u011frencilere ba\u015far\u0131lar diledi, nasihatler etti\u201d. Mezunlara \u201c Hediyelik kitaplar\u201d arz eden misafirler, Medine Dondurmas\u0131 ikram ederek, Allah\u2019a emanet ettiler, m\u00fcsaade ald\u0131lar.<\/p>\n<p>Okul M\u00fcd\u00fcr\u00fc Ahmet Bozov ve yard\u0131mc\u0131s\u0131 Haluk Y\u0131ld\u0131z bu anlaml\u0131 ziyaretten dolay\u0131 misafirlere te\u015fekk\u00fcr ettiler, \u00f6\u011frencilere moral ve motivasyon vesilesi oldu\u011funu ifade ettiler.<\/p>\n<p>Not: Mestanl\u0131 \u0130lahiyat Lisesi y\u00f6netimi- y\u0131llard\u0131r, mezun olacak olan \u00f6\u011frencilere y\u00f6nelik \u00f6zel bir hizmet y\u00fcr\u00fctmektedir. Devlet s\u0131nav\u0131 yap\u0131lacak olan derslere ( Maturalar) takviye derslerle ile \u00f6\u011frenciler haz\u0131rlan\u0131r. Ve y\u0131llard\u0131r- \u00f6\u011frenciler b\u00fcy\u00fck ba\u015far\u0131larla mezun olurlar.<br \/>\n<strong> \u00d6n\u00fcm\u00fczdeki G\u00fcnlerde 2013-2014 e\u011fitim \u2013 \u00f6\u011fretim y\u0131l\u0131 kay\u0131tlar\u0131 ba\u015flayacakt\u0131r! DUYURULUR.<\/strong><\/p><div id=\"bghab-402349284\" class=\"bghab-icerik-icine bghab-entity-placement\"><script async src=\"\/\/pagead2.googlesyndication.com\/pagead\/js\/adsbygoogle.js?client=ca-pub-6203283170189293\" crossorigin=\"anonymous\"><\/script><ins class=\"adsbygoogle\" style=\"display:block; text-align:center;\" data-ad-client=\"ca-pub-6203283170189293\" \ndata-ad-slot=\"7303146466\" \ndata-ad-layout=\"in-article\"\ndata-ad-format=\"fluid\" data-full-width-responsive=\"true\"><\/ins>\n<script> \n(adsbygoogle = window.adsbygoogle || []).push({}); \n<\/script>\n<\/div>\n<p>&nbsp;<\/p>\n<p>K\u0131rcaali Haber<\/p>\n<div id=\"bghab-1506306919\" class=\"bghab-yazi-altinda bghab-entity-placement\"><script async src=\"https:\/\/pagead2.googlesyndication.com\/pagead\/js\/adsbygoogle.js\"><\/script>\r\n<!-- bghaber-yaz\u0131-sonu -->\r\n<ins class=\"adsbygoogle\"\r\n     style=\"display:block\"\r\n     data-ad-client=\"ca-pub-6203283170189293\"\r\n     data-ad-slot=\"4222328180\"\r\n     data-ad-format=\"auto\"\r\n     data-full-width-responsive=\"true\"><\/ins>\r\n<script>\r\n     (adsbygoogle = window.adsbygoogle || []).push({});\r\n<\/script><\/div><br style=\"clear: both; display: block; float: none;\"\/>","protected":false},"excerpt":{"rendered":"<p>K\u0131rcaali B\u00f6lge M\u00fcft\u00fcs\u00fc Beyhan Mehmet Mestanl\u0131 \u0130lahiyat Lisesini ziyaret ederek, \u00d6\u011frencilerle hasbihal etti. Mezun olan \u00f6\u011frencilere, devlet s\u0131navlar\u0131nda (Maturalalar) da ba\u015far\u0131lar dileyen m\u00fcft\u00fc, \u00f6\u011frencilerle iftihar<\/p>\n","protected":false},"author":29,"featured_media":1736,"comment_status":"closed","ping_status":"closed","sticky":false,"template":"","format":"standard","meta":{"advanced_seo_description":"","jetpack_seo_html_title":"","jetpack_seo_noindex":false,"jetpack_seo_schema_type":"","_jetpack_newsletter_access":"","_jetpack_dont_email_post_to_subs":false,"_jetpack_newsletter_tier_id":0,"_jetpack_memberships_contains_paywalled_content":false,"_jetpack_feature_clip_id":0,"_jetpack_memberships_contains_paid_content":false,"footnotes":"","jetpack_post_was_ever_published":false},"categories":[8],"tags":[30,32,85],"class_list":["post-1735","post","type-post","status-publish","format-standard","has-post-thumbnail","hentry","category-egitim","tag-bulgaristan","tag-kircaali","tag-mestanli"],"jetpack_sharing_enabled":true,"jetpack_likes_enabled":true,"jetpack-related-posts":[],"jetpack_shortlink":"https:\/\/wp.me\/pc2PfJ-rZ","jetpack_featured_media_url":"https:\/\/i0.wp.com\/www.bghaber.org\/bghaber\/wp-content\/uploads\/2013\/05\/mestanli-ilahiyat-lisesi.jpg?fit=600%2C434&ssl=1","_links":{"self":[{"href":"https:\/\/www.bghaber.org\/bghaber\/wp-json\/wp\/v2\/posts\/1735","targetHints":{"allow":["GET"]}}],"collection":[{"href":"https:\/\/www.bghaber.org\/bghaber\/wp-json\/wp\/v2\/posts"}],"about":[{"href":"https:\/\/www.bghaber.org\/bghaber\/wp-json\/wp\/v2\/types\/post"}],"author":[{"embeddable":true,"href":"https:\/\/www.bghaber.org\/bghaber\/wp-json\/wp\/v2\/users\/29"}],"replies":[{"embeddable":true,"href":"https:\/\/www.bghaber.org\/bghaber\/wp-json\/wp\/v2\/comments?post=1735"}],"version-history":[{"count":0,"href":"https:\/\/www.bghaber.org\/bghaber\/wp-json\/wp\/v2\/posts\/1735\/revisions"}],"wp:featuredmedia":[{"embeddable":true,"href":"https:\/\/www.bghaber.org\/bghaber\/wp-json\/wp\/v2\/media\/1736"}],"wp:attachment":[{"href":"https:\/\/www.bghaber.org\/bghaber\/wp-json\/wp\/v2\/media?parent=1735"}],"wp:term":[{"taxonomy":"category","embeddable":true,"href":"https:\/\/www.bghaber.org\/bghaber\/wp-json\/wp\/v2\/categories?post=1735"},{"taxonomy":"post_tag","embeddable":true,"href":"https:\/\/www.bghaber.org\/bghaber\/wp-json\/wp\/v2\/tags?post=1735"}],"curies":[{"name":"wp","href":"https:\/\/api.w.org\/{rel}","templated":true}]}}