{"id":1732,"date":"2013-05-21T03:29:01","date_gmt":"2013-05-21T00:29:01","guid":{"rendered":"http:\/\/bghaber.org\/bghaber\/?p=1732"},"modified":"2019-07-18T23:57:36","modified_gmt":"2019-07-18T21:57:36","slug":"kircaali-bolge-muftusu-istanbul-kiracta","status":"publish","type":"post","link":"https:\/\/www.bghaber.org\/bghaber\/kircaali-bolge-muftusu-istanbul-kiracta\/","title":{"rendered":"K\u0131rcaali B\u00f6lge M\u00fcft\u00fcs\u00fc \u0130stanbul K\u0131ra\u00e7\u2019ta"},"content":{"rendered":"<p>K\u0131rcaali B\u00f6lge M\u00fcft\u00fcs\u00fc Beyhan Mehmet \u0130stanbul\u2019un K\u0131ra\u00e7 semtinde bulunan Muhacir Camiinde soyda\u015flarla hasbihal etti. Organizasyonu Bulgaristan g\u00f6\u00e7menlerinden Muammer Vatansever, dernekler vas\u0131tas\u0131yla sa\u011flad\u0131. Ak\u015fam namaz\u0131 sonras\u0131nda ba\u015flayan sohbete ilgi b\u00fcy\u00fckt\u00fc. <!--more--><\/p>\n<p><a href=\"https:\/\/i0.wp.com\/bghaber.org\/bghaber\/wp-content\/uploads\/2013\/05\/kircaali-muftusu-kiracta.jpg\"><img data-recalc-dims=\"1\" loading=\"lazy\" decoding=\"async\" class=\"aligncenter size-medium wp-image-1733\" alt=\"kircaali-muftusu-kiracta\" src=\"https:\/\/i0.wp.com\/bghaber.org\/bghaber\/wp-content\/uploads\/2013\/05\/kircaali-muftusu-kiracta-300x225.jpg?resize=300%2C225\" width=\"300\" height=\"225\" srcset=\"https:\/\/i0.wp.com\/www.bghaber.org\/bghaber\/wp-content\/uploads\/2013\/05\/kircaali-muftusu-kiracta.jpg?resize=300%2C225&amp;ssl=1 300w, https:\/\/i0.wp.com\/www.bghaber.org\/bghaber\/wp-content\/uploads\/2013\/05\/kircaali-muftusu-kiracta.jpg?resize=320%2C240&amp;ssl=1 320w, https:\/\/i0.wp.com\/www.bghaber.org\/bghaber\/wp-content\/uploads\/2013\/05\/kircaali-muftusu-kiracta.jpg?w=600&amp;ssl=1 600w\" sizes=\"auto, (max-width: 300px) 100vw, 300px\" \/><\/a>Namaz\u0131 k\u0131ld\u0131ran M\u00fcft\u00fc Mehmet cemaati \u201c Ba\u015fm\u00fcft\u00fc Mustafa Ali\u015f Hac\u0131 ve \u015eura Ba\u015fkan\u0131 \u015eabanali Ahmed ad\u0131na selamlad\u0131\u201d. Program\u0131 \u00fc\u00e7 b\u00f6l\u00fcmde tertip eden Mehmet.<\/p>\n<p>\u0130lk b\u00f6l\u00fcmde A\u015f\u0131rlar ve Mevlid, 2. B\u00f6l\u00fcmde \u201c \u00dc\u00e7 aylar ve kulluk g\u00f6revimiz\u201d 3. B\u00f6l\u00fcmde ise \u201c Bulgaristan\u2019da yap\u0131lan hizmetler ve e\u011fitim mercileri\u201d konusunu yorumlad\u0131.<\/p>\n<p>Ziyaretten son derece memnun kalan cemaat, Ba\u015fm\u00fcft\u00fcl\u00fc\u011fe selam s\u00f6ylediler, ve yeni bir ziyareti beklediklerini ifade ettiler.<\/p>\n<p>&nbsp;<\/p>\n<p>K\u0131rcaali Haber<\/p><div id=\"bghab-1199279501\" class=\"bghab-icerik-icine bghab-entity-placement\"><script async src=\"\/\/pagead2.googlesyndication.com\/pagead\/js\/adsbygoogle.js?client=ca-pub-6203283170189293\" crossorigin=\"anonymous\"><\/script><ins class=\"adsbygoogle\" style=\"display:block; text-align:center;\" data-ad-client=\"ca-pub-6203283170189293\" \ndata-ad-slot=\"7303146466\" \ndata-ad-layout=\"in-article\"\ndata-ad-format=\"fluid\" data-full-width-responsive=\"true\"><\/ins>\n<script> \n(adsbygoogle = window.adsbygoogle || []).push({}); \n<\/script>\n<\/div>\n<div id=\"bghab-1333000184\" class=\"bghab-yazi-altinda bghab-entity-placement\"><script async src=\"https:\/\/pagead2.googlesyndication.com\/pagead\/js\/adsbygoogle.js\"><\/script>\r\n<!-- bghaber-yaz\u0131-sonu -->\r\n<ins class=\"adsbygoogle\"\r\n     style=\"display:block\"\r\n     data-ad-client=\"ca-pub-6203283170189293\"\r\n     data-ad-slot=\"4222328180\"\r\n     data-ad-format=\"auto\"\r\n     data-full-width-responsive=\"true\"><\/ins>\r\n<script>\r\n     (adsbygoogle = window.adsbygoogle || []).push({});\r\n<\/script><\/div><br style=\"clear: both; display: block; float: none;\"\/>","protected":false},"excerpt":{"rendered":"<p>K\u0131rcaali B\u00f6lge M\u00fcft\u00fcs\u00fc Beyhan Mehmet \u0130stanbul\u2019un K\u0131ra\u00e7 semtinde bulunan Muhacir Camiinde soyda\u015flarla hasbihal etti. Organizasyonu Bulgaristan g\u00f6\u00e7menlerinden Muammer Vatansever, dernekler vas\u0131tas\u0131yla sa\u011flad\u0131. Ak\u015fam namaz\u0131 sonras\u0131nda<\/p>\n","protected":false},"author":29,"featured_media":1733,"comment_status":"closed","ping_status":"closed","sticky":false,"template":"","format":"standard","meta":{"advanced_seo_description":"","jetpack_seo_html_title":"","jetpack_seo_noindex":false,"jetpack_seo_schema_type":"","_jetpack_newsletter_access":"","_jetpack_dont_email_post_to_subs":false,"_jetpack_newsletter_tier_id":0,"_jetpack_memberships_contains_paywalled_content":false,"_jetpack_feature_clip_id":0,"_jetpack_memberships_contains_paid_content":false,"footnotes":"","jetpack_post_was_ever_published":false},"categories":[10],"tags":[30,32],"class_list":["post-1732","post","type-post","status-publish","format-standard","has-post-thumbnail","hentry","category-kultur-sanat","tag-bulgaristan","tag-kircaali"],"jetpack_sharing_enabled":true,"jetpack_likes_enabled":true,"jetpack-related-posts":[],"jetpack_shortlink":"https:\/\/wp.me\/pc2PfJ-rW","jetpack_featured_media_url":"https:\/\/i0.wp.com\/www.bghaber.org\/bghaber\/wp-content\/uploads\/2013\/05\/kircaali-muftusu-kiracta.jpg?fit=600%2C450&ssl=1","_links":{"self":[{"href":"https:\/\/www.bghaber.org\/bghaber\/wp-json\/wp\/v2\/posts\/1732","targetHints":{"allow":["GET"]}}],"collection":[{"href":"https:\/\/www.bghaber.org\/bghaber\/wp-json\/wp\/v2\/posts"}],"about":[{"href":"https:\/\/www.bghaber.org\/bghaber\/wp-json\/wp\/v2\/types\/post"}],"author":[{"embeddable":true,"href":"https:\/\/www.bghaber.org\/bghaber\/wp-json\/wp\/v2\/users\/29"}],"replies":[{"embeddable":true,"href":"https:\/\/www.bghaber.org\/bghaber\/wp-json\/wp\/v2\/comments?post=1732"}],"version-history":[{"count":0,"href":"https:\/\/www.bghaber.org\/bghaber\/wp-json\/wp\/v2\/posts\/1732\/revisions"}],"wp:featuredmedia":[{"embeddable":true,"href":"https:\/\/www.bghaber.org\/bghaber\/wp-json\/wp\/v2\/media\/1733"}],"wp:attachment":[{"href":"https:\/\/www.bghaber.org\/bghaber\/wp-json\/wp\/v2\/media?parent=1732"}],"wp:term":[{"taxonomy":"category","embeddable":true,"href":"https:\/\/www.bghaber.org\/bghaber\/wp-json\/wp\/v2\/categories?post=1732"},{"taxonomy":"post_tag","embeddable":true,"href":"https:\/\/www.bghaber.org\/bghaber\/wp-json\/wp\/v2\/tags?post=1732"}],"curies":[{"name":"wp","href":"https:\/\/api.w.org\/{rel}","templated":true}]}}