{"id":1725,"date":"2013-05-21T03:23:11","date_gmt":"2013-05-21T00:23:11","guid":{"rendered":"http:\/\/bghaber.org\/bghaber\/?p=1725"},"modified":"2019-07-18T23:49:03","modified_gmt":"2019-07-18T21:49:03","slug":"balkan-diyanet-isleri-baskanlari-toplantisi-sona-erdi","status":"publish","type":"post","link":"https:\/\/www.bghaber.org\/bghaber\/balkan-diyanet-isleri-baskanlari-toplantisi-sona-erdi\/","title":{"rendered":"Balkan Diyanet \u0130\u015fleri Ba\u015fkanlar\u0131 toplant\u0131s\u0131 sona erdi"},"content":{"rendered":"<p>Arnavutluk\u2019un ba\u015fkenti Tiran\u2019da \u201cManevi ve Sosyal Sorunlar\u0131n \u00c7\u00f6z\u00fcm\u00fcnde Dinin ve Din Adamlar\u0131n\u0131n Rol\u00fc\u201d ana temal\u0131 6&#8217;nc\u0131 Balkan \u00dclkeleri Diyanet \u0130\u015fleri Ba\u015fkanlar\u0131 Toplant\u0131s\u0131 sonu\u00e7 bildirgesiyle sona erdi.<!--more--><br \/>\n<a href=\"https:\/\/i0.wp.com\/bghaber.org\/bghaber\/wp-content\/uploads\/2013\/05\/balkan-diyanet-isleri-baskanlari.jpg\"><img data-recalc-dims=\"1\" loading=\"lazy\" decoding=\"async\" class=\"aligncenter size-medium wp-image-1726\" alt=\"balkan-diyanet-isleri-baskanlari\" src=\"https:\/\/i0.wp.com\/bghaber.org\/bghaber\/wp-content\/uploads\/2013\/05\/balkan-diyanet-isleri-baskanlari-300x166.jpg?resize=300%2C166\" width=\"300\" height=\"166\" \/><\/a><br \/>\nBildirgede, Myanmar\u2019da M\u00fcsl\u00fcmanlar\u0131n ya\u015fad\u0131klar\u0131 katliamlar k\u0131nan\u0131rken, S\u0131rbistan\u2019\u0131n Sancak b\u00f6lgesinde devam eden m\u00fcft\u00fc sorununun da \u00e7\u00f6z\u00fcm\u00fc konusunda ad\u0131m at\u0131lmas\u0131 istendi.<\/p>\n<p>12 Balkan \u00fclkesinin kat\u0131ld\u0131\u011f\u0131 toplant\u0131n\u0131n sonu\u00e7 bildirgesinde, bar\u0131\u015f ve ho\u015fg\u00f6r\u00fc dini olan \u0130slam&#8217;\u0131n ter\u00f6rle yan yana getirilmesi ve \u00f6zde\u015fle\u015ftirilmesinin kabul edilemeyece\u011fi belirtildi.<\/p>\n<p>Bildirgede, son aylarda ba\u015fta Myanmar olmak \u00fczere baz\u0131 \u00fclkelerde, M\u00fcsl\u00fcmanlara ve ibadethanelere yap\u0131lan sald\u0131r\u0131lar ile din g\u00f6revlilerinin \u00f6ld\u00fcr\u00fclmesi k\u0131nand\u0131.<\/p>\n<p>Sonu\u00e7 bildirgesinde, \u0130slam&#8217;\u0131n as\u0131rlar \u00f6ncesi ger\u00e7ekle\u015ftirdi\u011fi ho\u015fg\u00f6r\u00fc ortam\u0131n\u0131n toplumlar\u0131n mutluluklar\u0131na vesile oldu\u011funun toplumlara bir kez daha hat\u0131rlat\u0131lmas\u0131n\u0131n \u00f6nemine dikkati \u00e7ekildi.<\/p>\n<p>Ayr\u0131ca, Balkan \u00fclkelerindeki M\u00fcsl\u00fcman, Hristiyan ve Yahudilerin as\u0131rlar \u00f6nce oldu\u011fu gibi bug\u00fcn de birlik, beraberlik ve ho\u015fg\u00f6r\u00fc i\u00e7inde ya\u015famalar\u0131 temmenisinde bulunuldu.<\/p><div id=\"bghab-850511188\" class=\"bghab-icerik-icine bghab-entity-placement\"><script async src=\"\/\/pagead2.googlesyndication.com\/pagead\/js\/adsbygoogle.js?client=ca-pub-6203283170189293\" crossorigin=\"anonymous\"><\/script><ins class=\"adsbygoogle\" style=\"display:block; text-align:center;\" data-ad-client=\"ca-pub-6203283170189293\" \ndata-ad-slot=\"7303146466\" \ndata-ad-layout=\"in-article\"\ndata-ad-format=\"fluid\" data-full-width-responsive=\"true\"><\/ins>\n<script> \n(adsbygoogle = window.adsbygoogle || []).push({}); \n<\/script>\n<\/div>\n<p>S\u0131rbistan&#8217;\u0131n Sancak b\u00f6lgesinde devam eden m\u00fcft\u00fc sorununa \u00e7\u00f6z\u00fcm getirilmesinin de istendi\u011fi bildirgede, \u201cBirlikte bar\u0131\u015f, huzur ve mutluluk i\u00e7erisinde ya\u015famay\u0131 \u00f6nemsiyor ve \u00f6neriyoruz\u201d ifadelerine yer verildi.<\/p>\n<div id=\"bghab-922023907\" class=\"bghab-yazi-altinda bghab-entity-placement\"><script async src=\"https:\/\/pagead2.googlesyndication.com\/pagead\/js\/adsbygoogle.js\"><\/script>\r\n<!-- bghaber-yaz\u0131-sonu -->\r\n<ins class=\"adsbygoogle\"\r\n     style=\"display:block\"\r\n     data-ad-client=\"ca-pub-6203283170189293\"\r\n     data-ad-slot=\"4222328180\"\r\n     data-ad-format=\"auto\"\r\n     data-full-width-responsive=\"true\"><\/ins>\r\n<script>\r\n     (adsbygoogle = window.adsbygoogle || []).push({});\r\n<\/script><\/div><br style=\"clear: both; display: block; float: none;\"\/>","protected":false},"excerpt":{"rendered":"<p>Arnavutluk\u2019un ba\u015fkenti Tiran\u2019da \u201cManevi ve Sosyal Sorunlar\u0131n \u00c7\u00f6z\u00fcm\u00fcnde Dinin ve Din Adamlar\u0131n\u0131n Rol\u00fc\u201d ana temal\u0131 6&#8217;nc\u0131 Balkan \u00dclkeleri Diyanet \u0130\u015fleri Ba\u015fkanlar\u0131 Toplant\u0131s\u0131 sonu\u00e7 bildirgesiyle sona<\/p>\n","protected":false},"author":29,"featured_media":1726,"comment_status":"closed","ping_status":"closed","sticky":false,"template":"","format":"standard","meta":{"advanced_seo_description":"","jetpack_seo_html_title":"","jetpack_seo_noindex":false,"jetpack_seo_schema_type":"","_jetpack_newsletter_access":"","_jetpack_dont_email_post_to_subs":false,"_jetpack_newsletter_tier_id":0,"_jetpack_memberships_contains_paywalled_content":false,"_jetpack_feature_clip_id":0,"_jetpack_memberships_contains_paid_content":false,"footnotes":"","jetpack_post_was_ever_published":false},"categories":[10],"tags":[36,30],"class_list":["post-1725","post","type-post","status-publish","format-standard","has-post-thumbnail","hentry","category-kultur-sanat","tag-balkan","tag-bulgaristan"],"jetpack_sharing_enabled":true,"jetpack_likes_enabled":true,"jetpack-related-posts":[],"jetpack_shortlink":"https:\/\/wp.me\/pc2PfJ-rP","jetpack_featured_media_url":"https:\/\/i0.wp.com\/www.bghaber.org\/bghaber\/wp-content\/uploads\/2013\/05\/balkan-diyanet-isleri-baskanlari.jpg?fit=600%2C333&ssl=1","_links":{"self":[{"href":"https:\/\/www.bghaber.org\/bghaber\/wp-json\/wp\/v2\/posts\/1725","targetHints":{"allow":["GET"]}}],"collection":[{"href":"https:\/\/www.bghaber.org\/bghaber\/wp-json\/wp\/v2\/posts"}],"about":[{"href":"https:\/\/www.bghaber.org\/bghaber\/wp-json\/wp\/v2\/types\/post"}],"author":[{"embeddable":true,"href":"https:\/\/www.bghaber.org\/bghaber\/wp-json\/wp\/v2\/users\/29"}],"replies":[{"embeddable":true,"href":"https:\/\/www.bghaber.org\/bghaber\/wp-json\/wp\/v2\/comments?post=1725"}],"version-history":[{"count":0,"href":"https:\/\/www.bghaber.org\/bghaber\/wp-json\/wp\/v2\/posts\/1725\/revisions"}],"wp:featuredmedia":[{"embeddable":true,"href":"https:\/\/www.bghaber.org\/bghaber\/wp-json\/wp\/v2\/media\/1726"}],"wp:attachment":[{"href":"https:\/\/www.bghaber.org\/bghaber\/wp-json\/wp\/v2\/media?parent=1725"}],"wp:term":[{"taxonomy":"category","embeddable":true,"href":"https:\/\/www.bghaber.org\/bghaber\/wp-json\/wp\/v2\/categories?post=1725"},{"taxonomy":"post_tag","embeddable":true,"href":"https:\/\/www.bghaber.org\/bghaber\/wp-json\/wp\/v2\/tags?post=1725"}],"curies":[{"name":"wp","href":"https:\/\/api.w.org\/{rel}","templated":true}]}}