{"id":1716,"date":"2013-05-21T03:18:19","date_gmt":"2013-05-21T00:18:19","guid":{"rendered":"http:\/\/bghaber.org\/bghaber\/?p=1716"},"modified":"2019-07-18T23:49:02","modified_gmt":"2019-07-18T21:49:02","slug":"bal-turk-19-mayisi-dag-yuruyusu-ile-kutladi","status":"publish","type":"post","link":"https:\/\/www.bghaber.org\/bghaber\/bal-turk-19-mayisi-dag-yuruyusu-ile-kutladi\/","title":{"rendered":"Bal-T\u00fcrk 19 May\u0131s\u0131 Da\u011f Y\u00fcr\u00fcy\u00fc\u015f\u00fc ile Kutlad\u0131"},"content":{"rendered":"<p>Balkan T\u00fcrkleri K\u00fclt\u00fcr ve Dayan\u0131\u015fma Derne\u011fi 19 Atat\u00fcrk\u2019\u00fc Anma, Gen\u00e7lik ve Spor Bayram\u0131n\u0131 Samanl\u0131 Da\u011flar\u0131 Kayad\u00fcz\u00fc Yaylas\u0131na d\u00fczenledi\u011fi gen\u00e7lik y\u00fcr\u00fcy\u00fc\u015f\u00fc ile kutlad\u0131.<!--more--><\/p>\n<p><a href=\"https:\/\/i0.wp.com\/bghaber.org\/bghaber\/wp-content\/uploads\/2013\/05\/balgoc-izmit-dag-tirmanisi.jpg\"><img data-recalc-dims=\"1\" loading=\"lazy\" decoding=\"async\" class=\"size-medium wp-image-1717 aligncenter\" alt=\"balgoc-izmit-dag-tirmanisi\" src=\"https:\/\/i0.wp.com\/bghaber.org\/bghaber\/wp-content\/uploads\/2013\/05\/balgoc-izmit-dag-tirmanisi-300x199.jpg?resize=300%2C199\" width=\"300\" height=\"199\" \/><\/a>Sabah saatlerinde \u0130zmit Merkezde toplanan grup Tepecik K\u00f6y\u00fcne kadar gidip oradan Kayad\u00fcz\u00fc Yaylas\u0131\u2019na y\u00fcr\u00fcd\u00fc. Yaylaya vard\u0131\u011f\u0131nda orada \u00f6\u011fle yeme\u011fi molas\u0131 veren grup 19 May\u0131s gen\u00e7lik g\u00fcn\u00fcnde g\u00fczel ve ne\u015feli anlar ya\u015fad\u0131.<\/p>\n<p>Yemek sonras\u0131 kendine g\u00fcvenenler Kayad\u00fcz\u00fc\u2019ne \u00e7\u0131karak \u0130zmit K\u00f6rfezi, Sapanca G\u00f6l\u00fc ve Yuvac\u0131k Baraj\u0131n\u0131 ayn\u0131 anda seyretme zevkini ya\u015fad\u0131. Burada bol bol foto\u011fraf \u00e7eken grup sonra d\u00f6n\u00fc\u015fe ba\u015flad\u0131.<\/p>\n<p>Programa Bal-T\u00fcrk Gen\u00e7lerinin yan\u0131 s\u0131ra Bal-T\u00fcrk Genel Ba\u015fkan\u0131 Dr. Bayram \u00c7olako\u011flu ve Genel Sekreter Yard\u0131mc\u0131s\u0131 \u015e\u00fckr\u00fc Ar da kat\u0131ld\u0131.<\/p>\n<p>Dr. Bayram \u00c7OLAKO\u011eLU<\/p><div id=\"bghab-1698173745\" class=\"bghab-icerik-icine bghab-entity-placement\"><script async src=\"\/\/pagead2.googlesyndication.com\/pagead\/js\/adsbygoogle.js?client=ca-pub-6203283170189293\" crossorigin=\"anonymous\"><\/script><ins class=\"adsbygoogle\" style=\"display:block; text-align:center;\" data-ad-client=\"ca-pub-6203283170189293\" \ndata-ad-slot=\"7303146466\" \ndata-ad-layout=\"in-article\"\ndata-ad-format=\"fluid\" data-full-width-responsive=\"true\"><\/ins>\n<script> \n(adsbygoogle = window.adsbygoogle || []).push({}); \n<\/script>\n<\/div>\n<div id=\"bghab-4170811643\" class=\"bghab-yazi-altinda bghab-entity-placement\"><script async src=\"https:\/\/pagead2.googlesyndication.com\/pagead\/js\/adsbygoogle.js\"><\/script>\r\n<!-- bghaber-yaz\u0131-sonu -->\r\n<ins class=\"adsbygoogle\"\r\n     style=\"display:block\"\r\n     data-ad-client=\"ca-pub-6203283170189293\"\r\n     data-ad-slot=\"4222328180\"\r\n     data-ad-format=\"auto\"\r\n     data-full-width-responsive=\"true\"><\/ins>\r\n<script>\r\n     (adsbygoogle = window.adsbygoogle || []).push({});\r\n<\/script><\/div><br style=\"clear: both; display: block; float: none;\"\/>","protected":false},"excerpt":{"rendered":"<p>Balkan T\u00fcrkleri K\u00fclt\u00fcr ve Dayan\u0131\u015fma Derne\u011fi 19 Atat\u00fcrk\u2019\u00fc Anma, Gen\u00e7lik ve Spor Bayram\u0131n\u0131 Samanl\u0131 Da\u011flar\u0131 Kayad\u00fcz\u00fc Yaylas\u0131na d\u00fczenledi\u011fi gen\u00e7lik y\u00fcr\u00fcy\u00fc\u015f\u00fc ile kutlad\u0131.<\/p>\n","protected":false},"author":29,"featured_media":1717,"comment_status":"closed","ping_status":"closed","sticky":false,"template":"","format":"standard","meta":{"advanced_seo_description":"","jetpack_seo_html_title":"","jetpack_seo_noindex":false,"jetpack_seo_schema_type":"","_jetpack_newsletter_access":"","_jetpack_dont_email_post_to_subs":false,"_jetpack_newsletter_tier_id":0,"_jetpack_memberships_contains_paywalled_content":false,"_jetpack_feature_clip_id":0,"_jetpack_memberships_contains_paid_content":false,"footnotes":"","jetpack_post_was_ever_published":false},"categories":[10],"tags":[88,30],"class_list":["post-1716","post","type-post","status-publish","format-standard","has-post-thumbnail","hentry","category-kultur-sanat","tag-balturk","tag-bulgaristan"],"jetpack_sharing_enabled":true,"jetpack_likes_enabled":true,"jetpack-related-posts":[],"jetpack_shortlink":"https:\/\/wp.me\/pc2PfJ-rG","jetpack_featured_media_url":"https:\/\/i0.wp.com\/www.bghaber.org\/bghaber\/wp-content\/uploads\/2013\/05\/balgoc-izmit-dag-tirmanisi.jpg?fit=600%2C399&ssl=1","_links":{"self":[{"href":"https:\/\/www.bghaber.org\/bghaber\/wp-json\/wp\/v2\/posts\/1716","targetHints":{"allow":["GET"]}}],"collection":[{"href":"https:\/\/www.bghaber.org\/bghaber\/wp-json\/wp\/v2\/posts"}],"about":[{"href":"https:\/\/www.bghaber.org\/bghaber\/wp-json\/wp\/v2\/types\/post"}],"author":[{"embeddable":true,"href":"https:\/\/www.bghaber.org\/bghaber\/wp-json\/wp\/v2\/users\/29"}],"replies":[{"embeddable":true,"href":"https:\/\/www.bghaber.org\/bghaber\/wp-json\/wp\/v2\/comments?post=1716"}],"version-history":[{"count":0,"href":"https:\/\/www.bghaber.org\/bghaber\/wp-json\/wp\/v2\/posts\/1716\/revisions"}],"wp:featuredmedia":[{"embeddable":true,"href":"https:\/\/www.bghaber.org\/bghaber\/wp-json\/wp\/v2\/media\/1717"}],"wp:attachment":[{"href":"https:\/\/www.bghaber.org\/bghaber\/wp-json\/wp\/v2\/media?parent=1716"}],"wp:term":[{"taxonomy":"category","embeddable":true,"href":"https:\/\/www.bghaber.org\/bghaber\/wp-json\/wp\/v2\/categories?post=1716"},{"taxonomy":"post_tag","embeddable":true,"href":"https:\/\/www.bghaber.org\/bghaber\/wp-json\/wp\/v2\/tags?post=1716"}],"curies":[{"name":"wp","href":"https:\/\/api.w.org\/{rel}","templated":true}]}}