{"id":1701,"date":"2013-05-21T01:37:14","date_gmt":"2013-05-20T22:37:14","guid":{"rendered":"http:\/\/bghaber.org\/bghaber\/?p=1701"},"modified":"2019-07-18T23:57:36","modified_gmt":"2019-07-18T21:57:36","slug":"erdogan-2014te-uc-secim-olur","status":"publish","type":"post","link":"https:\/\/www.bghaber.org\/bghaber\/erdogan-2014te-uc-secim-olur\/","title":{"rendered":"Erdo\u011fan: 2014&#8217;te \u00fc\u00e7 se\u00e7im olur"},"content":{"rendered":"<p>Ba\u015fbakan Recep Tayyip Erdo\u011fan, yeni anayasadan umudunu yitirdi\u011fini belirterek C plan\u0131na ge\u00e7eceklerini, kendi anayasalar\u0131n\u0131 yaz\u0131p referanduma sunacaklar\u0131n\u0131 s\u00f6yledi.<!--more--><\/p>\n<p>Milliyet&#8217;ten Derya Sazak&#8217;a konu\u015fan Erdo\u011fan, kendi taslaklar\u0131n\u0131 meclise sunacaklar\u0131n\u0131 ve 2014&#8217;te referanduma sunmay\u0131 planlad\u0131klar\u0131n\u0131 s\u00f6yledi. Erdo\u011fan, &#8220;E\u011fer referandum olursa 2014&#8217;te \u00fc\u00e7 se\u00e7im olacak&#8221; dedi.<\/p>\n<p>R\u00f6portaj\u0131n ilgili k\u0131sm\u0131 \u015f\u00f6yle:<\/p>\n<p><strong>&#8220;Say\u0131n Cumhurba\u015fkan\u0131 yeni Anayasa konusunda umutsuz oldu\u011funu s\u00f6yledi. Siz de umutsuz musunuz?<\/strong><\/p>\n<p>A\u00e7\u0131k\u00e7as\u0131 ben de umudumu yitiriyorum. Ba\u015fkanl\u0131k sisteminin tart\u0131\u015fmaya a\u00e7\u0131lmas\u0131n istiyoruz. Neyi kabul ettiniz ki, bunu bu kadar tart\u0131\u015fmaktan ka\u00e7\u0131n\u0131yorsunuz? Ba\u015fkanl\u0131k olursa hangi zihniyet tasfiye olur? Herhalde kendi zihniyetlerinin tasfiye olmas\u0131ndan endi\u015fe ediyorlar. \u015eayet sonu\u00e7 al\u0131nmazsa, C plan olur, biz kendi tasla\u011f\u0131m\u0131z\u0131 sunaca\u011f\u0131z.<\/p><div id=\"bghab-3033002727\" class=\"bghab-icerik-icine bghab-entity-placement\"><script async src=\"\/\/pagead2.googlesyndication.com\/pagead\/js\/adsbygoogle.js?client=ca-pub-6203283170189293\" crossorigin=\"anonymous\"><\/script><ins class=\"adsbygoogle\" style=\"display:block; text-align:center;\" data-ad-client=\"ca-pub-6203283170189293\" \ndata-ad-slot=\"7303146466\" \ndata-ad-layout=\"in-article\"\ndata-ad-format=\"fluid\" data-full-width-responsive=\"true\"><\/ins>\n<script> \n(adsbygoogle = window.adsbygoogle || []).push({}); \n<\/script>\n<\/div>\n<p><strong>Peki Ak Parti kendi teklifini verir mi?<\/strong><\/p>\n<p>Bizim 326 milletvekilimiz var. Meclis&#8217;te gizli oylamaya sunar\u0131z. Biliyorsunuz kapal\u0131 oylama olacak. Belki arada parti bask\u0131s\u0131na ra\u011fmen civanmertler \u00e7\u0131kar. Olur olur, olmaz olmaz. K\u0131yamet kopmaz ama olmazsa. Bug\u00fcnk\u00fc anayasa ile de hizmet sunar\u0131z.<\/p>\n<p><strong>330 oy \u00e7\u0131karsa referanduma gider misiniz?<\/strong><\/p>\n<p>Referanduma gideriz say\u0131y\u0131 bulabilirsek. 2014&#8217;te 3 se\u00e7im gelebilir.<\/p>\n<p><strong>Yaz aylar\u0131nda Meclis \u00e7al\u0131\u015facak, referandum bu sene olur mu?<\/strong><\/p><div id=\"bghab-1362870736\" class=\"bghab-icerik-icine-10-paragraf bghab-entity-placement\"><script async src=\"\/\/pagead2.googlesyndication.com\/pagead\/js\/adsbygoogle.js?client=ca-pub-6203283170189293\" crossorigin=\"anonymous\"><\/script><ins class=\"adsbygoogle\" style=\"display:block; text-align:center;\" data-ad-client=\"ca-pub-6203283170189293\" \ndata-ad-slot=\"7303146466\" \ndata-ad-layout=\"in-article\"\ndata-ad-format=\"fluid\" data-full-width-responsive=\"true\"><\/ins>\n<script> \n(adsbygoogle = window.adsbygoogle || []).push({}); \n<\/script>\n<\/div>\n<p>E\u011fer Meclis Ba\u015fkan\u0131 &#8216;Bu i\u015f bitti&#8217; derse evet bu sene de yapabiliriz.&#8221;<\/p>\n<div id=\"bghab-1979229113\" class=\"bghab-yazi-altinda bghab-entity-placement\"><script async src=\"https:\/\/pagead2.googlesyndication.com\/pagead\/js\/adsbygoogle.js\"><\/script>\r\n<!-- bghaber-yaz\u0131-sonu -->\r\n<ins class=\"adsbygoogle\"\r\n     style=\"display:block\"\r\n     data-ad-client=\"ca-pub-6203283170189293\"\r\n     data-ad-slot=\"4222328180\"\r\n     data-ad-format=\"auto\"\r\n     data-full-width-responsive=\"true\"><\/ins>\r\n<script>\r\n     (adsbygoogle = window.adsbygoogle || []).push({});\r\n<\/script><\/div><br style=\"clear: both; display: block; float: none;\"\/>","protected":false},"excerpt":{"rendered":"<p>Ba\u015fbakan Recep Tayyip Erdo\u011fan, yeni anayasadan umudunu yitirdi\u011fini belirterek C plan\u0131na ge\u00e7eceklerini, kendi anayasalar\u0131n\u0131 yaz\u0131p referanduma sunacaklar\u0131n\u0131 s\u00f6yledi.<\/p>\n","protected":false},"author":29,"featured_media":1702,"comment_status":"closed","ping_status":"closed","sticky":false,"template":"","format":"standard","meta":{"advanced_seo_description":"","jetpack_seo_html_title":"","jetpack_seo_noindex":false,"jetpack_seo_schema_type":"","_jetpack_newsletter_access":"","_jetpack_dont_email_post_to_subs":false,"_jetpack_newsletter_tier_id":0,"_jetpack_memberships_contains_paywalled_content":false,"_jetpack_feature_clip_id":0,"_jetpack_memberships_contains_paid_content":false,"footnotes":"","jetpack_post_was_ever_published":false},"categories":[4],"tags":[],"class_list":["post-1701","post","type-post","status-publish","format-standard","has-post-thumbnail","hentry","category-siyaset"],"jetpack_sharing_enabled":true,"jetpack_likes_enabled":true,"jetpack-related-posts":[],"jetpack_shortlink":"https:\/\/wp.me\/pc2PfJ-rr","jetpack_featured_media_url":"https:\/\/i0.wp.com\/www.bghaber.org\/bghaber\/wp-content\/uploads\/2013\/05\/erdogan.jpg?fit=310%2C250&ssl=1","_links":{"self":[{"href":"https:\/\/www.bghaber.org\/bghaber\/wp-json\/wp\/v2\/posts\/1701","targetHints":{"allow":["GET"]}}],"collection":[{"href":"https:\/\/www.bghaber.org\/bghaber\/wp-json\/wp\/v2\/posts"}],"about":[{"href":"https:\/\/www.bghaber.org\/bghaber\/wp-json\/wp\/v2\/types\/post"}],"author":[{"embeddable":true,"href":"https:\/\/www.bghaber.org\/bghaber\/wp-json\/wp\/v2\/users\/29"}],"replies":[{"embeddable":true,"href":"https:\/\/www.bghaber.org\/bghaber\/wp-json\/wp\/v2\/comments?post=1701"}],"version-history":[{"count":0,"href":"https:\/\/www.bghaber.org\/bghaber\/wp-json\/wp\/v2\/posts\/1701\/revisions"}],"wp:featuredmedia":[{"embeddable":true,"href":"https:\/\/www.bghaber.org\/bghaber\/wp-json\/wp\/v2\/media\/1702"}],"wp:attachment":[{"href":"https:\/\/www.bghaber.org\/bghaber\/wp-json\/wp\/v2\/media?parent=1701"}],"wp:term":[{"taxonomy":"category","embeddable":true,"href":"https:\/\/www.bghaber.org\/bghaber\/wp-json\/wp\/v2\/categories?post=1701"},{"taxonomy":"post_tag","embeddable":true,"href":"https:\/\/www.bghaber.org\/bghaber\/wp-json\/wp\/v2\/tags?post=1701"}],"curies":[{"name":"wp","href":"https:\/\/api.w.org\/{rel}","templated":true}]}}