{"id":1695,"date":"2013-05-21T01:30:19","date_gmt":"2013-05-20T22:30:19","guid":{"rendered":"http:\/\/bghaber.org\/bghaber\/?p=1695"},"modified":"2019-07-18T23:57:36","modified_gmt":"2019-07-18T21:57:36","slug":"straw-turkiye-musluman-oldugu-icin-abye-alinmiyor","status":"publish","type":"post","link":"https:\/\/www.bghaber.org\/bghaber\/straw-turkiye-musluman-oldugu-icin-abye-alinmiyor\/","title":{"rendered":"Straw: T\u00fcrkiye M\u00fcsl\u00fcman oldu\u011fu i\u00e7in AB&#8217;ye al\u0131nm\u0131yor"},"content":{"rendered":"<div>\n<p>\u0130ngiltere eski D\u0131\u015fi\u015fleri Bakan\u0131 Jack Straw, T\u00fcrkiye&#8217;nin Avrupa Birli\u011fi \u00fcyeli\u011finin \u00f6n\u00fcndeki en b\u00fcy\u00fck engelin T\u00fcrkiye&#8217;nin M\u00fcsl\u00fcman bir \u00fclke olmas\u0131yla ilgili oldu\u011funu s\u00f6yledi.<!--more--><a href=\"https:\/\/i0.wp.com\/bghaber.org\/bghaber\/wp-content\/uploads\/2013\/05\/jack-straw.jpg\"><img data-recalc-dims=\"1\" loading=\"lazy\" decoding=\"async\" class=\"size-full wp-image-1696 alignright\" alt=\"jack-straw\" src=\"https:\/\/i0.wp.com\/bghaber.org\/bghaber\/wp-content\/uploads\/2013\/05\/jack-straw.jpg?resize=250%2C190\" width=\"250\" height=\"190\" \/><\/a><\/p>\n<p>\u0130ngiltere eski D\u0131\u015fi\u015fleri Bakan\u0131 Jack Straw, T\u00fcrkiye Ekonomi Politikalar\u0131 Ara\u015ft\u0131rma Vakf\u0131&#8217;n\u0131n (TEPAV) ev sahipli\u011fi yapt\u0131\u011f\u0131 &#8220;T\u00fcrkiye ve AB: Hasta Adam Ayakland\u0131&#8221; isimli toplant\u0131da T\u00fcrkiye&#8217;nin AB s\u00fcreciyle ilgili bir konu\u015fma yapt\u0131.<\/p>\n<p>Straw, 2005&#8217;de, \u0130ngiltere&#8217;nin deste\u011fine kar\u015f\u0131n, Fransa, Almanya ve G\u00fcney K\u0131br\u0131s Rum Kesimi&#8217;nin tutumu nedeniyle T\u00fcrkiye&#8217;nin \u00fcyelik s\u00fcrecinin bloke edildi\u011fini s\u00f6yledi.<\/p>\n<p>O tarihten bu yana T\u00fcrkiye&#8217;nin hem sosyal hem ekonomik anlamda b\u00fcy\u00fck mesafe katetti\u011fine dikkati \u00e7eken Straw, \u00fcyelik s\u00fcrecinin iddia edildi\u011fi gibi co\u011frafi s\u0131n\u0131rlarla ilgili olmad\u0131\u011f\u0131n\u0131 yoksa Malta&#8217;n\u0131n ya da K\u0131br\u0131s Rum Kesimi&#8217;nin \u00fcyeli\u011finin imkans\u0131z oldu\u011funu dile getirdi.<\/p>\n<p>Straw, s\u00fcrecin bloke edilmesiyle ilgili, &#8220;Bu a\u00e7\u0131k\u00e7a ifade edilen bir s\u00f6ylem de\u011fil ama T\u00fcrkiye&#8217;nin AB s\u00fcrecinin t\u0131kanmas\u0131 T\u00fcrkiye&#8217;nin M\u00fcsl\u00fcman bir \u00fclke olmas\u0131yla ilgiliydi. Bulgaristan ve Romanya da t\u00fcm kriterleri kar\u015f\u0131layamad\u0131 ama T\u00fcrkiye&#8217;ye farkl\u0131 davran\u0131ld\u0131&#8221; diye konu\u015ftu.<\/p><div id=\"bghab-376505713\" class=\"bghab-icerik-icine bghab-entity-placement\"><script async src=\"\/\/pagead2.googlesyndication.com\/pagead\/js\/adsbygoogle.js?client=ca-pub-6203283170189293\" crossorigin=\"anonymous\"><\/script><ins class=\"adsbygoogle\" style=\"display:block; text-align:center;\" data-ad-client=\"ca-pub-6203283170189293\" \ndata-ad-slot=\"7303146466\" \ndata-ad-layout=\"in-article\"\ndata-ad-format=\"fluid\" data-full-width-responsive=\"true\"><\/ins>\n<script> \n(adsbygoogle = window.adsbygoogle || []).push({}); \n<\/script>\n<\/div>\n<p>Hafta sonu Reyhanl\u0131&#8217;da d\u00fczenlenen bombal\u0131 sald\u0131r\u0131lar i\u00e7in de \u00fcz\u00fcnt\u00fcs\u00fcn\u00fc dile getiren Straw, T\u00fcrk istihbarat\u0131n\u0131n, edindi\u011fi bilgiler ve deliller do\u011frultusunda sald\u0131r\u0131n\u0131n rejim yanl\u0131lar\u0131 taraf\u0131ndan yap\u0131ld\u0131\u011f\u0131n\u0131 g\u00f6sterdi\u011fini hat\u0131rlatt\u0131.<br \/>\nSuriye&#8217;nin b\u00f6yle bir eylemi ger\u00e7ekle\u015ftirmi\u015f olABilece\u011fine i\u015faret eden Straw, L\u00fcbnan Ba\u015fbakan\u0131 Refik Hariri&#8217;nin u\u011frad\u0131\u011f\u0131 suikaste dikkati \u00e7ekti. Straw s\u00f6zlerini \u015f\u00f6yle bitirdi:<\/p>\n<p>&#8220;Suriye, Hariri suikastinde de g\u00f6r\u00fcld\u00fc\u011f\u00fc \u00fczere bombal\u0131 sald\u0131r\u0131larda uzman.&#8221;<\/p>\n<\/div>\n<div id=\"bghab-4089047332\" class=\"bghab-yazi-altinda bghab-entity-placement\"><script async src=\"https:\/\/pagead2.googlesyndication.com\/pagead\/js\/adsbygoogle.js\"><\/script>\r\n<!-- bghaber-yaz\u0131-sonu -->\r\n<ins class=\"adsbygoogle\"\r\n     style=\"display:block\"\r\n     data-ad-client=\"ca-pub-6203283170189293\"\r\n     data-ad-slot=\"4222328180\"\r\n     data-ad-format=\"auto\"\r\n     data-full-width-responsive=\"true\"><\/ins>\r\n<script>\r\n     (adsbygoogle = window.adsbygoogle || []).push({});\r\n<\/script><\/div><br style=\"clear: both; display: block; float: none;\"\/>","protected":false},"excerpt":{"rendered":"<p>\u0130ngiltere eski D\u0131\u015fi\u015fleri Bakan\u0131 Jack Straw, T\u00fcrkiye&#8217;nin Avrupa Birli\u011fi \u00fcyeli\u011finin \u00f6n\u00fcndeki en b\u00fcy\u00fck engelin T\u00fcrkiye&#8217;nin M\u00fcsl\u00fcman bir \u00fclke olmas\u0131yla ilgili oldu\u011funu s\u00f6yledi.<\/p>\n","protected":false},"author":29,"featured_media":1696,"comment_status":"closed","ping_status":"closed","sticky":false,"template":"","format":"standard","meta":{"advanced_seo_description":"","jetpack_seo_html_title":"","jetpack_seo_noindex":false,"jetpack_seo_schema_type":"","_jetpack_newsletter_access":"","_jetpack_dont_email_post_to_subs":false,"_jetpack_newsletter_tier_id":0,"_jetpack_memberships_contains_paywalled_content":false,"_jetpack_feature_clip_id":0,"_jetpack_memberships_contains_paid_content":false,"footnotes":"","jetpack_post_was_ever_published":false},"categories":[10],"tags":[],"class_list":["post-1695","post","type-post","status-publish","format-standard","has-post-thumbnail","hentry","category-kultur-sanat"],"jetpack_sharing_enabled":true,"jetpack_likes_enabled":true,"jetpack-related-posts":[],"jetpack_shortlink":"https:\/\/wp.me\/pc2PfJ-rl","jetpack_featured_media_url":"https:\/\/i0.wp.com\/www.bghaber.org\/bghaber\/wp-content\/uploads\/2013\/05\/jack-straw.jpg?fit=250%2C190&ssl=1","_links":{"self":[{"href":"https:\/\/www.bghaber.org\/bghaber\/wp-json\/wp\/v2\/posts\/1695","targetHints":{"allow":["GET"]}}],"collection":[{"href":"https:\/\/www.bghaber.org\/bghaber\/wp-json\/wp\/v2\/posts"}],"about":[{"href":"https:\/\/www.bghaber.org\/bghaber\/wp-json\/wp\/v2\/types\/post"}],"author":[{"embeddable":true,"href":"https:\/\/www.bghaber.org\/bghaber\/wp-json\/wp\/v2\/users\/29"}],"replies":[{"embeddable":true,"href":"https:\/\/www.bghaber.org\/bghaber\/wp-json\/wp\/v2\/comments?post=1695"}],"version-history":[{"count":0,"href":"https:\/\/www.bghaber.org\/bghaber\/wp-json\/wp\/v2\/posts\/1695\/revisions"}],"wp:featuredmedia":[{"embeddable":true,"href":"https:\/\/www.bghaber.org\/bghaber\/wp-json\/wp\/v2\/media\/1696"}],"wp:attachment":[{"href":"https:\/\/www.bghaber.org\/bghaber\/wp-json\/wp\/v2\/media?parent=1695"}],"wp:term":[{"taxonomy":"category","embeddable":true,"href":"https:\/\/www.bghaber.org\/bghaber\/wp-json\/wp\/v2\/categories?post=1695"},{"taxonomy":"post_tag","embeddable":true,"href":"https:\/\/www.bghaber.org\/bghaber\/wp-json\/wp\/v2\/tags?post=1695"}],"curies":[{"name":"wp","href":"https:\/\/api.w.org\/{rel}","templated":true}]}}