{"id":16892,"date":"2015-11-09T21:25:33","date_gmt":"2015-11-09T19:25:33","guid":{"rendered":"http:\/\/www.bghaber.org\/bghaber\/?p=16892"},"modified":"2015-11-09T21:25:33","modified_gmt":"2015-11-09T19:25:33","slug":"butce-icisleri-ve-savunma-bakanliklari-yuzunden-duzenlenecek","status":"publish","type":"post","link":"https:\/\/www.bghaber.org\/bghaber\/butce-icisleri-ve-savunma-bakanliklari-yuzunden-duzenlenecek\/","title":{"rendered":"B\u00fct\u00e7e i\u00e7i\u015fleri ve savunma bakanl\u0131klar\u0131 y\u00fcz\u00fcnden d\u00fczenlenecek"},"content":{"rendered":"<p><b>\u0130\u00e7i\u015fleri ve savunma bakanl\u0131klar\u0131 ve baz\u0131 di\u011fer devlet kurulu\u015flar\u0131n\u0131n ola\u011fand\u0131\u015f\u0131 personel harcamalar\u0131n\u0131n kar\u015f\u0131lanmas\u0131 ve Ulusal Fon ve \u201cTar\u0131m\u201d Fonu \u00fczerinden AB projelerinin finanse edilmesi i\u00e7in 2015 B\u00fct\u00e7esinde 880 milyon leva tutar\u0131nda d\u00fczenleme yap\u0131lacak. G\u00fcncelle\u015ftirilen b\u00fct\u00e7e tahmin raporundan g\u00f6r\u00fcld\u00fc\u011f\u00fc \u00fczere \u00f6nerilen d\u00fczenleme, 832 milyon 800 bin leva tutar\u0131nda olmas\u0131 beklenen b\u00fct\u00e7e gelir fazlas\u0131n\u0131n 50 milyon leva \u00fczerindedir.<\/b><\/p>\n<p>Kaynaklar\u0131n en b\u00fcy\u00fck b\u00f6l\u00fcm\u00fc, 180 milyon leva olmak \u00fczere i\u00e7i\u015fleri bakanl\u0131\u011f\u0131na verilecek. Bu tutar\u0131n 120 milyon leval\u0131k b\u00f6l\u00fcm\u00fc personel harcamalar\u0131na, di\u011fer 60 milyon leval\u0131k b\u00f6l\u00fcm\u00fc ise cari ihtiya\u00e7lara tahsis edildi. Maa\u015f ve sigorta \u00f6dene\u011fi kaynaklar\u0131n\u0131n 80 milyon levaya kadar art\u0131r\u0131lmas\u0131 \u00f6ng\u00f6r\u00fcl\u00fcyor. G\u00f6\u00e7men bask\u0131s\u0131n\u0131n kontrol alt\u0131na al\u0131nmas\u0131na y\u00f6nelik \u00f6zel polis operasyonlar\u0131 ve kamu d\u00fczeninin korunmas\u0131 ve vatanda\u015flar\u0131n g\u00fcvenli\u011finin sa\u011flanmas\u0131 ile ilgili faaliyetlerde mesai d\u0131\u015f\u0131 \u00e7al\u0131\u015fman\u0131n \u00fccreti, personel \u00fccretlerine zam getirilmesi ve asgari \u00fccretin yeni tutar\u0131 ile ilgili sigorta \u00f6deneklerinin yat\u0131r\u0131lmas\u0131 i\u00e7in gereken para, bu 120 milyon leval\u0131k tutara dahildir. Ayr\u0131ca emeklili\u011fe ayr\u0131lan \u00e7al\u0131\u015fanlara tazminat \u00f6demelerine y\u00f6nelik 40 milyon leva da tahsis edildi.<\/p>\n<p>Daha \u201cm\u00fctevazi\u201d olan Savunma Bakanl\u0131\u011f\u0131n\u0131n ek olarak alaca\u011f\u0131 57 milyon 200 bin levan\u0131n 48 milyonluk b\u00f6l\u00fcm\u00fc personel harcamalar\u0131na 9 milyon 200 bin leval\u0131k b\u00f6l\u00fcm\u00fc bak\u0131ma tahsis edildi. Bakanl\u0131k ayr\u0131ca askeri teknik ara\u00e7lar\u0131 donat\u0131m\u0131 ve yedek par\u00e7alar i\u00e7in ek kaynaklara muhta\u00e7t\u0131r.<\/p>\n<p>\u201cTar\u0131m\u201d Fonu 370 milyon 700 bin leva tutar\u0131nda ek kaynak alacak. Buna dair gerek\u00e7elerde bu kaynaklar\u0131n AB programlar\u0131 ve fonlar\u0131 kapsam\u0131nda yap\u0131lan harcamalar\u0131n yeniden finansman\u0131 ve ek ulusal e\u015ffinansman i\u00e7in gerekli oldu\u011fu belirtilmektedir.<\/p>\n<p>Y\u0131l\u0131n sonunda b\u00fct\u00e7e d\u00fczenlemesi yap\u0131l\u0131rken b\u00fct\u00e7e gelirleri 800 milyon leva artarken bu art\u0131\u015f\u0131n mesela hazine a\u00e7\u0131\u011f\u0131n\u0131n daralmas\u0131na yol a\u00e7maktansa reform uygulanmayan sekt\u00f6rlerin bilinmezliklerine batmas\u0131 \u00fcz\u00fcnt\u00fc vericidir.<\/p><div id=\"bghab-104063739\" class=\"bghab-icerik-icine bghab-entity-placement\"><script async src=\"\/\/pagead2.googlesyndication.com\/pagead\/js\/adsbygoogle.js?client=ca-pub-6203283170189293\" crossorigin=\"anonymous\"><\/script><ins class=\"adsbygoogle\" style=\"display:block; text-align:center;\" data-ad-client=\"ca-pub-6203283170189293\" \ndata-ad-slot=\"7303146466\" \ndata-ad-layout=\"in-article\"\ndata-ad-format=\"fluid\" data-full-width-responsive=\"true\"><\/ins>\n<script> \n(adsbygoogle = window.adsbygoogle || []).push({}); \n<\/script>\n<\/div>\n<div id=\"bghab-2907376110\" class=\"bghab-yazi-altinda bghab-entity-placement\"><script async src=\"https:\/\/pagead2.googlesyndication.com\/pagead\/js\/adsbygoogle.js\"><\/script>\r\n<!-- bghaber-yaz\u0131-sonu -->\r\n<ins class=\"adsbygoogle\"\r\n     style=\"display:block\"\r\n     data-ad-client=\"ca-pub-6203283170189293\"\r\n     data-ad-slot=\"4222328180\"\r\n     data-ad-format=\"auto\"\r\n     data-full-width-responsive=\"true\"><\/ins>\r\n<script>\r\n     (adsbygoogle = window.adsbygoogle || []).push({});\r\n<\/script><\/div><br style=\"clear: both; display: block; float: none;\"\/>","protected":false},"excerpt":{"rendered":"<p>\u0130\u00e7i\u015fleri ve savunma bakanl\u0131klar\u0131 ve baz\u0131 di\u011fer devlet kurulu\u015flar\u0131n\u0131n ola\u011fand\u0131\u015f\u0131 personel harcamalar\u0131n\u0131n kar\u015f\u0131lanmas\u0131 ve Ulusal Fon ve \u201cTar\u0131m\u201d Fonu \u00fczerinden AB projelerinin finanse edilmesi i\u00e7in<\/p>\n","protected":false},"author":13,"featured_media":16893,"comment_status":"closed","ping_status":"closed","sticky":false,"template":"","format":"standard","meta":{"advanced_seo_description":"","jetpack_seo_html_title":"","jetpack_seo_noindex":false,"jetpack_seo_schema_type":"","_jetpack_newsletter_access":"","_jetpack_dont_email_post_to_subs":false,"_jetpack_newsletter_tier_id":0,"_jetpack_memberships_contains_paywalled_content":false,"_jetpack_feature_clip_id":0,"_jetpack_memberships_contains_paid_content":false,"footnotes":"","jetpack_post_was_ever_published":false},"categories":[4],"tags":[],"class_list":["post-16892","post","type-post","status-publish","format-standard","has-post-thumbnail","hentry","category-siyaset"],"jetpack_sharing_enabled":true,"jetpack_likes_enabled":true,"jetpack-related-posts":[],"jetpack_shortlink":"https:\/\/wp.me\/pc2PfJ-4os","jetpack_featured_media_url":"https:\/\/i0.wp.com\/www.bghaber.org\/bghaber\/wp-content\/uploads\/2015\/11\/bg-parlament.jpg?fit=850%2C478&ssl=1","_links":{"self":[{"href":"https:\/\/www.bghaber.org\/bghaber\/wp-json\/wp\/v2\/posts\/16892","targetHints":{"allow":["GET"]}}],"collection":[{"href":"https:\/\/www.bghaber.org\/bghaber\/wp-json\/wp\/v2\/posts"}],"about":[{"href":"https:\/\/www.bghaber.org\/bghaber\/wp-json\/wp\/v2\/types\/post"}],"author":[{"embeddable":true,"href":"https:\/\/www.bghaber.org\/bghaber\/wp-json\/wp\/v2\/users\/13"}],"replies":[{"embeddable":true,"href":"https:\/\/www.bghaber.org\/bghaber\/wp-json\/wp\/v2\/comments?post=16892"}],"version-history":[{"count":0,"href":"https:\/\/www.bghaber.org\/bghaber\/wp-json\/wp\/v2\/posts\/16892\/revisions"}],"wp:featuredmedia":[{"embeddable":true,"href":"https:\/\/www.bghaber.org\/bghaber\/wp-json\/wp\/v2\/media\/16893"}],"wp:attachment":[{"href":"https:\/\/www.bghaber.org\/bghaber\/wp-json\/wp\/v2\/media?parent=16892"}],"wp:term":[{"taxonomy":"category","embeddable":true,"href":"https:\/\/www.bghaber.org\/bghaber\/wp-json\/wp\/v2\/categories?post=16892"},{"taxonomy":"post_tag","embeddable":true,"href":"https:\/\/www.bghaber.org\/bghaber\/wp-json\/wp\/v2\/tags?post=16892"}],"curies":[{"name":"wp","href":"https:\/\/api.w.org\/{rel}","templated":true}]}}