{"id":16889,"date":"2015-11-09T21:07:45","date_gmt":"2015-11-09T19:07:45","guid":{"rendered":"http:\/\/www.bghaber.org\/bghaber\/?p=16889"},"modified":"2015-11-09T21:07:45","modified_gmt":"2015-11-09T19:07:45","slug":"bulgaristanda-polislerin-protestosu","status":"publish","type":"post","link":"https:\/\/www.bghaber.org\/bghaber\/bulgaristanda-polislerin-protestosu\/","title":{"rendered":"Bulgaristan&#8217;da Polislerin Protestosu"},"content":{"rendered":"<p><img data-recalc-dims=\"1\" decoding=\"async\" src=\"https:\/\/i0.wp.com\/www.bghaber.org\/bghaber\/wp-content\/uploads\/2015\/11\/bulgaristan-da-polislerin-protestosu-7856821_x_300.jpg?w=640\" alt=\"bulgaristan-da-polislerin-protestosu-7856821_x_300\" \/><\/p>\n<p>G\u00f6steriye kat\u0131lanlar-Alk\u0131\u015f ve \u0131sl\u0131k sesleri-Konu\u015fmac\u0131lar-G\u00f6steriden detaylar <a class=\"keyword\" title=\"Bulgaristan Haberleri\" href=\"http:\/\/www.haberler.com\/bulgaristan\/\">Bulgaristan<\/a>&#8216;da polislerin protestosu- H\u00fck\u00fcmetin g\u00fcvenlik sekt\u00f6r\u00fcnde \u00e7al\u0131\u015fanlar\u0131n emeklilik tazminat\u0131 k\u0131s\u0131tlama planlar\u0131 nedeniyle ba\u015fkent <a class=\"keyword\" title=\"Sofya Haberleri\" href=\"http:\/\/www.haberler.com\/sofya\/\">Sofya<\/a>&#8216;da binlerce <a class=\"keyword\" title=\"polis Haberleri\" href=\"http:\/\/www.haberler.com\/polis\/\">polis<\/a>miting d\u00fczenledi <a class=\"keyword\" title=\"Bulgaristan Haberleri\" href=\"http:\/\/www.haberler.com\/bulgaristan\/\">Bulgaristan<\/a> H\u00fck\u00fcmeti&#8217;nin g\u00fcvenlik sekt\u00f6r\u00fc \u00e7al\u0131\u015fanlar\u0131n\u0131n maa\u015f ve emeklilik tazminatlar\u0131nda yapmay\u0131 planlad\u0131\u011f\u0131 <a class=\"keyword\" title=\"kemer Haberleri\" href=\"http:\/\/www.haberler.com\/kemer\/\">kemer<\/a> s\u0131kma tedbirleri nedeniyle binlerce g\u00fcvenlik g\u00f6revlisi ba\u015fkent <a class=\"keyword\" title=\"Sofya Haberleri\" href=\"http:\/\/www.haberler.com\/sofya\/\">Sofya<\/a>&#8216;da <a class=\"keyword\" title=\"h\u00fck\u00fcmet Haberleri\" href=\"http:\/\/www.haberler.com\/hukumet\/\">h\u00fck\u00fcmet<\/a> kar\u015f\u0131t\u0131 g\u00f6steri yapt\u0131.\u00dclkenin d\u00f6rt bir yan\u0131ndan otob\u00fcslerle parlamentonun \u00f6n\u00fcne gelen <a class=\"keyword\" title=\"polis Haberleri\" href=\"http:\/\/www.haberler.com\/polis\/\">polis<\/a>, itfaiyeci, cezaevi gardiyan\u0131, istihbarat\u00e7\u0131 <a class=\"keyword\" title=\"h\u00fck\u00fcmet Haberleri\" href=\"http:\/\/www.haberler.com\/hukumet\/\">h\u00fck\u00fcmet<\/a> kar\u015f\u0131t\u0131 sloganlar att\u0131.H\u00fck\u00fcmetin sekt\u00f6rdeki sendikalara dan\u0131\u015fmadan b\u00fct\u00e7e tasar\u0131s\u0131nda g\u00fcvenlik \u00e7al\u0131\u015fanlar\u0131n\u0131n emeklilik ve istifa durumlar\u0131nda \u00f6denmesi \u00f6ng\u00f6r\u00fclen 20 br\u00fct maa\u015f bedelindeki tazminat hakk\u0131n\u0131 iptal etme giri\u015fimleri \u00fclke genelinde b\u00fcy\u00fck tepkiye yol a\u00e7m\u0131\u015ft\u0131.\u0130\u00e7i\u015fleri Bakanl\u0131\u011f\u0131&#8217;n\u0131n b\u00fcnyesindeki 7 farkl\u0131 m\u00fcd\u00fcrl\u00fckte \u00e7al\u0131\u015fanlar\u0131n haklar\u0131n\u0131 korumak i\u00e7in bir hafta boyunca \u00fclkenin farl\u0131 \u015fehirlerinde trafi\u011fi engelleyerek ba\u015flatt\u0131klar\u0131 g\u00f6steriler pazar g\u00fcn\u00fc ba\u015fkentte b\u00fcy\u00fck bir mitinge d\u00f6n\u00fc\u015ft\u00fc.Bulgaristan&#8217;\u0131n ulusal g\u00fcvenli\u011finde risk olu\u015fturan protesto eylemleri y\u00fcz\u00fcnden \u0130\u00e7i\u015fleri Bakan\u0131 Rumyana B\u0131\u00e7varova miting \u00f6ncesi toplu tazminat \u00f6demelerinin iptalini \u00f6ng\u00f6ren d\u00fczenlemenin geri \u00e7ekildi\u011fini duyurdu.B\u0131\u00e7varova&#8217;n\u0131n a\u00e7\u0131klamalar\u0131na ra\u011fmen miting yapma planlar\u0131ndan vazge\u00e7meyen g\u00f6stericiler <a class=\"keyword\" title=\"parlamento Haberleri\" href=\"http:\/\/www.haberler.com\/parlamento\/\">parlamento<\/a> binas\u0131 \u00f6n\u00fcnde h\u00fck\u00fcmeti istifaya \u00e7a\u011f\u0131rd\u0131.Mitingde konu\u015fan <a class=\"keyword\" title=\"sendika Haberleri\" href=\"http:\/\/www.haberler.com\/sendika\/\">sendika<\/a> temsilcileri, sekt\u00f6rde \u00e7al\u0131\u015fanlara kar\u015f\u0131 \u00e7ifte standart uygulamalar\u0131n y\u0131llard\u0131r s\u00fcrd\u00fc\u011f\u00fcn\u00fc ve iktidarda kim olursa olsun hi\u00e7 kimseye art\u0131k g\u00fcvenmediklerini ifade ederken, mitinge kat\u0131lanlar <a class=\"keyword\" title=\"h\u00fck\u00fcmet Haberleri\" href=\"http:\/\/www.haberler.com\/hukumet\/\">h\u00fck\u00fcmet<\/a> aleyhine &#8220;\u0130stifa&#8221; slogan\u0131 att\u0131.\u0130\u00e7i\u015fleri Bakanl\u0131\u011f\u0131 ise g\u00f6sterinin g\u00fcvenli\u011fini sa\u011flamak i\u00e7in \u00e7ok say\u0131da<a class=\"keyword\" title=\"jandarma Haberleri\" href=\"http:\/\/www.haberler.com\/jandarma\/\">jandarma<\/a> ve <a class=\"keyword\" title=\"polis Haberleri\" href=\"http:\/\/www.haberler.com\/polis\/\">polis<\/a> g\u00f6revlendirdi. Miting \u00f6ncesi provokasyon planlad\u0131klar\u0131 gerek\u00e7esi ile 10 ki\u015fi g\u00f6z alt\u0131na al\u0131n\u0131rken, miting olays\u0131z sona erdi.<\/p>\n<div id=\"bghab-369498891\" class=\"bghab-yazi-altinda bghab-entity-placement\"><script async src=\"https:\/\/pagead2.googlesyndication.com\/pagead\/js\/adsbygoogle.js\"><\/script>\r\n<!-- bghaber-yaz\u0131-sonu -->\r\n<ins class=\"adsbygoogle\"\r\n     style=\"display:block\"\r\n     data-ad-client=\"ca-pub-6203283170189293\"\r\n     data-ad-slot=\"4222328180\"\r\n     data-ad-format=\"auto\"\r\n     data-full-width-responsive=\"true\"><\/ins>\r\n<script>\r\n     (adsbygoogle = window.adsbygoogle || []).push({});\r\n<\/script><\/div><br style=\"clear: both; display: block; float: none;\"\/>","protected":false},"excerpt":{"rendered":"<p>G\u00f6steriye kat\u0131lanlar-Alk\u0131\u015f ve \u0131sl\u0131k sesleri-Konu\u015fmac\u0131lar-G\u00f6steriden detaylar Bulgaristan&#8216;da polislerin protestosu- H\u00fck\u00fcmetin g\u00fcvenlik sekt\u00f6r\u00fcnde \u00e7al\u0131\u015fanlar\u0131n emeklilik tazminat\u0131 k\u0131s\u0131tlama planlar\u0131 nedeniyle ba\u015fkent Sofya&#8216;da binlerce polismiting d\u00fczenledi Bulgaristan H\u00fck\u00fcmeti&#8217;nin<\/p>\n","protected":false},"author":13,"featured_media":16890,"comment_status":"closed","ping_status":"closed","sticky":false,"template":"","format":"standard","meta":{"advanced_seo_description":"","jetpack_seo_html_title":"","jetpack_seo_noindex":false,"jetpack_seo_schema_type":"","_jetpack_newsletter_access":"","_jetpack_dont_email_post_to_subs":false,"_jetpack_newsletter_tier_id":0,"_jetpack_memberships_contains_paywalled_content":false,"_jetpack_feature_clip_id":0,"_jetpack_memberships_contains_paid_content":false,"footnotes":"","jetpack_post_was_ever_published":false},"categories":[4],"tags":[],"class_list":["post-16889","post","type-post","status-publish","format-standard","has-post-thumbnail","hentry","category-siyaset"],"jetpack_sharing_enabled":true,"jetpack_likes_enabled":true,"jetpack-related-posts":[],"jetpack_shortlink":"https:\/\/wp.me\/pc2PfJ-4op","jetpack_featured_media_url":"https:\/\/i0.wp.com\/www.bghaber.org\/bghaber\/wp-content\/uploads\/2015\/11\/bulgaristan-da-polislerin-protestosu-7856821_x_300.jpg?fit=292%2C164&ssl=1","_links":{"self":[{"href":"https:\/\/www.bghaber.org\/bghaber\/wp-json\/wp\/v2\/posts\/16889","targetHints":{"allow":["GET"]}}],"collection":[{"href":"https:\/\/www.bghaber.org\/bghaber\/wp-json\/wp\/v2\/posts"}],"about":[{"href":"https:\/\/www.bghaber.org\/bghaber\/wp-json\/wp\/v2\/types\/post"}],"author":[{"embeddable":true,"href":"https:\/\/www.bghaber.org\/bghaber\/wp-json\/wp\/v2\/users\/13"}],"replies":[{"embeddable":true,"href":"https:\/\/www.bghaber.org\/bghaber\/wp-json\/wp\/v2\/comments?post=16889"}],"version-history":[{"count":0,"href":"https:\/\/www.bghaber.org\/bghaber\/wp-json\/wp\/v2\/posts\/16889\/revisions"}],"wp:featuredmedia":[{"embeddable":true,"href":"https:\/\/www.bghaber.org\/bghaber\/wp-json\/wp\/v2\/media\/16890"}],"wp:attachment":[{"href":"https:\/\/www.bghaber.org\/bghaber\/wp-json\/wp\/v2\/media?parent=16889"}],"wp:term":[{"taxonomy":"category","embeddable":true,"href":"https:\/\/www.bghaber.org\/bghaber\/wp-json\/wp\/v2\/categories?post=16889"},{"taxonomy":"post_tag","embeddable":true,"href":"https:\/\/www.bghaber.org\/bghaber\/wp-json\/wp\/v2\/tags?post=16889"}],"curies":[{"name":"wp","href":"https:\/\/api.w.org\/{rel}","templated":true}]}}