{"id":1688,"date":"2013-05-21T01:24:05","date_gmt":"2013-05-20T22:24:05","guid":{"rendered":"http:\/\/bghaber.org\/bghaber\/?p=1688"},"modified":"2019-07-18T23:57:37","modified_gmt":"2019-07-18T21:57:37","slug":"ruslar-turkiye-ile-s-300-uretmek-istiyor","status":"publish","type":"post","link":"https:\/\/www.bghaber.org\/bghaber\/ruslar-turkiye-ile-s-300-uretmek-istiyor\/","title":{"rendered":"Ruslar, T\u00fcrkiye ile S-300 \u00fcretmek istiyor"},"content":{"rendered":"<p>Suriye&#8217;ye sat\u0131\u015f\u0131 sebebiyle g\u00fcndem olan ve \u0130ran&#8217;a sat\u0131\u015f\u0131 yasak olan Rus yap\u0131m\u0131 S-300 f\u00fczelerinin \u015fimdi de T\u00fcrkiye ile birlikte \u00fcretilmesi g\u00fcndemde. Rusya, T\u00fcrkiye ile birlikte ortak uzun menzilli hava sistemi S-300 f\u00fczeleri \u00fcretmek istedi\u011fini a\u00e7\u0131klad\u0131.<!--more--><a href=\"https:\/\/i0.wp.com\/bghaber.org\/bghaber\/wp-content\/uploads\/2013\/05\/s-300.jpg\"><img data-recalc-dims=\"1\" loading=\"lazy\" decoding=\"async\" class=\"size-medium wp-image-1689 alignright\" alt=\"s-300\" src=\"https:\/\/i0.wp.com\/bghaber.org\/bghaber\/wp-content\/uploads\/2013\/05\/s-300-300x170.jpg?resize=300%2C170\" width=\"300\" height=\"170\" srcset=\"https:\/\/i0.wp.com\/www.bghaber.org\/bghaber\/wp-content\/uploads\/2013\/05\/s-300.jpg?resize=300%2C170&amp;ssl=1 300w, https:\/\/i0.wp.com\/www.bghaber.org\/bghaber\/wp-content\/uploads\/2013\/05\/s-300.jpg?w=600&amp;ssl=1 600w\" sizes=\"auto, (max-width: 300px) 100vw, 300px\" \/><\/a><\/p>\n<p>RIA Novosti&#8217;de yer alan haberde, Rus devlet silah \u015firketi Rosoboronexport&#8217;un ba\u015fkan\u0131 Sergei Ladygin d\u00fcn Peru&#8217;nun ba\u015fkenti Lima&#8217;da d\u00fczenlenen silah fuar\u0131nda yapt\u0131\u011f\u0131 a\u00e7\u0131klamada, T\u00fcrkiye&#8217;nin uzun menzilli hava savunma sistemi i\u00e7in a\u00e7t\u0131\u011f\u0131 ihalenin hen\u00fcz sonu\u00e7lanmad\u0131\u011f\u0131n\u0131 hat\u0131rlatarak, &#8220;Rusya, S-300 sisteminin geli\u015fmi\u015f versiyonu olan S-300PMU1sistemini T\u00fcrkiye ile ortak olarak geli\u015ftirip \u00fcretmeye haz\u0131rd\u0131r.&#8221; dedi ve f\u00fczelerin T\u00fcrk ta\u015f\u0131y\u0131c\u0131 rampalar\u0131na g\u00f6re uyarlanabilece\u011fini ifade etti.<\/p>\n<p>Ba\u015fkan\u0131n a\u00e7\u0131klamas\u0131na g\u00f6re, e\u011fer bu anla\u015fma yap\u0131l\u0131rsa, Rusya T\u00fcrkiye&#8217;ye sistemin ba\u015fka \u00fclkelere sat\u0131\u015f lisans\u0131n\u0131 da vermi\u015f olacak.<\/p>\n<p>S-300 f\u00fczeleri d\u00fc\u015fman sava\u015f u\u00e7aklar\u0131na kar\u015f\u0131 kullan\u0131labildi\u011fi gibi balistik f\u00fcze olarak da kullan\u0131l\u0131yor.<\/p>\n<p>2010 y\u0131l\u0131nda al\u0131nan BM karar\u0131 sebebiyle Rusya&#8217;dan S-300 hava savunma sistemi sat\u0131n alamayan \u0130ran, bir sene i\u00e7erisinde S-300&#8217;\u00fcn kopyas\u0131n\u0131 \u00fcretece\u011fini a\u00e7\u0131klam\u0131\u015ft\u0131.<\/p><div id=\"bghab-1344314026\" class=\"bghab-icerik-icine bghab-entity-placement\"><script async src=\"\/\/pagead2.googlesyndication.com\/pagead\/js\/adsbygoogle.js?client=ca-pub-6203283170189293\" crossorigin=\"anonymous\"><\/script><ins class=\"adsbygoogle\" style=\"display:block; text-align:center;\" data-ad-client=\"ca-pub-6203283170189293\" \ndata-ad-slot=\"7303146466\" \ndata-ad-layout=\"in-article\"\ndata-ad-format=\"fluid\" data-full-width-responsive=\"true\"><\/ins>\n<script> \n(adsbygoogle = window.adsbygoogle || []).push({}); \n<\/script>\n<\/div>\n<div id=\"bghab-3113053588\" class=\"bghab-yazi-altinda bghab-entity-placement\"><script async src=\"https:\/\/pagead2.googlesyndication.com\/pagead\/js\/adsbygoogle.js\"><\/script>\r\n<!-- bghaber-yaz\u0131-sonu -->\r\n<ins class=\"adsbygoogle\"\r\n     style=\"display:block\"\r\n     data-ad-client=\"ca-pub-6203283170189293\"\r\n     data-ad-slot=\"4222328180\"\r\n     data-ad-format=\"auto\"\r\n     data-full-width-responsive=\"true\"><\/ins>\r\n<script>\r\n     (adsbygoogle = window.adsbygoogle || []).push({});\r\n<\/script><\/div><br style=\"clear: both; display: block; float: none;\"\/>","protected":false},"excerpt":{"rendered":"<p>Suriye&#8217;ye sat\u0131\u015f\u0131 sebebiyle g\u00fcndem olan ve \u0130ran&#8217;a sat\u0131\u015f\u0131 yasak olan Rus yap\u0131m\u0131 S-300 f\u00fczelerinin \u015fimdi de T\u00fcrkiye ile birlikte \u00fcretilmesi g\u00fcndemde. Rusya, T\u00fcrkiye ile birlikte<\/p>\n","protected":false},"author":29,"featured_media":1689,"comment_status":"closed","ping_status":"closed","sticky":false,"template":"","format":"standard","meta":{"advanced_seo_description":"","jetpack_seo_html_title":"","jetpack_seo_noindex":false,"jetpack_seo_schema_type":"","_jetpack_newsletter_access":"","_jetpack_dont_email_post_to_subs":false,"_jetpack_newsletter_tier_id":0,"_jetpack_memberships_contains_paywalled_content":false,"_jetpack_feature_clip_id":0,"_jetpack_memberships_contains_paid_content":false,"footnotes":"","jetpack_post_was_ever_published":false},"categories":[9],"tags":[],"class_list":["post-1688","post","type-post","status-publish","format-standard","has-post-thumbnail","hentry","category-ekonomi"],"jetpack_sharing_enabled":true,"jetpack_likes_enabled":true,"jetpack-related-posts":[],"jetpack_shortlink":"https:\/\/wp.me\/pc2PfJ-re","jetpack_featured_media_url":"https:\/\/i0.wp.com\/www.bghaber.org\/bghaber\/wp-content\/uploads\/2013\/05\/s-300.jpg?fit=600%2C340&ssl=1","_links":{"self":[{"href":"https:\/\/www.bghaber.org\/bghaber\/wp-json\/wp\/v2\/posts\/1688","targetHints":{"allow":["GET"]}}],"collection":[{"href":"https:\/\/www.bghaber.org\/bghaber\/wp-json\/wp\/v2\/posts"}],"about":[{"href":"https:\/\/www.bghaber.org\/bghaber\/wp-json\/wp\/v2\/types\/post"}],"author":[{"embeddable":true,"href":"https:\/\/www.bghaber.org\/bghaber\/wp-json\/wp\/v2\/users\/29"}],"replies":[{"embeddable":true,"href":"https:\/\/www.bghaber.org\/bghaber\/wp-json\/wp\/v2\/comments?post=1688"}],"version-history":[{"count":0,"href":"https:\/\/www.bghaber.org\/bghaber\/wp-json\/wp\/v2\/posts\/1688\/revisions"}],"wp:featuredmedia":[{"embeddable":true,"href":"https:\/\/www.bghaber.org\/bghaber\/wp-json\/wp\/v2\/media\/1689"}],"wp:attachment":[{"href":"https:\/\/www.bghaber.org\/bghaber\/wp-json\/wp\/v2\/media?parent=1688"}],"wp:term":[{"taxonomy":"category","embeddable":true,"href":"https:\/\/www.bghaber.org\/bghaber\/wp-json\/wp\/v2\/categories?post=1688"},{"taxonomy":"post_tag","embeddable":true,"href":"https:\/\/www.bghaber.org\/bghaber\/wp-json\/wp\/v2\/tags?post=1688"}],"curies":[{"name":"wp","href":"https:\/\/api.w.org\/{rel}","templated":true}]}}