{"id":16871,"date":"2015-11-08T20:03:55","date_gmt":"2015-11-08T18:03:55","guid":{"rendered":"http:\/\/www.bghaber.org\/bghaber\/?p=16871"},"modified":"2015-11-08T20:20:22","modified_gmt":"2015-11-08T18:20:22","slug":"buyuk-ic-tepki","status":"publish","type":"post","link":"https:\/\/www.bghaber.org\/bghaber\/buyuk-ic-tepki\/","title":{"rendered":"B\u00fcy\u00fck \u0130\u00e7 Tepki"},"content":{"rendered":"<p>Musa VATANSEVER<\/p>\n<p>Konu: <strong>Politikay\u0131 do\u011furan toplumdur.<\/strong><strong> \u00a0 \u00a0 \u00a0 \u00a0 \u00a0 \u00a0 \u00a0 \u00a0 \u00a0 \u00a0 \u00a0 \u00a0 \u00a0 \u00a0 \u00a0 \u00a0 \u00a0 \u00a0 \u00a0 \u00a0 \u00a0 \u00a0 \u00a0 \u00a0 \u00a0 \u00a0\u00a0<\/strong><\/p>\n<p>S\u00f6ylemek istediklerimi daha basit ve anla\u015f\u0131labilir bir \u015fekilde sunmak i\u015fin insanlar\u0131 zenginli\u011fi (paray\u0131) sevenler; \u015ferefi sevenler ve bilgiyi sevenler olarak <strong>\u00fc\u00e7 gruba<\/strong> ay\u0131r\u0131yorum.<\/p>\n<p>Bu \u00fc\u00e7 de\u011ferden &#8211; <strong>zenginlik, \u015feref, bilgelik<\/strong> \u2013 bir yerlere ula\u015fmak istemenin \u00f6l\u00e7\u00fclerine g\u00f6re, toplumda \u00fc\u00e7 insan tipi meydana gelmi\u015ftir. Bu tiplerin anlam kazanmas\u0131 her zaman devlet i\u00e7inde olmu\u015ftur.<\/p>\n<p>Bug\u00fcn g\u00fcnlerden Pazar (8 Kas\u0131m 2015) TV b\u00fcltenlerinde birinci haber <strong>B\u00fckre\u015f <\/strong>meydan\u0131nda 5 g\u00fcnden beri bayrak sallayan, h\u00fckumeti d\u00fc\u015f\u00fcrmeyi ba\u015faranlar, r\u00fc\u015fvet\u00e7i ve doland\u0131r\u0131c\u0131 tabakan\u0131n devlet b\u00fcnyesinden s\u00f6k\u00fcl\u00fcp at\u0131lmas\u0131n\u0131, anayasa de\u011fi\u015fikli\u011fi ve yeni-gen\u00e7 istidatl\u0131 bir elit ku\u015fa\u011f\u0131n devlet y\u00f6netimine berrak bir vicdan ve temiz ellerle el koymas\u0131n\u0131 da istiyorlar.<\/p><div id=\"bghab-4285201410\" class=\"bghab-icerik-icine bghab-entity-placement\"><script async src=\"\/\/pagead2.googlesyndication.com\/pagead\/js\/adsbygoogle.js?client=ca-pub-6203283170189293\" crossorigin=\"anonymous\"><\/script><ins class=\"adsbygoogle\" style=\"display:block; text-align:center;\" data-ad-client=\"ca-pub-6203283170189293\" \ndata-ad-slot=\"7303146466\" \ndata-ad-layout=\"in-article\"\ndata-ad-format=\"fluid\" data-full-width-responsive=\"true\"><\/ins>\n<script> \n(adsbygoogle = window.adsbygoogle || []).push({}); \n<\/script>\n<\/div>\n<p><strong>Sofya\u2019da<\/strong> da ulusal direni\u015f var. Ne var ki, burada olaylar tamamen farkl\u0131. \u00d6nce polis, jandarma, itfaiyeciler, gardiyanlar (60 bin ki\u015fi) ve say\u0131lar\u0131 29-30 bin olan ordu mensuplar\u0131 sosyal haklar\u0131n\u0131 s\u00f6zde birlikte koruyacaklard\u0131. Polisler bir haftadan beri kav\u015faklarda, s\u0131n\u0131r kap\u0131lar\u0131nda, Bakanlar Kurulu ve Halk Meclisi \u00f6n\u00fcnde olays\u0131z direniyor. Ordu mensuplar\u0131 cayd\u0131.<\/p>\n<p><strong>Olaylar\u0131n derin anlam\u0131 nedir<\/strong>?<\/p>\n<p>Ans\u0131z\u0131n patlam\u0131\u015f gibi ortaya \u00e7\u0131kan bu olay \u00f6yle bir f\u0131\u015fk\u0131rd\u0131 ki, Frans\u0131z Devrimi\u2019ni yazan t\u00fcm kitaplar\u0131 okusak anlamakta zorlan\u0131r\u0131z. Bu analizimizde Sofya\u2019da ba\u015flayan ve il merkezlerini saran hareketlenmeyi, zenginlik, \u015feref ve bilgelik a\u00e7\u0131s\u0131ndan ele al\u0131rsak, hi\u00e7bir sonu\u00e7 elde edemeyiz. Olay\u0131n i\u00e7 y\u00fcz\u00fc \u00e7ok farkl\u0131! Direnenler zam ve prim istemiyor, ellerinden al\u0131nmak istenen, k\u0131rp\u0131lan sosyal haklar\u0131n\u0131 korumaya \u00e7al\u0131\u015f\u0131yorlar.<\/p>\n<p>Durumlar\u0131 yani i\u015f <strong>ekmek paras\u0131na dayanm\u0131\u015f<\/strong> memur deviniminin nitelik do\u011furaca\u011f\u0131na bel ba\u011flamak yanl\u0131\u015f olur. Sendikal\u0131 ve iyi \u00f6rg\u00fctl\u00fc olmalar toplumu silkebilecek bir g\u00fcce sahip olduklar\u0131n\u0131 endi\u015fesini do\u011furdu. Biraz daha ileri gidersek, polis ile ordunun el ele verip (\u015fu anda b\u00f6yle bir durum yok) yapacaklar\u0131 olas\u0131 darbeden ancak, <strong>D\u0130KTAT\u00d6RL\u00dcK<\/strong> do\u011far.<\/p>\n<p>Bu yaz\u0131mda hangi g\u00fc\u00e7 (parti, iktidar) hangi g\u00fc\u00e7ten do\u011fdu konusuna geni\u015f \u00e7apta ve \u00f6nemle de\u011finmek istiyorum. \u00c7\u00fcnk\u00fc git gide b\u00fcy\u00fcyen hareketlenme yeni y\u0131la kadar s\u00fcrerse ve \u00f6d\u00fcn vermeden ayn\u0131 isteklerde \u0131srar edilirse, y\u0131lba\u015f\u0131nda genel parlamenter se\u00e7im g\u00fcndeme gelebilir.<\/p><div id=\"bghab-2575560411\" class=\"bghab-icerik-icine-10-paragraf bghab-entity-placement\"><script async src=\"\/\/pagead2.googlesyndication.com\/pagead\/js\/adsbygoogle.js?client=ca-pub-6203283170189293\" crossorigin=\"anonymous\"><\/script><ins class=\"adsbygoogle\" style=\"display:block; text-align:center;\" data-ad-client=\"ca-pub-6203283170189293\" \ndata-ad-slot=\"7303146466\" \ndata-ad-layout=\"in-article\"\ndata-ad-format=\"fluid\" data-full-width-responsive=\"true\"><\/ins>\n<script> \n(adsbygoogle = window.adsbygoogle || []).push({}); \n<\/script>\n<\/div>\n<p>Benzer olaylar tarihte defalarca ya\u015fanm\u0131\u015f ve yaz\u0131lm\u0131\u015f \u00e7izilmi\u015ftir. Olaya daha derin bakabilmemiz i\u00e7in yeni\u00e7a\u011fdan \u00f6nce (427-347) y\u0131llar\u0131 aras\u0131nda ya\u015fayan ve bir\u00e7ok ola\u011fan\u00fcst\u00fc de\u011ferli eser aras\u0131nda \u201c<strong>Devlet<\/strong>\u201d i de b\u0131rakan Platon\u2019a d\u00f6n\u00fcyoruz.<\/p>\n<p>Fakat ben o kadar gerilere d\u00f6nmeye haz\u0131rlan\u0131rken, \u00f6nce Feceebok\u2019ta d\u00fcnyay\u0131 dola\u015fan 2 700 ya\u015f\u0131ndaki 100 metre y\u00fcksek mum gibi bir a\u011fac\u0131 hat\u0131rlad\u0131m. Platon d\u00fcnyaya gelmezden \u00f6nce bitmi\u015f bu a\u011fa\u00e7 500 defa d\u00f6kt\u00fc\u011f\u00fc ve yeniden s\u00fcrd\u00fc\u011f\u00fc yapraklar\u0131n\u0131n ye\u015filli\u011finden asla \u00f6d\u00fcn vermemek i\u00e7in her birine su ve mineralleri en az 100 metre derinden \u00e7ekiyor ve 100 metre de doru\u011fa ta\u015f\u0131yor. Platon da tam bu a\u011fa\u00e7 gibi! Eserlerinde ya\u015fayan fikirleriyle 2 600 y\u0131l sonra bizim bug\u00fcnk\u00fc toplumu ve devleti anlamam\u0131za \u0131\u015f\u0131k tutuyor, ipu\u00e7lar\u0131 veriyor.<\/p>\n<p><strong>O devlet konusunda k\u0131saca \u015f\u00f6yle demi\u015fti<\/strong>:<\/p>\n<p>Onun do\u011fal k\u00f6k\u00fc, onu kurduran do\u011fal neden, hi\u00e7bir insan\u0131n kendi kendine yetememesi, bu y\u00fczden de bir s\u00fcr\u00fc ihtiya\u00e7lar\u0131 gidermek i\u00e7in ba\u015fkalar\u0131n\u0131n yard\u0131m\u0131na muhta\u00e7 olmas\u0131d\u0131r. Onun i\u00e7in devletin her yerde \u00f6devi ayn\u0131d\u0131r: \u0130nsanlar\u0131n ortakla\u015fa ya\u015famlar\u0131n\u0131, bunlar\u0131 mutluluk sa\u011flayacak \u015fekilde d\u00fczenlemek. Bu \u00f6dev de, topluluk hayat\u0131 ahlak ilkelerine g\u00f6re d\u00fczenlenirse ger\u00e7ekle\u015febilir. <strong>\u0130nsan\u0131n ruhunda nas\u0131l \u00fc\u00e7 ayr\u0131 b\u00f6l\u00fcm varsa<\/strong>, devlet de onun gibi <strong>\u00fc\u00e7 ayr\u0131 k\u0131s\u0131m<\/strong>dan kurulmu\u015ftur. Ruhtaki itkilere (d\u00fcrt\u00fclere) kar\u015f\u0131 olan <strong>besleyenler<\/strong> (k\u00f6yl\u00fcler, i\u015f\u00e7iler, \u00fcretenler) tak\u0131m\u0131; iradeye kar\u015f\u0131 olandan <strong>koruyanlar <\/strong>(polis, jandarma, gardiyan, bek\u00e7i) tak\u0131m\u0131; akla kar\u015f\u0131l\u0131k olan <strong>\u00f6\u011fretenler<\/strong> (y\u00f6netenler) tak\u0131m\u0131d\u0131r. \u0130\u015ftahlar\u0131ndan do\u011fan bir kayg\u0131 ile g\u00fcnl\u00fck ihtiya\u00e7lar\u0131n ard\u0131ndan ko\u015fan yurtta\u015flar\u0131n b\u00fcy\u00fck \u00e7o\u011funlu\u011fu (\u00e7al\u0131\u015fanlar), topluluk hayat\u0131n\u0131n maddi temellerini sa\u011flar; <strong>Koruyucular <\/strong>d\u0131\u015far\u0131ya kar\u015f\u0131 d\u00fc\u015fmandan savunma (askeri g\u00fc\u00e7) ile, i\u00e7eriye kar\u015f\u0131 da kanunlar\u0131n y\u00fcr\u00fct\u00fclmesini sa\u011flamakla (polis, jandarma) devletin varl\u0131\u011f\u0131n\u0131 ve b\u00fct\u00fcnl\u00fc\u011f\u00fcn\u00fc korurlar. <strong>Y\u00f6neticiler<\/strong> ise bilgileriyle, geni\u015f g\u00f6r\u00fc\u015fleriyle kanunlar\u0131 koyarlar, devleti y\u00f6netecek ilkeleri belirlerler. B\u00fct\u00fcn devletin olgunlu\u011funu da ana erdemler sa\u011flar: Bunlar da <strong>bilgelik, cesaret, \u00f6l\u00e7\u00fcl\u00fcl\u00fck ve adalettir<\/strong>.<\/p>\n<ul>\n<li>Y\u00f6neticilerin temel erdemi<\/li>\n<li>Koruyucular\u0131n \u00f6zel erdemi <strong>cesarettir<\/strong>. Neden korkulup korkulmayaca\u011f\u0131 konusunda e\u011fitim al\u0131rlar. Bu g\u00fcn\u00fcm\u00fczde Polis Akademilerinde Sofya\u2019daki K\u00fct\u00fcphaneci Enstit\u00fcs\u00fc gibi kurumlarda olur.<\/li>\n<li>Adalet ve \u00f6l\u00e7\u00fcl\u00fcl\u00fck ise, bu \u00fc\u00e7 tak\u0131mdan yaln\u0131z birisinin de\u011fil, hepsinde olmas\u0131 gerekir. Adaletin ana istemi, her tak\u0131m\u0131n kendine d\u00fc\u015fen \u00f6devi yerine getirmesinde birle\u015ftirici oland\u0131r. \u00d6l\u00e7\u00fcl\u00fcl\u00fck y\u0131\u011f\u0131n\u0131n erdemi de\u011fildir, en alt tabakan\u0131n kendi erdemi yoktur.<\/li>\n<\/ul>\n<p>Modern devletin ana \u00f6devi b\u00fct\u00fcn vatanda\u015flar\u0131 (\u00fcretenleri, koruyanlar\u0131 ve y\u00f6netenleri) kucaklamak ve y\u00f6netmektir. Platon\u2019a g\u00f6re, alt tabakan\u0131n (besleyenlerin-\u00fcretenlerin) kendi \u00f6zel erdemleri olmad\u0131\u011f\u0131ndan kendini gelenek ve g\u00f6reneklerine g\u00f6re durumu idare etmesini uygun bulur. (Bulgaristan\u2019da etnik az\u0131nl\u0131k topluluklar\u0131na bu hak verilmiyor.) Platon eserinde koruyanlar\u0131n (polisin, jandarma, itfaiyeci ve gardiyanlar\u0131n) <strong>y\u00f6netici olamayaca\u011f\u0131na \u00f6zellikle i\u015faret etmi\u015ftir.<\/strong> Yani bir toplumda meydana gelen ana olaylar bu \u00fc\u00e7 tabaka aras\u0131nda k\u0131z\u0131\u015f\u0131r ve geli\u015fir. \u0130\u015fte bug\u00fcn biz Bulgaristan\u2019da Varda ve Burgaz\u2019dan vb il merkezlerinden otob\u00fcslerle Sofya\u2019ya gelen ve emekliye ayr\u0131l\u0131rken ald\u0131klar\u0131 toplu primin 20\u2019den 10 maa\u015fa, y\u0131ll\u0131k izinlerinin de 30 g\u00fcnden 20 g\u00fcne indirilmesini kabul etmeyen ve <strong>ulusal direni\u015fe ba\u015flayan koruyucular isyan\u0131na sahne oluyoruz. Bu, g\u00f6revleri koruma olanlar\u0131n kendi \u00f6z isteklerini savunmak i\u00e7in ba\u015flatt\u0131\u011f\u0131 yeni ba\u015fkald\u0131r\u0131d\u0131r. Bundan 3 y\u0131l \u00f6nce onlar maa\u015flar\u0131na zam isterken de \u00f6rg\u00fctl\u00fc ve beraberce hareket etmi\u015flerdi. Meclis \u00f6n\u00fcnde g\u00fcn boyu sigara i\u00e7mi\u015fler ve sonunda istedikleri paray\u0131 koparm\u0131\u015flard\u0131. <\/strong><\/p><div id=\"bghab-2422900304\" class=\"bghab-icerik-icine-15-paragraf bghab-entity-placement\"><script async src=\"\/\/pagead2.googlesyndication.com\/pagead\/js\/adsbygoogle.js?client=ca-pub-6203283170189293\" crossorigin=\"anonymous\"><\/script><ins class=\"adsbygoogle\" style=\"display:block; text-align:center;\" data-ad-client=\"ca-pub-6203283170189293\" \ndata-ad-slot=\"7303146466\" \ndata-ad-layout=\"in-article\"\ndata-ad-format=\"fluid\" data-full-width-responsive=\"true\"><\/ins>\n<script> \n(adsbygoogle = window.adsbygoogle || []).push({}); \n<\/script>\n<\/div>\n<p>\u015eimdi gelelim bug\u00fcnk\u00fc duruma. Bulgaristan\u2019da koruyucular\u0131n direni\u015fine ve kendilerinden biri olan, Bakanlar Burulu Ba\u015fkan\u0131 g\u00f6revinde bulunan B. Borisov\u2019un ve onun y\u00f6netti\u011fi GERB partisinin olayla ilgili tavr\u0131na.<\/p>\n<p>\u0130ktidar bile bazen sevdiklerinin, bel ba\u011flad\u0131klar\u0131n\u0131n istedi\u011fi bir \u015feyi veremeyecek duruma d\u00fc\u015febilir. Bizdeki ekonomik durum g\u00f6n\u00fcl a\u00e7\u0131c\u0131 de\u011fildir. Ge\u00e7en sene 15 milyar leva d\u0131\u015f bor\u00e7 al\u0131nd\u0131. T. Jivkov d\u00f6neminden kalan 13 milyar US Dolar d\u0131\u015f borcu hen\u00fcz \u00f6deyemedik. 2016 y\u0131l\u0131 b\u00fct\u00e7esinin \u00e7al\u0131\u015f\u0131r duruma gelebilmesi i\u00e7in 5 milyar levaya ihtiya\u00e7 var. Bu da yeni bir d\u0131\u015f bor\u00e7lanma ile sa\u011flanacak.<\/p>\n<p>G\u00f6r\u00fcld\u00fc\u011f\u00fc \u00fczere, direni\u015fe kalkan koruyucular\u0131n ba\u015fkald\u0131r\u0131s\u0131n-dan ne y\u00f6neticilerin ne de \u00fcreticilerin \u2013senin, benim \u2013 faydam\u0131z var. Onlar kendi imtiyazl\u0131 durumlar\u0131n\u0131 korumaya \u00e7al\u0131\u015f\u0131yorlar. Bu direni\u015fi bir de koruyucular\u0131n iktidara ve onlar\u0131n \u00f6z lideri olan Ba\u015fbakan B. Borisov\u2019a ilk b\u00fcy\u00fck ihaneti olarak kabul edebiliriz. \u00dclkemizde b\u00fcy\u00fck ihanetler devri ba\u015flam\u0131\u015ft\u0131r. Bizden sayd\u0131klar\u0131m\u0131z\u0131 daha da kay\u0131rma devri derinle\u015firse, ufuktaki ERKEN PARLAMENTO SE\u00c7\u0130M\u0130D\u0130R.<\/p>\n<p><strong>\u0130\u015fler neden bu duruma t\u0131rmand\u0131<\/strong>?<\/p>\n<p>Bu yaz\u0131mda analiz etmek istemesem de, <strong>Bulgaristan\u2019da 1890\u2019dan beri se\u00e7imler hep gece mumlar s\u00f6nd\u00fcr\u00fclerek kazan\u0131lm\u0131\u015ft\u0131r.<\/strong> Mum s\u00f6nd\u00fcrmenin yeni adlar\u0131 \u00e7ok farkl\u0131 olabilir, sat\u0131n almak, k\u00f6m\u00fcr da\u011f\u0131tmak, i\u015f vadetmek vs. Se\u00e7im kazanma usul\u00fcm\u00fcz hep bu oldu. Bizde yeni olan unutulmu\u015f olan eskidir. Ama bu konuyu ba\u015fka bir yaz\u0131m\u0131zda i\u015fleriz\u2026<\/p><div id=\"bghab-2843097721\" class=\"bghab-icerik-icine-20-paragraf bghab-entity-placement\"><script async src=\"\/\/pagead2.googlesyndication.com\/pagead\/js\/adsbygoogle.js?client=ca-pub-6203283170189293\" crossorigin=\"anonymous\"><\/script><ins class=\"adsbygoogle\" style=\"display:block; text-align:center;\" data-ad-client=\"ca-pub-6203283170189293\" \ndata-ad-slot=\"7303146466\" \ndata-ad-layout=\"in-article\"\ndata-ad-format=\"fluid\" data-full-width-responsive=\"true\"><\/ins>\n<script> \n(adsbygoogle = window.adsbygoogle || []).push({}); \n<\/script>\n<\/div>\n<p>Hi\u00e7bir konuda hi\u00e7bir ki\u015fiye kin tutmuyoruz. Analizimizi, 1915\u2019te (Yeni Bulgar devletinin kurulu\u015fundan 7 y\u0131l sonra) Bulgarcaya \u00e7evrilen d\u00fc\u015f\u00fcn\u00fcr Platon\u2019 un \u201c<strong>Devlet<\/strong>\u201d kitab\u0131n\u0131 k\u0131lavuz ederek yap\u0131yoruz. 1890\u2019l\u0131 y\u0131llarda Bulgaristan\u2019da kurulan ve bug\u00fcne kadar \u0130\u015f\u00e7i, kom\u00fcnist ve sosyalist parti olarak isim de\u011fi\u015ftirerek ya\u015fayan,\u00a0 ilk ad\u0131 B\u0130SDP \u2013 Bulgaristan \u0130\u015f\u00e7i Sosyal Demokrasi Partisi irdelememizin mihverindedir. \u00c7\u00fcnk\u00fc bu parti yeni Bulgaristan tarihinde kurulup kapanan, yeniden s\u00fcren 1000\u2019den fazla parti aras\u0131nda 3 ayaklanmadan, 2 sava\u015ftan, fa\u015fist darbelerden ge\u00e7erken su alm\u0131\u015f, ders \u00e7\u0131karm\u0131\u015f tek partidir. Ne var ki, art\u0131k ideolojisi iyice eskimi\u015f ve yerel se\u00e7imlerde hi\u00e7bir ilde belediye ba\u015fkan\u0131 \u00e7\u0131karamayacak kadar ufalm\u0131\u015f, kal\u0131n \u00e7otuk \u00a0BSP \u2013Bulgaristan Sosyalist Partisi\u2019nden s\u00f6z ediyoruz. <strong>Bu parti g\u00fcn\u00fcm\u00fcz Bulgaristan politik hayat\u0131n\u0131n anas\u0131d\u0131r. 1990\u2019dan sonra do\u011fan partiler onun yavrusudur. \u00c7ar\u0131 Madrid\u2019den getirip Ba\u015fbakan yapan ve sonra yolcu yoluna diyen yine o part ve eski y\u00f6netenlerdir. Bu s\u00fcreci g\u00f6rmeden, dikkatle okumadan, biz hi\u00e7bir konuyu do\u011fru d\u00fcr\u00fcst ve doyurucu anlatamay\u0131z, siz okurlar\u0131m\u0131z da anlayamazs\u0131n\u0131z.<\/strong><\/p>\n<p>\u015eu c\u00fcmleyi kendi sorumlulu\u011fumda yaz\u0131yorum:<strong> Bulgaristan\u2019da bir tek politik parti var \u2013BSP, t\u00fcm di\u011ferleri partiden ba\u015fka her \u015feydir. \u00d6rne\u011fin H\u00d6H-DPS milli istihbarat\u0131n me\u015frulu\u011fu kitaba uydurulmu\u015f bir yan kurulu\u015fudur. \u015e\u00f6yle bir ince \u00e7izgi var ya\u015flanm\u0131\u015f partide, \u00fcye taban\u0131 se\u00e7im kazanmak istese de y\u00f6netimi istemiyor, iktidar olmaktan korkuyor, ufalarak kendini unutturmaya ve g\u00f6mmeye \u00e7al\u0131\u015f\u0131yor. Belki de ge\u00e7mi\u015finden nefret ediyor ve aklanacak yan\u0131 yok. 26 y\u0131ldan beri bu b\u00f6yle. BSP ge\u00e7mi\u015finin a\u00e7\u0131lmas\u0131ndan korkan bir partidir. Bu, \u201csoya d\u00f6n\u00fc\u015f\u201d i\u011fren\u00e7li\u011fini a\u015fan bir konudur.<\/strong><\/p>\n<p>BKP \u2013 Bulgaristan Kom\u00fcnist Partisi\u2019nin 1990\u2019da BSP\u2019ye d\u00f6n\u00fc\u015ft\u00fcr\u00fclmesi, ard\u0131ndan kom\u00fcnistlerin o\u011fullar\u0131n\u0131n ve yak\u0131nlar\u0131n\u0131n \u00a0kuraca\u011f\u0131 Demokratik G\u00fc\u00e7ler Birli\u011fi (CDC) yaln\u0131z iktidarda kalmak, se\u00e7im kazanmak i\u00e7indi. Demokratik G\u00fc\u00e7ler Birli\u011fi, BSP y\u00f6netiminin sevimli evlad\u0131d\u0131r. \u00d6mr\u00fc az oldu. \u00a0\u00dc\u00e7 ku\u015fak kom\u00fcnist soylu \u201cdemokratlar\u0131\u201d o zaman tan\u0131mad\u0131k m\u0131? Bu ger\u00e7ek BSP y\u00f6neticilerinin utanarak gizledikleri ger\u00e7eklerden biridir. Hayat berrakla\u015ft\u0131k\u00e7a etraf koku\u015fuyor. Yerden g\u00f6\u011fe sahte oyun 2000 y\u0131l\u0131na kadar devam etti, sonra bir s\u00fcre sahneye \u00c7ar II. Simyon \u00e7ekildi. O, bizi NATO ve AB\u2019ye ba\u011flad\u0131, ABD\u2019yi \u00e7a\u011f\u0131rd\u0131. Ona oy verenler de BSP kadrolar\u0131yd\u0131.<\/p>\n<p>2007\u2019den sonra plak de\u011fi\u015fti, BSP kadrosunun b\u00fcy\u00fck k\u0131sm\u0131 GERB\u2019e kayd\u0131. Bug\u00fcn \u00fclkede ciddi bir sosyolojik ara\u015ft\u0131rma yap\u0131lsa n\u00fcfusun % 99.9\u2019u GERB a\u00e7\u0131l\u0131m\u0131n\u0131n anlam\u0131n\u0131 bilmez. GERB s\u00f6z olarak arma demektir. GERB\u2019in siyasete bula\u015fmas\u0131, BSP\u2019nin i\u015fidir. BSP ikinci do\u011fum yapt\u0131. Vurguluyorum, Avrupal\u0131 Geli\u015fim \u0130\u00e7in Vatanda\u015flar\u0131n Geli\u015fim GERB Partisi\u2019nin kurulu\u015fu B, Borisov\u2019un erdemi olmad\u0131\u011f\u0131 gibi, hem anas\u0131 hem de ebesi BSP\u2019dir.<\/p>\n<p><strong>\u015eu noktan\u0131n iyi anla\u015f\u0131lmas\u0131na i\u015faret etmek gerekir: Konu <\/strong>GERB\u2019in mayas\u0131 ise, bir anekdot \u015f\u00f6yle der: \u201c<strong>K\u00f6pek u\u00e7ak ka\u00e7\u0131rm\u0131\u015f, iz yok<\/strong>.\u201d \u015e\u00f6yle yani: GERB\u2019i sis gibi hem var hem yok say\u0131n. GERB diye bir olgu yokmu\u015f diye d\u00fc\u015f\u00fcn\u00fcn. Bu parti hi\u00e7 bir konuda iz b\u0131rakm\u0131yor. GERB\u2019in kadrosunda devlet memurlar\u0131, onlar\u0131n bald\u0131zlar\u0131, metresleri, kom\u015fular\u0131, korumalar\u0131 ve \u015fof\u00f6rleri ile onlar\u0131n akrabalar\u0131 var. Ba\u015fka bir anlat\u0131mla sempatik olma, Avrupa\u2019ya uygun olma, \u015firin g\u00f6r\u00fcnme, g\u00f6vde g\u00f6sterisi heveslilerinin 8 y\u0131l \u00f6nce kendili\u011finden olu\u015fan devlet memurlar\u0131n\u0131n ve dostlar\u0131n\u0131n ve hepsinin akrabalar\u0131n\u0131n, devlet sofras\u0131ndan yemeye al\u0131\u015fm\u0131\u015f olanlar\u0131n bir pembe bulutu belirdi, yuvarlan\u0131nca PART\u0130 ve iktidar oluverdi. 13 \u015eubat 2013\u2019te 50 sahte elektrik faturas\u0131 ve 2 damla kanla devrildi ve pes etti.<\/p><div id=\"bghab-1259282198\" class=\"bghab-icerik-icine-25-paragraf bghab-entity-placement\"><script async src=\"\/\/pagead2.googlesyndication.com\/pagead\/js\/adsbygoogle.js?client=ca-pub-6203283170189293\" crossorigin=\"anonymous\"><\/script><ins class=\"adsbygoogle\" style=\"display:block; text-align:center;\" data-ad-client=\"ca-pub-6203283170189293\" \ndata-ad-slot=\"7303146466\" \ndata-ad-layout=\"in-article\"\ndata-ad-format=\"fluid\" data-full-width-responsive=\"true\"><\/ins>\n<script> \n(adsbygoogle = window.adsbygoogle || []).push({}); \n<\/script>\n<\/div>\n<p><strong>Olay\u0131 dikkatle g\u00f6zlemleyenlerle ayn\u0131 g\u00f6r\u00fc\u015fte olabiliriz:<\/strong> Ortada Parti olmak istemeyen bir parti; eskiden (totaliter d\u00f6nemde oldu\u011fu gibi) parti olmaya y\u00fcrek atan devlet, fakat hen\u00fcz partile\u015fmeyi ba\u015faramam\u0131\u015f bir devlet var ortada. GERB bu gidi\u015fle se\u00e7imleri %% kazanabilir, ama korkuyor. Neden mi? Sorumluluk ta\u015f\u0131maktan, halk\u0131 y\u00f6netmekten!&#8230;<\/p>\n<p><strong>Bu olay\u0131 \u015fimdi Platon s\u00fczgecinden ge\u00e7irelim<\/strong>:<\/p>\n<p>GERB yok. Ortadaki Boyko Borisov. Onun halkla ili\u015fki uzmanlar\u0131, alt ve orta katman\u0131 oyalarken yemleyen uzman ekipler, bas\u0131n, medya vs. Dikkat edelim. <strong>2005-2008 y\u0131llar\u0131 aras\u0131nda Bulgaristan\u2019da iktidar BKP MK Politik B\u00fcro \u00fcyelerinin istidats\u0131z, niteliksiz, becerisiz \u00e7ocuk ve torunlar\u0131n\u0131n (\u00f6rne\u011fin Sergey Stani\u015fev vb.) elinden koruyucular\u0131na kayd\u0131. Bu muhaf\u0131zlar\u0131n Krali\u00e7enin yata\u011f\u0131na girmesi gibi bir \u015feydir. Ne yaz\u0131k ki oldu. Herkes bilir, Boyko Borisov sosyal s\u0131n\u0131f mensubiyeti olarak koruyuculuktan (<\/strong>meslekten itfaiyeci, diktat\u00f6r Todor Jivkov\u2019un korumas\u0131yd\u0131, polis akademisi mezunudur<strong>) gelir yani o (<\/strong>post<strong>)ge\u00e7 sosyalizmin koruma muhaf\u0131zlar\u0131ndand\u0131r.<\/strong><\/p>\n<p>Platon\u2019a g\u00f6re onun y\u00f6netim eliti aras\u0131na girme yolu do\u011fu\u015ftan t\u0131kal\u0131 olmal\u0131d\u0131r. Muhaf\u0131zlar\u0131n Krali\u00e7enin yata\u011f\u0131na girmesi kural bozmakt\u0131r. Bu s\u00f6zler hainlikle lider olan Ahmet Do\u011fan i\u00e7in de ge\u00e7erlidir. Varna \u015foparlar\u0131ndan oldu\u011funu \u00e7ok tez unuttu. L. Mestan\u2019\u0131n k\u00f6y \u00f6\u011fretmeni oldu\u011fu da her c\u00fcmlesinden s\u0131z\u0131yor. T\u00fcrkiye\u2019ye okumaya giden 1 500 Bulgaristan T\u00fcrk gencinin geri d\u00f6nmemesini de \u201c<strong>k\u0131y\u0131m korkusuna<\/strong>\u201d ba\u011flasak iyi olur.<\/p>\n<p>Bizdeki durumda elit z\u00fcmrenin bozulmas\u0131, ilke sellikten gerileme s\u00f6z konusudur. Yine Platon\u2019dan faydalan\u0131rsak, <strong>birinci ku\u015fak elit<\/strong> iktidar\u0131 silah g\u00fcc\u00fcyle de alsa, idare etmesini bilir. <strong>\u0130kinci ku\u015fak<\/strong> belki iktidara kendi g\u00fcc\u00fcyle uzanamaz ama tepside sunulunca y\u00f6netmeyi becerebilir. Bizdeki \u00fc\u00e7\u00fcnc\u00fc ku\u015fak yaln\u0131z kredi kart\u0131 kullanmay\u0131 beceriyor.\u00a0 Ve Bulgaristan\u2019da g\u00f6r\u00fcld\u00fc\u011f\u00fc \u00fczere, <strong>koruyanlar, bu becerisiz \u00fc\u00e7\u00fcnc\u00fc ku\u015fa\u011f\u0131 y\u00f6netip y\u00f6nlendirmek i\u00e7in i\u015f ba\u015f\u0131na gelmi\u015f bulunuyor<\/strong>.<\/p><div id=\"bghab-1473858815\" class=\"bghab-icerik-icine-30-paragraf bghab-entity-placement\"><script async src=\"\/\/pagead2.googlesyndication.com\/pagead\/js\/adsbygoogle.js?client=ca-pub-6203283170189293\" crossorigin=\"anonymous\"><\/script><ins class=\"adsbygoogle\" style=\"display:block; text-align:center;\" data-ad-client=\"ca-pub-6203283170189293\" \ndata-ad-slot=\"7303146466\" \ndata-ad-layout=\"in-article\"\ndata-ad-format=\"fluid\" data-full-width-responsive=\"true\"><\/ins>\n<script> \n(adsbygoogle = window.adsbygoogle || []).push({}); \n<\/script>\n<\/div>\n<p>Bu bak\u0131ma bizdeki polis, gardiyan, itfaiyeci ve jandarma isyan\u0131 korumac\u0131lar\u0131n ba\u015f\u0131 B. Borisov\u2019un \u00e7ok y\u00fcksek bir d\u00fczeyde ihanete u\u011frad\u0131\u011f\u0131n\u0131n kesin ifadesinden ba\u015fka bir \u015fey de\u011fildir. \u015eimdi meydanlara \u00e7\u00f6ken o GERB adl\u0131 pembe buluttur yani GERB\u2019in kendisidir. Bu durumda, yine Platon\u2019a kap\u0131 deli\u011finden bakt\u0131\u011f\u0131m\u0131zda,\u00a0 B.Borisov\u2019un kaderi \u00e7\u0131k\u0131yor \u00f6n\u00fcm\u00fcze. Bug\u00fcn o ordusuz general durumuna d\u00fc\u015fm\u00fc\u015ft\u00fcr. Platon der ki, bu duruma d\u00fc\u015fen bir korumac\u0131 general ya tan\u0131mad\u0131\u011f\u0131 bir d\u00fc\u015fman taraf\u0131ndan yenilir ya da onun iktidara el koymas\u0131na belli etmeden yard\u0131m eden (bizde bu i\u015fi US B\u00fcy\u00fckel\u00e7ili\u011fi yapm\u0131\u015ft\u0131) sinirlenip elinin tersiyle hareket eder veya en yak\u0131n adamlar\u0131 taraf\u0131ndan ihanete u\u011frayabilir. Demek \u00fc\u00e7 se\u00e7enek s\u0131ra bekliyor. Olaylar bu kadar ciddi. Platon\u2019a \u015funu eklemek yerinde olur. Bir erken se\u00e7imde oylar tamamen B. Borisov\u2019a kayd\u0131\u011f\u0131nda iktidar g\u00fc\u00e7lenir.<\/p>\n<p>Herkesin bildi\u011fi bir ger\u00e7ekse \u015fudur. <strong>GERB, BSP\u2019nin yavrusudur<\/strong>, dedik. Yavru aya\u011f\u0131na diken batsa anas\u0131na gider. Anas\u0131 isterse onu tokatlar. Bizim durumumuzda kula\u011f\u0131ndan tutup iktidardan indirebilir. Ama BSP bunu yapmak istemiyor, daha do\u011frusu yapam\u0131yor \u00e7\u00fcnk\u00fc \u00f6z\u00fcndeki ikilemi a\u015fam\u0131yor. Bir g\u00f6z\u00fc Moskova\u2019ya bakarken, ikincisi Washington\u2019u ok\u015fuyor. \u00c7atal ba\u015fl\u0131 ruhundan bir t\u00fcrl\u00fc kurtulam\u0131yor. Bu 26 y\u0131ldan beri b\u00f6yle s\u00fcr\u00fcn\u00fcyor. Jeopolitik stratejik konular kahve tart\u0131\u015fmalar\u0131na konu oldu. \u0130\u015fi toparlanmak, yeni ruh yaratmak \u00e7ok zor olmal\u0131! Karars\u0131zl\u0131k savmaz bir hastal\u0131k olur. \u0130\u015fte bu nedenle ufald\u0131k\u00e7a ufalan BSP partisi ne politik, ne tarihimiz ne de medeniyetimiz konular\u0131nda bir sonuca varam\u0131yor. Ruhu s\u00f6n\u00fck bir parti olarak belki son nefesini al\u0131yor. D\u00fcnya siyaseti sa\u011f kayarken BSP\u2019nin solda kalmas\u0131, merkezin soluna t\u0131rnaklar\u0131yla tutunmas\u0131 bile imk\u00e2ns\u0131z gibi oldu.<\/p>\n<p>\u0130\u015fte bu y\u00fczden hi\u00e7bir politik parti Bulgar polisinin kazan kald\u0131rmas\u0131n\u0131 alk\u0131\u015flamad\u0131.\u00a0 Kamuoyu direni\u015fi \u00a0aile i\u00e7i didi\u015fme, kom\u015fu kavgas\u0131 olarak izliyor. H\u00d6H-DPS partisine gelince o da susuyor. \u00c7\u00fcnk\u00fc partinin belkemi\u011fini ve y\u00f6netimini olu\u015fturan polis muhbirleridir. \u0130spiyonlar subaylar\u0131na kar\u015f\u0131 tutum alamazlar. \u201c<strong>Kral \u00c7\u0131plak<\/strong>\u201d diyemezler. A\u00e7l\u0131ktan s\u00fcr\u00fcnsek bile ruhunu satm\u0131\u015f bir tak\u0131m ger\u00e7ek durumu asla g\u00f6remez, \u00e7\u00fcnk\u00fc onlar\u0131n vazifesi\u00a0 halk\u0131 g\u00f6rmek de\u011fil, en b\u00fcy\u00fck s\u0131z\u0131lardan daha fazla ac\u0131yan sab\u0131r s\u0131z\u0131lar\u0131m\u0131z\u0131n ta\u015f\u0131p ta\u015fmad\u0131\u011f\u0131n\u0131 g\u00f6zlemek ve rapor etmektir. Saflar\u0131m\u0131zda bir k\u0131p\u0131rdama olsa, bug\u00fcn grevde olan koruyucu tak\u0131m\u0131, donanm\u0131\u015f ve silahl\u0131 kar\u015f\u0131m\u0131zda bulaca\u011f\u0131m\u0131zdan y\u00fczde y\u00fcz eminiz. Biz onlar\u0131n alt\u0131ndaki kattan, besleyenlerden, \u00fcretenlerden, vergi \u00f6deyenlerdeniz. Haklar\u0131 elinden al\u0131nm\u0131\u015f tabanday\u0131z biz.<\/p>\n<p>Polis iktidar devirse diktat\u00f6rl\u00fck olur.<\/p>\n<p>Halk ayaklan\u0131rsa ad\u0131 devrimdir.<\/p><div id=\"bghab-3927325575\" class=\"bghab-icerik-icine-35-paragraf bghab-entity-placement\"><script async src=\"\/\/pagead2.googlesyndication.com\/pagead\/js\/adsbygoogle.js?client=ca-pub-6203283170189293\" crossorigin=\"anonymous\"><\/script><ins class=\"adsbygoogle\" style=\"display:block; text-align:center;\" data-ad-client=\"ca-pub-6203283170189293\" \ndata-ad-slot=\"7303146466\" \ndata-ad-layout=\"in-article\"\ndata-ad-format=\"fluid\" data-full-width-responsive=\"true\"><\/ins>\n<script> \n(adsbygoogle = window.adsbygoogle || []).push({}); \n<\/script>\n<\/div>\n<p>Devrim olmadan katmanlar her de\u011fi\u015ftiremez.<\/p>\n<p>Bu ger\u00e7ek Platon\u2019dan buyana b\u00f6yle gelmi\u015f b\u00f6yle gider.<\/p>\n<p>Okudu\u011funuz i\u00e7in te\u015fekk\u00fcr ederim.<\/p>\n<div id=\"bghab-1878320739\" class=\"bghab-yazi-altinda bghab-entity-placement\"><script async src=\"https:\/\/pagead2.googlesyndication.com\/pagead\/js\/adsbygoogle.js\"><\/script>\r\n<!-- bghaber-yaz\u0131-sonu -->\r\n<ins class=\"adsbygoogle\"\r\n     style=\"display:block\"\r\n     data-ad-client=\"ca-pub-6203283170189293\"\r\n     data-ad-slot=\"4222328180\"\r\n     data-ad-format=\"auto\"\r\n     data-full-width-responsive=\"true\"><\/ins>\r\n<script>\r\n     (adsbygoogle = window.adsbygoogle || []).push({});\r\n<\/script><\/div><br style=\"clear: both; display: block; float: none;\"\/>","protected":false},"excerpt":{"rendered":"<p>Musa VATANSEVER Konu: Politikay\u0131 do\u011furan toplumdur. \u00a0 \u00a0 \u00a0 \u00a0 \u00a0 \u00a0 \u00a0 \u00a0 \u00a0 \u00a0 \u00a0 \u00a0 \u00a0 \u00a0 \u00a0 \u00a0 \u00a0 \u00a0 \u00a0<\/p>\n","protected":false},"author":13,"featured_media":0,"comment_status":"closed","ping_status":"closed","sticky":false,"template":"","format":"standard","meta":{"advanced_seo_description":"","jetpack_seo_html_title":"","jetpack_seo_noindex":false,"jetpack_seo_schema_type":"","_jetpack_newsletter_access":"","_jetpack_dont_email_post_to_subs":false,"_jetpack_newsletter_tier_id":0,"_jetpack_memberships_contains_paywalled_content":false,"_jetpack_feature_clip_id":0,"_jetpack_memberships_contains_paid_content":false,"footnotes":"","jetpack_post_was_ever_published":false},"categories":[6],"tags":[],"class_list":["post-16871","post","type-post","status-publish","format-standard","hentry","category-yorum"],"jetpack_sharing_enabled":true,"jetpack_likes_enabled":true,"jetpack-related-posts":[],"jetpack_shortlink":"https:\/\/wp.me\/pc2PfJ-4o7","jetpack_featured_media_url":"","_links":{"self":[{"href":"https:\/\/www.bghaber.org\/bghaber\/wp-json\/wp\/v2\/posts\/16871","targetHints":{"allow":["GET"]}}],"collection":[{"href":"https:\/\/www.bghaber.org\/bghaber\/wp-json\/wp\/v2\/posts"}],"about":[{"href":"https:\/\/www.bghaber.org\/bghaber\/wp-json\/wp\/v2\/types\/post"}],"author":[{"embeddable":true,"href":"https:\/\/www.bghaber.org\/bghaber\/wp-json\/wp\/v2\/users\/13"}],"replies":[{"embeddable":true,"href":"https:\/\/www.bghaber.org\/bghaber\/wp-json\/wp\/v2\/comments?post=16871"}],"version-history":[{"count":0,"href":"https:\/\/www.bghaber.org\/bghaber\/wp-json\/wp\/v2\/posts\/16871\/revisions"}],"wp:attachment":[{"href":"https:\/\/www.bghaber.org\/bghaber\/wp-json\/wp\/v2\/media?parent=16871"}],"wp:term":[{"taxonomy":"category","embeddable":true,"href":"https:\/\/www.bghaber.org\/bghaber\/wp-json\/wp\/v2\/categories?post=16871"},{"taxonomy":"post_tag","embeddable":true,"href":"https:\/\/www.bghaber.org\/bghaber\/wp-json\/wp\/v2\/tags?post=16871"}],"curies":[{"name":"wp","href":"https:\/\/api.w.org\/{rel}","templated":true}]}}