{"id":16858,"date":"2015-11-07T20:44:20","date_gmt":"2015-11-07T18:44:20","guid":{"rendered":"http:\/\/www.bghaber.org\/bghaber\/?p=16858"},"modified":"2015-11-07T20:44:20","modified_gmt":"2015-11-07T18:44:20","slug":"bulgaristan-buyukelcisi-cumhurbaskani-erdogana-guven-mektubunu-sundu","status":"publish","type":"post","link":"https:\/\/www.bghaber.org\/bghaber\/bulgaristan-buyukelcisi-cumhurbaskani-erdogana-guven-mektubunu-sundu\/","title":{"rendered":"Bulgaristan B\u00fcy\u00fckel\u00e7isi Cumhurba\u015fkan\u0131 Erdo\u011fan&#8217;a G\u00fcven Mektubunu Sundu"},"content":{"rendered":"<p><img data-recalc-dims=\"1\" height=\"169\" width=\"300\" decoding=\"async\" src=\"https:\/\/i0.wp.com\/www.bghaber.org\/bghaber\/wp-content\/uploads\/2015\/11\/bulgaristan-buyukelcisi-cumhurbaskani-erdogan-7847963_x_o-300x169.jpg?resize=300%2C169\" alt=\"bulgaristan-buyukelcisi-cumhurbaskani-erdogan-7847963_x_o\" \/><\/p>\n<p><a class=\"keyword\" title=\"Cumhurba\u015fkan\u0131 Haberleri\" href=\"http:\/\/www.haberler.com\/cumhurbaskani\/\">Cumhurba\u015fkan\u0131<\/a> <a class=\"keyword\" title=\"Recep Tayyip Erdo\u011fan Haberleri\" href=\"http:\/\/www.haberler.com\/recep-tayyip-erdogan\/\">Recep Tayyip Erdo\u011fan<\/a>, <a class=\"keyword\" title=\"Bulgaristan Haberleri\" href=\"http:\/\/www.haberler.com\/bulgaristan\/\">Bulgaristan<\/a>&#8216;\u0131n <a class=\"keyword\" title=\"Ankara Haberleri\" href=\"http:\/\/www.haberler.com\/ankara\/\">Ankara<\/a> B\u00fcy\u00fckel\u00e7isi Nadezhda Neynsky&#8217;i kabul etti.<\/p>\n<p>Cumhurba\u015fkanl\u0131\u011f\u0131 K\u00fclliyesi&#8217;nde ger\u00e7ekle\u015fen kabulde B\u00fcy\u00fckel\u00e7i Neynsky, <a class=\"keyword\" title=\"Cumhurba\u015fkan\u0131 Erdo\u011fan Haberleri\" href=\"http:\/\/www.haberler.com\/cumhurbaskani-erdogan\/\">Cumhurba\u015fkan\u0131 Erdo\u011fan<\/a>&#8216;a g\u00fcven mektubunu sundu. Neynsky&#8217;nin baz\u0131 b\u00fcy\u00fckel\u00e7ilik mensuplar\u0131n\u0131 ve e\u015fini takdiminin ard\u0131ndan foto\u011fraf \u00e7ektirildi.<\/p>\n<p>B\u00fcy\u00fckel\u00e7i Neynsky, 1997-2001 y\u0131llar\u0131 aras\u0131nda <a class=\"keyword\" title=\"Bulgaristan Haberleri\" href=\"http:\/\/www.haberler.com\/bulgaristan\/\">Bulgaristan<\/a> <a class=\"keyword\" title=\"D\u0131\u015fi\u015fleri Bakanl\u0131\u011f\u0131 Haberleri\" href=\"http:\/\/www.haberler.com\/disisleri-bakanligi\/\">D\u0131\u015fi\u015fleri Bakanl\u0131\u011f\u0131<\/a> g\u00f6revini y\u00fcr\u00fctt\u00fc.<\/p>\n<div id=\"bghab-3850889506\" class=\"bghab-yazi-altinda bghab-entity-placement\"><script async src=\"https:\/\/pagead2.googlesyndication.com\/pagead\/js\/adsbygoogle.js\"><\/script>\r\n<!-- bghaber-yaz\u0131-sonu -->\r\n<ins class=\"adsbygoogle\"\r\n     style=\"display:block\"\r\n     data-ad-client=\"ca-pub-6203283170189293\"\r\n     data-ad-slot=\"4222328180\"\r\n     data-ad-format=\"auto\"\r\n     data-full-width-responsive=\"true\"><\/ins>\r\n<script>\r\n     (adsbygoogle = window.adsbygoogle || []).push({});\r\n<\/script><\/div><br style=\"clear: both; display: block; float: none;\"\/>","protected":false},"excerpt":{"rendered":"<p>Cumhurba\u015fkan\u0131 Recep Tayyip Erdo\u011fan, Bulgaristan&#8216;\u0131n Ankara B\u00fcy\u00fckel\u00e7isi Nadezhda Neynsky&#8217;i kabul etti. Cumhurba\u015fkanl\u0131\u011f\u0131 K\u00fclliyesi&#8217;nde ger\u00e7ekle\u015fen kabulde B\u00fcy\u00fckel\u00e7i Neynsky, Cumhurba\u015fkan\u0131 Erdo\u011fan&#8216;a g\u00fcven mektubunu sundu. Neynsky&#8217;nin baz\u0131 b\u00fcy\u00fckel\u00e7ilik<\/p>\n","protected":false},"author":13,"featured_media":16859,"comment_status":"closed","ping_status":"closed","sticky":false,"template":"","format":"standard","meta":{"advanced_seo_description":"","jetpack_seo_html_title":"","jetpack_seo_noindex":false,"jetpack_seo_schema_type":"","_jetpack_newsletter_access":"","_jetpack_dont_email_post_to_subs":false,"_jetpack_newsletter_tier_id":0,"_jetpack_memberships_contains_paywalled_content":false,"_jetpack_feature_clip_id":0,"_jetpack_memberships_contains_paid_content":false,"footnotes":"","jetpack_post_was_ever_published":false},"categories":[5],"tags":[],"class_list":["post-16858","post","type-post","status-publish","format-standard","has-post-thumbnail","hentry","category-yasam"],"jetpack_sharing_enabled":true,"jetpack_likes_enabled":true,"jetpack-related-posts":[],"jetpack_shortlink":"https:\/\/wp.me\/pc2PfJ-4nU","jetpack_featured_media_url":"https:\/\/i0.wp.com\/www.bghaber.org\/bghaber\/wp-content\/uploads\/2015\/11\/bulgaristan-buyukelcisi-cumhurbaskani-erdogan-7847963_x_o.jpg?fit=640%2C360&ssl=1","_links":{"self":[{"href":"https:\/\/www.bghaber.org\/bghaber\/wp-json\/wp\/v2\/posts\/16858","targetHints":{"allow":["GET"]}}],"collection":[{"href":"https:\/\/www.bghaber.org\/bghaber\/wp-json\/wp\/v2\/posts"}],"about":[{"href":"https:\/\/www.bghaber.org\/bghaber\/wp-json\/wp\/v2\/types\/post"}],"author":[{"embeddable":true,"href":"https:\/\/www.bghaber.org\/bghaber\/wp-json\/wp\/v2\/users\/13"}],"replies":[{"embeddable":true,"href":"https:\/\/www.bghaber.org\/bghaber\/wp-json\/wp\/v2\/comments?post=16858"}],"version-history":[{"count":0,"href":"https:\/\/www.bghaber.org\/bghaber\/wp-json\/wp\/v2\/posts\/16858\/revisions"}],"wp:featuredmedia":[{"embeddable":true,"href":"https:\/\/www.bghaber.org\/bghaber\/wp-json\/wp\/v2\/media\/16859"}],"wp:attachment":[{"href":"https:\/\/www.bghaber.org\/bghaber\/wp-json\/wp\/v2\/media?parent=16858"}],"wp:term":[{"taxonomy":"category","embeddable":true,"href":"https:\/\/www.bghaber.org\/bghaber\/wp-json\/wp\/v2\/categories?post=16858"},{"taxonomy":"post_tag","embeddable":true,"href":"https:\/\/www.bghaber.org\/bghaber\/wp-json\/wp\/v2\/tags?post=16858"}],"curies":[{"name":"wp","href":"https:\/\/api.w.org\/{rel}","templated":true}]}}