{"id":16854,"date":"2015-11-07T20:42:30","date_gmt":"2015-11-07T18:42:30","guid":{"rendered":"http:\/\/www.bghaber.org\/bghaber\/?p=16854"},"modified":"2015-11-07T20:42:30","modified_gmt":"2015-11-07T18:42:30","slug":"erdogan-bulgaristan-ve-panama-buyukelcilerini-kabul-etti","status":"publish","type":"post","link":"https:\/\/www.bghaber.org\/bghaber\/erdogan-bulgaristan-ve-panama-buyukelcilerini-kabul-etti\/","title":{"rendered":"Erdo\u011fan, Bulgaristan ve Panama B\u00fcy\u00fckel\u00e7ilerini Kabul Etti"},"content":{"rendered":"<p><a class=\"keyword\" title=\"Cumhurba\u015fkan\u0131 Haberleri\" href=\"http:\/\/www.haberler.com\/cumhurbaskani\/\"><img data-recalc-dims=\"1\" height=\"214\" width=\"300\" decoding=\"async\" src=\"https:\/\/i0.wp.com\/www.bghaber.org\/bghaber\/wp-content\/uploads\/2015\/11\/Ankara-buyukelci-300x214.jpg?resize=300%2C214\" alt=\"Ankara buyukelci\" \/><\/a><\/p>\n<p><a class=\"keyword\" title=\"Cumhurba\u015fkan\u0131 Haberleri\" href=\"http:\/\/www.haberler.com\/cumhurbaskani\/\">Cumhurba\u015fkan\u0131<\/a> <a class=\"keyword\" title=\"Recep Tayyip Erdo\u011fan Haberleri\" href=\"http:\/\/www.haberler.com\/recep-tayyip-erdogan\/\">Recep Tayyip Erdo\u011fan<\/a>, <a class=\"keyword\" title=\"Slovenya Haberleri\" href=\"http:\/\/www.haberler.com\/slovenya\/\">Slovenya<\/a> B\u00fcy\u00fckel\u00e7isi Igor Jukic&#8217;i<a class=\"keyword\" title=\"Cumhurba\u015fkanl\u0131\u011f\u0131 Saray\u0131 Haberleri\" href=\"http:\/\/www.haberler.com\/cumhurbaskanligi-sarayi\/\">Cumhurba\u015fkanl\u0131\u011f\u0131 Saray\u0131<\/a>&#8216;nda kabul etti. Kabulde <a class=\"keyword\" title=\"Slovenya Haberleri\" href=\"http:\/\/www.haberler.com\/slovenya\/\">Slovenya<\/a> B\u00fcy\u00fckel\u00e7isi Jukic,<a class=\"keyword\" title=\"Cumhurba\u015fkan\u0131 Erdo\u011fan Haberleri\" href=\"http:\/\/www.haberler.com\/cumhurbaskani-erdogan\/\">Cumhurba\u015fkan\u0131 Erdo\u011fan<\/a>&#8216;a g\u00fcven mektubu sundu. Jukic, daha \u00f6nce <a class=\"keyword\" title=\"Slovenya Haberleri\" href=\"http:\/\/www.haberler.com\/slovenya\/\">Slovenya<\/a> <a class=\"keyword\" title=\"D\u0131\u015fi\u015fleri Bakanl\u0131\u011f\u0131 Haberleri\" href=\"http:\/\/www.haberler.com\/disisleri-bakanligi\/\">D\u0131\u015fi\u015fleri Bakanl\u0131\u011f\u0131<\/a>&#8216;nda Ortak G\u00fcvenlik ve D\u0131\u015f Politika Departman\u0131 Genel M\u00fcd\u00fcr\u00fc olarak g\u00f6rev yap\u0131yordu.<\/p>\n<div id=\"bghab-2877106778\" class=\"bghab-yazi-altinda bghab-entity-placement\"><script async src=\"https:\/\/pagead2.googlesyndication.com\/pagead\/js\/adsbygoogle.js\"><\/script>\r\n<!-- bghaber-yaz\u0131-sonu -->\r\n<ins class=\"adsbygoogle\"\r\n     style=\"display:block\"\r\n     data-ad-client=\"ca-pub-6203283170189293\"\r\n     data-ad-slot=\"4222328180\"\r\n     data-ad-format=\"auto\"\r\n     data-full-width-responsive=\"true\"><\/ins>\r\n<script>\r\n     (adsbygoogle = window.adsbygoogle || []).push({});\r\n<\/script><\/div><br style=\"clear: both; display: block; float: none;\"\/>","protected":false},"excerpt":{"rendered":"<p>Cumhurba\u015fkan\u0131 Recep Tayyip Erdo\u011fan, Slovenya B\u00fcy\u00fckel\u00e7isi Igor Jukic&#8217;iCumhurba\u015fkanl\u0131\u011f\u0131 Saray\u0131&#8216;nda kabul etti. Kabulde Slovenya B\u00fcy\u00fckel\u00e7isi Jukic,Cumhurba\u015fkan\u0131 Erdo\u011fan&#8216;a g\u00fcven mektubu sundu. Jukic, daha \u00f6nce Slovenya D\u0131\u015fi\u015fleri Bakanl\u0131\u011f\u0131&#8216;nda<\/p>\n","protected":false},"author":13,"featured_media":16856,"comment_status":"closed","ping_status":"closed","sticky":false,"template":"","format":"standard","meta":{"advanced_seo_description":"","jetpack_seo_html_title":"","jetpack_seo_noindex":false,"jetpack_seo_schema_type":"","_jetpack_newsletter_access":"","_jetpack_dont_email_post_to_subs":false,"_jetpack_newsletter_tier_id":0,"_jetpack_memberships_contains_paywalled_content":false,"_jetpack_feature_clip_id":0,"_jetpack_memberships_contains_paid_content":false,"footnotes":"","jetpack_post_was_ever_published":false},"categories":[4],"tags":[],"class_list":["post-16854","post","type-post","status-publish","format-standard","has-post-thumbnail","hentry","category-siyaset"],"jetpack_sharing_enabled":true,"jetpack_likes_enabled":true,"jetpack-related-posts":[],"jetpack_shortlink":"https:\/\/wp.me\/pc2PfJ-4nQ","jetpack_featured_media_url":"https:\/\/i0.wp.com\/www.bghaber.org\/bghaber\/wp-content\/uploads\/2015\/11\/Ankara-Buyukelc.jpg?fit=628%2C369&ssl=1","_links":{"self":[{"href":"https:\/\/www.bghaber.org\/bghaber\/wp-json\/wp\/v2\/posts\/16854","targetHints":{"allow":["GET"]}}],"collection":[{"href":"https:\/\/www.bghaber.org\/bghaber\/wp-json\/wp\/v2\/posts"}],"about":[{"href":"https:\/\/www.bghaber.org\/bghaber\/wp-json\/wp\/v2\/types\/post"}],"author":[{"embeddable":true,"href":"https:\/\/www.bghaber.org\/bghaber\/wp-json\/wp\/v2\/users\/13"}],"replies":[{"embeddable":true,"href":"https:\/\/www.bghaber.org\/bghaber\/wp-json\/wp\/v2\/comments?post=16854"}],"version-history":[{"count":0,"href":"https:\/\/www.bghaber.org\/bghaber\/wp-json\/wp\/v2\/posts\/16854\/revisions"}],"wp:featuredmedia":[{"embeddable":true,"href":"https:\/\/www.bghaber.org\/bghaber\/wp-json\/wp\/v2\/media\/16856"}],"wp:attachment":[{"href":"https:\/\/www.bghaber.org\/bghaber\/wp-json\/wp\/v2\/media?parent=16854"}],"wp:term":[{"taxonomy":"category","embeddable":true,"href":"https:\/\/www.bghaber.org\/bghaber\/wp-json\/wp\/v2\/categories?post=16854"},{"taxonomy":"post_tag","embeddable":true,"href":"https:\/\/www.bghaber.org\/bghaber\/wp-json\/wp\/v2\/tags?post=16854"}],"curies":[{"name":"wp","href":"https:\/\/api.w.org\/{rel}","templated":true}]}}