{"id":16849,"date":"2015-11-07T20:37:11","date_gmt":"2015-11-07T18:37:11","guid":{"rendered":"http:\/\/www.bghaber.org\/bghaber\/?p=16849"},"modified":"2015-11-07T20:37:11","modified_gmt":"2015-11-07T18:37:11","slug":"bulgaristandaki-polis-gosterileri","status":"publish","type":"post","link":"https:\/\/www.bghaber.org\/bghaber\/bulgaristandaki-polis-gosterileri\/","title":{"rendered":"Bulgaristan&#8217;daki Polis G\u00f6sterileri"},"content":{"rendered":"<p><a class=\"keyword\" title=\"Bulgaristan Haberleri\" href=\"http:\/\/www.haberler.com\/bulgaristan\/\">Bulgaristan<\/a>&#8216;da\u00a0h\u00fck\u00fcmetin\u00a0uygulamaya \u00e7al\u0131\u015ft\u0131\u011f\u0131\u00a0kemer s\u0131kma politikas\u0131 \u00e7er\u00e7evesinde, g\u00fcvenlik sekt\u00f6r\u00fc \u00e7al\u0131\u015fanlar\u0131n\u0131n 20 br\u00fct maa\u015f emeklilik ve istifa tazminat\u0131n\u0131n yar\u0131ya d\u00fc\u015f\u00fcr\u00fclmesi karar\u0131na\u00a0kar\u015f\u0131 protestolar\u00a0s\u00fcrerken, iki bin\u00a0polis g\u00f6revinden\u00a0istifa etti.<\/p>\n<p>Maliye Bakan\u0131 Vladislav Goranov&#8217;un <a class=\"keyword\" title=\"\u0130\u00e7i\u015fleri Bakanl\u0131\u011f\u0131 Haberleri\" href=\"http:\/\/www.haberler.com\/icisleri-bakanligi\/\">\u0130\u00e7i\u015fleri Bakanl\u0131\u011f\u0131<\/a> \u00c7al\u0131\u015fanlar\u0131 <a class=\"keyword\" title=\"Sendika Haberleri\" href=\"http:\/\/www.haberler.com\/sendika\/\">Sendika<\/a> Federasyonu (SFSMVR) Ba\u015fkan\u0131 Valentin Popov ile yapt\u0131\u011f\u0131 g\u00f6r\u00fc\u015fmenin ard\u0131ndan protestolara kat\u0131lan 2 bin polisin toplu halde istifa dilek\u00e7elerini sunduklar\u0131 bildirildi.<\/p>\n<p>G\u00f6r\u00fc\u015fmenin ard\u0131ndan bir a\u00e7\u0131klama yapan Bakan Goranov, halen \u00e7al\u0131\u015fan personel i\u00e7in 20 maa\u015f tazminat\u0131n\u0131n ge\u00e7erli oldu\u011funu \u00f6ne s\u00fcrerek, polislerden\u00a0toplu halde g\u00f6revlerinden istifa etmekten vazge\u00e7meleri \u00e7a\u011fr\u0131s\u0131nda bulundu.\u00a0Goranov, tazminat konusunun parlamentonun kabul edece\u011fi yeni b\u00fct\u00e7e kanununda karara ba\u011flanaca\u011f\u0131n\u0131 da s\u00f6zlerine ekledi.<\/p>\n<div id=\"inrool_inread\"><\/div>\n<p><a class=\"keyword\" title=\"Sendika Haberleri\" href=\"http:\/\/www.haberler.com\/sendika\/\">Sendika<\/a> Ba\u015fkan\u0131 Popov ise, g\u00fcvenlik sekt\u00f6r\u00fc \u00e7al\u0131\u015fanlar\u0131n haklar\u0131n\u0131 sonuna kadar\u00a0savunacaklar\u0131n\u0131 belirterek, \u00fclkede \u00fc\u00e7 g\u00fcnd\u00fcr sivil k\u0131yafetle sokaklara d\u00f6k\u00fclen polislerin g\u00f6sterilere\u00a0devam edece\u011fini\u00a0ifade etti.<\/p>\n<p>Toplant\u0131ya kat\u0131lan Cezaevleri Gardiyanlar\u0131 Sendikas\u0131&#8217;n\u0131n lideri \u0130van Petrov da protestolar\u0131n hakl\u0131 oldu\u011funu ve haklar\u0131n\u0131 geri alana\u00a0kadar da m\u00fccadelelerini s\u00fcrd\u00fcreceklerini\u00a0duyurdu.<\/p><div id=\"bghab-3164575577\" class=\"bghab-icerik-icine bghab-entity-placement\"><script async src=\"\/\/pagead2.googlesyndication.com\/pagead\/js\/adsbygoogle.js?client=ca-pub-6203283170189293\" crossorigin=\"anonymous\"><\/script><ins class=\"adsbygoogle\" style=\"display:block; text-align:center;\" data-ad-client=\"ca-pub-6203283170189293\" \ndata-ad-slot=\"7303146466\" \ndata-ad-layout=\"in-article\"\ndata-ad-format=\"fluid\" data-full-width-responsive=\"true\"><\/ins>\n<script> \n(adsbygoogle = window.adsbygoogle || []).push({}); \n<\/script>\n<\/div>\n<p>Petrov, n\u00fcfusu yakla\u015f\u0131k 7 milyon\u00a0olan <a class=\"keyword\" title=\"Bulgaristan Haberleri\" href=\"http:\/\/www.haberler.com\/bulgaristan\/\">Bulgaristan<\/a>&#8216;da say\u0131s\u0131 100 bini bulan\u00a0g\u00fcvenlik sekt\u00f6r\u00fc \u00e7al\u0131\u015fanlar\u0131ndan sadece 10 bininin istifa etmesi durumunda en az 100 milyon avro tazminat\u00a0\u00f6dememek zorunda olaca\u011f\u0131n\u0131 ve\u00a0devletin b\u00fcy\u00fck zarar g\u00f6rece\u011fini savundu.\u00a0Petrov, <a class=\"keyword\" title=\"\u0130\u00e7i\u015fleri Bakanl\u0131\u011f\u0131 Haberleri\" href=\"http:\/\/www.haberler.com\/icisleri-bakanligi\/\">\u0130\u00e7i\u015fleri Bakanl\u0131\u011f\u0131<\/a>&#8216;n\u0131n b\u00fcnyesinde\u00a0itfaiye, askeri personel, gardiyan gibi\u00a0g\u00f6revlilerin\u00a0de \u00e7al\u0131\u015ft\u0131\u011f\u0131n\u0131 an\u0131msatt\u0131.<\/p>\n<p><a class=\"keyword\" title=\"Bulgaristan Haberleri\" href=\"http:\/\/www.haberler.com\/bulgaristan\/\">Bulgaristan<\/a>&#8216;daki g\u00fcvenlik sekt\u00f6r\u00fc \u00e7al\u0131\u015fanlar\u0131n tepkisine\u00a0ele\u015ftirel yakla\u015fan \u0130\u00e7i\u015fleri Bakan\u0131 Rumyana B\u0131\u00e7varova, istifa eden herkesin dilek\u00e7esinin kabul edilece\u011fini duyurmu\u015ftu.<\/p>\n<p>\u00dclke genelinde halktan destek g\u00f6rmeyen protestolar\u0131n\u0131 s\u00fcrd\u00fcren polisler ise \u00fc\u00e7 g\u00fcnd\u00fcr kilit ula\u015f\u0131m noktalar\u0131nda trafi\u011fi engelleyerek <a class=\"keyword\" title=\"h\u00fck\u00fcmet Haberleri\" href=\"http:\/\/www.haberler.com\/hukumet\/\">h\u00fck\u00fcmet<\/a> kar\u015f\u0131t\u0131 sloganlar at\u0131yor.<\/p>\n<p>Pazar g\u00fcn\u00fc ise \u00a0Sofya&#8217;daki <a class=\"keyword\" title=\"parlamento Haberleri\" href=\"http:\/\/www.haberler.com\/parlamento\/\">parlamento<\/a> binas\u0131n\u0131n \u00f6n\u00fcnde on binlerce memurun kat\u0131lmas\u0131yla\u00a0b\u00fcy\u00fck protesto eyleminin d\u00fczenlenmesi bekleniyor.<\/p>\n<div id=\"bghab-442072372\" class=\"bghab-yazi-altinda bghab-entity-placement\"><script async src=\"https:\/\/pagead2.googlesyndication.com\/pagead\/js\/adsbygoogle.js\"><\/script>\r\n<!-- bghaber-yaz\u0131-sonu -->\r\n<ins class=\"adsbygoogle\"\r\n     style=\"display:block\"\r\n     data-ad-client=\"ca-pub-6203283170189293\"\r\n     data-ad-slot=\"4222328180\"\r\n     data-ad-format=\"auto\"\r\n     data-full-width-responsive=\"true\"><\/ins>\r\n<script>\r\n     (adsbygoogle = window.adsbygoogle || []).push({});\r\n<\/script><\/div><br style=\"clear: both; display: block; float: none;\"\/>","protected":false},"excerpt":{"rendered":"<p>Bulgaristan&#8216;da\u00a0h\u00fck\u00fcmetin\u00a0uygulamaya \u00e7al\u0131\u015ft\u0131\u011f\u0131\u00a0kemer s\u0131kma politikas\u0131 \u00e7er\u00e7evesinde, g\u00fcvenlik sekt\u00f6r\u00fc \u00e7al\u0131\u015fanlar\u0131n\u0131n 20 br\u00fct maa\u015f emeklilik ve istifa tazminat\u0131n\u0131n yar\u0131ya d\u00fc\u015f\u00fcr\u00fclmesi karar\u0131na\u00a0kar\u015f\u0131 protestolar\u00a0s\u00fcrerken, iki bin\u00a0polis g\u00f6revinden\u00a0istifa etti. Maliye Bakan\u0131<\/p>\n","protected":false},"author":13,"featured_media":4556,"comment_status":"closed","ping_status":"closed","sticky":false,"template":"","format":"standard","meta":{"advanced_seo_description":"","jetpack_seo_html_title":"","jetpack_seo_noindex":false,"jetpack_seo_schema_type":"","_jetpack_newsletter_access":"","_jetpack_dont_email_post_to_subs":false,"_jetpack_newsletter_tier_id":0,"_jetpack_memberships_contains_paywalled_content":false,"_jetpack_feature_clip_id":0,"_jetpack_memberships_contains_paid_content":false,"footnotes":"","jetpack_post_was_ever_published":false},"categories":[5],"tags":[],"class_list":["post-16849","post","type-post","status-publish","format-standard","has-post-thumbnail","hentry","category-yasam"],"jetpack_sharing_enabled":true,"jetpack_likes_enabled":true,"jetpack-related-posts":[],"jetpack_shortlink":"https:\/\/wp.me\/pc2PfJ-4nL","jetpack_featured_media_url":"https:\/\/i0.wp.com\/www.bghaber.org\/bghaber\/wp-content\/uploads\/2013\/08\/sofya-polis.jpg?fit=288%2C192&ssl=1","_links":{"self":[{"href":"https:\/\/www.bghaber.org\/bghaber\/wp-json\/wp\/v2\/posts\/16849","targetHints":{"allow":["GET"]}}],"collection":[{"href":"https:\/\/www.bghaber.org\/bghaber\/wp-json\/wp\/v2\/posts"}],"about":[{"href":"https:\/\/www.bghaber.org\/bghaber\/wp-json\/wp\/v2\/types\/post"}],"author":[{"embeddable":true,"href":"https:\/\/www.bghaber.org\/bghaber\/wp-json\/wp\/v2\/users\/13"}],"replies":[{"embeddable":true,"href":"https:\/\/www.bghaber.org\/bghaber\/wp-json\/wp\/v2\/comments?post=16849"}],"version-history":[{"count":0,"href":"https:\/\/www.bghaber.org\/bghaber\/wp-json\/wp\/v2\/posts\/16849\/revisions"}],"wp:featuredmedia":[{"embeddable":true,"href":"https:\/\/www.bghaber.org\/bghaber\/wp-json\/wp\/v2\/media\/4556"}],"wp:attachment":[{"href":"https:\/\/www.bghaber.org\/bghaber\/wp-json\/wp\/v2\/media?parent=16849"}],"wp:term":[{"taxonomy":"category","embeddable":true,"href":"https:\/\/www.bghaber.org\/bghaber\/wp-json\/wp\/v2\/categories?post=16849"},{"taxonomy":"post_tag","embeddable":true,"href":"https:\/\/www.bghaber.org\/bghaber\/wp-json\/wp\/v2\/tags?post=16849"}],"curies":[{"name":"wp","href":"https:\/\/api.w.org\/{rel}","templated":true}]}}