{"id":1672,"date":"2013-05-19T14:42:24","date_gmt":"2013-05-19T11:42:24","guid":{"rendered":"http:\/\/bghaber.org\/bghaber\/?p=1672"},"modified":"2019-07-18T23:57:37","modified_gmt":"2019-07-18T21:57:37","slug":"cebel-anma-gunu","status":"publish","type":"post","link":"https:\/\/www.bghaber.org\/bghaber\/cebel-anma-gunu\/","title":{"rendered":"Cebel Anma G\u00fcn\u00fc"},"content":{"rendered":"<p>19 May\u0131s 1989 y\u0131l\u0131nda d\u00f6nemin totaliter kom\u00fcnist rejimine kar\u015f\u0131 K\u0131rcaali\u2019nin Cebel kasabas\u0131nda T\u00fcrklerin ba\u015flatt\u0131\u011f\u0131 protesto y\u00fcr\u00fcy\u00fc\u015flerinin y\u0131ld\u00f6n\u00fcm\u00fcnde binlerce T\u00fcrk\u00fcn Cebel\u2019e gelmesi bekleniyor.\u00a0<!--more--><\/p>\n<p><b>\u00a0CEBEL OLAYLARI\u00a0<\/b><br \/>\n19 May\u0131s 1989 tarihinde y\u00fczlerce T\u00fcrk ayaklan\u0131p totaliter rejime kar\u015f\u0131 y\u00fcr\u00fcy\u00fc\u015f yapt\u0131. \u0130stekleri zorla al\u0131nan isimlerinin geri verilmesi ve T\u00fcrklerin \u00f6zg\u00fcrl\u00fc\u011f\u00fcne kavu\u015fmas\u0131yd\u0131. O g\u00fcnden sonra Bulgaristan\u0131n tarihi de\u011fi\u015fti ve 35 y\u0131l T\u00fcrkleri bask\u0131 alt\u0131nda tutan rejim \u00e7\u00f6kt\u00fc.<\/p>\n<p><b>NE OLMU\u015eTU<\/b><br \/>\nCebel Belediye Ba\u015fkan\u0131 Bahri \u00d6mer, 19 May\u0131s 1989 tarihinde Cebel&#8217;in merkezinde ne oldu\u011funu anlat\u0131yor:<\/p>\n<p><iframe loading=\"lazy\" src=\"http:\/\/www.youtube.com\/embed\/tStQgD5aHvk\" height=\"315\" width=\"560\" allowfullscreen=\"\" frameborder=\"0\"><\/iframe><br \/>\n&nbsp;<\/p>\n<p><b>Cebel G\u00fcn\u00fc Program\u0131:\u00a0<\/b><br \/>\n9.30 \u2013 11.00 : Mevlid<br \/>\n10.00 &#8211; 11.00 : \u00d6\u011frenci gruplar\u0131n\u0131n g\u00f6sterileri<br \/>\n11.00 \u2013 13.30 : Belediye Ba\u015fkan\u0131 Bahri \u00d6mer, Cebel G\u00fcn\u00fc\u2019n\u00fcn a\u00e7\u0131l\u0131\u015f konu\u015fmas\u0131n\u0131 yapacak<br \/>\n13.30 \u2013 14.00 : Bayanlar Kul\u00fcb\u00fc\u2019n\u00fcn Yemek Sergisinin a\u00e7\u0131l\u0131\u015f\u0131<br \/>\n13.30 \u2013 17.00 : Folklor eki\u011fleri sahneye \u00e7\u0131kacak<br \/>\n14.30 \u2013 16.30 : Resepsiyon<br \/>\n20.00 : Hem\u015feriler Bulu\u015fmas\u0131<\/p>\n<p>Ajans Bg<\/p><div id=\"bghab-3227560083\" class=\"bghab-icerik-icine bghab-entity-placement\"><script async src=\"\/\/pagead2.googlesyndication.com\/pagead\/js\/adsbygoogle.js?client=ca-pub-6203283170189293\" crossorigin=\"anonymous\"><\/script><ins class=\"adsbygoogle\" style=\"display:block; text-align:center;\" data-ad-client=\"ca-pub-6203283170189293\" \ndata-ad-slot=\"7303146466\" \ndata-ad-layout=\"in-article\"\ndata-ad-format=\"fluid\" data-full-width-responsive=\"true\"><\/ins>\n<script> \n(adsbygoogle = window.adsbygoogle || []).push({}); \n<\/script>\n<\/div>\n<div id=\"bghab-489067399\" class=\"bghab-yazi-altinda bghab-entity-placement\"><script async src=\"https:\/\/pagead2.googlesyndication.com\/pagead\/js\/adsbygoogle.js\"><\/script>\r\n<!-- bghaber-yaz\u0131-sonu -->\r\n<ins class=\"adsbygoogle\"\r\n     style=\"display:block\"\r\n     data-ad-client=\"ca-pub-6203283170189293\"\r\n     data-ad-slot=\"4222328180\"\r\n     data-ad-format=\"auto\"\r\n     data-full-width-responsive=\"true\"><\/ins>\r\n<script>\r\n     (adsbygoogle = window.adsbygoogle || []).push({});\r\n<\/script><\/div><br style=\"clear: both; display: block; float: none;\"\/>","protected":false},"excerpt":{"rendered":"<p>19 May\u0131s 1989 y\u0131l\u0131nda d\u00f6nemin totaliter kom\u00fcnist rejimine kar\u015f\u0131 K\u0131rcaali\u2019nin Cebel kasabas\u0131nda T\u00fcrklerin ba\u015flatt\u0131\u011f\u0131 protesto y\u00fcr\u00fcy\u00fc\u015flerinin y\u0131ld\u00f6n\u00fcm\u00fcnde binlerce T\u00fcrk\u00fcn Cebel\u2019e gelmesi bekleniyor.\u00a0<\/p>\n","protected":false},"author":29,"featured_media":1624,"comment_status":"closed","ping_status":"closed","sticky":false,"template":"","format":"standard","meta":{"advanced_seo_description":"","jetpack_seo_html_title":"","jetpack_seo_noindex":false,"jetpack_seo_schema_type":"","_jetpack_newsletter_access":"","_jetpack_dont_email_post_to_subs":false,"_jetpack_newsletter_tier_id":0,"_jetpack_memberships_contains_paywalled_content":false,"_jetpack_feature_clip_id":0,"_jetpack_memberships_contains_paid_content":false,"footnotes":"","jetpack_post_was_ever_published":false},"categories":[10],"tags":[30,136,32],"class_list":["post-1672","post","type-post","status-publish","format-standard","has-post-thumbnail","hentry","category-kultur-sanat","tag-bulgaristan","tag-cebel","tag-kircaali"],"jetpack_sharing_enabled":true,"jetpack_likes_enabled":true,"jetpack-related-posts":[],"jetpack_shortlink":"https:\/\/wp.me\/pc2PfJ-qY","jetpack_featured_media_url":"https:\/\/i0.wp.com\/www.bghaber.org\/bghaber\/wp-content\/uploads\/2013\/05\/cebel-mayis-olaylari.jpg?fit=400%2C300&ssl=1","_links":{"self":[{"href":"https:\/\/www.bghaber.org\/bghaber\/wp-json\/wp\/v2\/posts\/1672","targetHints":{"allow":["GET"]}}],"collection":[{"href":"https:\/\/www.bghaber.org\/bghaber\/wp-json\/wp\/v2\/posts"}],"about":[{"href":"https:\/\/www.bghaber.org\/bghaber\/wp-json\/wp\/v2\/types\/post"}],"author":[{"embeddable":true,"href":"https:\/\/www.bghaber.org\/bghaber\/wp-json\/wp\/v2\/users\/29"}],"replies":[{"embeddable":true,"href":"https:\/\/www.bghaber.org\/bghaber\/wp-json\/wp\/v2\/comments?post=1672"}],"version-history":[{"count":0,"href":"https:\/\/www.bghaber.org\/bghaber\/wp-json\/wp\/v2\/posts\/1672\/revisions"}],"wp:featuredmedia":[{"embeddable":true,"href":"https:\/\/www.bghaber.org\/bghaber\/wp-json\/wp\/v2\/media\/1624"}],"wp:attachment":[{"href":"https:\/\/www.bghaber.org\/bghaber\/wp-json\/wp\/v2\/media?parent=1672"}],"wp:term":[{"taxonomy":"category","embeddable":true,"href":"https:\/\/www.bghaber.org\/bghaber\/wp-json\/wp\/v2\/categories?post=1672"},{"taxonomy":"post_tag","embeddable":true,"href":"https:\/\/www.bghaber.org\/bghaber\/wp-json\/wp\/v2\/tags?post=1672"}],"curies":[{"name":"wp","href":"https:\/\/api.w.org\/{rel}","templated":true}]}}