{"id":1623,"date":"2013-05-17T15:41:16","date_gmt":"2013-05-17T12:41:16","guid":{"rendered":"http:\/\/bghaber.org\/bghaber\/?p=1623"},"modified":"2019-07-18T23:57:38","modified_gmt":"2019-07-18T21:57:38","slug":"cebelde-mayis-olaylari-anilacak","status":"publish","type":"post","link":"https:\/\/www.bghaber.org\/bghaber\/cebelde-mayis-olaylari-anilacak\/","title":{"rendered":"Cebel\u2019de May\u0131s Olaylar\u0131 an\u0131lacak"},"content":{"rendered":"<p>Cebel\u2019de bu y\u0131l da Todor Jivkov\u2019u iktidardan d\u00fc\u015f\u00fcren May\u0131s Olaylar\u0131\u2019n\u0131 anma t\u00f6reni ger\u00e7ekle\u015ftirilecek. Bundan 24 y\u0131l \u00f6nce Cebel\u2019de asimilasyon politikas\u0131na kar\u015f\u0131 ilk ayaklanmalar oldu. Gelenek \u00fczere 19 May\u0131s Cebel G\u00fcn\u00fc olarak da kutlan\u0131yor.<!--more--><br \/>\n<a href=\"https:\/\/i0.wp.com\/bghaber.org\/bghaber\/wp-content\/uploads\/2013\/05\/cebel-mayis-olaylari.jpg\"><img data-recalc-dims=\"1\" loading=\"lazy\" decoding=\"async\" class=\"size-medium wp-image-1624 alignright\" alt=\"cebel-mayis-olaylari\" src=\"https:\/\/i0.wp.com\/bghaber.org\/bghaber\/wp-content\/uploads\/2013\/05\/cebel-mayis-olaylari-300x225.jpg?resize=300%2C225\" width=\"300\" height=\"225\" srcset=\"https:\/\/i0.wp.com\/www.bghaber.org\/bghaber\/wp-content\/uploads\/2013\/05\/cebel-mayis-olaylari.jpg?resize=300%2C225&amp;ssl=1 300w, https:\/\/i0.wp.com\/www.bghaber.org\/bghaber\/wp-content\/uploads\/2013\/05\/cebel-mayis-olaylari.jpg?resize=320%2C240&amp;ssl=1 320w, https:\/\/i0.wp.com\/www.bghaber.org\/bghaber\/wp-content\/uploads\/2013\/05\/cebel-mayis-olaylari.jpg?w=400&amp;ssl=1 400w\" sizes=\"auto, (max-width: 300px) 100vw, 300px\" \/><\/a>Programa daha 18 May\u0131s\u2019ta bri\u00e7 turnuvas\u0131 ve \u00e7e\u015fitli spor etkinlikleriyle start verilecek.<\/p>\n<p>19 May\u0131s\u2019ta saat 9.30 \u2013 11.00 aras\u0131 camide Bulgarla\u015ft\u0131rma s\u00fcreci \u015fehitlerinin an\u0131s\u0131na mevlit okunacak.<\/p>\n<p>Saat 9.30 \u2013 10.00 aras\u0131 asfaltta resim \u00e7izimleri yap\u0131lacak.<\/p>\n<p>Saat 10.00 &#8211; 11.00 aras\u0131 Birle\u015fik \u00c7ocuk Merkezi, \u0130zgrev ve Pripek k\u00f6y\u00fcndeki anaokullar\u0131ndan \u00e7ocuk gruplar\u0131 g\u00f6steriler sunacak.<\/p>\n<p>Saat 11.00 \u2013 13.30 aras\u0131 Cebel Belediye Ba\u015fkan\u0131 Bahri \u00d6mer, Cebel G\u00fcn\u00fc ve anma t\u00f6reninin a\u00e7\u0131l\u0131\u015f\u0131n\u0131 yapacak, resmi konuklardan selamlamalar olacak, spor yar\u0131\u015fmalar\u0131nda birinci olanlara \u00f6d\u00fcller verilecek.<\/p><div id=\"bghab-2845332387\" class=\"bghab-icerik-icine bghab-entity-placement\"><script async src=\"\/\/pagead2.googlesyndication.com\/pagead\/js\/adsbygoogle.js?client=ca-pub-6203283170189293\" crossorigin=\"anonymous\"><\/script><ins class=\"adsbygoogle\" style=\"display:block; text-align:center;\" data-ad-client=\"ca-pub-6203283170189293\" \ndata-ad-slot=\"7303146466\" \ndata-ad-layout=\"in-article\"\ndata-ad-format=\"fluid\" data-full-width-responsive=\"true\"><\/ins>\n<script> \n(adsbygoogle = window.adsbygoogle || []).push({}); \n<\/script>\n<\/div>\n<p>Saat 13.30 \u2013 14.00 aras\u0131 bayanlar Kul\u00fcb\u00fc\u2019nde yemek sergisi a\u00e7\u0131lacak.<\/p>\n<p>Saat 13.30 \u2013 17.00 aras\u0131 zengin m\u00fczik ve folklor program\u0131 sunulacak.<\/p>\n<p>Saat 14.30 \u2013 16.30 aras\u0131 Belediye \u0130daresi\u2019nde resepsiyon d\u00fczenlenecek.<\/p>\n<p>Cebel G\u00fcn\u00fc kutlamas\u0131 saat 20.00\u2019de ba\u015flayacak Hem\u015feriler Bulu\u015fmas\u0131 ile sona erecek.<\/p>\n<p>&nbsp;<\/p>\n<p>K\u0131rcaali Haber<\/p><div id=\"bghab-3473490860\" class=\"bghab-icerik-icine-10-paragraf bghab-entity-placement\"><script async src=\"\/\/pagead2.googlesyndication.com\/pagead\/js\/adsbygoogle.js?client=ca-pub-6203283170189293\" crossorigin=\"anonymous\"><\/script><ins class=\"adsbygoogle\" style=\"display:block; text-align:center;\" data-ad-client=\"ca-pub-6203283170189293\" \ndata-ad-slot=\"7303146466\" \ndata-ad-layout=\"in-article\"\ndata-ad-format=\"fluid\" data-full-width-responsive=\"true\"><\/ins>\n<script> \n(adsbygoogle = window.adsbygoogle || []).push({}); \n<\/script>\n<\/div>\n<div id=\"bghab-1065941662\" class=\"bghab-yazi-altinda bghab-entity-placement\"><script async src=\"https:\/\/pagead2.googlesyndication.com\/pagead\/js\/adsbygoogle.js\"><\/script>\r\n<!-- bghaber-yaz\u0131-sonu -->\r\n<ins class=\"adsbygoogle\"\r\n     style=\"display:block\"\r\n     data-ad-client=\"ca-pub-6203283170189293\"\r\n     data-ad-slot=\"4222328180\"\r\n     data-ad-format=\"auto\"\r\n     data-full-width-responsive=\"true\"><\/ins>\r\n<script>\r\n     (adsbygoogle = window.adsbygoogle || []).push({});\r\n<\/script><\/div><br style=\"clear: both; display: block; float: none;\"\/>","protected":false},"excerpt":{"rendered":"<p>Cebel\u2019de bu y\u0131l da Todor Jivkov\u2019u iktidardan d\u00fc\u015f\u00fcren May\u0131s Olaylar\u0131\u2019n\u0131 anma t\u00f6reni ger\u00e7ekle\u015ftirilecek. Bundan 24 y\u0131l \u00f6nce Cebel\u2019de asimilasyon politikas\u0131na kar\u015f\u0131 ilk ayaklanmalar oldu. Gelenek<\/p>\n","protected":false},"author":29,"featured_media":1624,"comment_status":"closed","ping_status":"closed","sticky":false,"template":"","format":"standard","meta":{"advanced_seo_description":"","jetpack_seo_html_title":"","jetpack_seo_noindex":false,"jetpack_seo_schema_type":"","_jetpack_newsletter_access":"","_jetpack_dont_email_post_to_subs":false,"_jetpack_newsletter_tier_id":0,"_jetpack_memberships_contains_paywalled_content":false,"_jetpack_feature_clip_id":0,"_jetpack_memberships_contains_paid_content":false,"footnotes":"","jetpack_post_was_ever_published":false},"categories":[10],"tags":[30,136,32],"class_list":["post-1623","post","type-post","status-publish","format-standard","has-post-thumbnail","hentry","category-kultur-sanat","tag-bulgaristan","tag-cebel","tag-kircaali"],"jetpack_sharing_enabled":true,"jetpack_likes_enabled":true,"jetpack-related-posts":[],"jetpack_shortlink":"https:\/\/wp.me\/pc2PfJ-qb","jetpack_featured_media_url":"https:\/\/i0.wp.com\/www.bghaber.org\/bghaber\/wp-content\/uploads\/2013\/05\/cebel-mayis-olaylari.jpg?fit=400%2C300&ssl=1","_links":{"self":[{"href":"https:\/\/www.bghaber.org\/bghaber\/wp-json\/wp\/v2\/posts\/1623","targetHints":{"allow":["GET"]}}],"collection":[{"href":"https:\/\/www.bghaber.org\/bghaber\/wp-json\/wp\/v2\/posts"}],"about":[{"href":"https:\/\/www.bghaber.org\/bghaber\/wp-json\/wp\/v2\/types\/post"}],"author":[{"embeddable":true,"href":"https:\/\/www.bghaber.org\/bghaber\/wp-json\/wp\/v2\/users\/29"}],"replies":[{"embeddable":true,"href":"https:\/\/www.bghaber.org\/bghaber\/wp-json\/wp\/v2\/comments?post=1623"}],"version-history":[{"count":0,"href":"https:\/\/www.bghaber.org\/bghaber\/wp-json\/wp\/v2\/posts\/1623\/revisions"}],"wp:featuredmedia":[{"embeddable":true,"href":"https:\/\/www.bghaber.org\/bghaber\/wp-json\/wp\/v2\/media\/1624"}],"wp:attachment":[{"href":"https:\/\/www.bghaber.org\/bghaber\/wp-json\/wp\/v2\/media?parent=1623"}],"wp:term":[{"taxonomy":"category","embeddable":true,"href":"https:\/\/www.bghaber.org\/bghaber\/wp-json\/wp\/v2\/categories?post=1623"},{"taxonomy":"post_tag","embeddable":true,"href":"https:\/\/www.bghaber.org\/bghaber\/wp-json\/wp\/v2\/tags?post=1623"}],"curies":[{"name":"wp","href":"https:\/\/api.w.org\/{rel}","templated":true}]}}