{"id":1618,"date":"2013-05-17T15:37:02","date_gmt":"2013-05-17T12:37:02","guid":{"rendered":"http:\/\/bghaber.org\/bghaber\/?p=1618"},"modified":"2019-07-18T23:49:05","modified_gmt":"2019-07-18T21:49:05","slug":"borisov-yapilan-secimlerin-iptalini-isteyecek","status":"publish","type":"post","link":"https:\/\/www.bghaber.org\/bghaber\/borisov-yapilan-secimlerin-iptalini-isteyecek\/","title":{"rendered":"Borisov yap\u0131lan se\u00e7imlerin iptalini isteyecek"},"content":{"rendered":"<p>Bulgaristan&#8217;\u0131n eski Ba\u015fbakan\u0131 Boyko Borisov, Pazar g\u00fcn\u00fc yap\u0131lan genel se\u00e7im sonu\u00e7lar\u0131n\u0131n iptalini isteyeceklerini bildirdi. Borisov&#8217;un lideri oldu\u011fu merkez sa\u011fdaki GERB partisi se\u00e7imlerde en \u00e7ok oy olan parti olmu\u015f, ancak tek ba\u015f\u0131na h\u00fck\u00fcmet kurmaya yetecek \u00e7o\u011funlu\u011fu elde edememi\u015fti.<!--more--><br \/>\n<a href=\"https:\/\/i0.wp.com\/bghaber.org\/bghaber\/wp-content\/uploads\/2013\/05\/boyko-borisov.jpg\"><img data-recalc-dims=\"1\" loading=\"lazy\" decoding=\"async\" class=\"size-medium wp-image-1363 alignright\" alt=\"boyko-borisov\" src=\"https:\/\/i0.wp.com\/bghaber.org\/bghaber\/wp-content\/uploads\/2013\/05\/boyko-borisov-240x300.jpg?resize=157%2C196\" width=\"157\" height=\"196\" \/><\/a>Borisov, se\u00e7im yasalar\u0131n\u0131n ihlal edildi\u011fi gerek\u00e7esiyle sonucun iptalini istiyor.<br \/>\nEski ba\u015fbakan, gazetecilere yapt\u0131\u011f\u0131 a\u00e7\u0131klamada, &#8220;Bulgaristan&#8217;\u0131n tarihinde belki de ilk kez, se\u00e7imi kazanan bir parti sonu\u00e7lara itiraz ediyor. Se\u00e7im arifesinde yasalar ihlal edildi. En iyisi tekrar se\u00e7ime gitmek&#8221; dedi.<\/p>\n<p>GERB partisi h\u00fck\u00fcmeti, d\u00fc\u015f\u00fck ya\u015fam standartlar\u0131 ve yayg\u0131n yolsuzlu\u011fa kar\u015f\u0131 yap\u0131lan protestolar sonucunda \u015eubat ay\u0131nda istifa etmek zorunda kalm\u0131\u015ft\u0131.<br \/>\nAvrupa Birli\u011fi&#8217;nin en yoksul \u00fclkesinde yap\u0131lan oylama \u00f6ncesinde se\u00e7menlerin ilgisiz oldu\u011fu ve hile yap\u0131ld\u0131\u011f\u0131 iddialar\u0131 yayg\u0131nla\u015fm\u0131\u015ft\u0131.<\/p>\n<p>Se\u00e7imlerde ortaya \u00e7\u0131kan tablo, 97 milletvekili \u00e7\u0131karan GERB partisinin 240 sandalyelik parlamentoda kurulacak h\u00fck\u00fcmete destek almas\u0131n\u0131 neredeyse imkans\u0131z hale getirdi.<br \/>\nSe\u00e7imlerde muhalefetteki Sosyalist Parti 84, T\u00fcrk az\u0131nl\u0131\u011f\u0131n partisi Hak ve \u00d6zg\u00fcrl\u00fckler Hareketi 36, radikal milliyet\u00e7i ATAKA partisi de 23 sandalye kazand\u0131.<\/p>\n<p>Sosyalist muhalefet, iktisat\u00e7\u0131 Plamen Ore\u015farski ba\u015fkanl\u0131\u011f\u0131nda, T\u00fcrklerin ve Ataka&#8217;n\u0131n da deste\u011fini alarak partiler \u00fcst\u00fc bir teknokratlar h\u00fck\u00fcmeti kurulmas\u0131ndan yana olduklar\u0131n\u0131 a\u00e7\u0131klad\u0131.<\/p>\n<p>Bulgaristan&#8217;da koalisyon kurma \u00e7al\u0131\u015fmalar\u0131n\u0131n yar\u0131n ba\u015flamas\u0131 bekleniyordu.<br \/>\nAncak g\u00f6zlemciler istikrarl\u0131 bir h\u00fck\u00fcmet kurulmas\u0131 olas\u0131l\u0131\u011f\u0131n\u0131n d\u00fc\u015f\u00fck oldu\u011funu belirtiyor.<\/p><div id=\"bghab-1333484090\" class=\"bghab-icerik-icine bghab-entity-placement\"><script async src=\"\/\/pagead2.googlesyndication.com\/pagead\/js\/adsbygoogle.js?client=ca-pub-6203283170189293\" crossorigin=\"anonymous\"><\/script><ins class=\"adsbygoogle\" style=\"display:block; text-align:center;\" data-ad-client=\"ca-pub-6203283170189293\" \ndata-ad-slot=\"7303146466\" \ndata-ad-layout=\"in-article\"\ndata-ad-format=\"fluid\" data-full-width-responsive=\"true\"><\/ins>\n<script> \n(adsbygoogle = window.adsbygoogle || []).push({}); \n<\/script>\n<\/div>\n<div id=\"bghab-1264855907\" class=\"bghab-yazi-altinda bghab-entity-placement\"><script async src=\"https:\/\/pagead2.googlesyndication.com\/pagead\/js\/adsbygoogle.js\"><\/script>\r\n<!-- bghaber-yaz\u0131-sonu -->\r\n<ins class=\"adsbygoogle\"\r\n     style=\"display:block\"\r\n     data-ad-client=\"ca-pub-6203283170189293\"\r\n     data-ad-slot=\"4222328180\"\r\n     data-ad-format=\"auto\"\r\n     data-full-width-responsive=\"true\"><\/ins>\r\n<script>\r\n     (adsbygoogle = window.adsbygoogle || []).push({});\r\n<\/script><\/div><br style=\"clear: both; display: block; float: none;\"\/>","protected":false},"excerpt":{"rendered":"<p>Bulgaristan&#8217;\u0131n eski Ba\u015fbakan\u0131 Boyko Borisov, Pazar g\u00fcn\u00fc yap\u0131lan genel se\u00e7im sonu\u00e7lar\u0131n\u0131n iptalini isteyeceklerini bildirdi. Borisov&#8217;un lideri oldu\u011fu merkez sa\u011fdaki GERB partisi se\u00e7imlerde en \u00e7ok oy<\/p>\n","protected":false},"author":29,"featured_media":1363,"comment_status":"closed","ping_status":"closed","sticky":false,"template":"","format":"standard","meta":{"advanced_seo_description":"","jetpack_seo_html_title":"","jetpack_seo_noindex":false,"jetpack_seo_schema_type":"","_jetpack_newsletter_access":"","_jetpack_dont_email_post_to_subs":false,"_jetpack_newsletter_tier_id":0,"_jetpack_memberships_contains_paywalled_content":false,"_jetpack_feature_clip_id":0,"_jetpack_memberships_contains_paid_content":false,"footnotes":"","jetpack_post_was_ever_published":false},"categories":[4],"tags":[122,30,114],"class_list":["post-1618","post","type-post","status-publish","format-standard","has-post-thumbnail","hentry","category-siyaset","tag-boyko-borisov","tag-bulgaristan","tag-gerb"],"jetpack_sharing_enabled":true,"jetpack_likes_enabled":true,"jetpack-related-posts":[],"jetpack_shortlink":"https:\/\/wp.me\/pc2PfJ-q6","jetpack_featured_media_url":"https:\/\/i0.wp.com\/www.bghaber.org\/bghaber\/wp-content\/uploads\/2013\/05\/boyko-borisov.jpg?fit=321%2C400&ssl=1","_links":{"self":[{"href":"https:\/\/www.bghaber.org\/bghaber\/wp-json\/wp\/v2\/posts\/1618","targetHints":{"allow":["GET"]}}],"collection":[{"href":"https:\/\/www.bghaber.org\/bghaber\/wp-json\/wp\/v2\/posts"}],"about":[{"href":"https:\/\/www.bghaber.org\/bghaber\/wp-json\/wp\/v2\/types\/post"}],"author":[{"embeddable":true,"href":"https:\/\/www.bghaber.org\/bghaber\/wp-json\/wp\/v2\/users\/29"}],"replies":[{"embeddable":true,"href":"https:\/\/www.bghaber.org\/bghaber\/wp-json\/wp\/v2\/comments?post=1618"}],"version-history":[{"count":0,"href":"https:\/\/www.bghaber.org\/bghaber\/wp-json\/wp\/v2\/posts\/1618\/revisions"}],"wp:featuredmedia":[{"embeddable":true,"href":"https:\/\/www.bghaber.org\/bghaber\/wp-json\/wp\/v2\/media\/1363"}],"wp:attachment":[{"href":"https:\/\/www.bghaber.org\/bghaber\/wp-json\/wp\/v2\/media?parent=1618"}],"wp:term":[{"taxonomy":"category","embeddable":true,"href":"https:\/\/www.bghaber.org\/bghaber\/wp-json\/wp\/v2\/categories?post=1618"},{"taxonomy":"post_tag","embeddable":true,"href":"https:\/\/www.bghaber.org\/bghaber\/wp-json\/wp\/v2\/tags?post=1618"}],"curies":[{"name":"wp","href":"https:\/\/api.w.org\/{rel}","templated":true}]}}