{"id":1615,"date":"2013-05-17T15:35:07","date_gmt":"2013-05-17T12:35:07","guid":{"rendered":"http:\/\/bghaber.org\/bghaber\/?p=1615"},"modified":"2019-07-18T23:57:47","modified_gmt":"2019-07-18T21:57:47","slug":"mumun-karagozden-yeni-album","status":"publish","type":"post","link":"https:\/\/www.bghaber.org\/bghaber\/mumun-karagozden-yeni-album\/","title":{"rendered":"M\u00fcm\u00fcn Karag\u00f6z\u2019den yeni alb\u00fcm"},"content":{"rendered":"<p>\u00d6n\u00fcm\u00fczdeki hafta Balkanlar\u2019\u0131n g\u00fc\u00e7l\u00fc sesi ve t\u00fcm zamanlar\u0131n sanat\u00e7\u0131s\u0131 M\u00fcm\u00fcn Karag\u00f6z\u2019\u00fcn yeni bir st\u00fcdyo \u00e7al\u0131\u015fmas\u0131 piyasaya s\u00fcr\u00fclecek. Sanat\u00e7\u0131n\u0131n CD halindeki T\u00fcrk Halk T\u00fcrk\u00fcleri alb\u00fcm\u00fcnde 14 t\u00fcrk\u00fc yer al\u0131yor. Alb\u00fcm\u00fcn, en ge\u00e7 22 May\u0131s 2013 tarihinde \u00e7\u0131kmas\u0131 bekleniyor. <!--more--><\/p>\n<p><a href=\"https:\/\/i0.wp.com\/bghaber.org\/bghaber\/wp-content\/uploads\/2013\/05\/mumun-karagoz.jpg\"><img data-recalc-dims=\"1\" loading=\"lazy\" decoding=\"async\" class=\"size-medium wp-image-1616 alignright\" alt=\"mumun-karagoz\" src=\"https:\/\/i0.wp.com\/bghaber.org\/bghaber\/wp-content\/uploads\/2013\/05\/mumun-karagoz-300x225.jpg?resize=300%2C225\" width=\"300\" height=\"225\" srcset=\"https:\/\/i0.wp.com\/www.bghaber.org\/bghaber\/wp-content\/uploads\/2013\/05\/mumun-karagoz.jpg?resize=300%2C225&amp;ssl=1 300w, https:\/\/i0.wp.com\/www.bghaber.org\/bghaber\/wp-content\/uploads\/2013\/05\/mumun-karagoz.jpg?resize=320%2C240&amp;ssl=1 320w, https:\/\/i0.wp.com\/www.bghaber.org\/bghaber\/wp-content\/uploads\/2013\/05\/mumun-karagoz.jpg?w=400&amp;ssl=1 400w\" sizes=\"auto, (max-width: 300px) 100vw, 300px\" \/><\/a>M\u00fcm\u00fcn Karag\u00fcz, bu \u00e7al\u0131\u015fman\u0131n d\u0131\u015f\u0131nda daha 4 alb\u00fcm projeleri oldu\u011funu s\u00f6yledi. Bu sebepten dolay\u0131 destek sa\u011flayacak sponsorlara ihtiya\u00e7 duydu\u011funu payla\u015ft\u0131. Bir alb\u00fcm\u00fcn piyasaya s\u00fcr\u00fclmesinin yakla\u015f\u0131k 1 300 levaya mal oldu\u011funu belirtti.<\/p>\n<p>Bundan 6 ay \u00f6nce ise 4 y\u0131l aradan sonra sanat\u00e7\u0131n\u0131n yine ayn\u0131 st\u00fcdyoda Kol Bast\u0131 ad\u0131nda iki birle\u015fik alb\u00fcm\u00fc \u00e7\u0131kt\u0131. Birincisinde 13 pop \u015fark\u0131s\u0131, ikincisinde ise 15 Rumeli t\u00fcrk\u00fcs\u00fc yer al\u0131yor. Alb\u00fcmde sanat\u00e7\u0131n\u0131n daha birinci ve ikinci alb\u00fcm\u00fc Rumeli T\u00fcrk\u00fcleri ve \u00c7\u0131t\u0131r P\u0131t\u0131r\u2019dan se\u00e7meler bulunuyor.<\/p>\n<p>M\u00fcm\u00fcn Karag\u00f6z\u2019\u00fcn birinci alb\u00fcm\u00fcne Edirne\u2019de \u00e7ekilmi\u015f bir\u00e7ok klipleri mevcut.<br \/>\nYeni alb\u00fcmleriyle ilgili M\u00fcm\u00fcn Karag\u00f6z, \u201cHalk\u0131m\u0131za sesimi duyurmak i\u00e7in bu alb\u00fcmleri \u00e7\u0131karmaya karar verdim. Ben de halk\u0131n aras\u0131nda b\u00fcy\u00fcd\u00fcm, dinleyicilerimin deste\u011fiyle bu g\u00fcnlere geldim. Bu y\u00fczden hayranlar\u0131ma \u00e7ok minnettar\u0131m, t\u00fcm dinleyicilerime binlerce kez \u015f\u00fckranlar\u0131m\u0131 sunmak istiyorum. \u00c7\u00fcnk\u00fc onlar\u0131n sayesinde buraya kadar eri\u015ftim. Allah onlar\u0131 eksik etmesin. Bu alb\u00fcmlerden ziyade Allah, k\u0131smet nasip ettiyse e\u011fer, daha toplam 5 alb\u00fcm \u00e7\u0131karmak istiyorum. Alb\u00fcm projeleri haz\u0131r. Onlar\u0131 Bulgaristan Radyosu\u2019nun T\u00fcrk\u00e7e Yay\u0131nlar B\u00f6l\u00fcm\u00fc\u2019ne, Rumeli TV\u2019ye ve saire ba\u015fka yay\u0131n kurulu\u015flar\u0131na g\u00f6nderece\u011fim. T\u00fcm \u00e7al\u0131\u015fmalar\u0131m\u0131 halk\u0131m\u0131za arma\u011fan ediyorum. Sanat yapmak i\u00e7in kendimi daha da olgunla\u015fm\u0131\u015f hissediyorum. Sahneye \u00e7\u0131kan bir sanat\u00e7\u0131n\u0131n 100 sanat\u00e7\u0131ya bedel sahneyi doldurmas\u0131 gerekti\u011fini d\u00fc\u015f\u00fcn\u00fcyorum\u201d diye payla\u015ft\u0131.<\/p>\n<p>Sanat\u00e7\u0131 maddi destek g\u00f6r\u00fcrse, yeni alb\u00fcmlerine K\u0131rcaali\u2019nin en g\u00fczel yerlerinde klipler \u00e7ekmek istiyor.<\/p><div id=\"bghab-584650000\" class=\"bghab-icerik-icine bghab-entity-placement\"><script async src=\"\/\/pagead2.googlesyndication.com\/pagead\/js\/adsbygoogle.js?client=ca-pub-6203283170189293\" crossorigin=\"anonymous\"><\/script><ins class=\"adsbygoogle\" style=\"display:block; text-align:center;\" data-ad-client=\"ca-pub-6203283170189293\" \ndata-ad-slot=\"7303146466\" \ndata-ad-layout=\"in-article\"\ndata-ad-format=\"fluid\" data-full-width-responsive=\"true\"><\/ins>\n<script> \n(adsbygoogle = window.adsbygoogle || []).push({}); \n<\/script>\n<\/div>\n<p>Krumovgrad\u2019\u0131n Ribino k\u00f6y\u00fcnde do\u011fan M\u00fcm\u00fcn Karag\u00f6z, 1969 y\u0131l\u0131nda K\u0131rcaali Tiyatrosu\u2019nun Estrad B\u00f6l\u00fcm\u00fc\u2019ne sanat\u00e7\u0131 olarak g\u00f6reve ba\u015flad\u0131. Eski Kadriye Latifova M\u00fczikal ve Drama Tiyarosu\u2019nda solistlik yapt\u0131. Bundan yakla\u015f\u0131k 6 ay \u00f6nce K\u0131rcaali Tiyatrosu\u2019nun Kadriye Latifova Sahnesi\u2019nden emekliye ayr\u0131ld\u0131. Hayat\u0131n\u0131n 35 y\u0131l\u0131n\u0131 sahneye adad\u0131.<\/p>\n<p>&nbsp;<\/p>\n<p>Resmiye M\u00fcmin &#8211; KH<\/p>\n<div id=\"bghab-1500685858\" class=\"bghab-yazi-altinda bghab-entity-placement\"><script async src=\"https:\/\/pagead2.googlesyndication.com\/pagead\/js\/adsbygoogle.js\"><\/script>\r\n<!-- bghaber-yaz\u0131-sonu -->\r\n<ins class=\"adsbygoogle\"\r\n     style=\"display:block\"\r\n     data-ad-client=\"ca-pub-6203283170189293\"\r\n     data-ad-slot=\"4222328180\"\r\n     data-ad-format=\"auto\"\r\n     data-full-width-responsive=\"true\"><\/ins>\r\n<script>\r\n     (adsbygoogle = window.adsbygoogle || []).push({});\r\n<\/script><\/div><br style=\"clear: both; display: block; float: none;\"\/>","protected":false},"excerpt":{"rendered":"<p>\u00d6n\u00fcm\u00fczdeki hafta Balkanlar\u2019\u0131n g\u00fc\u00e7l\u00fc sesi ve t\u00fcm zamanlar\u0131n sanat\u00e7\u0131s\u0131 M\u00fcm\u00fcn Karag\u00f6z\u2019\u00fcn yeni bir st\u00fcdyo \u00e7al\u0131\u015fmas\u0131 piyasaya s\u00fcr\u00fclecek. Sanat\u00e7\u0131n\u0131n CD halindeki T\u00fcrk Halk T\u00fcrk\u00fcleri alb\u00fcm\u00fcnde 14<\/p>\n","protected":false},"author":29,"featured_media":1616,"comment_status":"closed","ping_status":"closed","sticky":false,"template":"","format":"standard","meta":{"advanced_seo_description":"","jetpack_seo_html_title":"","jetpack_seo_noindex":false,"jetpack_seo_schema_type":"","_jetpack_newsletter_access":"","_jetpack_dont_email_post_to_subs":false,"_jetpack_newsletter_tier_id":0,"_jetpack_memberships_contains_paywalled_content":false,"_jetpack_feature_clip_id":0,"_jetpack_memberships_contains_paid_content":false,"footnotes":"","jetpack_post_was_ever_published":false},"categories":[10],"tags":[30,134],"class_list":["post-1615","post","type-post","status-publish","format-standard","has-post-thumbnail","hentry","category-kultur-sanat","tag-bulgaristan","tag-mumin-karagoz"],"jetpack_sharing_enabled":true,"jetpack_likes_enabled":true,"jetpack-related-posts":[],"jetpack_shortlink":"https:\/\/wp.me\/pc2PfJ-q3","jetpack_featured_media_url":"https:\/\/i0.wp.com\/www.bghaber.org\/bghaber\/wp-content\/uploads\/2013\/05\/mumun-karagoz.jpg?fit=400%2C300&ssl=1","_links":{"self":[{"href":"https:\/\/www.bghaber.org\/bghaber\/wp-json\/wp\/v2\/posts\/1615","targetHints":{"allow":["GET"]}}],"collection":[{"href":"https:\/\/www.bghaber.org\/bghaber\/wp-json\/wp\/v2\/posts"}],"about":[{"href":"https:\/\/www.bghaber.org\/bghaber\/wp-json\/wp\/v2\/types\/post"}],"author":[{"embeddable":true,"href":"https:\/\/www.bghaber.org\/bghaber\/wp-json\/wp\/v2\/users\/29"}],"replies":[{"embeddable":true,"href":"https:\/\/www.bghaber.org\/bghaber\/wp-json\/wp\/v2\/comments?post=1615"}],"version-history":[{"count":0,"href":"https:\/\/www.bghaber.org\/bghaber\/wp-json\/wp\/v2\/posts\/1615\/revisions"}],"wp:featuredmedia":[{"embeddable":true,"href":"https:\/\/www.bghaber.org\/bghaber\/wp-json\/wp\/v2\/media\/1616"}],"wp:attachment":[{"href":"https:\/\/www.bghaber.org\/bghaber\/wp-json\/wp\/v2\/media?parent=1615"}],"wp:term":[{"taxonomy":"category","embeddable":true,"href":"https:\/\/www.bghaber.org\/bghaber\/wp-json\/wp\/v2\/categories?post=1615"},{"taxonomy":"post_tag","embeddable":true,"href":"https:\/\/www.bghaber.org\/bghaber\/wp-json\/wp\/v2\/tags?post=1615"}],"curies":[{"name":"wp","href":"https:\/\/api.w.org\/{rel}","templated":true}]}}