{"id":15903,"date":"2015-08-15T21:03:12","date_gmt":"2015-08-15T18:03:12","guid":{"rendered":"http:\/\/www.bghaber.org\/bghaber\/?p=15903"},"modified":"2015-08-19T23:37:59","modified_gmt":"2015-08-19T20:37:59","slug":"ciban-basindan-akan-icrandir","status":"publish","type":"post","link":"https:\/\/www.bghaber.org\/bghaber\/ciban-basindan-akan-icrandir\/","title":{"rendered":"\u00c7\u0131ban Ba\u015f\u0131ndan Akan \u0130crand\u0131r"},"content":{"rendered":"<p><img data-recalc-dims=\"1\" height=\"130\" width=\"190\" decoding=\"async\" src=\"https:\/\/i0.wp.com\/www.bghaber.org\/bghaber\/wp-content\/uploads\/2013\/08\/BG-SAM-190x130.jpg?resize=190%2C130\" alt=\"BG-SAM - Bulgaristan Stratejik Ara\u015ft\u0131rma Merkezi\" \/>BGSAM<\/p>\n<p>Konu: <strong>T\u00fck\u00fcrd\u00fc\u011f\u00fcn\u00fc Yalamak, Stratejide Bir Taktik Midir?<\/strong><\/p>\n<p>Bulgaristan\u2019da sat\u0131lan <strong>\u201cKemal Atat\u00fcrk \u00c7a\u011f\u0131 ve\u00a0Bulgaristan&#8217;\u0131n\u00a0Trajedisi\u201d <\/strong>kitab\u0131 426 sayfad\u0131r. \u201cPropeler\u201d yay\u0131nevince 2015 y\u0131l\u0131 l\u00fcks bask\u0131s\u0131 olarak \u00e7\u0131kt\u0131. Eser neredeyse \u00fc\u00e7te bir fiyata, hatta ikinci el fiyat\u0131na sat\u0131l\u0131yor. Bask\u0131 say\u0131s\u0131 verilmemi\u015f ama anla\u015f\u0131lan t\u00fcm Bulgarlara yetecek kadar bol miktarda yay\u0131mlanm\u0131\u015f, kitap\u00e7\u0131lar dolu.<\/p>\n<p>Eserin her sat\u0131r\u0131, yazar Albay Veselin Bo\u015fkov\u2019un Bulgaristan T\u00fcrkleri, Pomaklar, T\u00fcrkiye, Bulgaristan&#8217;\u0131n kaderi ne olacak gibi konular \u00fczerinde \u00f6m\u00fcr boyu \u00e7al\u0131\u015ft\u0131\u011f\u0131n\u0131 ele veriyor. Arka kapakta bas\u0131lm\u0131\u015f resimli hayat yolunda 27 y\u0131l Bulgar gizli servisi \u201cDS\u201d \u00e7al\u0131\u015fmalar\u0131n\u0131 anlat\u0131yor. M\u00fcste\u015farl\u0131kta aksi istihbarat\u0131n \u0130kinci \u015eube T\u00fcrk Amirli\u011fi M\u00fcd\u00fcr Yard\u0131mc\u0131l\u0131\u011f\u0131nda ba\u015far\u0131l\u0131 olduktan sonra, 10 y\u0131l da Alt\u0131nc\u0131 \u015eube\u2019nin T\u00fcrk Amirli\u011fi\u2019ni y\u00f6netmi\u015f.<\/p>\n<p>Alt\u0131nc\u0131 \u015eube Bulgaristan Kom\u00fcnist Partisi Merkez Komitesi (BKP MK) ile gizli polis aras\u0131nda koordinasyonu sa\u011flayan \u00e7ok \u00f6nemli bir polis birimiydi. Bu g\u00f6revde bulundu\u011fu d\u00f6nemde BKP MK\u2019nin \u201c<strong>T\u00fcrk Sorunu<\/strong>\u201d konusuna adad\u0131\u011f\u0131 oturum, toplant\u0131 ve g\u00f6r\u00fc\u015fmelerde bulunmu\u015f, al\u0131nan kararlara kat\u0131lm\u0131\u015f ve \u201c<strong>soya d\u00f6n\u00fc\u015f<\/strong>\u201d s\u00fcrecinin y\u00f6netilmesinde \u00f6nemli katk\u0131 ve rol\u00fc olmu\u015ftur.<\/p><div id=\"bghab-3768736593\" class=\"bghab-icerik-icine bghab-entity-placement\"><script async src=\"\/\/pagead2.googlesyndication.com\/pagead\/js\/adsbygoogle.js?client=ca-pub-6203283170189293\" crossorigin=\"anonymous\"><\/script><ins class=\"adsbygoogle\" style=\"display:block; text-align:center;\" data-ad-client=\"ca-pub-6203283170189293\" \ndata-ad-slot=\"7303146466\" \ndata-ad-layout=\"in-article\"\ndata-ad-format=\"fluid\" data-full-width-responsive=\"true\"><\/ins>\n<script> \n(adsbygoogle = window.adsbygoogle || []).push({}); \n<\/script>\n<\/div>\n<p><strong>Onun y\u00f6netti\u011fi gizli polis birimi 25 y\u0131l \u00f6nce kapand\u0131\u011f\u0131nda, o kaleme sar\u0131ld\u0131. <\/strong><\/p>\n<p>Mezara g\u00f6t\u00fcrmesi gereken koku\u015fmu\u015f \u00e7\u0131banba\u015f\u0131 birikimini beyaz ka\u011f\u0131da d\u00f6kt\u00fc kitaplar \u00e7\u0131kard\u0131. Bildiklerini, d\u00fc\u015f\u00fcnd\u00fcklerini ve hayal ettiklerini \u015fu kitaplarda sundu: <strong>\u201cTehlike Ya\u015f\u0131yor\u201d; \u201cBulgar Kaderi\u201d; \u201c\u0130slam K\u00f6kten Dincili\u011finin Yay\u0131lmas\u0131\u201d; \u201cY\u00fczy\u0131l Devam Eden Sald\u0131r\u0131\u201d; \u201cSoya D\u00f6n\u00fc\u015f S\u00fcreci ve Bulgar M\u00fcsl\u00fcmanlar\u201d; \u201cBe\u015f Y\u00fcz Y\u0131ll\u0131k Soyk\u0131r\u0131m\u201d; \u201cBizim Soyumuz\u201d<\/strong> ve son olarak bu ay \u00e7\u0131kan ana fikirlerini size sunmak istedi\u011fimiz &#8211; <strong>\u201cKemal Atat\u00fcrk \u00c7a\u011f\u0131 ve Bulgaristan\u2019\u0131n Trajedisi\u201d.<\/strong><\/p>\n<p>Tan\u0131t\u0131m yaz\u0131s\u0131nda aynen \u015f\u00f6yle deniyor: \u201cElinizdeki eserde,\u00a0 T\u00fcrkiye&#8217;nin birinci Cumhurba\u015fkan\u0131 Kemal Atat\u00fcrk taraf\u0131ndan y\u00f6netilen, Bulgaristan&#8217;a kar\u015f\u0131 y\u00fcr\u00fct\u00fclen, ola\u011fan\u00fcst\u00fc tehlikeli ve boyutlar\u0131 bak\u0131m\u0131ndan \u00e7ok b\u00fcy\u00fck ve etkin y\u0131k\u0131c\u0131 faaliyetin yeri ve rol\u00fc ilk kez ele al\u0131n\u0131yor.<\/p>\n<p>Atat\u00fcrk hayattayken, bir tek M\u0130T (Milli \u0130stihbarat Te\u015fkilat\u0131) ve T\u00fcrk propaganda organ ve kurumlar\u0131nca aras\u0131z k\u0131\u015fk\u0131rt\u0131lan giri\u015fimleri, T\u00fcrk istihbarat\u0131n\u0131, az\u0131nl\u0131klar ve g\u00f6\u00e7 politikas\u0131n\u0131 geli\u015ftirmekle kalmad\u0131, Bulgaristan\u2019la ilgili \u015fu c\u00fcrette de bulundu: \u2018<strong>O topraklar bizimdi ve yine bizim olacakt\u0131r<\/strong>.\u2019 dedi. Bizi, be\u015f as\u0131rl\u0131k soyk\u0131r\u0131m\u0131n deh\u015fet veren y\u0131llar\u0131na geri d\u00f6nd\u00fcrmek amac\u0131yla Bulgaristan\u2019\u0131 yeniden ele ge\u00e7irmek u\u011fruna niyet ve bi\u00e7imleri t\u00fcyler \u00fcrpertici olan etkinliklerde Atat\u00fcrk\u2019\u00fcn rol\u00fc Bulgar polis, askeri kar\u015f\u0131 istihbarat ve di\u011fer kaynaklarca toplanan delillerle kan\u0131tlanm\u0131\u015ft\u0131r.<\/p>\n<p>\u201cDersini Atat\u00fcrk\u2019ten alan Yeni-Osmanl\u0131c\u0131lar, \u0130slamc\u0131 Cumhurba\u015fkan\u0131 Recep Tayip Erdo\u011fan, Bulgaristan&#8217;daki Hak ve \u00d6zg\u00fcrl\u00fckler Hareketi (H\u00d6H), \u00f6teki T\u00fcrk ve M\u00fcsl\u00fcman parti ve \u00f6rg\u00fctler, anadilini konu\u015fan ve topluca ya\u015fayan T\u00fcrk ve Pomaklar Rodop, Deliorman ve di\u011fer y\u00f6releri <strong>otonom T\u00fcrk b\u00f6lgesi<\/strong> ve <strong>etnik-dinsel M\u00fcsl\u00fcman (anklav<\/strong>) yabanc\u0131 devlet s\u0131n\u0131r\u0131 i\u00e7inde bulunan b\u00f6lge haline getirdi.<\/p><div id=\"bghab-3003728962\" class=\"bghab-icerik-icine-10-paragraf bghab-entity-placement\"><script async src=\"\/\/pagead2.googlesyndication.com\/pagead\/js\/adsbygoogle.js?client=ca-pub-6203283170189293\" crossorigin=\"anonymous\"><\/script><ins class=\"adsbygoogle\" style=\"display:block; text-align:center;\" data-ad-client=\"ca-pub-6203283170189293\" \ndata-ad-slot=\"7303146466\" \ndata-ad-layout=\"in-article\"\ndata-ad-format=\"fluid\" data-full-width-responsive=\"true\"><\/ins>\n<script> \n(adsbygoogle = window.adsbygoogle || []).push({}); \n<\/script>\n<\/div>\n<p>\u201cSon 25 y\u0131lda Bulgar h\u00fckumetlerinin t\u00fcm\u00fc taraf\u0131ndan izlenen siyaset sonucunda, T\u00fcrkiye ve bizdeki \u2018be\u015finci kol ordusu\u2019 \u00f6zledikleri otonomiyi elde ettiler. Muhtemelen, onlar\u0131n belirleyece\u011fi, \u00f6n\u00fcm\u00fczdeki ay ve y\u0131llar\u0131n birinde, (zaman se\u00e7imi onlara kalm\u0131\u015f), Hak ve \u00d6zg\u00fcrl\u00fckler Hareketi (DPS) Bulgaristan\u2019da bir Otonom T\u00fcrk Cumhuriyeti ilan etmekle kalmayacak, onu \u201c<strong>anavatan<\/strong>\u201d T\u00fcrkiye\u2019ye dahil edecektir.<\/p>\n<p>\u201c XX. Y\u00fczy\u0131l\u0131n ba\u015f\u0131nda bir Anadolu eyaleti haline getirilen, o kadim Bulgar topraklar\u0131nda art\u0131k Bulgaristan yoktur.\u00a0 Vatan\u0131m\u0131z, kabuslara gebe bir \u00f6l\u00fcm sarmal\u0131ndad\u0131r. Bunu, Bulgarlar\u0131n daha b\u00fcy\u00fck k\u0131sm\u0131n\u0131n art\u0131k hissetti\u011fi,\u00a0 yeni T\u00fcrk esaretinin e\u015fi\u011finde bulunuyoruz. S\u00fcr\u00fcnerek gelen otonomi ve yeni k\u00f6leli\u011fimiz ancak Bulgarlar\u0131n Bulgar devleti \u00fczerine sarkm\u0131\u015f olan yok olma tehlikesini fark etmesiyle \u00f6nlenip a\u015f\u0131nabilir. Bulgaristan\u2019\u0131n kurtulu\u015fu, sat\u0131lm\u0131\u015f, ihanet\u00e7i politikac\u0131lar\u0131n g\u00f6revden uzakla\u015ft\u0131r\u0131lmas\u0131nda ve ulusal \u00e7\u0131karlar\u0131 savunmay\u0131 \u00fcstlenecek ger\u00e7ek yurtseverlerin y\u00f6netime el koymas\u0131yla olas\u0131 olabilir.\u201d<\/p>\n<p>Eserin \u00f6zeti olan bu felsefi-tarihsel-politik sunum ge\u00e7mi\u015fimizi, bug\u00fcn\u00fcm\u00fcz\u00fc ve gelece\u011fimizi bu \u201cDS\u201d albay\u0131 a\u00e7\u0131s\u0131ndan g\u00fcn \u0131\u015f\u0131\u011f\u0131na koyuyor. Gen\u00e7li\u011fini 1990\u2019dan \u00f6nce Bulgaristan\u2019da ya\u015fayan ku\u015faklar bu s\u00f6zleri y\u00fczlerce defa i\u015fitmi\u015ftir. Pazarc\u0131k Hapishanesinde mahk\u00fbm T\u00fcrklere Cumartesi-Pazar sohbetleri sunan Ahmet Do\u011fan da elinde Orlin Zagorov\u2019un \u201cGer\u00e7ekler\u201d (\u0130stinata) kitab\u0131, ayn\u0131 kelimelerle\u00a0y\u0131llarca anlat\u0131rken, asl\u0131nda belki de bug\u00fcn y\u00f6netti\u011fi ihanet \u00f6rg\u00fct\u00fcne kadro yeti\u015ftiriyordu.<\/p>\n<p>Bu i\u015f neye benziyor biliyor musunuz? Bu, 26 y\u0131ldan beri ar\u0131t\u0131p kurtulmaya \u00e7al\u0131\u015ft\u0131\u011f\u0131m\u0131z Bulgar fa\u015fizan-totaliter- \u0131rk\u00e7\u0131l\u0131\u011fa g\u00f6z \u00e7akan milliyet\u00e7i tortusundan dolu dolu bir kep\u00e7enin daha yirmi birinci y\u00fczy\u0131l tatl\u0131s\u0131 olarak kamuoyuna sunulmas\u0131d\u0131r. Her zar\u0131 d\u00fc\u015fmanl\u0131k kokan bu zihniyet, g\u00fcn\u00fcm\u00fczde Bulgar parlamentosu\u2019na \u00e7\u00f6reklenen Valeri Simyonov gibi sahte yurtseverlerin \u201cyurtsever cephe\u201d (PF) partisi, Volen Siderov\u2019un \u201cAtaka\u201d partisi gibi olu\u015fumlar\u0131n demokrasi ko\u015fullar\u0131nda mayalan\u0131p boy atmas\u0131na olanak verdi.<\/p>\n<p>Demek oluyor ki, Bulgar toplumunda 21. y\u00fczy\u0131l istemlerine ayak uydurmas\u0131 m\u00fcmk\u00fcn olmayan bir alt tabaka, sosyal zemin katman\u0131 var ve d\u00fc\u015fmanl\u0131k suyu i\u00e7meden edemiyor. Bu ruhsal \u00e7arp\u0131kl\u0131k, bu fikirsel b\u00f6b\u00fcrleni\u015f, dil uzatma\u2026 1876 Nisan Ayaklanmas\u0131\u2019ndan, 1877\u201378 \u2018Rusya\u2019n\u0131n Osmanl\u0131ya Tuna \u00fczerinden sald\u0131r\u0131s\u0131ndan, bir Avusturya \u00e7\u00f6mezi olan Bulgar \u00c7ar\u0131 Ferdinan\u2019d\u0131n \u201c<strong>Konstan\u2019in Ba\u015fkenti\u2019ne<\/strong>\u201d alt\u0131n kaplamal\u0131 6 atl\u0131 faytonla girme hevesine yenik d\u00fc\u015ferek Edirne\u2019de Selimiye\u2019yi bombalamas\u0131ndan, fa\u015fist ve kom\u00fcnist darbelerden, \u00fc\u00e7 ulusal felaketten,\u00a0 totalitarizm zulm\u00fcnden, \u201c<strong>sizden sabun yapaca\u011f\u0131z<\/strong>\u201d sloganlar\u0131ndan\u2026 alt\u0131\u00a0kitle g\u00f6\u00e7\u00fcnden, haks\u0131zl\u0131k, hukuksuzluk ve adaletsizlikten koku\u015fmu\u015f ulusal birikim k\u0131r\u0131nt\u0131lar\u0131yla ka\u015far-lanm\u0131\u015ft\u0131r. Bu konuda, bu gibi kitaplarda yaz\u0131lanlardan, canl\u0131 k\u00fct\u00fcphanelerin anlatt\u0131klar\u0131 \u00e7ok daha \u00f6nemli ve belirleyicidir. Albay Bo\u015fkov gibilerinin zihinsel yap\u0131s\u0131na dayanan politika milyonlarca Bulgaristan vatanda\u015f\u0131na \u201c<strong>bu gibi memleket olaca\u011f\u0131na olmas\u0131n, al\u0131nda ba\u015f\u0131n\u0131za \u00e7al\u0131n, lanet olsun!<\/strong>\u201d dedirtmi\u015ftir.<\/p><div id=\"bghab-2507011864\" class=\"bghab-icerik-icine-15-paragraf bghab-entity-placement\"><script async src=\"\/\/pagead2.googlesyndication.com\/pagead\/js\/adsbygoogle.js?client=ca-pub-6203283170189293\" crossorigin=\"anonymous\"><\/script><ins class=\"adsbygoogle\" style=\"display:block; text-align:center;\" data-ad-client=\"ca-pub-6203283170189293\" \ndata-ad-slot=\"7303146466\" \ndata-ad-layout=\"in-article\"\ndata-ad-format=\"fluid\" data-full-width-responsive=\"true\"><\/ins>\n<script> \n(adsbygoogle = window.adsbygoogle || []).push({}); \n<\/script>\n<\/div>\n<p>Kitab\u0131n tan\u0131t\u0131m\u0131nda, 1970\u2019lerden sonra Bulgar devletinin etnik politikas\u0131n\u0131 yarat\u0131p y\u00f6neten zihniyet a\u00e7\u0131k\u00e7a g\u00fcn \u0131\u015f\u0131\u011f\u0131na \u00e7\u0131k\u0131yor. D\u00f6v\u00fclenin d\u00f6v\u00fcld\u00fc\u011f\u00fc i\u00e7in, tutuklanan\u0131n tutukland\u0131\u011f\u0131 i\u00e7in, anadilinde konu\u015fan\u0131n konu\u015ftu\u011fu i\u00e7in, hak hukuk arayan\u0131n adalete uyand\u0131\u011f\u0131 i\u00e7in, \u00f6zg\u00fcrl\u00fck arayan\u0131n g\u00fcne\u015fi g\u00f6rd\u00fc\u011f\u00fc i\u00e7in, inanan\u0131n inand\u0131\u011f\u0131 i\u00e7in, T\u00fcrk\u2019\u00fcn T\u00fcrk oldu\u011fu i\u00e7in, Poma\u011f\u0131n Pomak oldu\u011fu i\u00e7in hayat\u0131n\u0131n zehir edildi\u011fini herkes bilir.<\/p>\n<p>Bu gidi\u015fle isimlerinin Bulgar adlar\u0131yla de\u011fi\u015ftirilmesini bir a\u015f\u0131 olarak kabul eden ve pek 1960-70\u2019lerde pek tepki g\u00f6stermeyen \u00c7ingene n\u00fcfusun \u00c7ingene do\u011fduklar\u0131 i\u00e7in su\u00e7lu oldu\u011funa yeni bedeller \u00f6demesi muhtemeldir. Alt\u0131 kaz\u0131lan toprak er ge\u00e7 insan\u0131n \u00fczerine \u00e7\u00f6ker.<\/p>\n<p><strong>\u0130\u00e7inde bulundu\u011fumuz k\u00f6r ve k\u0131s\u0131r bir d\u00f6ng\u00fcd\u00fcr<\/strong>.<\/p>\n<p>Birlikte ya\u015famaya mahk\u00fbm olanlar\u0131 birbirinden ay\u0131rmak, birbirlerine kar\u015f\u0131 k\u0131\u015fk\u0131rtmak, k\u00f6t\u00fclemek, hor g\u00f6rmek, bizden olmayana hayvan muamelesinde bulunmak; kimliksizle\u015ftirmek, k\u00fc\u00e7\u00fcmsemek, asimile etmek vs kitab\u0131n her sat\u0131r\u0131nda okunurken, bu zihniyetin do\u011furdu\u011fu milliyet\u00e7i fa\u015fist ve kom\u00fcnist ulusalc\u0131l\u0131k hakl\u0131 g\u00f6sterilmeye \u00e7al\u0131\u015f\u0131l\u0131yor.<\/p>\n<p>Bulgaristan, 1990\u2019dan sonra ekonomik olarak \u00e7\u00f6kt\u00fc. De\u011fi\u015fen ba\u015fka bir \u015fey yok. D\u00fc\u015fmanl\u0131k kazan\u0131 \u201c<strong>Ge\u00e7i\u015f D\u00f6nemi<\/strong>\u201dnde kaynamaya devam etti. Bu defa Ahmet Do\u011fan ve L\u00fctf\u00fc Mestan gibi onursuzlar d\u00fc\u015fmanl\u0131k kaynatan bu oca\u011fa ma\u015fa\u011f\u0131\u00a0oldu. \u00d6devleri, \u201c<strong>Bulgar Etnik Modeli<\/strong>\u201d kazan\u0131nda T\u00fcrkl\u00fck ve M\u00fcsl\u00fcman medeniyetini, ahlak\u0131n\u0131, \u00f6z\u00fcn\u00fc hafif ate\u015fte buharla\u015ft\u0131rmakt\u0131. Hep ayn\u0131 yere ate\u015f verdiler. Y\u00fcz binlerce insan\u0131m\u0131z\u0131 g\u00f6\u00e7e zorlarken, arkadakiler i\u015fsiz, e\u011fitimsiz, devletin sosyal hizmetlerinden yoksun b\u0131rak\u0131ld\u0131. T\u00fcrkl\u00fck ve M\u00fcsl\u00fcmanl\u0131k \u00f6z\u00fc buhar bulutlar\u0131yla bo\u015falt\u0131lmaya hep devam edildi. \u201c<strong>Ayn\u0131 kazanda kayn\u0131yoruz<\/strong>\u201d, \u201c<strong>ayn\u0131 ulus-tan\u0131z<\/strong>\u201d, \u201c<strong>kaderimiz ayn\u0131d\u0131r<\/strong>\u201d gibi mide buland\u0131ran lak\u0131rd\u0131lar bu hedefe hizmet i\u00e7in uyduruldu. Etnik kimli\u011fe ihanet olan \u201c<strong>Bulgar Etnik Modeli<\/strong>\u201d saray kurtlar\u0131n\u0131n kabineye girdi\u011fi II. Simiyon ve Sergey Stani\u015fev h\u00fckumetlerinde bir s\u00fcre bal kazan\u0131 \u00e7arpa\u011f\u0131n\u0131 ele ge\u00e7irdi.<strong> Ge\u00e7irdi de, zavall\u0131 T\u00fcrklere, sefil \u00c7ingenelere, namuslu Pomaklara kovan bozumunda parmak yalatmad\u0131.<\/strong> En a\u015f\u0131r\u0131 Bulgar milliyet\u00e7i \u015firketlerinin ye\u015fermesine, palazlanmas\u0131na, sorgulanmadan \u00e7al\u0131p \u00e7\u0131rpma y\u00f6ntemlerini ba\u015far\u0131l\u0131 uygulamada uzla\u015fmalar\u0131na olanak tan\u0131d\u0131. \u201c<strong>Saray<\/strong>\u201d dan gelen telefonlara g\u00f6re \u00e7al\u0131\u015fan Ba\u015fbakan Yard\u0131mc\u0131s\u0131 Emel Etem To\u015fkova\u2019n\u0131n bu hizmetlerdeki rol\u00fc ve pay\u0131 \u00e7ok b\u00fcy\u00fckt\u00fcr.Yazd\u0131klar\u0131m\u0131z\u0131n anlam\u0131 \u015fudur: Bizim d\u00fc\u015fman\u0131m\u0131z\u0131 H\u00d6H y\u00f6netimi b\u00fcy\u00fctt\u00fc. \u201cAtaka\u201d partisi A. Do\u011fan\u2019\u0131n verdi\u011fi bir milyon alt\u0131 y\u00fcz bin leva ile kuruldu. Politik hedefi T\u00fcrklere ve M\u00fcsl\u00fcmanl\u0131\u011fa kar\u015f\u0131 havlamak, s\u00f6vmek ve saymakt\u0131. \u015eimdi Moskova Bulgar makamlar\u0131yla ve AB ile h\u0131r m\u0131r d\u00f6nemine gireli, usulca sustu. Bu olaylar\u0131n hepsi, Albay Bojkov\u2019un i\u015faret etmek istemedi\u011fi, a\u00e7\u0131klamaktan ka\u00e7\u0131nd\u0131\u011f\u0131 perde ard\u0131, kulis,n sonu gelmeyen sinsi oyunlar\u0131n\u0131n devam\u0131d\u0131r.<\/p><div id=\"bghab-3918928949\" class=\"bghab-icerik-icine-20-paragraf bghab-entity-placement\"><script async src=\"\/\/pagead2.googlesyndication.com\/pagead\/js\/adsbygoogle.js?client=ca-pub-6203283170189293\" crossorigin=\"anonymous\"><\/script><ins class=\"adsbygoogle\" style=\"display:block; text-align:center;\" data-ad-client=\"ca-pub-6203283170189293\" \ndata-ad-slot=\"7303146466\" \ndata-ad-layout=\"in-article\"\ndata-ad-format=\"fluid\" data-full-width-responsive=\"true\"><\/ins>\n<script> \n(adsbygoogle = window.adsbygoogle || []).push({}); \n<\/script>\n<\/div>\n<p>Kol gezen \u201c<strong>soygun \u015febekeleri<\/strong>\u201d, \u201c<strong>h\u0131rs\u0131z \u015firket zincirleri<\/strong>\u201d, u\u00e7u\u015fan \u201d<strong>of\u015for bulutlar\u0131<\/strong>\u201d s\u00f6zde T\u00fcrk partisine, asl\u0131nda A. Do\u011fan g\u00fcruhuna kurduruldu. Bug\u00fcn iktidar daya\u011f\u0131 olan bu g\u00fc\u00e7ler eriyip buharla\u015fa-mayan, ar\u0131namayan, devaml\u0131 \u015fekil de\u011fi\u015ftirerek hepimizi her g\u00fcn s\u0131k\u0131\u015ft\u0131ran Bulgar d\u00fc\u015fmanl\u0131\u011f\u0131nda rol oynamaya devam ediyor.<\/p>\n<p><strong>\u0130ncelemek istedi\u011fimiz kitap onlara ideolojik ve politik destek olma bak\u0131m\u0131ndan kaleme al\u0131nm\u0131\u015ft\u0131r<\/strong>. B\u00fct\u00fcn tiraj\u0131 pe\u015fin olarak Ahmet Do\u011fan\u2019\u0131n H\u00d6H kasas\u0131ndan \u00f6dedi\u011fine inan\u0131yorum.<\/p>\n<p>\u015eimdi \u201c<strong>sarada yan gelip yatm\u0131\u015f, av bekleyen it gibi sinsi sinsi homurdanan<\/strong>\u201d Do\u011fan, politik istihbarat\u00e7\u0131 g\u00f6revi devam eden Albay Bo\u015fkov taraf\u0131ndan hedef sapt\u0131rmak i\u00e7in 26 y\u0131ldan beri \u201c<strong>T\u00fcrk iti<\/strong>\u201d olarak g\u00f6sterilmeye \u00e7al\u0131\u015f\u0131l\u0131yor.\u00a0 \u00a0Haine tesis edilen \u201c<strong>saray<\/strong>\u201d, \u201c<strong>saray bek\u00e7ileri<\/strong>\u201d, \u201c<strong>saray hademeleri<\/strong>\u201d, \u201c<strong>saray masraflar\u0131<\/strong>\u201d ve \u201c<strong>saray hizmetleri<\/strong>\u201d, hatta \u201c<strong>saraydaki hamam b\u00f6cekleri<\/strong>\u201d Bulgar devlet m\u00fclk\u00fcndedir. Bu anlamda \u201c<strong>be\u015finci kol ordu<\/strong>\u201d, \u201c<strong>otonomi<\/strong>\u201d, \u201c<strong>anklav<\/strong>\u201d vb gibi sa\u00e7ma savlar bir dan\u0131\u015f\u0131kl\u0131 d\u00f6v\u00fc\u015f olup, bir yandan T\u00fcrklere, Pomaklara ve \u00c7ingenelere, Bulgaristan&#8217;daki Osmanl\u0131 T\u00fcrk varl\u0131\u011f\u0131na kar\u015f\u0131 sald\u0131r\u0131lar\u0131 daha da t\u0131rmand\u0131ranlarla \u00f6te yandan Bulgar \u0131rk\u00e7\u0131 millet\u00e7ili\u011fi ile \u00f6z davam\u0131za ihanet eden modern hafiye grubunun ayn\u0131 kaba\u011fa osurdu\u011funa gizlemek i\u00e7indir. Bu anlamda olmak \u00fczere,\u00a0<strong>Bulgaristan&#8217;\u0131n\u00a0trajedisi, Bulgar halk\u0131na \u00f6zel sayg\u0131 duydu\u011funu defalarca dile getiren b\u00fcy\u00fck \u00f6nder Atat\u00fcrk de\u011fil, Bulgar devletinin k\u00f6kten yanl\u0131\u015f k\u00fclt\u00fcrel etnik az\u0131nl\u0131klar politikas\u0131d\u0131r. Bulgaristan T\u00fcrkleri ve di\u011fer etnik ve dini az\u0131nl\u0131klar\u0131n ger\u00e7ek temsilcilerini devlet ve toplum y\u00f6netimi i\u015flerine davet etmek yerine, elleri ve ruhlar\u0131 kirli doland\u0131r\u0131c\u0131, r\u00fc\u015fvet\u00e7i, her y\u00f6n\u00fcyle hain s\u00fcr\u00fcs\u00fcne \u201csorumluluk\u201d\u00a0y\u00fckleme-sindedir.\u00a0\u00a0\u00a0 <\/strong><\/p>\n<p><strong>Kemal Atat\u00fcrk \u00c7a\u011f\u0131 ve\u00a0Bulgaristan&#8217;\u0131n\u00a0Trajedisi <\/strong>a\u011f\u0131r ve d\u00fc\u015f\u00fcnd\u00fcr\u00fcc\u00fc bir kitap!<\/p>\n<p>Son sayfas\u0131n\u0131 kapad\u0131\u011f\u0131mda ba\u015f\u0131m\u0131 kald\u0131rd\u0131m ve i\u00e7imi \u00e7ekerken, \u201c<strong>Mustafa Kemal gibi bir \u00f6nder yeti\u015ftiren T\u00fcrk halk\u0131 ne b\u00fcy\u00fck bir halk<\/strong>,\u201d diye d\u00fc\u015f\u00fcnd\u00fcm. 20. as\u0131r olaylar\u0131n\u0131 Albay Bojkov kantar\u0131ndan tartt\u0131\u011f\u0131m\u0131zda, M. Kemal Pa\u015fa\u2019n\u0131n zek\u00e2s\u0131, akl\u0131 ve \u00f6ng\u00f6r\u00fcs\u00fc, T\u00fcrk halk\u0131na motor olup onu \u015fahland\u0131rma yetisi, bir komutan olarak t\u00fcm d\u00fc\u015fman s\u00fcng\u00fclerine, kur\u015funlar\u0131na \u00f6nce kendini kalkan etme cesareti ve y\u00fcreklili\u011fine bir \u00f6vg\u00fc. \u00d6yle olsa da, sanki \u0130stanbul, sanki Anadolu, sanki Bat\u0131 Trakya Bulgarlara hakm\u0131\u015f da, ka\u00e7\u0131r\u0131lan f\u0131rsat bug\u00fcn de s\u0131zl\u0131yor gibi bir hava var. Her \u015feye ra\u011fmen, eserde,\u00a0 Ulusal Kurtulu\u015f Sava\u015f\u0131 \u00f6nderi M. Kemal Pa\u015fa Utkan bir komutan olarak y\u00fcksek de\u011fer bulmu\u015ftur. Anla\u015f\u0131lamam\u0131\u015f olan tarafsa, onun\u00a0 T\u00fcrk devrimini kendi halk\u0131n\u0131n kan\u0131ndan kan d\u00f6kmeden, bir \u00f6zden s\u0131yr\u0131l\u0131p yeni bir \u00f6z yaratmay\u0131 yani ba\u015fl\u0131ca Bulgar, Yunan, \u0130ngiliz, Frans\u0131z, \u0130talyan ve ba\u015fka d\u0131\u015f d\u00fc\u015fmanla sava\u015f\u0131rken Osmanl\u0131 Saltanat\u0131n\u0131 ve feodal d\u00fczenini de tarih sahnesinden indirmeyi ve yerine T\u00fcrkiye Cumhuriyeti\u2019ni kurmas\u0131 ba\u015farmas\u0131 olmu\u015ftur. Bu \u00f6zelli\u011fin \u00f6z \u00e7izgisi ise, Atat\u00fcrk\u2019\u00fcn T\u00fcrkiye s\u0131n\u0131rlar\u0131 d\u0131\u015f\u0131nda kalan t\u00fcm T\u00fcrklere bir <strong>her zaman yan\u0131nday\u0131z<\/strong> inanc\u0131n\u0131 b\u0131rakm\u0131\u015f olmas\u0131d\u0131r ki, bir T\u00fcrk\u00fcn bunu ya\u015fam gerek\u00e7esi ve bilin\u00e7 haline getirmesi i\u00e7in ona gece g\u00fcnd\u00fcz propaganda yap\u0131lmas\u0131na gerek yoktur. Kitab\u0131n paralel konusu olan, Bulgaristanl\u0131 T\u00fcrk ve M\u00fcsl\u00fcmanlar\u0131n T\u00fcrk-\u0130slam kimli\u011fini belirleyen T\u00fcrkiye propagandas\u0131ndan \u00f6nce, bir T\u00fcrk ana ve babadan do\u011fmu\u015f olan bir evlad\u0131n T\u00fcrk soyunu, T\u00fcrkl\u00fck ruhunu, T\u00fcrk ahlak\u0131n\u0131 ya\u015fatmak \u00fczere hayata\u00a0 \u00e7a\u011fr\u0131ld\u0131klar\u0131na daha ilk g\u00fcnden kendili\u011finden inanm\u0131\u015f olmas\u0131d\u0131r. Yavrular\u0131m\u0131z\u0131n hoca dizinde e\u011fitime, devlet okullar\u0131 ve \u00fcniversitelerde bilimin son edinimleriyle \u015farj olmaya ihtiyac\u0131 ne kadar b\u00fcy\u00fck ve ka\u00e7\u0131n\u0131lmaz olursa olsun, kitap a\u00e7abilecek durum bulamasalar bile onlar\u0131n T\u00fcrk olduklar\u0131 \u015f\u00fcphe g\u00f6t\u00fcrmez ve her davran\u0131\u015flar\u0131ndan bellidir.<\/p><div id=\"bghab-672201697\" class=\"bghab-icerik-icine-25-paragraf bghab-entity-placement\"><script async src=\"\/\/pagead2.googlesyndication.com\/pagead\/js\/adsbygoogle.js?client=ca-pub-6203283170189293\" crossorigin=\"anonymous\"><\/script><ins class=\"adsbygoogle\" style=\"display:block; text-align:center;\" data-ad-client=\"ca-pub-6203283170189293\" \ndata-ad-slot=\"7303146466\" \ndata-ad-layout=\"in-article\"\ndata-ad-format=\"fluid\" data-full-width-responsive=\"true\"><\/ins>\n<script> \n(adsbygoogle = window.adsbygoogle || []).push({}); \n<\/script>\n<\/div>\n<p>Yazar\u0131n, bir polis inanc\u0131yla kaleme ald\u0131\u011f\u0131 Pomaklar\u0131n 1912\u2019de isim ve dinlerini zorla de\u011fi\u015ftirmeye zorlanmas\u0131 olay\u0131nda Kral Ferdinant\u2019\u0131, Sofya h\u00fck\u00fcmeti ve Ortodoks kiliseyi bir tek silah patlatmadan geriletmeyi ba\u015faran ve 1 y\u0131l sonra Pomaklar\u0131n isimlerini geri al\u0131p \u0130slam\u2019a ibadetlerini sa\u011flayan Mustafa Kemal\u2019e nefret p\u00fcsk\u00fcrmesi a\u011f\u0131r bir yenilgini itiraf\u0131d\u0131r.<\/p>\n<p>Bu ba\u015far\u0131 1989\u2019da ayn\u0131 g\u00f6rkemlikle tekrar etti. Ku\u015fkusuz, akla gelen bir soru var. <strong>\u0130simleri de\u011fi\u015ftirme konusunda 5-6 deneme yapan Bulgar devleti, t\u00fck\u00fcrd\u00fc\u011f\u00fcn\u00fc tekrar tekrar yalamaktan zevk mi al\u0131yor? <\/strong>\u00a0Son d\u00f6nemde T\u00fcrklerin T\u00fcrkl\u00fc\u011f\u00fcn\u00fc ve M\u00fcsl\u00fcmanlar\u0131n M\u00fcsl\u00fcmanl\u0131\u011f\u0131n\u0131 bo\u011fma i\u015fini Ahmet Do\u011fan ve L\u00fctf\u00fc Mestan ikilisine devretmekle ba\u015far\u0131l\u0131 olaca\u011f\u0131n\u0131 m\u0131 zannediyor? Bu \u00e7\u0131banba\u015f\u0131ndan ancak icran akar. Hem de kan\u0131 ve niyeti bozuk adamlar \u00e7\u0131bandan kurtulamaz.<\/p>\n<p>Bir defa T\u00fcrkiye Cumhuriyeti 93 harbinde yitirilen Balkan topraklar\u0131n\u0131, Tuna\u2019ya kadar eskiden bizim olan\u0131 sava\u015fla geri almak niyetiyle kurulmam\u0131\u015ft\u0131r. \u0130lan edilen ana ilke: \u201c<strong>Yurtta Bar\u0131\u015f D\u00fcnyada Bar\u0131\u015f<\/strong>!\u201d ilkesidir. T\u00fcrk halk\u0131n\u0131n Mustafa Kemal \u00f6nderli\u011finde ger\u00e7ekle\u015ftirdi\u011fi Ulusal Kurtulu\u015f Sava\u015f\u0131 d\u00fcnyada benzer \u00f6rne\u011fi olmayan bir devrimin \u00f6z\u00fcnden bir par\u00e7ad\u0131r. T\u00fcrk devrimin \u00f6n yap\u0131s\u0131,\u00a0 \u00c7ar Ferdinand s\u00fcr\u00fclerinin \u00c7atalca\u2019da, \u0130ngilizlerin \u00c7anakkale\u2019de, Yunan\u0131n da Sakarya boylar\u0131nda yenilmesiyle at\u0131ld\u0131. Osmanl\u0131\u2019n\u0131n 300 y\u0131ll\u0131k gerilemesini Mustafa Kemal \u00f6nderli\u011finde durduran T\u00fcrk milleti, Saltanat\u0131 olumsuzlarken Cumhuriyeti kurma \u015ferefini kazanm\u0131\u015f oldu. Hi\u00e7bir devrimci d\u00f6n\u00fc\u015f\u00fcm i\u00e7inde yan g\u00fc\u00e7ler son egemen olamaz. Albay Veselin Bojkov\u2019a 7 y\u0131ldan beri bir Avrupa Birli\u011fi \u00fclkesi olan ve eski k\u0131ta tarihi i\u00e7inde var olma hakk\u0131 oldu\u011fu iddias\u0131nda bulunan Bulgaristan\u2019\u0131n Osmanl\u0131 Rus 93 Harbi\u2019nde bir yan \u00fcr\u00fcn olarak hayat hakk\u0131 kazand\u0131\u011f\u0131n\u0131 unutmamak gerekir. Bulgar Prensli\u011fi\u2019nin, daha sonra \u00c7arl\u0131\u011f\u0131\u2019n\u0131n ve Cumhuriyeti\u2019nin ayn\u0131 co\u011frafyay\u0131 payla\u015fan di\u011fer etniklere kar\u015f\u0131 amans\u0131z d\u00fc\u015fman olarak davran\u0131lmas\u0131n\u0131n hi\u00e7bir dayana\u011f\u0131 yoktur.<\/p>\n<p>Do\u011frudur, 20. y\u00fczy\u0131l \u201c<strong>Atat\u00fcrk \u00c7a\u011f\u0131<\/strong>\u201d idi. 5 k\u0131ta halk\u0131n\u0131n uyanmas\u0131na ve emperyalizm zincirlerini zorlamas\u0131na ilham veren M. Kemal Pa\u015fa oldu. D\u00fcnya halklar\u0131na imparatorluktan kurtulup Cumhuriyet kurmay\u0131 o \u00f6\u011fretti. Devrimlerin sonsuz bir s\u00fcre\u00e7 oldu\u011funu anlat\u0131rken T\u00fcrk halk\u0131n\u0131 her \u015fey \u00fczerinde d\u00fc\u015f\u00fcnmeye \u00e7a\u011f\u0131ran Atat\u00fcrk yenile\u015fmeyi, at\u0131l\u0131ml\u0131 ilerlemeyi, k\u00f6kl\u00fc reformlar yaparak topra\u011f\u0131n derin s\u00fcr\u00fcld\u00fc\u011f\u00fc gibi toplumun da d\u00f6n\u00fc\u015ft\u00fcr\u00fclebilece\u011fini g\u00f6sterdi. Ne yaz\u0131k ki, okudu\u011fumuz eserden anla\u015f\u0131ld\u0131\u011f\u0131 \u00fczere, T\u00fcrk halk\u0131n\u0131n mutlulu\u011fu ve y\u00fccelmeyi ararken devaml\u0131 yenile\u015fme yolu a\u00e7mas\u0131, Bulgaristan makamlar\u0131nda k\u0131\u015fk\u0131rtma, kundaklama, y\u0131k\u0131c\u0131 propaganda vb olarak alg\u0131lanm\u0131\u015f. Ne yaz\u0131k ki, yazar Albay Bojkov, Atat\u00fcrk devrimi ve d\u00f6n\u00fc\u015f\u00fcmlerinin do\u011fal bir devam\u0131 olan Yeni Osmanc\u0131l\u0131\u011f\u0131, yani 19. y\u00fczy\u0131l sava\u015flar\u0131nda di\u011fer \u00fclkelerde kalan dini ve y\u00fcksek mimari ve k\u00fclt\u00fcr eserlerimize sahip \u00e7\u0131kmam\u0131z\u0131 da \u201c<strong>yay\u0131lmac\u0131l\u0131k<\/strong>\u201d, \u201c<strong>Bulgaristan\u2019\u0131n toprak b\u00fct\u00fcnl\u00fc\u011f\u00fc i\u00e7in tehlike<\/strong>\u201d olarak g\u00f6r\u00fcyor. Bulgaristan\u2019da ya\u015fayan T\u00fcrklerin ve t\u00fcm M\u00fcsl\u00fcmanlar\u0131n T\u00fcrk ocaklar\u0131nda \u0131s\u0131nma azmini de d\u00fc\u015fmanca de\u011ferlendiriyor. T\u00fcrk olarak ya\u015famak isteyen binlerce ki\u015finin tutukland\u0131\u011f\u0131n\u0131, hapsedildi\u011fini vb anlat\u0131yor. T\u00fcrkl\u00fc\u011f\u00fc s\u0131f\u0131rlaman\u0131n m\u00fcmk\u00fcn olmad\u0131\u011f\u0131 itiraf etmesini beklesek de, susuyor.<\/p>\n<p>Memleketimizde ucu a\u00e7\u0131lm\u0131\u015f bir \u00e7\u0131banba\u015f\u0131 var. Bu eser,\u00a0 icran selinin akmaya ba\u015flad\u0131\u011f\u0131n\u0131 ve mutlaka akmas\u0131 gerekti\u011fini g\u00f6steren bir belgedir. T\u00fcrkiye\u2019nin ve T\u00fcrkl\u00fc\u011f\u00fcn ba\u015far\u0131lar\u0131 hi\u00e7bir zaman hi\u00e7bir kimse trajedi olmam\u0131\u015ft\u0131r. Biz T\u00fcrkl\u00fc\u011f\u00fcm\u00fcze su verdik\u00e7e d\u00fc\u015fmanl\u0131k zehri mutlaka akacak ve hepimiz kurtulaca\u011f\u0131z.<\/p><div id=\"bghab-1349692382\" class=\"bghab-icerik-icine-30-paragraf bghab-entity-placement\"><script async src=\"\/\/pagead2.googlesyndication.com\/pagead\/js\/adsbygoogle.js?client=ca-pub-6203283170189293\" crossorigin=\"anonymous\"><\/script><ins class=\"adsbygoogle\" style=\"display:block; text-align:center;\" data-ad-client=\"ca-pub-6203283170189293\" \ndata-ad-slot=\"7303146466\" \ndata-ad-layout=\"in-article\"\ndata-ad-format=\"fluid\" data-full-width-responsive=\"true\"><\/ins>\n<script> \n(adsbygoogle = window.adsbygoogle || []).push({}); \n<\/script>\n<\/div>\n<p>Bu inan\u00e7ta olanlar\u0131n saflar\u0131 her g\u00fcn g\u00fc\u00e7leniyor. Bulgar yazar T. Kojuharov Atat\u00fcrk\u2019e adad\u0131\u011f\u0131 bir \u00f6yk\u00fcs\u00fcnde \u015f\u00f6yle demi\u015fti:<\/p>\n<p>\u201c<strong>Atat\u00fcrk, hi\u00e7bir \u015fartl\u0131l\u0131\u011f\u0131n \u00e7er\u00e7evesine s\u0131\u011fd\u0131r\u0131lamayan \u00f6n\u00fc al\u0131nmaz bir do\u011fal afetti. O, ola\u011fan\u00fcst\u00fc bir insand\u0131. Genel d\u00fczeyin \u00fcst\u00fcnde y\u00fckselten t\u00fckenmeyen enerjisinin alt\u0131nda \u00e7er\u00e7evelerin hepsi k\u0131r\u0131l\u0131yor ve eksik olan her \u015feye ra\u011fmen, itirazs\u0131z \u00f6nder oldu\u011fu hi\u00e7bir kimse taraf\u0131ndan tart\u0131\u015f\u0131lm\u0131yordu.\u00a0 Atat\u00fcrk, geleneklerin her t\u00fcr\u00fcne yabanc\u0131, ge\u00e7mi\u015fin tan\u0131d\u0131\u011f\u0131 en b\u00fcy\u00fck simalar\u0131 bile taklit etmeyen, orijinal biriydi. T\u00fcrkiye\u2019nin y\u00fccelmesi, onun tek ideali ve Tanr\u0131s\u0131yd\u0131<\/strong>.\u201d<\/p>\n<p>\u201c<strong>Atat\u00fcrk \u00c7a\u011f\u0131!\u201d<\/strong><\/p>\n<p>G\u00fcne\u015f bal\u00e7\u0131kla s\u0131vanamaz!<\/p>\n<p>Atat\u00fcrk Bulgar halk\u0131n\u0131 seven ve sayan b\u00fcy\u00fck bir liderdi.<\/p><div id=\"bghab-2690533792\" class=\"bghab-icerik-icine-35-paragraf bghab-entity-placement\"><script async src=\"\/\/pagead2.googlesyndication.com\/pagead\/js\/adsbygoogle.js?client=ca-pub-6203283170189293\" crossorigin=\"anonymous\"><\/script><ins class=\"adsbygoogle\" style=\"display:block; text-align:center;\" data-ad-client=\"ca-pub-6203283170189293\" \ndata-ad-slot=\"7303146466\" \ndata-ad-layout=\"in-article\"\ndata-ad-format=\"fluid\" data-full-width-responsive=\"true\"><\/ins>\n<script> \n(adsbygoogle = window.adsbygoogle || []).push({}); \n<\/script>\n<\/div>\n<p>Unutmayal\u0131m, Bulgar halk\u0131n\u0131n Mustafa Kemal\u2019den ba\u015fka, onun kadar de\u011ferli, sayg\u0131n ve d\u00fcnya \u00e7ap\u0131nda \u00fcnl\u00fc bir devlet adam\u0131 Bulgar halk\u0131na dost olmam\u0131\u015ft\u0131r.<\/p>\n<p>Devam edecek.<strong>\u00a0\u00a0\u00a0\u00a0\u00a0\u00a0\u00a0\u00a0\u00a0\u00a0\u00a0\u00a0\u00a0\u00a0\u00a0\u00a0\u00a0\u00a0\u00a0\u00a0\u00a0\u00a0\u00a0\u00a0\u00a0\u00a0\u00a0\u00a0\u00a0\u00a0\u00a0\u00a0\u00a0\u00a0\u00a0\u00a0\u00a0\u00a0\u00a0\u00a0\u00a0\u00a0\u00a0\u00a0\u00a0 <\/strong><\/p>\n<p>&nbsp;<\/p>\n<div id=\"bghab-2467435508\" class=\"bghab-yazi-altinda bghab-entity-placement\"><div class=\"bghab-adlabel\">Reklamlar<\/div><script async src=\"https:\/\/pagead2.googlesyndication.com\/pagead\/js\/adsbygoogle.js\"><\/script>\r\n<!-- bghaber-yaz\u0131-sonu -->\r\n<ins class=\"adsbygoogle\"\r\n     style=\"display:block\"\r\n     data-ad-client=\"ca-pub-6203283170189293\"\r\n     data-ad-slot=\"4222328180\"\r\n     data-ad-format=\"auto\"\r\n     data-full-width-responsive=\"true\"><\/ins>\r\n<script>\r\n     (adsbygoogle = window.adsbygoogle || []).push({});\r\n<\/script><\/div><br style=\"clear: both; display: block; float: none;\"\/>","protected":false},"excerpt":{"rendered":"<p>BGSAM Konu: T\u00fck\u00fcrd\u00fc\u011f\u00fcn\u00fc Yalamak, Stratejide Bir Taktik Midir? Bulgaristan\u2019da sat\u0131lan \u201cKemal Atat\u00fcrk \u00c7a\u011f\u0131 ve\u00a0Bulgaristan&#8217;\u0131n\u00a0Trajedisi\u201d kitab\u0131 426 sayfad\u0131r. \u201cPropeler\u201d yay\u0131nevince 2015 y\u0131l\u0131 l\u00fcks bask\u0131s\u0131 olarak \u00e7\u0131kt\u0131.<\/p>\n","protected":false},"author":13,"featured_media":0,"comment_status":"closed","ping_status":"closed","sticky":false,"template":"","format":"standard","meta":{"advanced_seo_description":"","jetpack_seo_html_title":"","jetpack_seo_noindex":false,"_jetpack_memberships_contains_paid_content":false,"footnotes":""},"categories":[6],"tags":[],"class_list":["post-15903","post","type-post","status-publish","format-standard","hentry","category-yorum"],"jetpack_featured_media_url":"","jetpack_sharing_enabled":true,"jetpack_likes_enabled":true,"jetpack-related-posts":[],"jetpack_shortlink":"https:\/\/wp.me\/pc2PfJ-48v","_links":{"self":[{"href":"https:\/\/www.bghaber.org\/bghaber\/wp-json\/wp\/v2\/posts\/15903","targetHints":{"allow":["GET"]}}],"collection":[{"href":"https:\/\/www.bghaber.org\/bghaber\/wp-json\/wp\/v2\/posts"}],"about":[{"href":"https:\/\/www.bghaber.org\/bghaber\/wp-json\/wp\/v2\/types\/post"}],"author":[{"embeddable":true,"href":"https:\/\/www.bghaber.org\/bghaber\/wp-json\/wp\/v2\/users\/13"}],"replies":[{"embeddable":true,"href":"https:\/\/www.bghaber.org\/bghaber\/wp-json\/wp\/v2\/comments?post=15903"}],"version-history":[{"count":0,"href":"https:\/\/www.bghaber.org\/bghaber\/wp-json\/wp\/v2\/posts\/15903\/revisions"}],"wp:attachment":[{"href":"https:\/\/www.bghaber.org\/bghaber\/wp-json\/wp\/v2\/media?parent=15903"}],"wp:term":[{"taxonomy":"category","embeddable":true,"href":"https:\/\/www.bghaber.org\/bghaber\/wp-json\/wp\/v2\/categories?post=15903"},{"taxonomy":"post_tag","embeddable":true,"href":"https:\/\/www.bghaber.org\/bghaber\/wp-json\/wp\/v2\/tags?post=15903"}],"curies":[{"name":"wp","href":"https:\/\/api.w.org\/{rel}","templated":true}]}}