{"id":15898,"date":"2015-08-14T22:10:44","date_gmt":"2015-08-14T19:10:44","guid":{"rendered":"http:\/\/www.bghaber.org\/bghaber\/?p=15898"},"modified":"2015-08-19T23:36:45","modified_gmt":"2015-08-19T20:36:45","slug":"hatiralar-ve-durulamayan-anilar","status":"publish","type":"post","link":"https:\/\/www.bghaber.org\/bghaber\/hatiralar-ve-durulamayan-anilar\/","title":{"rendered":"Hat\u0131ralar ve Durulamayan An\u0131lar"},"content":{"rendered":"<p><img data-recalc-dims=\"1\" height=\"130\" width=\"190\" decoding=\"async\" src=\"https:\/\/i0.wp.com\/www.bghaber.org\/bghaber\/wp-content\/uploads\/2014\/11\/Musa-190x130.jpg?resize=190%2C130\" alt=\"Musa\" \/>Musa VATANSEVER<\/p>\n<p>Konu: <strong>Tuna Akmaya Devam Ediyor<\/strong><\/p>\n<p>15 A\u011fustos 2015\u2019te<strong> \u201cBelene \u00d6l\u00fcm Kamp\u0131\u201d <\/strong>nda kalanlar\u0131n Tuna \u0131rma\u011f\u0131 adac\u0131klar\u0131ndan Persin\u2019de bulu\u015fmas\u0131 var.<\/p>\n<p>1984 -1989 y\u0131llar\u0131 aras\u0131nda bu adaya resmi istatistiklere g\u00f6re 518 Bulgaristan T\u00fcrk\u00fc s\u00fcrg\u00fcn edilmi\u015ftir. Kamptaki \u015fartlar\u0131n ola\u011fan\u00fcst\u00fc a\u011f\u0131r oldu\u011fundan \u00f6t\u00fcr\u00fc Belene\u2019ye \u201c<strong>\u00d6l\u00fcm Adas\u0131<\/strong>\u201d ad\u0131 verilmi\u015fti. \u201c<strong>Belene\u201d <\/strong>de imtiyazl\u0131 T\u00fcrk yoktu. Adaya s\u00fcrg\u00fcn edenlerin hepsi \u015fu ya da bu \u015fekilde isimlerimizin de\u011fi\u015ftirilmesine, \u201c<strong>soya d\u00f6n\u00fc\u015f s\u00fcrecine<\/strong>\u201d, Bulgarla\u015ft\u0131r\u0131lmam\u0131za, T\u00fcrk\u00e7emizin yasaklanmas\u0131na, anadilini konu\u015fanlara ceza kesilmesine kar\u015f\u0131 ba\u015fkald\u0131rm\u0131\u015flard\u0131. \u00a0Yak\u0131nlar\u0131n\u0131n yarg\u0131s\u0131z sorgusuz i\u00e7eri at\u0131l\u0131p s\u00fcrg\u00fcn edilmesini a\u00e7\u0131k orta k\u0131nayanlar, T\u00fcrk M\u00fcsl\u00fcman adetlerine g\u00f6re ya\u015famaya devam etmek isteyenler hep \u00a0\u201cBelene\u201dyi boylam\u0131\u015ft\u0131. Onlar\u0131n adas\u0131nda en b\u00fcy\u00fck grubu ayd\u0131nlar, \u00f6\u011fretmenler, yazar ve \u015fairler, gazeteciler, n\u00fcfus sahibi olan iktisat y\u00f6neticileri, okul m\u00fcd\u00fcrleri, bilinen sporcular olu\u015fturuyordu. Sonradan \u00f6\u011frenildi\u011fine g\u00f6re, bu 518 ki\u015fiden 52\u2019si siyasi polisin hafiyesiymi\u015f, adaya g\u00f6revli olarak g\u00f6nderilmi\u015f ve ko\u011fu\u015f sorumlusu, yazar, bek\u00e7i gibi sudan havadan i\u015fler onlara verilmi\u015fti. 26 y\u0131l ge\u00e7mesine ra\u011fmen ajanlar\u0131n adlar\u0131 \u00f6zel olarak a\u00e7\u0131klanmad\u0131, \u00e7\u00fcnk\u00fc anla\u015f\u0131lan polis i\u015fini \u201cBelene\u201dde de bo\u015flamam\u0131\u015ft\u0131. Y\u0131llar sonra \u00e7\u0131kan istatistiklerde 1984 \u2013 1989 y\u0131llar\u0131 aras\u0131nda Bulgaristan T\u00fcreleri\u2019nden 250 ki\u015finin daha \u201cispiyonculu\u011fu <strong>kabul ediyorum<\/strong>\u201d belgesini imzalamaya zorland\u0131\u011f\u0131 ortaya \u00e7\u0131kt\u0131. \u201c<strong>Denize d\u00fc\u015fen y\u0131lana sar\u0131l\u0131r\u201d,<\/strong> o zor zamanlarda ya\u015fanan s\u0131k\u0131nt\u0131lar\u0131n do\u011furdu\u011fu baz\u0131 hareketlerin T\u00fcrk ruhuna ters d\u00fc\u015ft\u00fc\u011f\u00fcn\u00fc ve bask\u0131 sonucu do\u011fan geli\u015fmelere anlay\u0131\u015fl\u0131 ve ho\u015fg\u00f6r\u00fcl\u00fc bak\u0131lmas\u0131ndan yana oldu\u011fumuzu bir daha beyan ediyoruz. \u0130mza kendili\u011finden i\u015f yapmaz! Fi\u015flenmi\u015f olan her ki\u015finin k\u00f6t\u00fcl\u00fck yapt\u0131\u011f\u0131na da inanmak istemiyoruz. Zaten \u201cBelene\u201dden kurtulan, \u201c<strong>ge\u00e7mi\u015fimden utan\u00e7 duyuyorum ve ruhen temizlenmeye yer ar\u0131yorum<\/strong>\u201d der gibi hemen memleketimizi, evini bark\u0131n\u0131 terk etti ve huzur bulmak amac\u0131yla anavatana s\u0131\u011f\u0131nd\u0131.<\/p>\n<p>\u015eu da bir ger\u00e7ektir: Bulgaristan Kom\u00fcnist Partisi (BKP) veya Bulgaristan \u00c7ift\u00e7i Halk Birli\u011fi (BZNS) \u00fcyesi olmak, Bulgaristanl\u0131 T\u00fcrklerden hi\u00e7birine \u00a0\u201c<strong>Belene\u201d kap\u0131s\u0131n\u0131 kapamad\u0131. Bir\u00e7ok madalyal\u0131 t\u00fct\u00fcn \u00fcreticisi, hayvan bak\u0131c\u0131, \u00f6\u011fretmen, ressam, gazeteci ve sporcu \u00f6l\u00fcm adas\u0131ndayd\u0131.<\/strong> A\u011f\u0131r s\u0131klette 2 defa olimpiyat \u015fampiyonu olan g\u00fcre\u015f\u00e7imiz L\u00fctf\u00fc Almedov\u2019un T\u00fcrk ismini de\u011fi\u015ftirmeselerdi, aram\u0131zda ayr\u0131cal\u0131kl\u0131 olan da varm\u0131\u015f, diyebilirdim. O da \u201cKendine \u0130sim Se\u00e7!\u201d dendi\u011finde, alt\u0131n madalyalar\u0131 geri verdi. T\u00fcrk-Bulgar didi\u015fmesinde hi\u00e7bir hizmetin ve otoritenin be\u015f para etmedi\u011fini anlad\u0131 ve \u00fcz\u00fcld\u00fc.<\/p><div id=\"bghab-2855141080\" class=\"bghab-icerik-icine bghab-entity-placement\"><script async src=\"\/\/pagead2.googlesyndication.com\/pagead\/js\/adsbygoogle.js?client=ca-pub-6203283170189293\" crossorigin=\"anonymous\"><\/script><ins class=\"adsbygoogle\" style=\"display:block; text-align:center;\" data-ad-client=\"ca-pub-6203283170189293\" \ndata-ad-slot=\"7303146466\" \ndata-ad-layout=\"in-article\"\ndata-ad-format=\"fluid\" data-full-width-responsive=\"true\"><\/ins>\n<script> \n(adsbygoogle = window.adsbygoogle || []).push({}); \n<\/script>\n<\/div>\n<p>Ciddi tepki g\u00f6steren ayd\u0131nlardan biri olan, Ko\u015fukavak lisesinde Marksizm Leninizm hocas\u0131 olan Mustafa \u00d6mer\u2019di. O s\u00fcrg\u00fcnde DEMOKRAT\u0130K L\u0130G hareketini kurdu ve May\u0131s 1989 Ayaklanmas\u0131n\u0131 ate\u015fledi. Bulgaristan T\u00fcrklerine Mahsus Yay\u0131n Yapan T\u00fcrk\u00e7e Radyo programlar\u0131n\u0131n ilk spikeri Kahveci\u2019de susmad\u0131. T\u00fcrk\u00e7e \u00f6\u011fretmeni, yazar ve \u015fair \u00d6mer Osman \u201c<strong>T\u00fcrk\u00fcm bilinciyle ya\u015fayan her Bulgaristan vatanda\u015f\u0131n\u0131n yeri Belene adas\u0131d\u0131r<\/strong>!\u201d dedi. \u00a0\u201c<strong>Belene \u00f6l\u00fcm kamp\u0131na<\/strong>\u201d 3 kez girip de uslanmayan \u015fair Nuri Adal\u0131 gibi asiler ba\u015fkald\u0131ranlara \u00f6nc\u00fc oldu. K\u00f6y ve kasabalarda isimleri de\u011fi\u015ftirilemeyen T\u00fcrklerin, polisten ka\u00e7anlar\u0131n ve yakalan\u0131nca s\u00fcrg\u00fcn edenlerin isimleri bu adada de\u011fi\u015ftirildi. Kampta, T\u00fcrk bayanlar vard\u0131. Onlar t\u00fct\u00fcn i\u015f\u00e7isi, \u00f6\u011fretmen veya hem\u015fireydiler. Emsalsiz bir dayan\u0131rl\u0131k, sab\u0131r ve kahramanl\u0131k g\u00f6sterdiler. Kendilerine yap\u0131lan i\u015fkencelerin v\u00fccutlar\u0131nda iz b\u0131rakmamas\u0131n\u0131 \u00f6nlemek i\u00e7in domuz etlerinin donduran derin dondurucuya kapat\u0131ld\u0131lar. \u00c7\u0131ng\u0131l \u00e7\u0131ng\u0131l buzlan\u0131p dondular, kas kat\u0131 kesildiler ama ruhen \u00e7\u00f6kmediler. \u00a0Mosmor morard\u0131klar\u0131nda buzlar \u00e7\u00f6z\u00fcl\u00fcrken ac\u0131lara dayanamayacaklar\u0131 d\u00fc\u015f\u00fcn\u00fclm\u00fc\u015ft\u00fc. T\u00fcrk bilin\u00e7lerini i\u015fkencelere dayan\u0131kl\u0131l\u0131\u011f\u0131 polislere dudak \u0131s\u0131rtt\u0131. \u0130\u015fkenceler \u00f6l\u00fcm kamp\u0131ndaki T\u00fcrk ayd\u0131n bayanlar\u0131n iradesini k\u0131ramad\u0131.<\/p>\n<p>Belene Adas\u0131nda \u201c<strong>kalan ve kalmayanlar, i\u015fkence g\u00f6ren ve g\u00f6rmeyenler<\/strong>\u201d \u00fcst\u00fcne de\u011fi\u015fik kitaplar yazd\u0131. Bunlar\u0131n baz\u0131lar\u0131nda 1947-1953\u2019te kom\u00fcnist rejim d\u00fc\u015fman\u0131 Bulgarlar\u0131n kald\u0131\u011f\u0131 bu Tuna adas\u0131nda, insan yakma f\u0131r\u0131n\u0131 oldu\u011fu ve \u201c<strong>yak\u0131lanlar\u0131n ya\u011flar\u0131n\u0131n bacalardan damlamaya devam etti\u011fi<\/strong>\u201d gibi hayal \u00fcr\u00fcn\u00fc anlat\u0131mlara rastlad\u0131k. O \u00a0d\u00f6nemde Bulgaristan\u2019da 46 toplama kamp\u0131 vard\u0131. \u00a0Bunlarda 20 bin ki\u015finin can verdi\u011fi do\u011frudur. Fakat \u201c<strong>Belene \u00d6l\u00fcm Kamp\u0131nda<\/strong>\u201d 1984-1989 aras\u0131nda yak\u0131lan ya da \u00f6ld\u00fcr\u00fclen Bulgaristan T\u00fcrk\u00fc ve M\u00fcsl\u00fcman\u0131 yoktur. Adada kalanlar hakk\u0131nda \u201c<strong>akl\u0131m ba\u015f\u0131ma geldi<\/strong>\u201d izlenimi uyand\u0131ranlar hemen Kuzey Bat\u0131 Bulgaristan\u2019\u0131n de\u011fi\u015fik Bulgar k\u00f6y ve kasabalar\u0131na, b\u00f6lgeyi terk etmemek \u015fart\u0131yla, s\u00fcrg\u00fcn edildiler. Gen\u00e7 ve sa\u011fl\u0131k durumlar\u0131 iyi olan T\u00fcrklerse yine ayn\u0131 y\u00f6redeki \u201cBobovdol\u201d k\u00f6m\u00fcr madeni oca\u011f\u0131na i\u015fe g\u00f6nderildi.<\/p>\n<p>Ba\u015fka bir analizse, Belene \u00d6l\u00fcm Adas\u0131\u2019n\u0131n 1984 Aral\u0131\u011f\u0131 ile 1985 \u015eubat sonu aras\u0131ndaki ilk T\u00fcrk Ayaklanmas\u0131ndan, 1989 May\u0131s Ayaklanmam\u0131za kadarki d\u00f6nemde uyan\u0131k, sayg\u0131n ve asi T\u00fcrkleri gemlemek, korkutmak ve susturmak i\u00e7in kullan\u0131ld\u0131\u011f\u0131n\u0131 g\u00f6steriyor. 1984 \/ 85 olaylar\u0131nda k\u0131rk ki\u015fiden fazla \u015fehit d\u00fc\u015fm\u00fc\u015ft\u00fc. Halk \u00f6fkesi patlad\u0131. 1989 A\u011fustosu B\u00fcy\u00fck G\u00f6\u00e7\u00fc ise, 6 y\u0131l s\u00fcren sert ve kararl\u0131 kitle direni\u015flerine kat\u0131lan \u00f6rg\u00fctl\u00fc kadroyu ve kararl\u0131 yanda\u015flar\u0131 d\u0131\u015f \u00fclkelere kovarak, ba\u015f e\u011fmeyen T\u00fcrklerden kurtulu\u015f se\u00e7ene\u011fi oldu.<\/p>\n<p>\u201c<strong>Belene Ada Kamp\u0131nda<\/strong>\u201d yaz\u0131lan veya daha sonra kalem al\u0131nan eserlerde, ayd\u0131nlar\u0131m\u0131z \u00e7ekilen \u00e7ileyi gelecek nesillere anlatt\u0131. \u00d6rne\u011fin \u00f6mr\u00fcn\u00fcn 23 y\u0131l\u0131 hapis ve s\u00fcrg\u00fcnde ge\u00e7en \u015fair N.Turgut Adal\u0131 \u201c<strong>Belene \u20131<\/strong>\u201d \u00a0\u00a0\u015fiirinde \u015f\u00f6yle dedi:<\/p>\n<p>Dev \u0131rmak Tuna,<\/p><div id=\"bghab-2335728742\" class=\"bghab-icerik-icine-10-paragraf bghab-entity-placement\"><script async src=\"\/\/pagead2.googlesyndication.com\/pagead\/js\/adsbygoogle.js?client=ca-pub-6203283170189293\" crossorigin=\"anonymous\"><\/script><ins class=\"adsbygoogle\" style=\"display:block; text-align:center;\" data-ad-client=\"ca-pub-6203283170189293\" \ndata-ad-slot=\"7303146466\" \ndata-ad-layout=\"in-article\"\ndata-ad-format=\"fluid\" data-full-width-responsive=\"true\"><\/ins>\n<script> \n(adsbygoogle = window.adsbygoogle || []).push({}); \n<\/script>\n<\/div>\n<p>G\u00f6t\u00fcr beni anama<\/p>\n<p>Bu demir kap\u0131lar\u0131<\/p>\n<p>A\u00e7amam, g\u00fc\u00e7 ver bana!<\/p>\n<p>\u201c<strong>Belene -2<\/strong>\u201d \u015fiirinde ise h\u00fcz\u00fcnl\u00fcyd\u00fc. Umudu yenikti. \u015e\u00f6yle hayk\u0131rd\u0131:<\/p>\n<p>Arda\u2019dan Tuna\u2019ya yol \u0131rak,<\/p><div id=\"bghab-3151925725\" class=\"bghab-icerik-icine-15-paragraf bghab-entity-placement\"><script async src=\"\/\/pagead2.googlesyndication.com\/pagead\/js\/adsbygoogle.js?client=ca-pub-6203283170189293\" crossorigin=\"anonymous\"><\/script><ins class=\"adsbygoogle\" style=\"display:block; text-align:center;\" data-ad-client=\"ca-pub-6203283170189293\" \ndata-ad-slot=\"7303146466\" \ndata-ad-layout=\"in-article\"\ndata-ad-format=\"fluid\" data-full-width-responsive=\"true\"><\/ins>\n<script> \n(adsbygoogle = window.adsbygoogle || []).push({}); \n<\/script>\n<\/div>\n<p>Bir g\u00fcnde var\u0131lmaz b\u00fcy\u00fck suya!<\/p>\n<p>Anneci\u011fim, yollara d\u00fc\u015f\u00fcp, zahmet etme!<\/p>\n<p>Ku\u015f konmaz bu kahrolas\u0131 Belene\u2019ye<\/p>\n<p>Bilincini ve kalemini h\u00fccre \u00f6rs\u00fcnde sivrilten yazar ve \u015fair Ahmet \u015eerif \u015eerefli, \u201c<strong>\u00d6nce fikirlerimizi esir ald\u0131lar<\/strong>\u201d g\u00f6r\u00fc\u015f\u00fcn\u00fc a\u00e7t\u0131\u011f\u0131 \u201c<strong>T\u00fcrk Do\u011fduk, T\u00fcrk \u00d6ld\u00fck<\/strong>!\u201d eserinde, \u00a0bahar\u0131n yeniden ye\u015ferece\u011fi, \u00e7i\u00e7eklerin gene a\u00e7aca\u011f\u0131na ve dallar\u0131n yine meyve y\u00fcklenece\u011fine olan inanc\u0131n\u0131 \u00f6d\u00fcn vermeden dile getirdi. Binlerce okuruna T\u00fcrkl\u00fck suyu verdi.<\/p>\n<p>1984\/89, \u201c<strong>Belene \u00d6l\u00fcm Kamp\u0131<\/strong>\u201d trajedisi, binlerimizin yarg\u0131s\u0131z i\u00e7eri at\u0131lmam\u0131z, \u00a0h\u00fccre karanl\u0131\u011f\u0131nda k\u00f6rle\u015ftirilmemiz\u2026 t\u00fcm s\u0131rlar\u0131m\u0131z\u0131 unutturmak, Osmanl\u0131-T\u00fcrk ocaklar\u0131na ve \u00e7ok daha gerilere inen izlerimizi kaybettirmek, belle\u011fimizden ebediyen silmek i\u00e7in yap\u0131ld\u0131. Onlar, isimsiz bir ki\u015finin ehemmiyetsiz biri oldu\u011funu biliyordu. Onlar, k\u00f6ks\u00fcz bir a\u011f\u0131c\u0131n kesilmi\u015f ve odunlu\u011fa dizilmi\u015f yarma oldu\u011funu da iyi biliyordu. Bizi canl\u0131 canl\u0131 de\u011fil, Belenelerde,\u00a0 Sofya, Stara Zagora, Varna vb hapishanelerde kurutup gevreterek bitireceklerdi. Onlar kuru fidan\u0131no dikilmedi\u011fini, dikilse de ye\u015fermedi\u011fini iyi biliyorlard\u0131. Fakat biz hepimiz onlardan \u00e7ok daha yak\u0131nd\u0131k g\u00fcne\u015fe ve bug\u00fcn k\u0131zlar\u0131m\u0131z, o\u011flanlarla el ele tutu\u015fmu\u015f bayram ederken, birbirlerine sevgi verip memleket topraklarda T\u00fcrkl\u00fc\u011f\u00fc, T\u00fcrk k\u00fclt\u00fcr\u00fcn\u00fc ve sonsuz asaletimizi ve ho\u015fg\u00f6r\u00fcm\u00fcz\u00fc ya\u015fatmak i\u00e7in u\u011fra\u015f\u0131yorlar.<\/p><div id=\"bghab-2821791135\" class=\"bghab-icerik-icine-20-paragraf bghab-entity-placement\"><script async src=\"\/\/pagead2.googlesyndication.com\/pagead\/js\/adsbygoogle.js?client=ca-pub-6203283170189293\" crossorigin=\"anonymous\"><\/script><ins class=\"adsbygoogle\" style=\"display:block; text-align:center;\" data-ad-client=\"ca-pub-6203283170189293\" \ndata-ad-slot=\"7303146466\" \ndata-ad-layout=\"in-article\"\ndata-ad-format=\"fluid\" data-full-width-responsive=\"true\"><\/ins>\n<script> \n(adsbygoogle = window.adsbygoogle || []).push({}); \n<\/script>\n<\/div>\n<p>Bundan 30 y\u0131l \u00f6ncesine o a\u011f\u0131r y\u0131llar\u0131 anlatan an\u0131 eserlerinde Rodoplu yazar Mehmet T\u00fcrker, Mastanl\u0131\u2019l\u0131 tutuklu Kas\u0131m Hasanov\u2019la birlikte, bilekleri kelep\u00e7eli \u201c<strong>Belene<\/strong>\u201d yolunda bir polis arac\u0131 i\u00e7inde ge\u00e7en bir konu\u015fmsy\u0131 \u015f\u00f6yle anlat\u0131yor: 24 saat d\u00f6v\u00fclen K. Hasanov\u2019a K\u0131rcaali polis amirli\u011finde \u015f\u00f6yle demi\u015flerdi: \u201c<strong>\u015eu mermileri senin i\u00e7in haz\u0131rlad\u0131m. Seni avluya \u00e7\u0131kar\u0131p beynini tuz buz edece\u011fim ve benden kimse hesap soramayacak<\/strong>!\u201d Yazar T\u00fcrker, \u00e7ok \u00f6nemli bir noktaya parmak bas\u0131yor. \u201cBelene\u201d yollar\u0131nda yarg\u0131s\u0131z infaz edilenlerin, polis mahzenlerinde son nefesini verenlerin, barajlara, kuyulara, derelere at\u0131lanlar\u0131n ad\u0131, soyad\u0131, ka\u00e7 ki\u015fi olduklar\u0131, neden \u00f6ld\u00fcr\u00fcld\u00fckleri, haklar\u0131nda hi\u00e7bir \u015fey bilinmiyor. 1984\u201389 d\u00f6neminde keyfi hareketten, silah \u00e7ekip insan \u00f6ld\u00fcrmekten, insan d\u00f6vmekten, sakatlamaktan, yan\u0131lt\u0131c\u0131 bilgilendirmeden, izinsiz silah kullanmadan sorgulanm\u0131\u015f veya yarg\u0131lanm\u0131\u015f Bulgar polisi yoktur. Bu arada yaral\u0131 T\u00fcrkleri polikliniklere ve hastanelere almayan Bulgar doktor ve hem\u015fireler de sorgulanmam\u0131\u015f ve yarg\u0131lanmam\u0131\u015ft\u0131r. Bulgar polisi, sivil polisler, hafiyeler, kendi akrabalar\u0131na, halk\u0131m\u0131za kar\u015f\u0131 neden m\u00fczevirlik yapt\u0131klar\u0131n\u0131 bilmeyenler, kom\u00fcnistlikten ge\u00e7inenler ve etraf\u0131m\u0131zda \u00e7ivisi \u00e7\u0131km\u0131\u015f gibi dola\u015fan komsomol militanlar\u0131 y\u0131llarca uygulanan yarg\u0131s\u0131z infazlar\u0131n sanki fark\u0131nda de\u011fildir. Onlar i\u00e7in devletin g\u00f6r\u00fclmeyen elleriyle i\u015fledi\u011fi cinayetler sanki Hakk\u0131n emriydi. Kafalar\u0131 donmu\u015f, mermerle\u015fmi\u015f ve ya g\u00fcne\u015ften pi\u015fmi\u015f oldu\u011fundan onlar \u00f6z halk\u0131na kar\u015f\u0131 yap\u0131lanlar\u0131 \u201c<strong>do\u011fru<\/strong>\u201d bulacak kadar i\u011fren\u00e7le\u015fmi\u015fti.<\/p>\n<p>Yazar, \u00d6mer Osman \u201cBelene\u201d kamp\u0131nda ya\u011f\u0131\u015fl\u0131 g\u00fcnlerde tasarlad\u0131\u011f\u0131 romanlar\u0131n\u0131n birinde \u201c<strong>gen\u00e7 bir<\/strong> <strong>kahraman\u0131na namus ger\u00e7e\u011fini<\/strong>\u201d arat\u0131r. \u201c<strong>Babas\u0131n\u0131n eline bir sat\u0131r verir ve bundan b\u00f6yle ihbar yazamas\u0131n diye o\u011flunun parmaklar\u0131n\u0131 k\u00fct\u00fckte kestirir<\/strong>!\u201d Bu roman hainli\u011fe kar\u015f\u0131 bir isyand\u0131r, ayr\u0131ca Bulgaristanl\u0131 T\u00fcrklerin bilin\u00e7lenmesinde de \u00e7ok \u00f6nemli bir a\u015famad\u0131r.<\/p>\n<p>\u201cBelene \u00d6l\u00fcm Kamp\u0131\u201d Bulgaristanl\u0131 T\u00fcrkler i\u00e7in T\u00fcrkl\u00fck akademisi oldu. Orada hep sessizce T\u00fcrk\u00e7e konu\u015fuldu. \u00a0O y\u0131llarda Bulgaristanl\u0131 T\u00fcrkler \u2019den hangisinin en fazla \u00e7eki g\u00f6rd\u00fc\u011f\u00fcn\u00fc s\u00f6yleyebilmem ne yaz\u0131k ki, bug\u00fcn de imk\u00e2ns\u0131zd\u0131r. Herkes ba\u015f\u0131ndan ge\u00e7enleri anlatt\u0131. \u00a0Yatanlardan bir\u00e7o\u011funun kom\u00fcnist ya da parti aday veya yedek parti \u00fcyesi oldu\u011funa, iyi i\u015f\u00e7i, ba\u015far\u0131l\u0131 memur, \u00f6\u011fretmen, okul m\u00fcd\u00fcr\u00fc, sanat\u00e7\u0131, yazar, \u015fair oldu\u011funa kesin inan\u0131yorum.\u00a0 \u0130simlerimizin de\u011fi\u015ftirilmesine kar\u015f\u0131 halk\u0131 ayakland\u0131rmaya partisiz olanlar kadar, onlarla omuz omuza direnen kom\u00fcnistler de vard\u0131. Daha \u00f6nce siyasi poliste g\u00f6rev alm\u0131\u015f ve kom\u00fcnist partisinin etnikleri eritme politikas\u0131yla raz\u0131 olmad\u0131\u011f\u0131 i\u00e7in s\u00fcrg\u00fcn edilenleri tan\u0131d\u0131m. Bilgili ve aktiftiler. Ayaklanmam\u0131z bir halk ayaklanmas\u0131yd\u0131. Herkesin aln\u0131nda parlayan, k\u0131z\u0131l y\u0131ld\u0131z de\u011fil, T\u00fcrk bilinciydi. Ba\u015fkald\u0131ran y\u0131\u011f\u0131na kat\u0131lanlar, bir halk d\u00fc\u011f\u00fcn\u00fcne and\u0131ran kavga saflar\u0131na davetsiz ve g\u00f6n\u00fcll\u00fc gelmi\u015flerdi. Ayaklanma s\u0131ras\u0131nda ihanet eden T\u00fcrk yoktu. \u00c7ileyi herkes kendi i\u00e7inde ya\u015fad\u0131\u011f\u0131 i\u00e7in ani tepki g\u00f6sterenler kendilerini direni\u015f\u00e7iler aras\u0131nda, \u00f6n saflarda ya da kitle alay\u0131nda buldular. Ayaklananlar aras\u0131nda kom\u00fcnist g\u00f6renler yad\u0131rgamad\u0131. Totaliter zul\u00fcm rejimiyle kitle aras\u0131ndaki ba\u011flar tamamen kopmu\u015ftu. \u00a0\u015eunu \u00f6nemle belirtmekte yarar vard\u0131r. 1989 May\u0131s\u0131nda ayaklanan Bulgaristan T\u00fcrklerine kar\u015f\u0131 duran cephede yaln\u0131z birka\u00e7 T\u00fcrk vard\u0131.<\/p>\n<p>Herkes, T\u00fcrk analar\u0131n mert T\u00fcrk sava\u015f\u00e7\u0131 do\u011furdu\u011funa, T\u00fcrk Ocaklar\u0131nda yi\u011fit evlatlar yeti\u015fti\u011fine inanm\u0131\u015ft\u0131. B\u00fct\u00fcn derelerin ve yeralt\u0131 sular\u0131n\u0131n Tuna gibi \u00a0\u0131rmaklarda topland\u0131\u011f\u0131 gibi, Osmanl\u0131-T\u00fcrk ocaklar\u0131ndan, T\u00fcrk soy ve boylar\u0131ndan, camilerden ve cem evlerinden gelenlerin hepsi ayn\u0131 anda ve ayn\u0131 yerdeydi. Onlar\u0131n akl\u0131nca Bulgaristan T\u00fcrkl\u00fc\u011f\u00fc cenazeye \u00e7a\u011fr\u0131lm\u0131\u015ft\u0131. \u0130sim dinini ve T\u00fcrk-M\u00fcsl\u00fcman kimli\u011fini de\u011fi\u015ftirin onlardan geleceklerini kendi elleriyle g\u00f6mmesi isteniyordu. Kimse bu cenazede bulunmak istemedi. Bu bilin\u00e7lenmenin ve \u015fahlan\u0131\u015f\u0131m\u0131z\u0131n son s\u0131nav\u0131 oldu. Bu ac\u0131 lokmadan tatmayan kalmad\u0131. \u00a0O zaman analar\u0131n yaln\u0131z asi do\u011furdu\u011fu zamand\u0131. Bizi bilin\u00e7lendirip y\u00fcreklendirense \u00f6z\u00fcm\u00fcz\u00fc savunma kavgam\u0131zd\u0131.<\/p>\n<p>\u015eimdi Belene anma t\u00f6renine gidenler, gelemeyenler, gelmek istemeyenler, bu i\u015ften el \u00e7ekenler olacakt\u0131r. \u00c7\u00fcnk\u00fc Bele kamp\u0131nda tutulanlar\u0131n ve daha sonra s\u00fcrg\u00fcn edilenlerin Bulgaristan\u2019dan May\u0131s-A\u011fustos 1989 g\u00f6\u00e7 seliyle kovulmalar\u0131, davaya sad\u0131k erler alay\u0131n\u0131 da\u011f\u0131tt\u0131. Davan\u0131n mayas\u0131 su ald\u0131. Hak ve \u00d6zg\u00fcrl\u00fck davam\u0131z <strong>Belene \u00d6l\u00fcm Kamp\u0131<\/strong>\u2019nda yatmayanlar\u0131n eline ge\u00e7ti, tekeli oldu. Halk\u0131m\u0131z r\u00fczg\u00e2r\u0131n y\u00f6n de\u011fi\u015ftirdi\u011fini hissediyor. Hak ve \u00d6zg\u00fcrl\u00fcklerimiz i\u00e7in s\u00f6zde m\u00fccadele edenlerin politik sahneye \u00e7\u0131k\u0131\u015f\u0131, onlara kar\u015f\u0131 devlet c\u00f6mertli\u011fi, ba\u015f hainlerin saray ve k\u00f6\u015fklerde ya\u015fat\u0131lmas\u0131 derin anlaml\u0131d\u0131r. Bu d\u00fcnyada kimse d\u00fc\u015fman\u0131n\u0131 sarayda beslemez!<\/p><div id=\"bghab-2144380711\" class=\"bghab-icerik-icine-25-paragraf bghab-entity-placement\"><script async src=\"\/\/pagead2.googlesyndication.com\/pagead\/js\/adsbygoogle.js?client=ca-pub-6203283170189293\" crossorigin=\"anonymous\"><\/script><ins class=\"adsbygoogle\" style=\"display:block; text-align:center;\" data-ad-client=\"ca-pub-6203283170189293\" \ndata-ad-slot=\"7303146466\" \ndata-ad-layout=\"in-article\"\ndata-ad-format=\"fluid\" data-full-width-responsive=\"true\"><\/ins>\n<script> \n(adsbygoogle = window.adsbygoogle || []).push({}); \n<\/script>\n<\/div>\n<p>Beleneciler \u00f6rg\u00fctlenip filizlenemedi. Manevi de\u011ferler i\u00e7in ba\u015flayan dava maddi boyutlara kayd\u0131. Hedef sapt\u0131. Ellerine tutu\u015fturulan birer tomar paran\u0131n halk\u0131n \u00e7ilesine mehlem olaca\u011f\u0131n\u0131 sananlar \u00f6nce kendilerini aldatt\u0131. \u00a0Bu arada, daha ilk ba\u015fta olmak \u00fczere, s\u00fcrg\u00fcndeki kahramanlar\u0131m\u0131z\u0131n hak ve \u00f6zg\u00fcrl\u00fck davam\u0131zda politik n\u00fcve olu\u015fturmas\u0131 yolu kesildi. Evde kalan yak\u0131nlar\u0131na yap\u0131lan bask\u0131lar onlar\u0131 \u00fcz\u00fcyordu. S\u00fcrg\u00fcn y\u0131llar\u0131nda kurulan direni\u015f birimleri B\u00fcy\u00fck G\u00f6\u00e7te ivme ve enerji kaybetti, demokrasi ko\u015fullar\u0131nda halk\u0131 y\u00fcreklendirme ve toplama merkezi haline gelemedi. Bu \u00f6rg\u00fctlerin davadan sapt\u0131r\u0131lmas\u0131na \u00e7al\u0131\u015f\u0131ld\u0131 ve \u00e7al\u0131\u015f\u0131l\u0131yor.<\/p>\n<p>Bu arada g\u00f6z boyamak i\u00e7in olacak, Belene\u2019de ve cezaevlerinde kalm\u0131\u015f kahramanlara Mom\u00e7ilgrat\u2019ta H\u00d6H onurlu\u011fu verilirken, ard\u0131ndan kimileri Cumhurba\u015fkan\u0131 ni\u015fan\u0131na lay\u0131k g\u00f6r\u00fcld\u00fc. Bunu, vitrindeki meyveden tohumluk al\u0131nmad\u0131\u011f\u0131n\u0131 iyi bilenler yapt\u0131. En derin k\u00f6kle en u\u00e7 daldaki \u00e7i\u00e7ek aras\u0131nda devaml\u0131 bir ba\u011fl\u0131l\u0131k olmas\u0131 engellendi. Son geli\u015fmeler H\u00d6H a\u011f\u0131c\u0131n\u0131n bu gidi\u015fle kuruyaca\u011f\u0131na i\u015farettir. H\u00d6H 26 y\u0131ldan beri ard\u0131na, halka bakm\u0131yor, art\u0131k boynu tutulmu\u015f ve k\u00f6rle\u015fmi\u015ftir. Bulgaristan\u2019da T\u00fcrkl\u00fc\u011f\u00fc ya\u015fatmam\u0131z bug\u00fcn de ana vazifemizdir.<\/p>\n<p>1987\u2019de yay\u0131nlanan TRT Belen Dizisinde kendini bulanlar ve bulamayanlar var. O y\u0131llar, ruhsal \u00e7\u00f6k\u00fc\u015f\u00fcm\u00fcz\u00fcn dip d\u00f6nemiydi. Ard\u0131ndan b\u00fcy\u00fck dirili\u015fimiz patlad\u0131. O filmle\u015fmedi. \u00a0Halk\u0131m\u0131z\u0131n \u00f6nc\u00fc kesimi Belene\u2019de, s\u00fcrg\u00fcnde, hapislerde uyand\u0131. 44 direni\u015f \u00f6rg\u00fct\u00fc, hareket, dernek, kul\u00fcp, h\u00fccre kuruldu. Dirilirken kalplerimiz bir Osmanl\u0131 oca\u011f\u0131, bir T\u00fcrkl\u00fck kalesi olmu\u015ftu. Her gen\u00e7 bir direni\u015f eri oldu\u011fundan Bulgaristanl\u0131 T\u00fcrk ve M\u00fcsl\u00fcmanlardan birle\u015ftiren tipik \u00f6nder \u00e7\u0131kmad\u0131.<\/p>\n<p>TUNA, 560 km kare olan Belene Adas\u0131n\u0131n iki yan\u0131nda akmaya devam ediyor. Bir \u0130talyan y\u00fcksek mimar yerle\u015fmi\u015f buraya. Motel ve oteller kurup, s\u00fcrg\u00fcnlerin kald\u0131\u011f\u0131 b\u00f6l\u00fcm ve h\u00fccreleri gezip g\u00f6r\u00fclecek duruma getirmeye \u00e7al\u0131\u015f\u0131yor. \u00d6l\u00fcm adas\u0131nda y\u0131llarca kalanlar\u0131n isimlerini mermere i\u015fletip yabanc\u0131 Turist \u00e7ekmeye heveslenmi\u015f. Hitler Alman yas\u0131\u2019n\u0131n Polonya ve Almanya\u2019daki toplama kamplar\u0131n\u0131, Berlin Muabit Hapishanesini ve ba\u015fka tarihsel yerleri gidip g\u00f6renlerin b\u0131rakt\u0131\u011f\u0131 paralar dikkate al\u0131n\u0131rsa, \u0130talyan\u2019\u0131n giri\u015fimi k\u00f6t\u00fc de\u011fil. Gen\u00e7ler de\u011fi\u015fik \u00fclkeleri ziyaret ederken ezilenlerin ya\u015fay\u0131\u015f\u0131n\u0131, zul\u00fcm merkezlerini vb da g\u00f6rmek istiyorlarm\u0131\u015f.<\/p>\n<p>Y\u0131llar\u0131n de\u011fi\u015fmesiyle, \u201cBelene\u201d ada otelleri balkonlar\u0131ndan Tuna sular\u0131na atlay\u0131p serinleyecek olan gen\u00e7lerde do\u011facak yeni izlenimler hangi renkte olacak? Benim yaz\u0131mda anlatmaya \u00e7al\u0131\u015ft\u0131\u011f\u0131m hat\u0131ralardan \u00e7ok farkl\u0131 olabilir. Kanayan an\u0131lar dinecek mi, s\u0131z\u0131lar ne olacak?<\/p><div id=\"bghab-1614198526\" class=\"bghab-icerik-icine-30-paragraf bghab-entity-placement\"><script async src=\"\/\/pagead2.googlesyndication.com\/pagead\/js\/adsbygoogle.js?client=ca-pub-6203283170189293\" crossorigin=\"anonymous\"><\/script><ins class=\"adsbygoogle\" style=\"display:block; text-align:center;\" data-ad-client=\"ca-pub-6203283170189293\" \ndata-ad-slot=\"7303146466\" \ndata-ad-layout=\"in-article\"\ndata-ad-format=\"fluid\" data-full-width-responsive=\"true\"><\/ins>\n<script> \n(adsbygoogle = window.adsbygoogle || []).push({}); \n<\/script>\n<\/div>\n<p>Yoksa Tuna sular\u0131n\u0131n g\u00fcne\u015fe g\u00f6re parlad\u0131\u011f\u0131 gibi tarih de yuvarland\u0131k\u00e7a, biz bir kartopu gibi b\u00fcy\u00fcrken \u00e7ekili ge\u00e7mi\u015fimiz \u00e7ok i\u00e7te ve derinlerde mi kalaca\u011f\u0131z?<\/p>\n<p>Soruyorum: Nas\u0131l ar\u0131naca\u011f\u0131z!<\/p>\n<p>&nbsp;<\/p>\n<p>&nbsp;<\/p>\n<div id=\"bghab-4281781465\" class=\"bghab-yazi-altinda bghab-entity-placement\"><div class=\"bghab-adlabel\">Reklamlar<\/div><script async src=\"https:\/\/pagead2.googlesyndication.com\/pagead\/js\/adsbygoogle.js\"><\/script>\r\n<!-- bghaber-yaz\u0131-sonu -->\r\n<ins class=\"adsbygoogle\"\r\n     style=\"display:block\"\r\n     data-ad-client=\"ca-pub-6203283170189293\"\r\n     data-ad-slot=\"4222328180\"\r\n     data-ad-format=\"auto\"\r\n     data-full-width-responsive=\"true\"><\/ins>\r\n<script>\r\n     (adsbygoogle = window.adsbygoogle || []).push({});\r\n<\/script><\/div><br style=\"clear: both; display: block; float: none;\"\/>","protected":false},"excerpt":{"rendered":"<p>Musa VATANSEVER Konu: Tuna Akmaya Devam Ediyor 15 A\u011fustos 2015\u2019te \u201cBelene \u00d6l\u00fcm Kamp\u0131\u201d nda kalanlar\u0131n Tuna \u0131rma\u011f\u0131 adac\u0131klar\u0131ndan Persin\u2019de bulu\u015fmas\u0131 var. 1984 -1989 y\u0131llar\u0131 aras\u0131nda<\/p>\n","protected":false},"author":13,"featured_media":0,"comment_status":"closed","ping_status":"closed","sticky":false,"template":"","format":"standard","meta":{"advanced_seo_description":"","jetpack_seo_html_title":"","jetpack_seo_noindex":false,"_jetpack_memberships_contains_paid_content":false,"footnotes":""},"categories":[6],"tags":[],"class_list":["post-15898","post","type-post","status-publish","format-standard","hentry","category-yorum"],"jetpack_featured_media_url":"","jetpack_sharing_enabled":true,"jetpack_likes_enabled":true,"jetpack-related-posts":[],"jetpack_shortlink":"https:\/\/wp.me\/pc2PfJ-48q","_links":{"self":[{"href":"https:\/\/www.bghaber.org\/bghaber\/wp-json\/wp\/v2\/posts\/15898","targetHints":{"allow":["GET"]}}],"collection":[{"href":"https:\/\/www.bghaber.org\/bghaber\/wp-json\/wp\/v2\/posts"}],"about":[{"href":"https:\/\/www.bghaber.org\/bghaber\/wp-json\/wp\/v2\/types\/post"}],"author":[{"embeddable":true,"href":"https:\/\/www.bghaber.org\/bghaber\/wp-json\/wp\/v2\/users\/13"}],"replies":[{"embeddable":true,"href":"https:\/\/www.bghaber.org\/bghaber\/wp-json\/wp\/v2\/comments?post=15898"}],"version-history":[{"count":0,"href":"https:\/\/www.bghaber.org\/bghaber\/wp-json\/wp\/v2\/posts\/15898\/revisions"}],"wp:attachment":[{"href":"https:\/\/www.bghaber.org\/bghaber\/wp-json\/wp\/v2\/media?parent=15898"}],"wp:term":[{"taxonomy":"category","embeddable":true,"href":"https:\/\/www.bghaber.org\/bghaber\/wp-json\/wp\/v2\/categories?post=15898"},{"taxonomy":"post_tag","embeddable":true,"href":"https:\/\/www.bghaber.org\/bghaber\/wp-json\/wp\/v2\/tags?post=15898"}],"curies":[{"name":"wp","href":"https:\/\/api.w.org\/{rel}","templated":true}]}}