{"id":15891,"date":"2015-08-14T15:29:07","date_gmt":"2015-08-14T12:29:07","guid":{"rendered":"http:\/\/www.bghaber.org\/bghaber\/?p=15891"},"modified":"2015-08-19T23:37:41","modified_gmt":"2015-08-19T20:37:41","slug":"25-ekimde-secim-var","status":"publish","type":"post","link":"https:\/\/www.bghaber.org\/bghaber\/25-ekimde-secim-var\/","title":{"rendered":"25 Ekim\u2019de Se\u00e7im Var"},"content":{"rendered":"<p><img data-recalc-dims=\"1\" height=\"130\" width=\"190\" decoding=\"async\" src=\"https:\/\/i0.wp.com\/www.bghaber.org\/bghaber\/wp-content\/uploads\/2013\/11\/nedim-birinci-190x130.jpg?resize=190%2C130\" alt=\"nedim birinci\" \/>Dr. Nedim B\u0130R\u0130NC\u0130<\/p>\n<p>Konu: <strong>Y\u00fczle\u015fme G\u00fcn\u00fc Yak\u0131nd\u0131r.<\/strong><\/p>\n<p>&nbsp;<\/p>\n<p>Falc\u0131lar\u0131n fal bakt\u0131\u011f\u0131 kahve fincan\u0131 a\u011f\u0131rl\u0131kta hafif, g\u00f6r\u00fcn\u00fcmde ince ve ilk bak\u0131\u015fta albenilidir!<\/p>\n<p>Falc\u0131n\u0131n s\u00f6yleyecekleri kahve k\u00f6p\u00fc\u011f\u00fcyle de ilintili de\u011fildir. Ge\u00e7en hafta Bulgaristanl\u0131 iki arkada\u015f\u0131m memlekette yerel se\u00e7imlerle halk oylamas\u0131n\u0131n hangi g\u00fcn, daha do\u011frusu Ekim ay\u0131n\u0131n hangi pazar\u0131nda yap\u0131laca\u011f\u0131 konusunda iddiaya girdiler. Son Pazar, 25 Ekim 2015 g\u00fcn\u00fc olur deyen kazand\u0131. \u015eans, kendisini kutlar\u0131m.<\/p><div id=\"bghab-3054081738\" class=\"bghab-icerik-icine bghab-entity-placement\"><script async src=\"\/\/pagead2.googlesyndication.com\/pagead\/js\/adsbygoogle.js?client=ca-pub-6203283170189293\" crossorigin=\"anonymous\"><\/script><ins class=\"adsbygoogle\" style=\"display:block; text-align:center;\" data-ad-client=\"ca-pub-6203283170189293\" \ndata-ad-slot=\"7303146466\" \ndata-ad-layout=\"in-article\"\ndata-ad-format=\"fluid\" data-full-width-responsive=\"true\"><\/ins>\n<script> \n(adsbygoogle = window.adsbygoogle || []).push({}); \n<\/script>\n<\/div>\n<p>&nbsp;<\/p>\n<p>Se\u00e7imler \u015fu yaz s\u0131ca\u011f\u0131nda yap\u0131lsa, kuyrukta v\u0131c\u0131r v\u0131c\u0131r olurduk. Ekim serindir.<\/p>\n<p>Bu defa Bulgaristan\u2019da hem belediye ba\u015fkan\u0131, k\u00f6y ve mahalle muhtar\u0131, yerel meclis \u00fcyeleri se\u00e7ilirken, gelecek se\u00e7imlerde elektronik oy kullanma usul\u00fc uygulans\u0131n m\u0131, uygulanmas\u0131n m\u0131 sorusuna da cevap aranacak. Kimseyi k\u00fc\u00e7\u00fcmsemek ya da incitmek istemem ama \u201c<strong>bu da neymi\u015f be g\u00fcl\u00fcm, anlatsan\u0131z da biz de bilelim<\/strong>!\u201d deyenler \u00e7o\u011falmaya ba\u015flad\u0131.<\/p>\n<p>T\u00fcrkiye\u2019de oy yanl\u0131\u015f \u015fu elektronik se\u00e7me usul\u00fcn\u00fcn uygulanmas\u0131 konusuna verilecek. Bunun anlam\u0131, evinde otururken, internet kahveye giderek ya da \u00f6\u011frenci \u00e7ocu\u011funun bilgisayar\u0131n\u0131 kullanarak se\u00e7me ve se\u00e7ilme hakk\u0131 olan her vatanda\u015f\u0131n oy kullanmas\u0131d\u0131r. Modern zamanlar\u0131n, elektronik \u00e7a\u011f\u0131n bir kazan\u0131m\u0131d\u0131r. Biliyorsunuz Bulgaristan halk\u0131 d\u00f6rt yana da\u011f\u0131ld\u0131. D\u0131\u015f \u00fclkelerde bulunan 3.5 milyon ki\u015finin 400-500 se\u00e7im sand\u0131\u011f\u0131nda oy kullanmas\u0131, bu i\u015fin \u00f6rg\u00fctlenmesi, kontrol\u00fc son derece zordur. Bu nedenle herkese bilgisayar \u00fczerinden se\u00e7ime kat\u0131lma ve oyunu kullanma hakk\u0131 tan\u0131n\u0131yor. Cumhurba\u015fkan\u0131 Plevnefiev\u2019\u0131n bir giri\u015fimidir ve desteklesek iyi olur.<\/p>\n<p>&nbsp;<\/p><div id=\"bghab-1139564183\" class=\"bghab-icerik-icine-10-paragraf bghab-entity-placement\"><script async src=\"\/\/pagead2.googlesyndication.com\/pagead\/js\/adsbygoogle.js?client=ca-pub-6203283170189293\" crossorigin=\"anonymous\"><\/script><ins class=\"adsbygoogle\" style=\"display:block; text-align:center;\" data-ad-client=\"ca-pub-6203283170189293\" \ndata-ad-slot=\"7303146466\" \ndata-ad-layout=\"in-article\"\ndata-ad-format=\"fluid\" data-full-width-responsive=\"true\"><\/ins>\n<script> \n(adsbygoogle = window.adsbygoogle || []).push({}); \n<\/script>\n<\/div>\n<p>Yerel se\u00e7imler, do\u011fal e\u015fitsizliklerin ve demokratik e\u015fitlenmenin aynas\u0131d\u0131r.\u00a0 Demokrasinin gere\u011fi her bireyin bir oyu var, t\u00fcm oylar kullan\u0131ld\u0131\u011f\u0131nda e\u015fde\u011fer toplam\u0131 \u00e7ok b\u00fcy\u00fck g\u00fc\u00e7 olu\u015fturuyor. Silaha sar\u0131lmadan ve hi\u00e7bir kimseyi tutuklamadan, sorgulamadan ve yarg\u0131lamadan iktidardan indiren ya da erken se\u00e7en bir g\u00fc\u00e7t\u00fcr oylar\u0131n toplam\u0131!<\/p>\n<p>Vaktiyle devrimler k\u00f6pr\u00fcba\u015flar\u0131 ele ge\u00e7irilerek, radyo evi bas\u0131larak veya hapishanelerin kap\u0131lar\u0131 a\u00e7\u0131larak yap\u0131l\u0131rd\u0131.<\/p>\n<p>Mesela Frans\u0131z Devrimi\u2019nde (1795)\u00a0 bir hapishane olan Basil ya bas\u0131ld\u0131\u011f\u0131nda, i\u00e7inde sarho\u015fluktan yatan 7 mahk\u00fbm bulunmu\u015f. 1917\u2019in so\u011fuk bir k\u0131\u015f g\u00fcn\u00fc olan 7 Kas\u0131m\u2019da Petersburg\u2019ta Ekim Devrimi\u2019ne kat\u0131lan k\u00f6yl\u00fc ve denizciler \u201c<strong>K\u0131\u015fl\u0131k Saraya<\/strong>\u201d sald\u0131rm\u0131\u015flar, \u0131s\u0131nacak bir yer aram\u0131\u015f da olabilirler. Bu i\u015fin art\u0131k birka\u00e7 komuta basarak cep telefonunda da yap\u0131labilmesi, her \u015feyden \u00f6nce d\u00fcnyan\u0131n ne kadar ilerledi\u011fine bir i\u015faret ve kan\u0131tt\u0131r. Bu gidi\u015fe ayak uydursak iyi olur. Amerika, Kana\u2019da ve Almanya\u2019daki yak\u0131nlar\u0131m\u0131zla bilgisayar ve vaybar sistemleriyle g\u00f6r\u00fc\u015fmeyi nas\u0131l ba\u015farabiliyorsak bunu da \u00f6\u011frenmek zorunday\u0131z. T\u00fcrkiye&#8217;de BULT\u00dcRK gibi derneklere ve yeni kurulacak olan bilgisayar donan\u0131ml\u0131 Osmanl\u0131 Ocaklar\u0131na bu bak\u0131ma b\u00fcy\u00fck \u00f6devler d\u00fc\u015f\u00fcyor.<\/p>\n<p>H\u00fck\u00fcmet ortakl\u0131\u011f\u0131 yapma ya da tek ba\u015f\u0131na iktidar olma ve hatta muhalefette kalma kullanaca\u011f\u0131m\u0131z oy hesaplamalar\u0131ndan ge\u00e7ecektir. Oyun belirleyicili\u011fi yerel se\u00e7imlerde de ayn\u0131d\u0131r. Hi\u00e7bir politikac\u0131, hi\u00e7bir politik parti niyetlerini pe\u015fin a\u00e7\u0131klamad\u0131\u011f\u0131na g\u00f6re, sahte slogan ve vaatlerle, se\u00e7imden sonla i\u015fler yoluna girecek umuduna do\u011fal g\u00fcbreli suyu damla sistemiyle verip se\u00e7im kazan\u0131r, muhtar se\u00e7er, Belediye Ba\u015fkanlar\u0131n\u0131 g\u00f6revlendirilir. Do\u011fal g\u00fcbre suyu dedi\u011fim \u015fimdiye kadar 2 bira 4 k\u00f6fte, 20 leva, 1 metre k\u00fcp odun veya yar\u0131m ton k\u00f6m\u00fcrd\u00fc. Yeni g\u00fcnlerde yiyecek maddesi dolu torba da olabilir. \u0130ngilizler her y\u0131l kullan\u0131m s\u00fcresi ge\u00e7en, ge\u00e7mek \u00fczere olan ya da muhtemelen ge\u00e7mi\u015f ilan edilecek olan 22 bin ton g\u0131day\u0131 \u00e7\u00f6pe at\u0131yormu\u015f, bunlar hemen al\u0131n\u0131r ve yeniden paketlenerek veya d\u00f6kme olarak bizim se\u00e7meni tavlama i\u015finde kullan\u0131l\u0131r. Se\u00e7im haberi her kula\u011f\u0131 deldi. \u00c7ingene Gettolar\u0131nda davullar\u0131n sesi de\u011fi\u015fti. Se\u00e7im geliyor yani bayram geliyor yani ekmek elden su g\u00f6lden ya\u015fama ser\u00fcveni devam ediyor. Demokrasini \u015fu yan\u0131 var ya bay\u0131l\u0131yorum. Modern toplumda insanlar\u0131n birbirini kand\u0131rmalar\u0131 bir salg\u0131n olmu\u015f. TV, radyo ve bas\u0131n bunlarla ya\u015f\u0131yor. Halk\u0131n kar\u015f\u0131s\u0131na \u00e7\u0131k\u0131p do\u011fru olan\u0131 anlatan kalmad\u0131. Ahmet Do\u011fan bile \u201csarayda\u201d yaln\u0131z k\u00f6pe\u011fi ile konu\u015fuyormu\u015f.<\/p>\n<p>Bu se\u00e7imlerin Bulgaristan\u2019da biraz \u00e7at\u0131\u015fmal\u0131 ge\u00e7ece\u011fine inan\u0131yorum. \u00c7\u00fcnk\u00fc se\u00e7mende k\u0131p\u0131rdama ba\u015flad\u0131. Ge\u00e7en hafta Varna Belediye binas\u0131 bas\u0131ld\u0131. Milliyet\u00e7iler s\u0131n\u0131r\u0131 a\u015f\u0131yor.\u00a0 Yerel Meclis oturumu kesildi. Bu mevsim kumsalda Ruslar\u0131n azalmas\u0131 ve bo\u015fluklar\u0131 Romenlerin doldurmas\u0131 zaten dengesiz olan milliyet\u00e7ilerin \u00e7ivisini \u00e7\u0131kard\u0131. \u201cAtaka\u201d c\u0131lar kudurmu\u015f gibi, art\u0131k Bulgaristan\u2019da politik g\u00fcndemi etnik sorun belirliyor. 50 y\u0131l sosyalizmde tapulu ev bark sahibi olamayan \u00c7ingene n\u00fcfus hak arama kavgas\u0131na kat\u0131ld\u0131.<\/p><div id=\"bghab-1925147384\" class=\"bghab-icerik-icine-15-paragraf bghab-entity-placement\"><script async src=\"\/\/pagead2.googlesyndication.com\/pagead\/js\/adsbygoogle.js?client=ca-pub-6203283170189293\" crossorigin=\"anonymous\"><\/script><ins class=\"adsbygoogle\" style=\"display:block; text-align:center;\" data-ad-client=\"ca-pub-6203283170189293\" \ndata-ad-slot=\"7303146466\" \ndata-ad-layout=\"in-article\"\ndata-ad-format=\"fluid\" data-full-width-responsive=\"true\"><\/ins>\n<script> \n(adsbygoogle = window.adsbygoogle || []).push({}); \n<\/script>\n<\/div>\n<p>Her tepkinin kar\u015f\u0131 tepki uyand\u0131rd\u0131 dikkate al\u0131nd\u0131\u011f\u0131nda \u00c7ingenelerin en gen\u00e7 ve en kalabal\u0131k etnik katman olarak eylemler ba\u015flatmas\u0131 hem do\u011fal, hem de d\u00fc\u015f\u00fcnd\u00fcr\u00fcc\u00fcd\u00fcr.<\/p>\n<p>Bizde sosyalizmin en sa\u011flam temellerinden biri kapitalistlere, s\u00f6m\u00fcr\u00fcc\u00fclere, se\u00e7kinlere duyulan derin nefretti. Sosyalizm kendisi ayr\u0131cal\u0131kl\u0131 tabaka olarak nomaklat\u00fcr tabaka yaratt\u0131 ve devrildi. 26 ya\u015f\u0131n\u0131 dolduran bizim sahte demokrasi de insan aras\u0131na \u00e7\u0131kmaktan korkan ve kim olduklar\u0131 bilinmeyen oligar\u015fi-burjuvazisine duyulan nefrete kurban olabilir.<\/p>\n<p>Bunu se\u00e7imler ve gelecek g\u00f6sterecek. S\u00f6ylemek istedi\u011fim \u015fudur, demokraside meclis bile\u015fimi se\u00e7ilir, halk\u0131n iradesini ifade eder ve belediye binas\u0131 eli sopal\u0131larla bo\u015falt\u0131l\u0131nca bu olay\u0131n ad\u0131, anlam\u0131 vs de\u011fi\u015fir.<\/p>\n<p>Bir de \u015fu var, yine ayn\u0131 eli sopal\u0131lar G\u0131rmen\u2019de \u00c7ingene evlerini dozerle y\u0131kt\u0131klar\u0131 gibi, belediyeyi hi\u00e7e sayarak \u201cd\u00fczen kurmaya\u201d devam ederse bu olay\u0131n ad\u0131 da demokrasi ve halk iradesi olmaktan \u00e7\u0131kar.<\/p>\n<p><strong>Ate\u015fin g\u00f6\u011f\u00fc sarmas\u0131na bir k\u0131v\u0131lc\u0131m yeter de artar.<\/strong> Konu derindir, biraz da beyin f\u0131rt\u0131nas\u0131 yap\u0131n\u0131z.<\/p><div id=\"bghab-1242595640\" class=\"bghab-icerik-icine-20-paragraf bghab-entity-placement\"><script async src=\"\/\/pagead2.googlesyndication.com\/pagead\/js\/adsbygoogle.js?client=ca-pub-6203283170189293\" crossorigin=\"anonymous\"><\/script><ins class=\"adsbygoogle\" style=\"display:block; text-align:center;\" data-ad-client=\"ca-pub-6203283170189293\" \ndata-ad-slot=\"7303146466\" \ndata-ad-layout=\"in-article\"\ndata-ad-format=\"fluid\" data-full-width-responsive=\"true\"><\/ins>\n<script> \n(adsbygoogle = window.adsbygoogle || []).push({}); \n<\/script>\n<\/div>\n<p>Art\u0131k Bulgaristan\u2019da da e\u015fitsizli\u011fin e\u011fitimden kaynakland\u0131\u011f\u0131na inananlar \u00e7o\u011fal\u0131yor. Anadilinde okuryazar olmayanlar\u0131n, resmi dili ve yabanc\u0131 bir dili \u00f6\u011frenmelerinin \u00e7ok zahmetli oldu\u011fu ger\u00e7e\u011fini hayat defalarca do\u011frulad\u0131. B\u00fct\u00fcn Bulgaristan\u2019da \u00c7ingene mahallelerinden hi\u00e7 birinde bir tek k\u0131rtasiye ya da kitap\u00e7\u0131 yok. Bu konuda ba\u015fka yoruma ve tahmine gerek yoktur.<\/p>\n<p><strong>Ayr\u0131ca memleketimizde T\u00fcrklerin ya\u015fad\u0131\u011f\u0131 b\u00f6lgelerde bile T\u00fcrk\u00e7e kitap satan bir tek kitap\u00e7\u0131 da yok. Son 15 y\u0131lda bir tek hik\u00e2ye ve masal kitab\u0131 bas\u0131lmad\u0131. Kendi masal ve f\u0131kralar\u0131n\u0131 bilmeyen biri fark\u0131 anlayamad\u0131\u011f\u0131 i\u00e7in dana gibi bakar. <\/strong><\/p>\n<p>Biz bu duruma getirildik. Yeni ku\u015fan Bulgaristan T\u00fcrklerinin edebiyat ve tarih eserlerini Bulgarca de\u011fil, ana dillinde bekliyor. Anadiline sevdalanmayan ba\u015fka dil sevemez\u2026<\/p>\n<p>Yeni bir bak\u0131\u015f a\u00e7\u0131s\u0131 ve yepyeni bir d\u00fcnya g\u00f6r\u00fc\u015f\u00fc yarat\u0131lmas\u0131nda masallar\u0131m\u0131z\u0131n \u00f6nemi ola\u011fan\u00fcst\u00fc b\u00fcy\u00fckt\u00fcr. 12. y\u00fczy\u0131lda ya\u015fay\u0131p yaratan biny\u0131l d\u00fc\u015f\u00fcn\u00fcr\u00fc Celalettin Rumi\u2019nin<\/p>\n<p>\u201cTasavvuf\u201d eseri \u0130ngilizceye ge\u00e7en y\u00fczy\u0131l yani 800 y\u0131l sonra terc\u00fcme edildi ve Amerika\u2019da en b\u00fcy\u00fck tirajla bas\u0131lan y\u00fczy\u0131l yap\u0131t\u0131 oldu. <strong>Bu eserin i\u00e7indeki bilgelik \u00f6yk\u00fclerini Sar\u0131 Saltuk daha 13. y\u00fczy\u0131lda Balkanlara getirmi\u015f ve Osmanl\u0131 gelmezden \u00f6nce, Osmanl\u0131 Ocaklar\u0131 a\u00e7arak yeni ate\u015f t\u00fctm\u00fc\u015ft\u00fc.<\/strong><\/p><div id=\"bghab-2487435736\" class=\"bghab-icerik-icine-25-paragraf bghab-entity-placement\"><script async src=\"\/\/pagead2.googlesyndication.com\/pagead\/js\/adsbygoogle.js?client=ca-pub-6203283170189293\" crossorigin=\"anonymous\"><\/script><ins class=\"adsbygoogle\" style=\"display:block; text-align:center;\" data-ad-client=\"ca-pub-6203283170189293\" \ndata-ad-slot=\"7303146466\" \ndata-ad-layout=\"in-article\"\ndata-ad-format=\"fluid\" data-full-width-responsive=\"true\"><\/ins>\n<script> \n(adsbygoogle = window.adsbygoogle || []).push({}); \n<\/script>\n<\/div>\n<p>D\u00fcnyada ebedi de\u011ferler vard\u0131r. Bunlar\u0131n ba\u015f\u0131nda iyilik yapmak gelir ve bu sel art\u0131k akmaya ba\u015flam\u0131\u015ft\u0131r. Siz de buyurun iyilik yapma alay\u0131nda birlik olal\u0131m\u2026<\/p>\n<p>&nbsp;<\/p>\n<p>Asl\u0131nda Do\u011fa e\u015fitlik diye bir \u015fey bilmez. Dehay\u0131, g\u00fczelli\u011fi, sa\u011fl\u0131\u011f\u0131, g\u00fcc\u00fc, zek\u00e2y\u0131, ta\u015f\u0131y\u0131c\u0131lar\u0131n\u0131 \u00f6teki insanlardan \u00fcst\u00fcn k\u0131lacak \u00f6zellikleri e\u015fit da\u011f\u0131tmaz. Yeteneklerin, kabiliyetin, istidad\u0131n k\u00fckremesi b\u00fcy\u00fck \u00f6l\u00e7\u00fcde e\u011fitim ve u\u011fra\u015f\u0131 sonucudur. \u015eumenli Hasan ve \u0130brahim karde\u015fler ge\u00e7en sene Malta\u2019da kuyruklu piyano \u00e7alarken b\u00fct\u00fcn Avrupa aya\u011fa kalkt\u0131. Bu ba\u015far\u0131 b\u00fcy\u00fck \u00f6l\u00e7\u00fcde onlar\u0131n ald\u0131\u011f\u0131 ki\u015fisel e\u011fitim ve \u00f6zel ilgi ve yo\u011fun u\u011fra\u015f\u0131 sonucudur. Halk\u0131m\u0131z ne der: \u201c<strong>Yaratan vermemi\u015fse zorla olmaz<\/strong>!\u201d M\u00fczikte, pehlivanl\u0131kta, halterde, teniste vs ka\u00e7 kez d\u00fcnyaca \u00fcnlendik. Yani \u015fu anadan do\u011fma olan, istidat denen bizde var da, bu tohumu ekecek tarlam\u0131z yok art\u0131k. Okulumuz, uygulama alanlar\u0131m\u0131z, serpilip a\u00e7ma saham\u0131z her g\u00fcn daralt\u0131l\u0131yor. \u201c<strong>Yaratan\u0131n insan\u0131m\u0131za verdiklerini<\/strong>\u201d de\u011ferlendirebilmemiz b\u00fcy\u00fck \u00f6l\u00e7\u00fcde bizim d\u0131\u015f\u0131m\u0131zdaki fakt\u00f6rlere ba\u011fl\u0131d\u0131r. \u00d6rne\u011fin Amerikalara, Fransalara gidip s\u00f6zde okuyoruz diye para harcayanlar L\u00fctf\u00fclerin, Ahmetlerin yak\u0131n \u00e7evresinden ki\u015filerin evlatlar\u0131d\u0131r, paralar halka inmiyor, imk\u00e2nlar halka hizmet ama\u00e7l\u0131 kulland\u0131r\u0131lm\u0131yor.<\/p>\n<p>Bu davada 25 Ekimde se\u00e7ece\u011fimiz belediye ba\u015fkanlar\u0131na, belediye meclis \u00fcyelerine ve muhtarlara b\u00fcy\u00fck \u00f6devler d\u00fc\u015f\u00fcyor. Bu hayat\u0131n her dal\u0131 i\u00e7in ge\u00e7erlidir. Her yerde do\u011fru bildi\u011fimiz yerel y\u00f6netici olmal\u0131d\u0131r. Bunlar\u0131 se\u00e7mek ise bizim karar ve irademizle olur ve olacakt\u0131r. Biz ana babalar olarak, hem T\u00fcrkiye\u2019de hem de Bulgaristan\u2019da gen\u00e7 neslin \u00f6n\u00fcn\u00fc a\u00e7madan solmas\u0131n\u0131, ba\u011flamadan kurumas\u0131n\u0131 mutlaka \u00f6nlemeliyiz.<\/p>\n<p>\u0130zninize s\u0131\u011f\u0131narak, bu yaz\u0131mda \u015fu anda g\u00f6revde olan, yeni s\u00fcre i\u00e7in aday olan ya da se\u00e7men taraf\u0131ndan y\u00fckseltilen hi\u00e7bir belediye ba\u015fkan\u0131m\u0131z, hi\u00e7bir meclis dan\u0131\u015fman\u0131 ve meclis \u00fcyemiz hakk\u0131nda, hi\u00e7bir muhtar\u0131m\u0131zla ilgili hi\u00e7bir k\u00f6t\u00fc s\u00f6zc\u00fck dahi yazmak istemiyorum.<\/p><div id=\"bghab-275630847\" class=\"bghab-icerik-icine-30-paragraf bghab-entity-placement\"><script async src=\"\/\/pagead2.googlesyndication.com\/pagead\/js\/adsbygoogle.js?client=ca-pub-6203283170189293\" crossorigin=\"anonymous\"><\/script><ins class=\"adsbygoogle\" style=\"display:block; text-align:center;\" data-ad-client=\"ca-pub-6203283170189293\" \ndata-ad-slot=\"7303146466\" \ndata-ad-layout=\"in-article\"\ndata-ad-format=\"fluid\" data-full-width-responsive=\"true\"><\/ins>\n<script> \n(adsbygoogle = window.adsbygoogle || []).push({}); \n<\/script>\n<\/div>\n<p>Halk\u0131m\u0131za hizmet verme bir yar\u0131\u015ft\u0131r,\u00a0 halk\u0131n se\u00e7me hakk\u0131 kutsald\u0131r, hangi g\u00f6n\u00fclde aslan yatt\u0131\u011f\u0131n\u0131 \u00f6nceden g\u00f6rebilmek bazen da olas\u0131 olmayabilir. Hepinize bol \u015fans!<\/p>\n<p><strong>Etkisi 4 y\u0131l s\u00fcrecek yeni b\u00fcy\u00fck oyunun hen\u00fcz ba\u015f\u0131nday\u0131z. <\/strong><\/p>\n<p>Se\u00e7im g\u00fcn\u00fcne daha 85 g\u00fcn var. Kahve fal\u0131na bakmaya gerekli f\u0131rsat ve zaman olacak. G\u00f6r\u00fclen k\u00f6y k\u0131lavuz istemez.\u00a0 K\u0131rcaali\u2019de GERB Ba\u015fkan\u0131 ve Ba\u015fbakan Boyko Borisov ile H\u00d6H (DPS) Ba\u015fkan\u0131 L\u00fctf\u00fc Mestan bir kahve i\u00e7tiler ve bak sen olana: Falc\u0131 Fatma fincanlar\u0131 y\u0131katmam\u0131\u015f, birka\u00e7 saat bekletmi\u015f. Onun inanc\u0131nda olansa \u201c<strong>b\u00fcy\u00fck adamlar\u0131n fal\u0131 y\u00fcz\u00fcne s\u00f6ylenmez<\/strong>!\u201d Kahveden sonra arabalar\u0131na binip uzakla\u015f\u0131nca \u201c<strong>iki y\u0131lan gibi<\/strong> <strong>birbirlerine sar\u0131l\u0131yorlar<\/strong>\u201d deyivermi\u015f. Bak\u0131n i\u015fte, art\u0131k ikisi birbirinden ayr\u0131lam\u0131yor. Siyam ikizler gibi oldular. S\u00f6zde biri sola biri sa\u011fa bak\u0131yor olsa da, barsaklar\u0131na var\u0131nca birbirine dola\u015fm\u0131\u015f oldu\u011fundan, zor g\u00f6r\u00fcnce ayn\u0131 delikten rahatl\u0131yorlar. Ne yaz\u0131k ki, resmi dilimiz olan Bulgarcada hamamdan sonra \u201c<strong>\u0130yi saatler olsun<\/strong>!\u201d olmad\u0131\u011f\u0131 gibi, gev\u015feyince \u201c<strong>Rahat ola<\/strong>!\u201d da yoktur.\u00a0 Mestan ara s\u0131ra ayn\u0131 delikten rahatlayan Boyko\u2019ya \u201c<strong>Rahat ola<\/strong>!\u201d deyince Borisov ne demek istedi\u011fini anlayamad\u0131\u011f\u0131ndan olacak, \u201c<strong>Konu\u015fmas\u0131 pek anla\u015f\u0131lm\u0131yor<\/strong>!\u201d dese de,\u00a0 y\u00f6netece\u011fi halk\u0131n k\u00fclt\u00fcr\u00fcn\u00fc bilmeyen bir liderin eksiklerine al\u0131\u015fmak zorunday\u0131z.<\/p>\n<p>Bulgaristan\u2019da hele \u015fu se\u00e7imlerde politikay\u0131 anlamak ve anlatmak kolay olacakm\u0131\u015f. Merkezi Rodoplar\u2019da \u2013Rojen \u2013 ve ard\u0131ndan Kopriv\u00e7itsa kasabas\u0131nda halk sanat\u0131 ulusal g\u00f6sterisi yap\u0131ld\u0131. \u015eenliklerde yaln\u0131z GAYDACI kat\u0131ld\u0131.\u00a0 \u00c7al\u0131nanlar\u0131 herkes ayn\u0131 anda anlad\u0131. Bu m\u00fczik aletinde yaln\u0131z \u201c<strong>sol<\/strong>\u201d ve \u201c<strong>la<\/strong>\u201d var. Yaln\u0131z 2 nota! \u0130ki partili sisteme mi al\u0131\u015ft\u0131r\u0131yoruz sorusu geldi? D\u00fc\u015f\u00fcn\u00fclen, \u201c<strong>al g\u00fcl\u00fcm, ver g\u00fcl\u00fcm<\/strong>\u201d gibi bir \u015fey. Halk dilinde olup bitene \u201c<strong>ben sana, sen bana<\/strong>\u201d diyorlar. Bu uygulama politik alana \u00e7ekildi\u011finde, t\u00fcm i\u015fler \u00f6n anla\u015fmal\u0131 oldu\u011fundan iktidarda olmakla muhalefette olmak aras\u0131nda pek fark yok gibi. Bir melodi \u00e7\u0131kmas\u0131 i\u00e7in \u201cla\u201d dan sonra \u201csol\u201du, \u201csol\u201ddan sonra da yine \u201cla\u201d y\u0131 basmak zorundas\u0131n, hangisinin \u00f6nde arkada, ya da altta \u00fcstte olmas\u0131n\u0131n ne \u00f6nemi var? Siyam ikizlerinin ayn\u0131 zamanda sola ve sa\u011fa bakmas\u0131na benziyor\u2026 Yerel se\u00e7imleri kimin kazanaca\u011f\u0131 \u00f6nemli de\u011fil! Muhtar ayn\u0131 zamanda iki partiye de hizmet verebilir, \u00f6nemli olan hangi e\u011fitim ekol\u00fcnden geldi\u011fi ve baca\u011f\u0131n\u0131n nereye ba\u011fl\u0131 oldu\u011fudur, ruhuna gelince g\u00f6zle g\u00f6r\u00fclmeyen, elle tutulmayan ve ba\u015fkalar\u0131 taraf\u0131ndan hissedilemeyen bir \u015fey oldu\u011fundan ve bizde ruh yarg\u0131layan ceza kanunu olmad\u0131\u011f\u0131ndan, bo\u015f ver derken, bu i\u015fi de falc\u0131 Farma\u2019ya b\u0131rak\u0131yorum\u2026<\/p>\n<p>Asl\u0131nda t\u00fcm farkl\u0131l\u0131klar\u0131 oldu\u011fu gibi, GERB ve DPS aras\u0131ndaki farkl\u0131l\u0131klar\u0131 da hi\u00e7bir teori ortadan kald\u0131ramaz. Bir defa biri totaliter rejimin sa\u011f merkezci Bulgar partisinin devam\u0131; \u00f6teki de gizli polis kadrolar\u0131n\u0131n merkezci sol T\u00fcrk-\u00c7ingene-Bulgar kar\u0131\u015f\u0131m\u0131 DPS partisidir. \u00d6yle ki se\u00e7imlere kat\u0131l\u0131m yasalar\u0131 insanlar\u0131n kapasitelerini birle\u015ftirmeye elverinceye kadar demokratik \u00f6\u011fretiler s\u00f6zlere s\u0131n\u0131rl\u0131 kalacakt\u0131r. \u015eu da var, \u201c<strong>K\u00fct\u00fcphaneci Enstit\u00fcs\u00fcnde<\/strong>\u201d do\u011fal e\u015fitlik, e\u015fitsizlik ve demokraside e\u015fitlik ve e\u015fitsizlik \u00fcst\u00fcne savunulmu\u015f doktora tezi olmad\u0131\u011f\u0131ndan, i\u015fler olduk\u00e7a kar\u0131\u015f\u0131k. Bizim polis te\u015fkilat\u0131nda se\u00e7ilmi\u015f kadro ve se\u00e7im yoktur. Amirler atan\u0131r. Normal ko\u015fullarda b\u0131rak\u0131n belediye ba\u015fkan\u0131n\u0131, muhtar\u0131n bile sand\u0131ktan \u00e7\u0131kmas\u0131 mucize\u2026 Ma\u015fallah muhtarlar\u0131n hepsi Bulgar sihirbaz Mister Senko kadar yetenekli, bir k\u00f6yde 17 hane ya\u015farken, sand\u0131ktan 700 oya kadar \u00e7\u0131kar\u0131p salt \u00e7o\u011funlukla se\u00e7ilme kabiliyeti g\u00f6sterebiliyorlar. Memlekette toplu kay\u0131t de\u011fi\u015ftirme hareketlenmesi g\u00f6zleniyor. \u00d6rne\u011fin Sosyalist Parti Meclis kalesini alamad\u0131\u011f\u0131 Ba\u015fkent Sofya\u2019y\u0131 d\u0131\u015ftan ku\u015fatma plan\u0131 uygulamaya haz\u0131rlan\u0131rken, K\u00f6stendil ve Varna \u00c7ingenelerini ba\u015fkent etraf\u0131ndaki k\u00f6ylere kaydettiriyor. Baz\u0131 getto kul\u00fcbelerinde 100 ki\u015fi ya\u015fad\u0131\u011f\u0131 bas\u0131na d\u00fc\u015ft\u00fc.<\/p><div id=\"bghab-2273570971\" class=\"bghab-icerik-icine-35-paragraf bghab-entity-placement\"><script async src=\"\/\/pagead2.googlesyndication.com\/pagead\/js\/adsbygoogle.js?client=ca-pub-6203283170189293\" crossorigin=\"anonymous\"><\/script><ins class=\"adsbygoogle\" style=\"display:block; text-align:center;\" data-ad-client=\"ca-pub-6203283170189293\" \ndata-ad-slot=\"7303146466\" \ndata-ad-layout=\"in-article\"\ndata-ad-format=\"fluid\" data-full-width-responsive=\"true\"><\/ins>\n<script> \n(adsbygoogle = window.adsbygoogle || []).push({}); \n<\/script>\n<\/div>\n<p>Kanun bilen, yasa okuyan, avukata dan\u0131\u015fan olmad\u0131\u011f\u0131ndan muhtar\u0131n se\u00e7im g\u00fcn\u00fc Londra\u2019da bula\u015f\u0131k y\u0131kayan Ay\u015fe gelin, Hollanda\u2019da karanfil derleyen Fahriye teyze, Stokholm\u2019da inek sa\u011fan Mustafa a\u011fabey, Edirne\u2019de hocal\u0131k yapan \u0130dris veya Bursa\u2019da \u201cFiyat\u201d fabrikas\u0131 bek\u00e7isi M\u0131st\u0131k i\u00e7in oy kullanmas\u0131na herkes al\u0131\u015ft\u0131. \u0130tirazda bulunan yok. \u201c<strong>Bu se\u00e7imler de bizim<\/strong>!\u201d diyenler bu iddiay\u0131 da kazanabilirler. Fala bakt\u0131rmaya gerek kalmad\u0131.<\/p>\n<p>Asl\u0131nda bu se\u00e7im suyu s\u0131\u011f\u0131 gibi g\u00f6r\u00fcnse de, derenin dibi g\u00f6r\u00fcnm\u00fcyor. Tekrar ediyorum, misalleri bizden verip te kimseyi g\u00fccendirmek istemedim. Hani n\u00fcfusu 3.9 milyon iken AB \u00fcyesi olunca 1.4 milyona d\u00fc\u015fen ve e\u015fitsizli\u011fin ve sefaletin kokusunu alan Litva var ya, biliyor\u00a0\u00a0 musunuz orada olup biteni?\u00a0 Eski Cumhurba\u015fkan\u0131 ve Merkez Bankas\u0131 Ba\u015fkan\u0131 son 5-6 y\u0131lda Br\u00fcksel\u2019den gelen paralar\u0131 oldu\u011fu gibi \u00e7alm\u0131\u015flar.\u00a0 Bulgaristan\u2019da hani raflar\u0131nda dizi d\u00fczen olmayan ve belki de daha \u00e7ok yoksul kesimden m\u00fc\u015fteri bekleyen \u201c<strong>T-Market<\/strong>\u201d zinciri var ya, bunlar\u0131 51\u2019de onlar\u0131nm\u0131\u015f. \u0130l kentlerimizin g\u00f6be\u011finden en g\u00f6zde arsalara oturmu\u015flar. Hani Sofya\u2019da \u201cOf\u00e7a Kupel -1\u201d semtinde \u201cmoto-kar (fortlift) fabrikas\u0131n\u0131 y\u0131kt\u0131r\u0131p 300 d\u00f6n\u00fcm araziyi temizleten ve 2 g\u00f6kdelenle en b\u00fcy\u00fck MOLL in\u015fas\u0131 i\u00e7in haz\u0131r duruma getiren onlarm\u0131\u015f. Tabii bu Moll ma\u011fazas\u0131nda da Avrupa\u2019da kullan\u0131m \u00f6mr\u00fc ge\u00e7ti ge\u00e7ecek olan g\u0131dalar veya seri d\u0131\u015f\u0131 giysiler sat\u0131lacakt\u0131. Neyse plan suya d\u00fc\u015fm\u00fc\u015f, halk\u0131m\u0131za da ge\u00e7mi\u015f olsun, \u00e7\u00fcnk\u00fc Litva\u2019da yap\u0131lan son se\u00e7imde bu iki \u201c<strong>AB paras\u0131 iri h\u0131rs\u0131z\u0131<\/strong>\u201d se\u00e7ilememi\u015f. Yukar\u0131da yazd\u0131\u011f\u0131m gibi, 4 y\u0131l \u00f6nce 3.9 milyon n\u00fcfuslu bu \u00fclkede kalan 1.4 milyon ki\u015finin midesi a\u00e7l\u0131k i\u015fareti verir gibi gurlamaya ba\u015flay\u0131nca, herkes sinsi sinsi sand\u0131\u011fa gitmi\u015f,\u00a0 bu ikiliye tek oy vermeyerek hem \u00f6\u00e7 alm\u0131\u015flar hem de kazan kapa\u011f\u0131n\u0131 kald\u0131rm\u0131\u015flar. Kazandan ba\u015f g\u00f6steren y\u0131lanlar uzay\u0131p ka\u00e7maya ba\u015flam\u0131\u015flar. \u0130kisi ise solu\u011fu Washington\u2019da alm\u0131\u015flar. Paralar\u0131n bir k\u0131sm\u0131n\u0131 g\u00f6sterip Amerikan vatanda\u015f\u0131 olmu\u015flar. \u015eu bizim AB yasalar\u0131 amerikan h\u0131rs\u0131zlar\u0131n\u0131 \u0131s\u0131ram\u0131yor. Neyse Litval\u0131lara ge\u00e7mi\u015f olsun. Bu haberleri \u00f6\u011frendik\u00e7e bizde baz\u0131 \u201cirilar\u0131n\u201d, \u201cmadalyal\u0131lar\u0131n\u201d, \u201cevlenip bo\u015fanan k\u00f6pek bak\u0131c\u0131lar\u0131n\u201d neden kapal\u0131, korumal\u0131 tutuldu\u011funu daha iyi anl\u0131yorum. Dedim yai \u015fu se\u00e7im i\u00e7inde b\u00fcy\u00fck keramet var. Bir oy, iki oy derken, oylar\u0131n hepsi toplan\u0131nca en g\u00fc\u00e7l\u00fc orduyu bile yenebiliyor, iktidarlar devirebiliyor, en b\u00fcy\u00fck yolsuzluklar\u0131 otrtaya \u00e7\u0131karabiliyor. Bu ipli\u011fin ge\u00e7ti\u011fi i\u011fne deli\u011fi ise halk\u0131n, se\u00e7menin bilin\u00e7lenmesidir. En b\u00fcy\u00fck karanl\u0131\u011f\u0131n sonu ayd\u0131nl\u0131kt\u0131r.<\/p>\n<p>Devam edecek.<\/p>\n<div id=\"bghab-2794546146\" class=\"bghab-yazi-altinda bghab-entity-placement\"><div class=\"bghab-adlabel\">Reklamlar<\/div><script async src=\"https:\/\/pagead2.googlesyndication.com\/pagead\/js\/adsbygoogle.js\"><\/script>\r\n<!-- bghaber-yaz\u0131-sonu -->\r\n<ins class=\"adsbygoogle\"\r\n     style=\"display:block\"\r\n     data-ad-client=\"ca-pub-6203283170189293\"\r\n     data-ad-slot=\"4222328180\"\r\n     data-ad-format=\"auto\"\r\n     data-full-width-responsive=\"true\"><\/ins>\r\n<script>\r\n     (adsbygoogle = window.adsbygoogle || []).push({});\r\n<\/script><\/div><br style=\"clear: both; display: block; float: none;\"\/>","protected":false},"excerpt":{"rendered":"<p>Dr. Nedim B\u0130R\u0130NC\u0130 Konu: Y\u00fczle\u015fme G\u00fcn\u00fc Yak\u0131nd\u0131r. &nbsp; Falc\u0131lar\u0131n fal bakt\u0131\u011f\u0131 kahve fincan\u0131 a\u011f\u0131rl\u0131kta hafif, g\u00f6r\u00fcn\u00fcmde ince ve ilk bak\u0131\u015fta albenilidir! Falc\u0131n\u0131n s\u00f6yleyecekleri kahve k\u00f6p\u00fc\u011f\u00fcyle<\/p>\n","protected":false},"author":13,"featured_media":8403,"comment_status":"closed","ping_status":"closed","sticky":false,"template":"","format":"standard","meta":{"advanced_seo_description":"","jetpack_seo_html_title":"","jetpack_seo_noindex":false,"_jetpack_memberships_contains_paid_content":false,"footnotes":""},"categories":[6],"tags":[],"class_list":["post-15891","post","type-post","status-publish","format-standard","has-post-thumbnail","hentry","category-yorum"],"jetpack_featured_media_url":"https:\/\/i0.wp.com\/www.bghaber.org\/bghaber\/wp-content\/uploads\/2013\/11\/nedim-birinci.jpg?fit=432%2C552&ssl=1","jetpack_sharing_enabled":true,"jetpack_likes_enabled":true,"jetpack-related-posts":[],"jetpack_shortlink":"https:\/\/wp.me\/pc2PfJ-48j","_links":{"self":[{"href":"https:\/\/www.bghaber.org\/bghaber\/wp-json\/wp\/v2\/posts\/15891","targetHints":{"allow":["GET"]}}],"collection":[{"href":"https:\/\/www.bghaber.org\/bghaber\/wp-json\/wp\/v2\/posts"}],"about":[{"href":"https:\/\/www.bghaber.org\/bghaber\/wp-json\/wp\/v2\/types\/post"}],"author":[{"embeddable":true,"href":"https:\/\/www.bghaber.org\/bghaber\/wp-json\/wp\/v2\/users\/13"}],"replies":[{"embeddable":true,"href":"https:\/\/www.bghaber.org\/bghaber\/wp-json\/wp\/v2\/comments?post=15891"}],"version-history":[{"count":0,"href":"https:\/\/www.bghaber.org\/bghaber\/wp-json\/wp\/v2\/posts\/15891\/revisions"}],"wp:featuredmedia":[{"embeddable":true,"href":"https:\/\/www.bghaber.org\/bghaber\/wp-json\/wp\/v2\/media\/8403"}],"wp:attachment":[{"href":"https:\/\/www.bghaber.org\/bghaber\/wp-json\/wp\/v2\/media?parent=15891"}],"wp:term":[{"taxonomy":"category","embeddable":true,"href":"https:\/\/www.bghaber.org\/bghaber\/wp-json\/wp\/v2\/categories?post=15891"},{"taxonomy":"post_tag","embeddable":true,"href":"https:\/\/www.bghaber.org\/bghaber\/wp-json\/wp\/v2\/tags?post=15891"}],"curies":[{"name":"wp","href":"https:\/\/api.w.org\/{rel}","templated":true}]}}