{"id":15886,"date":"2015-08-14T15:21:44","date_gmt":"2015-08-14T12:21:44","guid":{"rendered":"http:\/\/www.bghaber.org\/bghaber\/?p=15886"},"modified":"2015-08-14T15:23:58","modified_gmt":"2015-08-14T12:23:58","slug":"muslumanin-feraseti-vardir","status":"publish","type":"post","link":"https:\/\/www.bghaber.org\/bghaber\/muslumanin-feraseti-vardir\/","title":{"rendered":"\u201cM\u00dcSL\u00dcMANIN FERASET\u0130 VARDIR\u201d"},"content":{"rendered":"<div id=\"yiv4039212663yui_3_16_0_1_1439533637729_54196\" class=\"yiv4039212663\"><\/div>\n<div id=\"yiv4039212663yui_3_16_0_1_1439533637729_54200\" class=\"yiv4039212663\"><img data-recalc-dims=\"1\" decoding=\"async\" src=\"https:\/\/i0.wp.com\/www.bghaber.org\/bghaber\/wp-content\/uploads\/2015\/07\/alpt.jpg?w=640\" alt=\"alpt\" \/><\/div>\n<div class=\"yiv4039212663\">Alptekin CEVHERL\u0130<\/div>\n<div id=\"yiv4039212663yui_3_16_0_1_1439533637729_54202\" class=\"yiv4039212663\">+++++++<\/div>\n<div id=\"yiv4039212663yui_3_16_0_1_1439533637729_54204\" class=\"yiv4039212663\">Adam soruyor:<\/div>\n<div id=\"yiv4039212663yui_3_16_0_1_1439533637729_54206\" class=\"yiv4039212663\"><span id=\"yiv4039212663yui_3_16_0_1_1439533637729_54208\" class=\"yiv4039212663\"><span id=\"yiv4039212663yui_3_16_0_1_1439533637729_54210\" class=\"yiv4039212663\">&#8211;<span id=\"yiv4039212663yui_3_16_0_1_1439533637729_54212\" class=\"yiv4039212663\">\u00a0\u00a0\u00a0\u00a0\u00a0\u00a0\u00a0 <\/span><\/span><\/span>Feraset mi, o da ne?<\/div>\n<div id=\"yiv4039212663yui_3_16_0_1_1439533637729_54214\" class=\"yiv4039212663\"><span id=\"yiv4039212663yui_3_16_0_1_1439533637729_54216\" class=\"yiv4039212663\">\u00a0<\/span>* * *<\/div>\n<div id=\"yiv4039212663yui_3_16_0_1_1439533637729_54218\" class=\"yiv4039212663\">Hep gen\u00e7lerin k\u00fclt\u00fcrel olarak yozla\u015ft\u0131\u011f\u0131ndan, baz\u0131 insan\u00ee de\u011ferleri bilmediklerinden dem vurulur ya; bir \u015fey dikkatimi \u00e7ekti. Asl\u0131nda gen\u00e7ler insan\u00ee olumlar\u0131n\u0131 olabildi\u011fince ya\u015famaya \u00e7al\u0131\u015f\u0131yorlar. Ancak o bahsedilen kavramlar\u0131n kar\u015f\u0131l\u0131\u011f\u0131 olan kelimeleri bilmedikleri i\u00e7in ya\u015fad\u0131klar\u0131, ancak ifade edemedikleri duygular aras\u0131nda kayboluyorlar.<\/div>\n<div id=\"yiv4039212663yui_3_16_0_1_1439533637729_54220\" class=\"yiv4039212663\">\u00c7\u00fcnk\u00fc dilimizi g\u00fcya sadele\u015ftirece\u011fiz diye, pek \u00e7ok g\u00fczel kelimemizi kullanamaz olmu\u015fuz.<\/div>\n<div id=\"yiv4039212663yui_3_16_0_1_1439533637729_54222\" class=\"yiv4039212663\">Ondan sonra da \u0130sl\u00e2m \u00fclkeleri niye b\u00f6yle peri\u015fan deyip, t\u00fcrl\u00fc t\u00fcrl\u00fc mazeretlerle, su\u00e7lamalarla kendimizi kand\u0131r\u0131yoruz.<\/div>\n<div id=\"yiv4039212663yui_3_16_0_1_1439533637729_54224\" class=\"yiv4039212663\"><span id=\"yiv4039212663yui_3_16_0_1_1439533637729_54226\" class=\"yiv4039212663\">Bir g\u00fcn Abd\u00fclh\u00e2lik Gucd\u00fcv\u00e2n\u00ee hazretleri (\u00d6zbekistan) Buhara\u2019da m\u00fcrit ve g\u00f6n\u00fclda\u015flar\u0131yla velilik halleri \u00fczerine sohbet ediyordu. Sohbet halkas\u0131na elinde tespih, s\u0131rt\u0131nda dervi\u015flik h\u0131rkas\u0131, omuzunda seccade olan bir gen\u00e7 de dahil olmu\u015f, can kula\u011f\u0131 ile Gucd\u00fcv\u00e2n\u00ee Hazretlerini dinler g\u00f6r\u00fcnmekteydi. Meclistekilerin ilk defa g\u00f6rd\u00fckleri bu gen\u00e7, bir m\u00fcddet sonra sual sormak i\u00e7in m\u00fcsaade ald\u0131 ve son derece h\u00fcrmetk\u00e2r bir eda ile \u015f\u00f6yle dedi:<\/span><\/div>\n<div id=\"yiv4039212663yui_3_16_0_1_1439533637729_54228\" class=\"yiv4039212663\"><span id=\"yiv4039212663yui_3_16_0_1_1439533637729_54230\" class=\"yiv4039212663\">\u2013 Efendim, mal\u00fbmunuz, Hz. Peygamber s.a.v., \u201cM\u00fcminin ferasetinden sak\u0131n\u0131n; \u00e7\u00fcnk\u00fc o, Allah\u2019\u0131n nuru ile bakar\u201d buyurmu\u015flard\u0131r. Bu hadis-i \u015ferifin s\u0131rr\u0131 nedir acaba?<\/span><\/div>\n<div id=\"yiv4039212663yui_3_16_0_1_1439533637729_54232\" class=\"yiv4039212663\"><span id=\"yiv4039212663yui_3_16_0_1_1439533637729_54234\" class=\"yiv4039212663\">Gucd\u00fcv\u00e2n\u00ee Hazretleri soruyu \u00f6nce duymazdan geldi. Ancak gen\u00e7 \u0131srarla Gucd\u00fcv\u00e2n\u00ee Hazretleri\u2019ni s\u0131k\u0131\u015ft\u0131r\u0131yor, cemaatin i\u00e7inde g\u00fc\u00e7 durumda b\u0131rakmaya \u00e7al\u0131\u015f\u0131yordu.<\/span><\/div>\n<div id=\"yiv4039212663yui_3_16_0_1_1439533637729_54236\" class=\"yiv4039212663\"><span id=\"yiv4039212663yui_3_16_0_1_1439533637729_54238\" class=\"yiv4039212663\">Bunun \u00fczerine Abd\u00fclh\u00e2lik Gucd\u00fcv\u00e2n\u00ee, bu gence k\u0131sa bir s\u00fcre nazar eyledikten sonra sert bir tonla:<\/span><\/div>\n<div id=\"yiv4039212663yui_3_16_0_1_1439533637729_54240\" class=\"yiv4039212663\"><span id=\"yiv4039212663yui_3_16_0_1_1439533637729_54242\" class=\"yiv4039212663\">\u2013 Sen \u00f6nce beline ba\u011flad\u0131\u011f\u0131n z\u00fcnnar\u0131 kesip imana gel, M\u00fcsl\u00fcman ol ki; bu hadis-i \u015ferifin s\u0131rr\u0131 tecelli etsin, buyurdu. (Z\u00fcnnar: Papazlar\u0131n, ucunu \u00f6nden sark\u0131tarak bellerine ba\u011flad\u0131klar\u0131 \u00f6rme bir ku\u015fakt\u0131r ve t\u0131pk\u0131 ha\u00e7 gibi H\u0131ristiyanl\u0131k alametidir.)<br id=\"yiv4039212663yui_3_16_0_1_1439533637729_54244\" class=\"yiv4039212663\" \/>Gucd\u00fcv\u00e2n\u00ee Hazretleri\u2019nin bu s\u00f6z\u00fc oradaki herkesi \u015fa\u015f\u0131rtt\u0131. \u00c7\u00fcnk\u00fc gen\u00e7, M\u00fcsl\u00fcman bir T\u00fcrkmen dervi\u015fi k\u0131yafetindeydi.<\/span><\/div>\n<div id=\"yiv4039212663yui_3_16_0_1_1439533637729_54246\" class=\"yiv4039212663\"><span id=\"yiv4039212663yui_3_16_0_1_1439533637729_54248\" class=\"yiv4039212663\">Nitekim ink\u00e2ra yeltendi ama yak\u0131n\u0131nda bulunan birka\u00e7 ki\u015fi gencin \u00fczerindeki h\u0131rkay\u0131 zorla \u00e7\u0131kar\u0131nca, d\u00fc\u011f\u00fcm d\u00fc\u011f\u00fcm ederek gizlemeye \u00e7al\u0131\u015ft\u0131\u011f\u0131 z\u00fcnnar\u0131n\u0131n belinde ba\u011fl\u0131 oldu\u011fu g\u00f6r\u00fcld\u00fc. Ger\u00e7ekte H\u0131ristiyan olan bu gen\u00e7, m\u00fcminin ferasetindeki isabeti bizzat ya\u015fayarak \u00f6\u011frenmi\u015fti. Maksad\u0131n\u0131 anlat\u0131p, Zaman\u0131n\u0131n en b\u00fcy\u00fck \u0130sl\u00e2m \u00e2limlerinden olan Gucd\u00fcv\u00e2n\u00ee Hazretleri\u2019ni itibars\u0131zla\u015ft\u0131rmak i\u00e7in bu oyunu pl\u00e2nlad\u0131\u011f\u0131n\u0131 ve sorusuna cevap ald\u0131ktan sonra Z\u00fcnnar\u0131 \u00e7\u0131kar\u0131p \u201cSenin ferasetin, i\u015fte bu kadar\u201d i\u015fte deyip k\u00fc\u00e7\u00fck d\u00fc\u015f\u00fcrmeyi tasarlad\u0131\u011f\u0131n\u0131 s\u00f6yledi.<\/span><\/div>\n<div id=\"yiv4039212663yui_3_16_0_1_1439533637729_54250\" class=\"yiv4039212663\"><span id=\"yiv4039212663yui_3_16_0_1_1439533637729_54252\" class=\"yiv4039212663\">Ard\u0131ndan af diledi, z\u00fcnnar\u0131n\u0131 \u00e7\u00f6z\u00fcp att\u0131, kelime-i \u015fahadet getirip M\u00fcsl\u00fcman oldu. Bunun \u00fczerine Gucd\u00fcv\u00e2n\u00ee Hazretleri, etraf\u0131ndakilere d\u00f6nd\u00fc, buyurdu ki:<\/span><\/div>\n<div id=\"yiv4039212663yui_3_16_0_1_1439533637729_54254\" class=\"yiv4039212663\"><span id=\"yiv4039212663yui_3_16_0_1_1439533637729_54256\" class=\"yiv4039212663\">\u2013 Ey dostlar! Bu gen\u00e7 z\u00fcnnar\u0131n\u0131 kesti, M\u00fcsl\u00fcman oldu. Gelin sizler de kalplerinizdeki z\u00fcnnar\u0131 kesip iman edin. Kalpteki z\u00fcnnar da kibir ve gururdur. Bunlar\u0131 \u00e7\u00f6z\u00fcp atmad\u0131k\u00e7a ahdine sad\u0131k bir m\u00fcmin olamazs\u0131n\u0131z!<\/span><\/div>\n<div id=\"yiv4039212663yui_3_16_0_1_1439533637729_54258\" class=\"yiv4039212663\"><span id=\"yiv4039212663yui_3_16_0_1_1439533637729_54260\" class=\"yiv4039212663\">\u00a0<\/span>* * *<\/div>\n<div id=\"yiv4039212663yui_3_16_0_1_1439533637729_54262\" class=\"yiv4039212663\">Bug\u00fcn \u0130sl\u00e2m d\u00fcnyas\u0131 aras\u0131nda belinde gizli z\u00fcnnar ile dola\u015fan o kadar \u00e7ok \u00e7\u0131f\u0131t var ki, sorun feraset sahibi m\u00fcmin olmay\u0131\u015f\u0131nda\u2026<\/div>\n<div id=\"yiv4039212663yui_3_16_0_1_1439533637729_54264\" class=\"yiv4039212663\">Adamlar k\u0131t\u0131r k\u0131t\u0131r \u0130sl\u00e2m ad\u0131na M\u00fcsl\u00fcman kesiyorlar.<\/div>\n<div id=\"yiv4039212663yui_3_16_0_1_1439533637729_54266\" class=\"yiv4039212663\">Hatta art\u0131k a\u015ft\u0131lar, fantezi yapmaya ba\u015flad\u0131lar. Canl\u0131 canl\u0131 \u00e7at\u0131dan at\u0131p a\u015fa\u011f\u0131da nas\u0131l \u00f6ld\u00fc\u011f\u00fcn\u00fc kameraya \u00e7ekip facebook\u2019tan payla\u015f\u0131yorlar, diri diri boynuna kadar topra\u011fa g\u00f6m\u00fcp alt\u0131na yerle\u015ftirdikleri bombay\u0131 patlat\u0131p, topraktan f\u0131rlayan ceset par\u00e7alar\u0131n\u0131 seyredip bir de dalga ge\u00e7er gibi \u201cAllah\u00fcekber\u201d diye ba\u011f\u0131r\u0131yorlar.<\/div>\n<div id=\"yiv4039212663yui_3_16_0_1_1439533637729_54268\" class=\"yiv4039212663\">Bu ne tezatt\u0131r, ne gaflettir, ne ironidir ki, \u0130sl\u00e2m \u00fclkelerinde de \u2018ortalama\u2019 % 10 oran\u0131nda da \u0130\u015e\u0130D\u2019in ger\u00e7ekten \u015feriat\u0131 ger\u00e7ekle\u015ftirdiklerine inanan bir kesim var.<\/div>\n<div id=\"yiv4039212663yui_3_16_0_1_1439533637729_54270\" class=\"yiv4039212663\">Bunlar\u0131n bellerindeki z\u00fcnnar\u0131, boynundaki ha\u00e7\u0131 g\u00f6sterecek M\u00fcsl\u00fcmanlar ise ya uykuda, ya da ba\u015fka i\u015flerle u\u011fra\u015fmaktan bunlarla m\u00fccadeleye f\u0131rsat bulam\u0131yorlar.<\/div>\n<div id=\"yiv4039212663yui_3_16_0_1_1439533637729_54272\" class=\"yiv4039212663\">\u00d6yle ise gen\u00e7lerimizi bilin\u00e7li yeti\u015ftirece\u011fiz. \u00c7ocuklar\u0131m\u0131z\u0131n kafalar\u0131n\u0131n ve ellerinin bu m\u00fcnaf\u0131klar\u0131n kontrol\u00fcne ge\u00e7memesi i\u00e7in \u0130sl\u00e2m\u2019\u0131 adam gibi \u00f6\u011fretece\u011fiz.<\/div>\n<div id=\"yiv4039212663yui_3_16_0_1_1439533637729_54274\" class=\"yiv4039212663\">\u00d6yle namaz k\u0131l, oru\u00e7 tutu M\u00fcsl\u00fcmanl\u0131\u011f\u0131 bitti. Geldi\u011fi yer i\u015fte ortada\u2026<\/div>\n<div id=\"yiv4039212663yui_3_16_0_1_1439533637729_54276\" class=\"yiv4039212663\">Asla ama asla \u201cProtestan \u0130sl\u00e2miyet\u201d istemiyoruz!<\/div>\n<div id=\"yiv4039212663yui_3_16_0_1_1439533637729_54278\" class=\"yiv4039212663\">Selefidir, Vehabidir vb. ideolojilere kar\u015f\u0131 gen\u00e7lerimizi e\u011fitece\u011fiz.<\/div>\n<div id=\"yiv4039212663yui_3_16_0_1_1439533637729_54280\" class=\"yiv4039212663\">So\u011fuktan donan\u0131 buzla ovarlar. E\u011fer ate\u015fle tedavi etmeye kalkarsan\u0131z kalbi dayanmaz \u00f6l\u00fcr.<\/div>\n<div id=\"yiv4039212663yui_3_16_0_1_1439533637729_54282\" class=\"yiv4039212663\">\u0130\u015e\u0130D\u2019in (DEA\u015e\u2019\u0131n) panzehiri yine S\u00fcnni \u0130sl\u00e2m\u2019dad\u0131r.<\/div>\n<div id=\"yiv4039212663yui_3_16_0_1_1439533637729_54284\" class=\"yiv4039212663\">Bu vah\u015fetin ya\u015fand\u0131\u011f\u0131 b\u00f6lge genelde Hanefi ve \u015eafi\u2019dir. \u0130mam Azam Ebu Hanife Hazretleri\u2019nin ve \u0130mam \u015eafi Hazretleri\u2019nin anlatt\u0131klar\u0131 ger\u00e7ek anlamlar\u0131yla \u00f6\u011fretilmek zorundad\u0131r. Yoksa Lawrence\u2019lar\u0131n icat etti\u011fi s\u00f6zde \u0130sl\u00e2m felsefesi ile nazenin gen\u00e7lerimiz birbirini k\u0131rmaya daha \u00e7ok devam ederler.<\/div>\n<div id=\"yiv4039212663yui_3_16_0_1_1439533637729_54286\" class=\"yiv4039212663\">Memlekette Selefili\u011fin ve Vehabili\u011fin ad\u0131n\u0131 duymayan yok. Peki, nerede \u0130mam Maturud\u00ee? Gen\u00e7ler aras\u0131nda ad\u0131n\u0131 bile duyan iki elin parmaklar\u0131n\u0131 ge\u00e7miyor. Yalan m\u0131?<\/div>\n<div id=\"yiv4039212663yui_3_16_0_1_1439533637729_54288\" class=\"yiv4039212663\">Bug\u00fcnlerde M\u00fcsl\u00fcmanlara dayat\u0131lan Selefiyye ve Mutezile\u2019nin aksine, Mat\u00fcrid\u00ee&#8217;ye g\u00f6re dinin kayna\u011f\u0131 olarak nakil (Kur&#8217;an) ve ak\u0131la ayn\u0131 oranda itimat etmek gerekir. Mat\u00fcrid\u00ee, \u0130sl\u00e2m\u2019\u0131n evrenselli\u011fine zarar vermeyecek bi\u00e7imde, itici olmaktan \u00e7ok kucaklay\u0131c\u0131 bir yakla\u015f\u0131mla dini anlat\u0131r. Bu sebeple \u0130mam Mat\u00fcrid\u00ee, dinin &#8220;\u00f6z\u00fcn\u00fc&#8221; ilgilendirmeyen g\u00f6r\u00fc\u015f farkl\u0131l\u0131klar\u0131n\u0131 ho\u015f g\u00f6r\u00fcr, onlar\u0131n sahiplerini dinden \u00e7\u0131km\u0131\u015f saymaz. Kendisiyle ayn\u0131 g\u00f6r\u00fc\u015fte olmayanlar\u0131 zorlamaz. (kafa kesmez) &#8220;<a id=\"yiv4039212663yui_3_16_0_1_1439533637729_54290\" class=\"yiv4039212663\" title=\"Ak\u0131l\" href=\"https:\/\/tr.wikipedia.org\/wiki\/Ak%C4%B1l\" target=\"_blank\" rel=\"nofollow\"><span id=\"yiv4039212663yui_3_16_0_1_1439533637729_54292\" class=\"yiv4039212663\">Ak\u0131l<\/span><\/a>&#8221; ile &#8220;nakli&#8221; dengeli bir \u015fekilde kullan\u0131r. <span id=\"yiv4039212663yui_3_16_0_1_1439533637729_54294\" class=\"yiv4039212663\"><a id=\"yiv4039212663yui_3_16_0_1_1439533637729_54296\" class=\"yiv4039212663\" title=\"Ak\u0131l\" href=\"https:\/\/tr.wikipedia.org\/wiki\/Ak%C4%B1l\" target=\"_blank\" rel=\"nofollow\"><span id=\"yiv4039212663yui_3_16_0_1_1439533637729_54298\" class=\"yiv4039212663\">Ak\u0131l<\/span><\/a>, bilgi kaynaklar\u0131ndan biri, insana verilmi\u015f il\u00e2hi bir emanettir. \u0130nsanlar ak\u0131llar\u0131 sayesinde g\u00fczellik ve \u00e7irkinlikleri tan\u0131r, kendi \u00fcst\u00fcnl\u00fcklerini onun sayesinde anlarlar. Kulun kusur i\u015flemesi akl\u0131n\u0131 kullanmay\u0131\u015f\u0131 y\u00fcz\u00fcndendir<\/span>. &#8220;Allah&#8217;\u0131n emirleri ak\u0131ll\u0131 olana hitabendir&#8221;. Ak\u0131l bali olmayan deli ya da \u00e7ocuk h\u00fckm\u00fcndedir. <span id=\"yiv4039212663yui_3_16_0_1_1439533637729_54300\" class=\"yiv4039212663\">Allah&#8217;\u0131n emirlerini anlayacak ak\u0131l seviyesine sahip olmayanlar, il\u00e2hi emirlerin d\u0131\u015f\u0131nda kal\u0131r, sorumlu olmazlar. Onlara deli muamelesi yap\u0131l\u0131r.<\/span><\/div>\n<div id=\"yiv4039212663yui_3_16_0_1_1439533637729_54302\" class=\"yiv4039212663\"><span id=\"yiv4039212663yui_3_16_0_1_1439533637729_54304\" class=\"yiv4039212663\">Bug\u00fcn d\u00fcnyan\u0131n ama en \u00e7ok \u0130sl\u00e2m d\u00fcnyas\u0131n\u0131n ihtiyac\u0131; feraset sahibi, \u00f6z\u00fcn\u00fc bilen ve <\/span>ak\u0131l bali insanlar\u0131n \u00e7o\u011falmas\u0131d\u0131r.<\/div>\n<div id=\"yiv4039212663yui_3_16_0_1_1439533637729_54306\" class=\"yiv4039212663\">Yoksa ABD ile veya \u0130ran ile bir olup, bu ate\u015f s\u00f6nd\u00fcr\u00fclemez, sadece daha da \u2018odun\u2019 ta\u015f\u0131n\u0131r\u2026 \u0130htiya\u00e7 olan berrak ve serin bir g\u00f6n\u00fcl iklimidir.<\/div>\n<div id=\"yiv4039212663yui_3_16_0_1_1439533637729_54308\" class=\"yiv4039212663\">\u00d6zet; Peygamber Efendimiz, \u201cM\u00fcminin ferasetinden sak\u0131n\u0131n! \u00c7\u00fcnk\u00fc o Allah\u2019\u0131n nuruyla bakar\u201d <span id=\"yiv4039212663yui_3_16_0_1_1439533637729_54310\" class=\"yiv4039212663\">buyurmu\u015flard\u0131r. (Tirmizi\u2019den)<br \/>\n<\/span><\/div>\n<div class=\"yiv4039212663\"><img data-recalc-dims=\"1\" height=\"226\" width=\"300\" decoding=\"async\" src=\"https:\/\/i0.wp.com\/www.bghaber.org\/bghaber\/wp-content\/uploads\/2015\/08\/11816836_988430391206981_6237645796321165630_n-300x226.jpg?resize=300%2C226\" alt=\"11816836_988430391206981_6237645796321165630_n\" \/><\/div>\n<p>&nbsp;<\/p>\n<div id=\"bghab-3305856703\" class=\"bghab-yazi-altinda bghab-entity-placement\"><div class=\"bghab-adlabel\">Reklamlar<\/div><script async src=\"https:\/\/pagead2.googlesyndication.com\/pagead\/js\/adsbygoogle.js\"><\/script>\r\n<!-- bghaber-yaz\u0131-sonu -->\r\n<ins class=\"adsbygoogle\"\r\n     style=\"display:block\"\r\n     data-ad-client=\"ca-pub-6203283170189293\"\r\n     data-ad-slot=\"4222328180\"\r\n     data-ad-format=\"auto\"\r\n     data-full-width-responsive=\"true\"><\/ins>\r\n<script>\r\n     (adsbygoogle = window.adsbygoogle || []).push({});\r\n<\/script><\/div><br style=\"clear: both; display: block; float: none;\"\/>","protected":false},"excerpt":{"rendered":"<p>Alptekin CEVHERL\u0130 +++++++ Adam soruyor: &#8211;\u00a0\u00a0\u00a0\u00a0\u00a0\u00a0\u00a0 Feraset mi, o da ne? \u00a0* * * Hep gen\u00e7lerin k\u00fclt\u00fcrel olarak yozla\u015ft\u0131\u011f\u0131ndan, baz\u0131 insan\u00ee de\u011ferleri bilmediklerinden dem vurulur<\/p>\n","protected":false},"author":13,"featured_media":15889,"comment_status":"closed","ping_status":"closed","sticky":false,"template":"","format":"standard","meta":{"advanced_seo_description":"","jetpack_seo_html_title":"","jetpack_seo_noindex":false,"_jetpack_memberships_contains_paid_content":false,"footnotes":""},"categories":[6],"tags":[],"class_list":["post-15886","post","type-post","status-publish","format-standard","has-post-thumbnail","hentry","category-yorum"],"jetpack_featured_media_url":"https:\/\/i0.wp.com\/www.bghaber.org\/bghaber\/wp-content\/uploads\/2015\/08\/11816836_988430391206981_6237645796321165630_n.jpg?fit=480%2C361&ssl=1","jetpack_sharing_enabled":true,"jetpack_likes_enabled":true,"jetpack-related-posts":[],"jetpack_shortlink":"https:\/\/wp.me\/pc2PfJ-48e","_links":{"self":[{"href":"https:\/\/www.bghaber.org\/bghaber\/wp-json\/wp\/v2\/posts\/15886","targetHints":{"allow":["GET"]}}],"collection":[{"href":"https:\/\/www.bghaber.org\/bghaber\/wp-json\/wp\/v2\/posts"}],"about":[{"href":"https:\/\/www.bghaber.org\/bghaber\/wp-json\/wp\/v2\/types\/post"}],"author":[{"embeddable":true,"href":"https:\/\/www.bghaber.org\/bghaber\/wp-json\/wp\/v2\/users\/13"}],"replies":[{"embeddable":true,"href":"https:\/\/www.bghaber.org\/bghaber\/wp-json\/wp\/v2\/comments?post=15886"}],"version-history":[{"count":0,"href":"https:\/\/www.bghaber.org\/bghaber\/wp-json\/wp\/v2\/posts\/15886\/revisions"}],"wp:featuredmedia":[{"embeddable":true,"href":"https:\/\/www.bghaber.org\/bghaber\/wp-json\/wp\/v2\/media\/15889"}],"wp:attachment":[{"href":"https:\/\/www.bghaber.org\/bghaber\/wp-json\/wp\/v2\/media?parent=15886"}],"wp:term":[{"taxonomy":"category","embeddable":true,"href":"https:\/\/www.bghaber.org\/bghaber\/wp-json\/wp\/v2\/categories?post=15886"},{"taxonomy":"post_tag","embeddable":true,"href":"https:\/\/www.bghaber.org\/bghaber\/wp-json\/wp\/v2\/tags?post=15886"}],"curies":[{"name":"wp","href":"https:\/\/api.w.org\/{rel}","templated":true}]}}