{"id":15882,"date":"2015-08-13T19:00:31","date_gmt":"2015-08-13T16:00:31","guid":{"rendered":"http:\/\/www.bghaber.org\/bghaber\/?p=15882"},"modified":"2015-08-14T15:57:46","modified_gmt":"2015-08-14T12:57:46","slug":"sonmeyen-volkan","status":"publish","type":"post","link":"https:\/\/www.bghaber.org\/bghaber\/sonmeyen-volkan\/","title":{"rendered":"S\u00f6nmeyen Volkan"},"content":{"rendered":"<p>\u0130brahim SOYT\u00dcRK<\/p>\n<p>Konu: <strong>Tarih Irma\u011f\u0131 Akmaya Devam Ediyor.<\/strong><\/p>\n<p>\u0130nsanlar\u0131n ayn\u0131 yere d\u00f6nmesi hem do\u011fal hem de manidard\u0131r.<\/p>\n<p>Rodoplar\u2019\u0131n Odrintsi k\u00f6y\u00fc Arda \u0131rma\u011f\u0131 ayazmalar\u0131n\u0131n kadim vatan\u0131d\u0131r. Arda ise Merkezi ve Do\u011fu Rodop T\u00fcrkl\u00fc\u011f\u00fcn\u00fcn akarsuyudur.\u00a0 Buradaki dere tepeler, yak\u0131n ge\u00e7mi\u015fimize kadar, ad\u0131na \u201ckl\u00f6n\u201d denen ve birinden devaml\u0131 cereyan olan 7 kat tel \u00f6rg\u00fcl\u00fc devlet hududumuzdu. Yazarken \u201c<strong>alt\u0131n<\/strong> <strong>kafese<\/strong>\u201d \u201cHAYIR\u201d, \u201c<strong>kara\u00e7al\u0131 dikeni yuvamd\u0131r<\/strong>\u201d diyen \u00e7al\u0131ku\u015funu hat\u0131rlad\u0131m. \u0130nsanlar\u0131m\u0131za bir cehennem olan bu elektrikli tel duvarlar, ge\u00e7en asr\u0131n 80\u2019li y\u0131llar\u0131nda tam da bu noktada h\u00fcrriyete ge\u00e7i\u015f ararken 9 Alman genci yakm\u0131\u015ft\u0131.\u00a0 Hepsi tel duvarda korkuluk gibi sallanm\u0131\u015f bulundu. Siyah naylon \u00e7uvallar i\u00e7inde memleketlerine geri g\u00f6ndermi\u015flerdi. Bu k\u00f6yde Alman mezar\u0131 yok.<\/p>\n<p>1942\u2019de Almanlar Yunana ge\u00e7erken ge\u00e7it yolu olarak yine bizim dere boyunu se\u00e7mi\u015flerdi. O zaman da geri d\u00f6nen olmam\u0131\u015ft\u0131.<\/p><div id=\"bghab-254194353\" class=\"bghab-icerik-icine bghab-entity-placement\"><script async src=\"\/\/pagead2.googlesyndication.com\/pagead\/js\/adsbygoogle.js?client=ca-pub-6203283170189293\" crossorigin=\"anonymous\"><\/script><ins class=\"adsbygoogle\" style=\"display:block; text-align:center;\" data-ad-client=\"ca-pub-6203283170189293\" \ndata-ad-slot=\"7303146466\" \ndata-ad-layout=\"in-article\"\ndata-ad-format=\"fluid\" data-full-width-responsive=\"true\"><\/ins>\n<script> \n(adsbygoogle = window.adsbygoogle || []).push({}); \n<\/script>\n<\/div>\n<p>Y\u0131llar\u0131n katmerle\u015ftirdi\u011fi korkudan olacak, h\u00fcrriyet g\u00fcne\u015fi g\u00f6renler Odrintsi\u2019yi terk etti. Bu \u00f6yle bir terk edi\u015fti ki, k\u00f6yde bastona sar\u0131lmadan otob\u00fcs dura\u011f\u0131na gidecek hali olmayan be\u015f\u00a0ya\u015fl\u0131 hane kald\u0131. Kap\u0131lar a\u00e7\u0131k kalsa da k\u00f6pekler da\u011f\u0131ld\u0131. \u0130nsan olmayan yerde s\u0131\u00e7an da olmuyor ve kediler de seyreldi. Bu be\u015f aile \u201c<strong>Siz gidin biz mezarlar\u0131, camiyi ve ayazmalar\u0131 bekleriz<\/strong>! dediler ve gen\u00e7leri u\u011furlad\u0131lar.<\/p>\n<p>Bu y\u0131l\u0131n May\u0131s ay\u0131nda Odrintsi\u2019ye 50 Alman geldi kondu.<\/p>\n<p>Kimin oldu\u011funu bile sormadan evlerden birini \u015fantiye yapt\u0131lar, \u00f6nce \u00e7ad\u0131rlara yerle\u015ftiler, se\u00e7tikleri evleri kendilerininmi\u015f gibi onarmaya ba\u015flad\u0131lar. Bu arada Madan, Rudozem, Smolyan hayvan pazarlar\u0131ndan 230 ke\u00e7i ald\u0131lar, birka\u00e7 k\u00f6pek, bir e\u015fek ve 2 kat\u0131r getirdiler. Hayat yeniden ba\u015flad\u0131 sanki. Evlerin onar\u0131m\u0131, sayalar\u0131n kiremitlerini aktarma, yemliklerin ve su kaynaklar\u0131n\u0131 elden ge\u00e7irme i\u015fleri devam ediyor. Yabanc\u0131lar\u0131n hepsi g\u00fcnd\u00fczleri bellerine kadar \u00e7\u0131plak \u00e7al\u0131\u015f\u0131l\u0131yor.\u00a0 4 ayl\u0131k sa\u00e7 sakal birbirine kar\u0131\u015fm\u0131\u015f olsa da, hepsinin eli keser tutuyor ve \u00e7ivi \u00e7ak\u0131yor. Elektrikli alet, ara\u00e7, gere\u00e7 kullanm\u0131yorlar. Yeminli elektrik d\u00fc\u015fman\u0131 gibi davran\u0131yorlar. Asl\u0131nda k\u00f6yde elektrik yok. Ya\u015fl\u0131 k\u00f6yl\u00fcler faturalar\u0131 \u00f6deyemeyiz korkusundan elektik istemezken, yeni gelen g\u00f6\u00e7ebelerde elektik alerjisi var, \u201c<strong>biz \u015fu dere boyunda tellerde as\u0131l\u0131 kalan karde\u015flerimizin an\u0131s\u0131n\u0131 ya\u015fatmaya geldik, elektrikli sobas\u0131nda \u0131s\u0131nmaya de\u011fil<\/strong>!\u201d diyorlar. G\u00f6\u00e7menler yerli ya\u015fl\u0131lara her sabah birer tas ke\u00e7i s\u00fctt\u00fc verseler de, aralar\u0131nda dil sorunu oldu\u011fundan, hen\u00fcz s\u00f6zl\u00fc temas kurulamam\u0131\u015ft\u0131r.<\/p>\n<p>Bu haberi yayan \u201c<strong>Royters Ajans\u0131<\/strong>\u201dna g\u00f6re, hepsi y\u00fcksek \u00f6\u011frenimli olan Almanlar\u0131n eski Demokratik Almanya Cumhuriyeti vatanda\u015f\u0131ym\u0131\u015f. 1990 \u00f6ncesi Bulgaristan Yunanistan s\u0131n\u0131r\u0131nda kur\u015funlanarak \u00f6ld\u00fcr\u00fclen yada elektrikli, dikenli s\u0131n\u0131r teli direklerinde as\u0131l\u0131 kalan yak\u0131nlar\u0131n\u0131n h\u00fcrriyette yolculu\u011funu, hakl\u0131 davas\u0131n\u0131, \u00f6l\u00fcms\u00fcz ruhunu ve unutulmayan an\u0131lar\u0131n\u0131 ebedile\u015ftirmek i\u00e7in, bu y\u00f6rede herhangi bir yere, belki bir ayazmalar\u0131m\u0131zdan birisinin \u00fczerine, olabilir ya\u00a0 belki de kara\u00e7al\u0131 dikenlerinin en s\u0131k ve sivri oldu\u011fu bir tepeye herkesin g\u00f6rebilece\u011fi y\u00fcksekliklerden birine g\u00f6rkemli bir an\u0131t dikmeye niyetlenmi\u015fler. Bu an\u0131tta \u00e7\u0131kan d\u00f6neme\u00e7li yol boyunda elektrik lambas\u0131, teleferik, asans\u00f6r, y\u00fcr\u00fcyen basamak vb olmayacak. H\u00fcrriyet \u015fehirlerinin bir s\u0131rt \u00e7antas\u0131yla \u00f6zg\u00fcrl\u00fc\u011f\u00fc arad\u0131klar\u0131 gibi an\u0131t\u0131 g\u00f6r\u00fcp, bu s\u0131n\u0131rda can veren 136 Alman\u0131n isimlerini alt\u0131n harflerle yaz\u0131laca\u011f\u0131 mermer levhaya akan \u00e7e\u015fmenin kenar\u0131na bir demet da\u011f \u00e7i\u00e7e\u011fi koymak isteyenler, bu tepeye \u00e7\u0131kma zahmetine katlanacaklard\u0131r.<\/p>\n<p>Almanlar, bu an\u0131tt\u0131 dikmek i\u00e7in muhtardan, belediye ba\u015fkan\u0131ndan veya Sofya\u2019da konaklanm\u0131\u015f K\u00fclt\u00fcr Bakan\u0131 Vejdi Ra\u015fidov\u2019tan izin almay\u0131 d\u00fc\u015f\u00fcnm\u00fcyorlar. \u00c7\u00fcnk\u00fc \u201c<strong>Bulgar devleti bizim yak\u0131nlar\u0131m\u0131za k\u0131yarken kimseden izin istemedi!\u201d<\/strong> diyorlar. An\u0131t kompleksi projesini de totaliter d\u00f6nem y\u00fcksek mimarlar\u0131ndan ya da d\u00f6nekli\u011fi ve hainli\u011fi ile dillere d\u00fc\u015fm\u00fc\u015f bir y\u00fcksek mimara veya heykelt\u0131ra\u015fa havale etmeyi de d\u00fc\u015f\u00fcnm\u00fcyorlar. Bu arada ald\u0131klar\u0131 bir karar\u0131 a\u00e7\u0131klad\u0131lar. <strong>An\u0131t kabrin kuruculu\u011funda Bulgar \u00e7imentosu kullanmayacakm\u0131\u015f,<\/strong> \u00e7\u00fcnk\u00fc 3 \u00e7uvaldan birisinin boyanm\u0131\u015f k\u00f6m\u00fcr tozu oldu\u011fu kan\u0131tlanm\u0131\u015ft\u0131r.<\/p><div id=\"bghab-2214323695\" class=\"bghab-icerik-icine-10-paragraf bghab-entity-placement\"><script async src=\"\/\/pagead2.googlesyndication.com\/pagead\/js\/adsbygoogle.js?client=ca-pub-6203283170189293\" crossorigin=\"anonymous\"><\/script><ins class=\"adsbygoogle\" style=\"display:block; text-align:center;\" data-ad-client=\"ca-pub-6203283170189293\" \ndata-ad-slot=\"7303146466\" \ndata-ad-layout=\"in-article\"\ndata-ad-format=\"fluid\" data-full-width-responsive=\"true\"><\/ins>\n<script> \n(adsbygoogle = window.adsbygoogle || []).push({}); \n<\/script>\n<\/div>\n<p>\u0130ki g\u00fcnde bir ekmek pi\u015firen, bol bol ke\u00e7i s\u00fctt\u00fc i\u00e7en, ke\u00e7i s\u00fct\u00fcn\u00fc mayalamay\u0131 ve peynir yapmay\u0131 art\u0131k \u00f6\u011frenen ve Rodop yama\u00e7lar\u0131n\u0131n yaban meyvelerine bay\u0131ld\u0131klar\u0131n\u0131, sular\u0131n\u0131 i\u00e7meye doyum olmad\u0131\u011f\u0131n\u0131 anlatan davetsiz konuklar, adeta daha \u00f6nce ya\u015famad\u0131klar\u0131 bir heyecan i\u00e7indedir.\u00c7\u00f6zemedikleri bir tek s\u0131r kalm\u0131\u015f: Yerlilerin bu cenneti b\u0131rak\u0131p da nereye gittiklerini \u00f6\u011frenmeye \u00e7al\u0131\u015f\u0131yorlar.<\/p>\n<p>Hi\u00e7bir yasa insanlar\u0131n, halklar\u0131n \u015fehitlerine sayg\u0131 g\u00f6sterme, d\u00f6nemli olarak anma t\u00f6renleri d\u00fczenlemez,\u00a0 g\u00f6kleri delen abidelerde ya\u015fatma hakk\u0131n\u0131 konu edip belirlememi\u015ftir.<\/p>\n<p>Halklar\u0131n kahramanlar\u0131n\u0131 ebedile\u015ftirmek i\u00e7in an\u0131tlar dikmesini yasaklayan uluslar aras\u0131 ge\u00e7erli yasalar\u00a0 yoktur.\u00a0 \u00d6rne\u011fin, T\u00fcrk halk\u0131n\u0131n ruhuna yenik d\u00fc\u015fen \u0130ngiliz Anzaklar\u0131na \u00c7anakkale yama\u00e7lar\u0131ndan birinde kabristanl\u0131k tesis edilmesi, b\u00fcy\u00fck \u00f6nder ve emsalsiz komutan Atat\u00fcrk ve TBMM taraf\u0131ndan kararla\u015ft\u0131r\u0131lm\u0131\u015ft\u0131r. Onlar\u0131n, her y\u0131l papaz ayinli y\u0131ll\u0131k anma t\u00f6reni d\u00fczenlemelerine engel yoktur. T\u00fcrk milletinin anlay\u0131\u015f\u0131nda D\u00dc\u015eMANA SALGI \u0130NSANIN KEND\u0130S\u0130NE OLAN SAYGIDAN KAYNAKLANIR.<\/p>\n<p><strong>Bulgaristan Topraklar\u0131nda y\u00fcr\u00fct\u00fclen en b\u00fcy\u00fck meydan sava\u015f\u0131 olan 1877\/ 78 Rus Osmanl\u0131 Harbi\u2019nde esir d\u00fc\u015fen ama d\u00fcnya harp akademileri ders kitaplar\u0131nda savunma strateji komutan\u0131 olarak okutulan Osman Pa\u015fa\u2019ya \u00f6zel bir an\u0131t dikilip gerekli itibar g\u00f6sterilmemi\u015ftir. <\/strong><\/p>\n<p>Oysa Osman Pa\u015fa Rusya \u0130mparatorunun bir sald\u0131r\u0131s\u0131na hedef olan Osmanl\u0131n\u0131n Balkan kalelerini savunand\u0131r. Osman Pa\u015fa, ayn\u0131 zamanda Plevne\u2019de ve k\u00f6ylerinde ya\u015fayan Bulgar n\u00fcfusu da korumu\u015ftur. \u015e\u00f6yle ki, Bulgar ve T\u00fcrk n\u00fcfusun birlikte ya\u015fad\u0131\u011f\u0131 Plevne sakinlerinden \u015fehir \u00f6nc\u00fcleri \u2013 Papaz, \u00f6\u011fretmen, doktor, esnaf ve toprak sahibi k\u00f6yl\u00fcler aralar\u0131nda toplad\u0131klar\u0131 3 torba alt\u0131n\u0131 Osman Pa\u015faya devredip, kendilerini de Rus talan\u0131ndan korumas\u0131n\u0131 \u0131srarla istemi\u015flerdir. Bu paran\u0131n yar\u0131m torbas\u0131n\u0131 askerlerin\u00a0sivillere g\u00f6sterilen sa\u011fl\u0131k hizmetlerine harcayan Osman Pa\u015fa, \u015fehri b\u0131rakmazdan \u00f6nce kalan paray\u0131 Plevneli Bulgar \u00f6nc\u00fclere geri vermi\u015f, onlar\u0131n da \u015fehri birlikte\u00a0 terk etme \u0131srar\u0131na uyarak, kendilerine yard\u0131m ederken yaralanm\u0131\u015ft\u0131r.<\/p><div id=\"bghab-3512552360\" class=\"bghab-icerik-icine-15-paragraf bghab-entity-placement\"><script async src=\"\/\/pagead2.googlesyndication.com\/pagead\/js\/adsbygoogle.js?client=ca-pub-6203283170189293\" crossorigin=\"anonymous\"><\/script><ins class=\"adsbygoogle\" style=\"display:block; text-align:center;\" data-ad-client=\"ca-pub-6203283170189293\" \ndata-ad-slot=\"7303146466\" \ndata-ad-layout=\"in-article\"\ndata-ad-format=\"fluid\" data-full-width-responsive=\"true\"><\/ins>\n<script> \n(adsbygoogle = window.adsbygoogle || []).push({}); \n<\/script>\n<\/div>\n<p>Bilindi\u011fi \u00fczere, Plevne meydan sava\u015f\u0131nda, <strong>Rus sald\u0131r\u0131lar\u0131ndan, ya\u011fmalamas\u0131ndan Bulgar halk\u0131n\u0131 da koruma \u00e7at\u0131\u015fmalar\u0131nda toplam 118 bin Osmanl\u0131 er ve subay\u0131 \u015fehit d\u00fc\u015fm\u00fc\u015ft\u00fcr.<\/strong> 1887\u2019de Bulgar Prensi, 1908\u20131918 y\u0131llar\u0131 aras\u0131nda Bulgar \u00c7ar\u0131 olan Ferdinad\u2019\u0131n \u0130ngiliz Parlamentosu\u2019na ricas\u0131 \u00fczerine, <strong>Osmanl\u0131\u2019n\u0131n Plevne \u015fehitlerinin kemikleri, toplu kabrinden \u00e7\u0131kar\u0131l\u0131p, Londra\u2019ya g\u00f6t\u00fcr\u00fclerek \u00f6\u011f\u00fct\u00fclm\u00fc\u015f ve unu bir ormana serpilmi\u015ftir.<\/strong> Fakat ruhu o toplu mezarda kalm\u0131\u015ft\u0131r ve halen ya\u015f\u0131yor.<\/p>\n<p>Bunu \u015eipka \u015fehitleri ve 1877-78\u2019de (93 sava\u015f\u0131nda) Bulgaristan&#8217;\u0131n de\u011fi\u015fik k\u00f6y ve kentlerinde kurban olanlar i\u00e7in de s\u00f6yleyebiliriz. Hi\u00e7 birinin ard\u0131nda bir iz, bir mezar ta\u015f\u0131, akan bir \u00e7e\u00e7me olmamas\u0131 son dere \u00fcz\u00fcc\u00fcd\u00fcr, bununda su\u00e7lusu bizler hepimiziz.<\/p>\n<p>\u015eehitlerin kemiklerinin kabirden \u00e7\u0131kar\u0131l\u0131p \u0130ngiltere kemik de\u011firmenlerinde \u00f6\u011f\u00fct\u00fclmesi ve oradaki \u0131s\u0131z ormanlara sa\u00e7\u0131lmas\u0131, Osman Pa\u015fa\u2019n\u0131n b\u00fcy\u00fckl\u00fc\u011f\u00fcne g\u00f6lge d\u00fc\u015f\u00fcremedi\u011fi gibi,\u00a0 tarihsel ger\u00e7ekleri de de\u011fi\u015ftirmez. Bu inanc\u0131, o sava\u015ftan sonra,\u00a0 Bulgaristan\u2019dan anavatana g\u00f6\u00e7e zorlanan 6 ayr\u0131 kafilenin kaderi i\u00e7in oldu\u011fu gibi, Balkan Sava\u015flar\u0131 \u015fehitleri, 1984\u20131989 isim de\u011fi\u015ftirme bask\u0131 ve zulm\u00fcne tepkide g\u00f6sterilen dayan\u0131kl\u0131l\u0131k ve kahramanl\u0131\u011f\u0131m\u0131z i\u00e7in de vurgulamak yerinde olur.<\/p>\n<p>Her \u015fehidimiz, Osmanl\u0131y\u0131 yani T\u00fcrkl\u00fc\u011f\u00fc yani sizi, bizi, seni beni, hepimizi s\u0131k\u0131\u015ft\u0131r\u0131p bo\u011fma ve yok etme sald\u0131r\u0131s\u0131na kar\u015f\u0131 m\u00fccadele eden, mert bir erdi.<\/p>\n<p><strong>\u015eu bilince ya\u015fatmal\u0131y\u0131z. D\u00fc\u015fman bizi hep bir g\u00f6rd\u00fc.<\/strong><\/p><div id=\"bghab-191667785\" class=\"bghab-icerik-icine-20-paragraf bghab-entity-placement\"><script async src=\"\/\/pagead2.googlesyndication.com\/pagead\/js\/adsbygoogle.js?client=ca-pub-6203283170189293\" crossorigin=\"anonymous\"><\/script><ins class=\"adsbygoogle\" style=\"display:block; text-align:center;\" data-ad-client=\"ca-pub-6203283170189293\" \ndata-ad-slot=\"7303146466\" \ndata-ad-layout=\"in-article\"\ndata-ad-format=\"fluid\" data-full-width-responsive=\"true\"><\/ins>\n<script> \n(adsbygoogle = window.adsbygoogle || []).push({}); \n<\/script>\n<\/div>\n<p>Biz onlar i\u00e7in hep Osmanl\u0131 T\u00fcrkleri, Osmanl\u0131 kal\u0131nt\u0131lar\u0131, T\u00fcrkiye Cumhuriyetinin <strong>\u201cbe\u015finci kol ordusu\u201d<\/strong> vs. idik. Herhangi bir kimseye ayr\u0131cal\u0131kl\u0131 bak\u0131lm\u0131\u015fsa o \u00f6zel bir hainlik hizmeti i\u00e7indir. 1985- 89 y\u0131llar\u0131 aras\u0131nda muhbirlik yapan 3\u00a0016 ispiyoncuya \u00f6zel hizmet \u00f6d\u00fcl\u00fc ya da emekli maa\u015flar\u0131na 5 &#8211; 10 leva bile eklenmemi\u015ftir. Bu i\u015ften kazan\u00e7l\u0131 \u00e7\u0131kan bir tek hainli\u011fin ba\u015f\u0131 say\u0131lan Ahmet Do\u011fand\u0131r. Bug\u00fcn de devlet sofras\u0131ndan bedava yiyip i\u00e7meye ve H\u00d6H-DPS paralar\u0131n\u0131 istedi\u011fi gibi kad\u0131n k\u0131z pe\u015finde harcamaya devam ediyor. Ba\u015fka hi\u00e7bir ki\u015fiye \u00f6zel imtiyaz tan\u0131nmam\u0131\u015ft\u0131r.<\/p>\n<p>Tekrar ediyorum,\u00a0 tarih boyu bize sald\u0131rd\u0131klar\u0131nda aram\u0131zdan kimseye ayr\u0131cal\u0131kl\u0131 bir g\u00f6zle bakmad\u0131. Hepimiz Osmanl\u0131 evlatlar\u0131yd\u0131k. Hepimizden kurtulmak istendi. G\u00f6\u00e7e hepimiz zorland\u0131k, hepimizin isimleri de\u011fi\u015ftirildi, en verimli tarlalara, ba\u011f ve bah\u00e7elere sahip olan T\u00fcrklerin hepsinin mallar\u0131 ellerinde al\u0131nd\u0131, en iyi evlere sahip olanlar hep evsiz kald\u0131, en g\u00fczel k\u0131z evlatlara sahip olanlar\u0131m\u0131z hep a\u011flad\u0131lar. Bug\u00fcnde bizden hi\u00e7 birimize zengin olma f\u0131rsat\u0131 verilmiyor. Avrupa Birli\u011finden gelen paralar\u0131 yiyip i\u00e7en veya kay\u0131plara kar\u0131\u015ft\u0131ran da onlard\u0131r. Onlar\u0131n kafas\u0131ndaki hep milli ayr\u0131md\u0131, hep dinsel ayr\u0131md\u0131, \u0131rk\u00e7\u0131l\u0131 oldu, d\u00fc\u015fmanl\u0131kt\u0131.<\/p>\n<p>600 y\u0131ldan beri vatan bildi\u011fimiz bu topraklarda kendisiyle gurur duydu\u011fumuz bir karde\u015fimize gururlanaca\u011f\u0131m\u0131z, \u00f6n\u00fcnden ge\u00e7erken sayg\u0131yla e\u011filip selam verece\u011fimiz bir an\u0131t\u0131 bile dikemedik. Sava\u015flardan d\u00f6nmeyenler an\u0131s\u0131na yapt\u0131\u011f\u0131m\u0131z \u00e7e\u015fmeler kurutuldu ve y\u0131k\u0131ld\u0131?<\/p>\n<p>Neden kendi ellerimizle dikti\u011fimiz korular kesip kurutuldu?<\/p>\n<p>\u201cT\u00fcrk korusu\u201d s\u00f6z\u00fc unutuldu.<\/p><div id=\"bghab-2134880346\" class=\"bghab-icerik-icine-25-paragraf bghab-entity-placement\"><script async src=\"\/\/pagead2.googlesyndication.com\/pagead\/js\/adsbygoogle.js?client=ca-pub-6203283170189293\" crossorigin=\"anonymous\"><\/script><ins class=\"adsbygoogle\" style=\"display:block; text-align:center;\" data-ad-client=\"ca-pub-6203283170189293\" \ndata-ad-slot=\"7303146466\" \ndata-ad-layout=\"in-article\"\ndata-ad-format=\"fluid\" data-full-width-responsive=\"true\"><\/ins>\n<script> \n(adsbygoogle = window.adsbygoogle || []).push({}); \n<\/script>\n<\/div>\n<p>Neden \u201cBelene \u00d6l\u00fcm Kamp\u0131\u201dnda 1984\u20131989 y\u0131llar\u0131 aras\u0131nda kalan s\u00fcrg\u00fcn T\u00fcrk ve M\u00fcsl\u00fcmanlar\u0131n y\u00fcz ak\u0131 bir an\u0131t kompleksi, bir Z\u0130NC\u0130RLER\u0130N\u0130 KOPARAN ADAMLAR ANITI dikilmesine izin verilmedi, verilmiyor. T\u00fcrklere yap\u0131lan z\u00fcl\u00fcm unutturulmak istendi\u011finde olabilir mi?<\/p>\n<p>Osmanl\u0131n\u0131n topraklar\u0131m\u0131zdaki camileri, medreselerimiz, tekkelerimiz, mescitlerimiz, k\u00f6pr\u00fc ve hamamlar\u0131m\u0131z, saz ayar\u0131nda s\u00f6ylenmi\u015f her t\u00fcrk\u00fcm\u00fcz sonsuz bir hat\u0131ran\u0131n ya\u015fant\u0131s\u0131d\u0131r. Krall\u0131k ve Sosyalizm d\u00f6nemlerinde ve \u201cGe\u00e7i\u015f D\u00f6neminde\u201d yani son 130 y\u0131lda Bulgaristan\u2019da bir T\u00fcrk okulunun kurulamamas\u0131 da y\u00fcz karas\u0131d\u0131r.<\/p>\n<p><strong>Bize tarihi yaln\u0131zca \u015fu tarihten \u015fu tarihe kadar okutanlar\u0131n art\u0131k mumu s\u00f6n\u00fcyor.<\/strong><\/p>\n<p>Ayn\u0131 s\u00f6zlerle olmam\u0131\u015f sava\u015flar\u0131 olmu\u015f g\u00f6steren, barbarl\u0131klardan s\u00f6z bile etmeyen, l\u00fcgatlar\u0131nda zul\u00fcm s\u00f6z\u00fc olmayan, dillerinde olmayan s\u00f6zlerle insan ili\u015fkilerini ve d\u00fcnya tarihini anlatmaya \u00e7al\u0131\u015fanlar\u0131n zavall\u0131l\u0131\u011f\u0131na ac\u0131yorum.<\/p>\n<p>Yunanla Makedonya\u2019n\u0131n aras\u0131n\u0131n a\u00e7\u0131lmas\u0131 ve Yugoslavya\u2019n\u0131n da\u011f\u0131lmas\u0131yla \u00dcsk\u00fcp merkezinde tarih boyu akan, Vardar \u0131rma\u011f\u0131 \u00fczerindeki b\u00fcy\u00fck bir an\u0131ttan Osmanl\u0131 K\u00f6pr\u00fclerine gururla bakan B\u00fcy\u00fck \u0130skender yaz\u0131p \u00e7izmekten ge\u00e7inenlerin \u00e7o\u011funu kalem b\u0131rakmaya ve so\u011fan kazmay\u0131 se\u00e7meyi zorlad\u0131. <strong>Ohri G\u00f6l\u00fc yama\u00e7lar\u0131ndaki Osmanl\u0131 evleri hakk\u0131nda k\u00f6t\u00fc konu\u015fan yok. <\/strong><\/p><div id=\"bghab-523202534\" class=\"bghab-icerik-icine-30-paragraf bghab-entity-placement\"><script async src=\"\/\/pagead2.googlesyndication.com\/pagead\/js\/adsbygoogle.js?client=ca-pub-6203283170189293\" crossorigin=\"anonymous\"><\/script><ins class=\"adsbygoogle\" style=\"display:block; text-align:center;\" data-ad-client=\"ca-pub-6203283170189293\" \ndata-ad-slot=\"7303146466\" \ndata-ad-layout=\"in-article\"\ndata-ad-format=\"fluid\" data-full-width-responsive=\"true\"><\/ins>\n<script> \n(adsbygoogle = window.adsbygoogle || []).push({}); \n<\/script>\n<\/div>\n<p>Belki de g\u00fczele her \u015fey yak\u0131\u015f\u0131r de\u011fiminin anlam\u0131n\u0131 biliyorlard\u0131r. E\u011fer k\u00f6pr\u00fclerimiz tarihin an\u0131tlar\u0131 olarak kabul ediliyorsa, Slivengrat\u2019taki Mustafa Pa\u015fa k\u00f6pr\u00fcs\u00fcn\u00fcn hi\u00e7 bir kemerinin as\u0131rlarca a\u015f\u0131nmadan dolup ta\u015fan Meri\u00e7 sular\u0131na selam verdi\u011fini unutmas\u0131nlar.<\/p>\n<p><strong>Osmanl\u0131\u2019n\u0131n Bulgaristan\u2019daki H\u0131ristiyan medeniyetini g\u00f6lgeledi\u011fini iddia edenlere s\u00f6z\u00fcm\u00fcz var.<\/strong><\/p>\n<p>G\u00fcn\u00fcm\u00fczde Bo\u011fazlar\u0131 d\u00fcnyan\u0131n en b\u00fcy\u00fck k\u00f6pr\u00fcs\u00fcyle, Trakya\u2019ya kurulan dev u\u00e7ak alan\u0131yla ve B\u00fcy\u00fck Atat\u00fcrk\u2019\u00fcn \u00f6zg\u00fcrle\u015ftirdi\u011fi T\u00fcrk zek\u00e2s\u0131 ve akl\u0131yla <strong>Yeni Osmanl\u0131 at\u0131l\u0131mlar\u0131 geliyor<\/strong>. Bu esinti d\u00fc\u015fmanlar\u0131m\u0131z\u0131 ters hesap yapmaya, en yenisi kabuklar\u0131na \u00e7ekilmeye zorluyor. \u015eimdiye kadar \u2013 150 y\u0131ldan beri \u2013 g\u00fc\u00e7 kaynaklar\u0131 Osmanl\u0131y\u0131 ve T\u00fcrkleri k\u00f6t\u00fclemekti. Bu t\u00fck\u00fcr\u00fck art\u0131k hi\u00e7bir duvara yap\u0131\u015fm\u0131yor. Kimse eri\u015femedi\u011fi meyveleri koparamaz. Ta\u015flayabilir ama ta\u015flar bazen geri kafas\u0131na d\u00fc\u015fer. \u0130\u015fte b\u00f6yle bir d\u00f6nemde ya\u015f\u0131yoruz.<\/p>\n<p>Almanlar\u0131n demokrasi arayan h\u00fcrriyet \u015fehitlerini unutmad\u0131\u011f\u0131 ger\u00e7e\u011fi, onlara biz totalitarizmin y\u0131k\u0131lmas\u0131nda \u201c<strong>en \u00e7ok ve \u00e7ok de\u011ferli kurban\u00a0veren milletiz<\/strong>,\u201d deme hakk\u0131n\u0131 tan\u0131r m\u0131 bilmiyorum. \u00c7\u00fcnk\u00fc 1984-85\u2019te ve 1989\u2019da biz de ayakland\u0131k. Kurbanlar verdik.<\/p>\n<p>Sonu\u00e7ta, b\u00fcy\u00fck bir h\u00fcrriyet an\u0131t komplekslerini dikme hakk\u0131 elde edemedik. Bizim k\u0131v\u0131lc\u0131mlar bu defa da ate\u015f yakmad\u0131.<\/p><div id=\"bghab-1309907575\" class=\"bghab-icerik-icine-35-paragraf bghab-entity-placement\"><script async src=\"\/\/pagead2.googlesyndication.com\/pagead\/js\/adsbygoogle.js?client=ca-pub-6203283170189293\" crossorigin=\"anonymous\"><\/script><ins class=\"adsbygoogle\" style=\"display:block; text-align:center;\" data-ad-client=\"ca-pub-6203283170189293\" \ndata-ad-slot=\"7303146466\" \ndata-ad-layout=\"in-article\"\ndata-ad-format=\"fluid\" data-full-width-responsive=\"true\"><\/ins>\n<script> \n(adsbygoogle = window.adsbygoogle || []).push({}); \n<\/script>\n<\/div>\n<p>\u015eu da bir ger\u00e7ektir! Almanlar yanard\u00f6ner, y\u0131ld\u0131z gibi parlayan bir an\u0131t yerine, i\u00e7ine d\u00f6n\u00fck, ger\u00e7e\u011fi kendi i\u00e7inde, \u00f6z\u00fcnde arayan, her birimizi durup d\u00fc\u015f\u00fcnmeye zorlayan bir an\u0131ta ta\u015f\u0131mak istiyorlar. Mek\u00e2n olarak Bulgar-Yunan- T\u00fcrk ruhunun kesi\u015fti\u011fi bir M\u00fcsl\u00fcman Oca\u011f\u0131 olan Rodop Da\u011flar\u0131 doruklar\u0131ndan birinin se\u00e7ilmi\u015f olmas\u0131 ise, \u015fehitlerin manevi d\u00fcnyas\u0131n\u0131, \u00f6zlemlerini, ya\u015fad\u0131klar\u0131 zaman\u0131, arad\u0131klar\u0131 insan haklar\u0131n\u0131, ortak yar\u0131nlar\u0131m\u0131z\u0131, kal\u0131c\u0131 bar\u0131\u015f\u0131, her birimize gerekli olan huzuru ve g\u00fcvenli\u011fi ters okumaya \u00e7al\u0131\u015fanlara son derece b\u00fcy\u00fck bir ders olur umududur.<\/p>\n<p>\u0130nsan\u0131n kendi iradesiyle yapamad\u0131\u011f\u0131n\u0131 tak\u0131n ya da uzak bir kom\u015fusunun yapabildi\u011fine sevinmesi ve niyet ve \u00e7abas\u0131ndan gurur duymas\u0131 b\u00fcy\u00fck bir olgunlu\u011fun \u00e7ok eski bir simgesidir.<\/p>\n<p>T\u00fcm ocaklar\u0131 s\u00f6nm\u00fc\u015f bir k\u00f6ye ate\u015f g\u00f6t\u00fcrmek ne b\u00fcy\u00fck bir olay. Ya\u015fam \u0131rma\u011f\u0131 akmaya devam ediyor. Rodoplarda da\u011f doruklar\u0131ndan her biri bir ba\u015flang\u0131c\u0131n m\u00fcjdecisidir. \u201cRoyters\u201din haberi, bizi Odrinsi k\u00f6y\u00fcnde h\u00fcrriyet yolunda kurban olan Alman ge\u00e7lerle birlikte, <strong>Balkanlar\u2019da Osmanl\u0131 ve T\u00fcrkl\u00fck volkan\u0131n\u0131n ebediyen s\u00f6nmedi\u011fine, bir s\u00fcre i\u00e7in k\u00fcllenmi\u015f oldu\u011funa uyand\u0131rd\u0131.<\/strong><\/p>\n<p><strong>Dere sular\u0131n\u0131 toplayan \u0131rmaklar dile geldi ve bize tarihin, tek tek kahramanl\u0131klar\u0131n bulu\u015ftu\u011fu doruklarda yaz\u0131ld\u0131\u011f\u0131n\u0131 hat\u0131rlatt\u0131. <\/strong><\/p>\n<p>Bu topraklar\u0131n en b\u00fcy\u00fck kahramanlar\u0131 bizleriz. Kovulmu\u015f, s\u00fcr\u00fclm\u00fc\u015f, ka\u00e7mak zorunda kalm\u0131\u015f, ezilmi\u015f ama buralar\u0131 memleket bilen ve seven M\u00fcsl\u00fcman T\u00fcrkler.<\/p><div id=\"bghab-436504890\" class=\"bghab-icerik-icine-40-paragraf bghab-entity-placement\"><script async src=\"\/\/pagead2.googlesyndication.com\/pagead\/js\/adsbygoogle.js?client=ca-pub-6203283170189293\" crossorigin=\"anonymous\"><\/script><ins class=\"adsbygoogle\" style=\"display:block; text-align:center;\" data-ad-client=\"ca-pub-6203283170189293\" \ndata-ad-slot=\"7303146466\" \ndata-ad-layout=\"in-article\"\ndata-ad-format=\"fluid\" data-full-width-responsive=\"true\"><\/ins>\n<script> \n(adsbygoogle = window.adsbygoogle || []).push({}); \n<\/script>\n<\/div>\n<p><strong>Bizim i\u00e7in bu yerler emsalsiz bir an\u0131tt\u0131r.<\/strong><\/p>\n<p>Dikemedi\u011fimiz an\u0131tlar, do\u011frultmam\u0131z\u0131 bekleyen mezar ta\u015flar\u0131m\u0131z her g\u00fcn bizimle konu\u015fuyor.<\/p>\n<p>O \u00e7aml\u0131klarda ya\u015fayan Ruh, Alman ruhu de\u011fil <strong>Osmanl\u0131 ve T\u00fcrk ge\u00e7mi\u015fi ve bug\u00fcn\u00fcd\u00fcr.<\/strong><\/p>\n<p>O S\u00f6nmeyen bir volkand\u0131r.<\/p>\n<div id=\"bghab-3509187608\" class=\"bghab-yazi-altinda bghab-entity-placement\"><div class=\"bghab-adlabel\">Reklamlar<\/div><script async src=\"https:\/\/pagead2.googlesyndication.com\/pagead\/js\/adsbygoogle.js\"><\/script>\r\n<!-- bghaber-yaz\u0131-sonu -->\r\n<ins class=\"adsbygoogle\"\r\n     style=\"display:block\"\r\n     data-ad-client=\"ca-pub-6203283170189293\"\r\n     data-ad-slot=\"4222328180\"\r\n     data-ad-format=\"auto\"\r\n     data-full-width-responsive=\"true\"><\/ins>\r\n<script>\r\n     (adsbygoogle = window.adsbygoogle || []).push({});\r\n<\/script><\/div><br style=\"clear: both; display: block; float: none;\"\/>","protected":false},"excerpt":{"rendered":"<p>\u0130brahim SOYT\u00dcRK Konu: Tarih Irma\u011f\u0131 Akmaya Devam Ediyor. \u0130nsanlar\u0131n ayn\u0131 yere d\u00f6nmesi hem do\u011fal hem de manidard\u0131r. Rodoplar\u2019\u0131n Odrintsi k\u00f6y\u00fc Arda \u0131rma\u011f\u0131 ayazmalar\u0131n\u0131n kadim vatan\u0131d\u0131r.<\/p>\n","protected":false},"author":13,"featured_media":15883,"comment_status":"closed","ping_status":"closed","sticky":false,"template":"","format":"standard","meta":{"advanced_seo_description":"","jetpack_seo_html_title":"","jetpack_seo_noindex":false,"_jetpack_memberships_contains_paid_content":false,"footnotes":""},"categories":[6],"tags":[],"class_list":["post-15882","post","type-post","status-publish","format-standard","has-post-thumbnail","hentry","category-yorum"],"jetpack_featured_media_url":"https:\/\/i0.wp.com\/www.bghaber.org\/bghaber\/wp-content\/uploads\/2015\/08\/ibo-soyt.jpg?fit=426%2C492&ssl=1","jetpack_sharing_enabled":true,"jetpack_likes_enabled":true,"jetpack-related-posts":[],"jetpack_shortlink":"https:\/\/wp.me\/pc2PfJ-48a","_links":{"self":[{"href":"https:\/\/www.bghaber.org\/bghaber\/wp-json\/wp\/v2\/posts\/15882","targetHints":{"allow":["GET"]}}],"collection":[{"href":"https:\/\/www.bghaber.org\/bghaber\/wp-json\/wp\/v2\/posts"}],"about":[{"href":"https:\/\/www.bghaber.org\/bghaber\/wp-json\/wp\/v2\/types\/post"}],"author":[{"embeddable":true,"href":"https:\/\/www.bghaber.org\/bghaber\/wp-json\/wp\/v2\/users\/13"}],"replies":[{"embeddable":true,"href":"https:\/\/www.bghaber.org\/bghaber\/wp-json\/wp\/v2\/comments?post=15882"}],"version-history":[{"count":0,"href":"https:\/\/www.bghaber.org\/bghaber\/wp-json\/wp\/v2\/posts\/15882\/revisions"}],"wp:featuredmedia":[{"embeddable":true,"href":"https:\/\/www.bghaber.org\/bghaber\/wp-json\/wp\/v2\/media\/15883"}],"wp:attachment":[{"href":"https:\/\/www.bghaber.org\/bghaber\/wp-json\/wp\/v2\/media?parent=15882"}],"wp:term":[{"taxonomy":"category","embeddable":true,"href":"https:\/\/www.bghaber.org\/bghaber\/wp-json\/wp\/v2\/categories?post=15882"},{"taxonomy":"post_tag","embeddable":true,"href":"https:\/\/www.bghaber.org\/bghaber\/wp-json\/wp\/v2\/tags?post=15882"}],"curies":[{"name":"wp","href":"https:\/\/api.w.org\/{rel}","templated":true}]}}