{"id":15877,"date":"2015-08-13T18:48:02","date_gmt":"2015-08-13T15:48:02","guid":{"rendered":"http:\/\/www.bghaber.org\/bghaber\/?p=15877"},"modified":"2015-08-13T18:48:02","modified_gmt":"2015-08-13T15:48:02","slug":"bulgaristan-avrupada-otel-temizligi-acisindan-ikinci-sirada-yer-aliyor","status":"publish","type":"post","link":"https:\/\/www.bghaber.org\/bghaber\/bulgaristan-avrupada-otel-temizligi-acisindan-ikinci-sirada-yer-aliyor\/","title":{"rendered":"Bulgaristan Avrupa\u2019da otel temizli\u011fi a\u00e7\u0131s\u0131ndan ikinci s\u0131rada yer al\u0131yor"},"content":{"rendered":"<p>Bulgaristan, Avrupa\u2019da otel temizli\u011fi a\u00e7\u0131s\u0131ndan ikinci s\u0131rada yer al\u0131yor. Bu g\u00f6sterge a\u00e7\u0131s\u0131ndan \u00fclkemiz, \u0130svi\u00e7re, Avusturya, H\u0131rvatistan, Almanya ve Portekiz\u2019in \u00f6n\u00fcne ge\u00e7iyor. Veriler, 6 milyondan fazla kullan\u0131c\u0131s\u0131 olan holel.de adl\u0131 en b\u00fcy\u00fck Alman otel rezervasyonu internet sitesi taraf\u0131ndan yap\u0131lan bir ara\u015ft\u0131rmadan kaynaklan\u0131yor. S\u0131ralaman\u0131n birinci s\u0131ras\u0131nda Slovakya bulunuyor. Portal\u0131n s\u0131ralamas\u0131, ara\u015ft\u0131rmalar\u0131 ve otellerin yabanc\u0131 konuklar\u0131n\u0131n yorumlar\u0131 ve g\u00f6r\u00fc\u015flerine dayan\u0131yor.<\/p>\n<div id=\"bghab-3418006929\" class=\"bghab-yazi-altinda bghab-entity-placement\"><div class=\"bghab-adlabel\">Reklamlar<\/div><script async src=\"https:\/\/pagead2.googlesyndication.com\/pagead\/js\/adsbygoogle.js\"><\/script>\r\n<!-- bghaber-yaz\u0131-sonu -->\r\n<ins class=\"adsbygoogle\"\r\n     style=\"display:block\"\r\n     data-ad-client=\"ca-pub-6203283170189293\"\r\n     data-ad-slot=\"4222328180\"\r\n     data-ad-format=\"auto\"\r\n     data-full-width-responsive=\"true\"><\/ins>\r\n<script>\r\n     (adsbygoogle = window.adsbygoogle || []).push({});\r\n<\/script><\/div><br style=\"clear: both; display: block; float: none;\"\/>","protected":false},"excerpt":{"rendered":"<p>Bulgaristan, Avrupa\u2019da otel temizli\u011fi a\u00e7\u0131s\u0131ndan ikinci s\u0131rada yer al\u0131yor. Bu g\u00f6sterge a\u00e7\u0131s\u0131ndan \u00fclkemiz, \u0130svi\u00e7re, Avusturya, H\u0131rvatistan, Almanya ve Portekiz\u2019in \u00f6n\u00fcne ge\u00e7iyor. Veriler, 6 milyondan fazla<\/p>\n","protected":false},"author":13,"featured_media":8434,"comment_status":"closed","ping_status":"closed","sticky":false,"template":"","format":"standard","meta":{"advanced_seo_description":"","jetpack_seo_html_title":"","jetpack_seo_noindex":false,"_jetpack_memberships_contains_paid_content":false,"footnotes":""},"categories":[9],"tags":[],"class_list":["post-15877","post","type-post","status-publish","format-standard","has-post-thumbnail","hentry","category-ekonomi"],"jetpack_featured_media_url":"https:\/\/i0.wp.com\/www.bghaber.org\/bghaber\/wp-content\/uploads\/2013\/11\/meatsa-oteli-acildi.jpg?fit=337%2C400&ssl=1","jetpack_sharing_enabled":true,"jetpack_likes_enabled":true,"jetpack-related-posts":[],"jetpack_shortlink":"https:\/\/wp.me\/pc2PfJ-485","_links":{"self":[{"href":"https:\/\/www.bghaber.org\/bghaber\/wp-json\/wp\/v2\/posts\/15877","targetHints":{"allow":["GET"]}}],"collection":[{"href":"https:\/\/www.bghaber.org\/bghaber\/wp-json\/wp\/v2\/posts"}],"about":[{"href":"https:\/\/www.bghaber.org\/bghaber\/wp-json\/wp\/v2\/types\/post"}],"author":[{"embeddable":true,"href":"https:\/\/www.bghaber.org\/bghaber\/wp-json\/wp\/v2\/users\/13"}],"replies":[{"embeddable":true,"href":"https:\/\/www.bghaber.org\/bghaber\/wp-json\/wp\/v2\/comments?post=15877"}],"version-history":[{"count":0,"href":"https:\/\/www.bghaber.org\/bghaber\/wp-json\/wp\/v2\/posts\/15877\/revisions"}],"wp:featuredmedia":[{"embeddable":true,"href":"https:\/\/www.bghaber.org\/bghaber\/wp-json\/wp\/v2\/media\/8434"}],"wp:attachment":[{"href":"https:\/\/www.bghaber.org\/bghaber\/wp-json\/wp\/v2\/media?parent=15877"}],"wp:term":[{"taxonomy":"category","embeddable":true,"href":"https:\/\/www.bghaber.org\/bghaber\/wp-json\/wp\/v2\/categories?post=15877"},{"taxonomy":"post_tag","embeddable":true,"href":"https:\/\/www.bghaber.org\/bghaber\/wp-json\/wp\/v2\/tags?post=15877"}],"curies":[{"name":"wp","href":"https:\/\/api.w.org\/{rel}","templated":true}]}}