{"id":15547,"date":"2015-07-15T00:22:53","date_gmt":"2015-07-14T21:22:53","guid":{"rendered":"http:\/\/www.bghaber.org\/bghaber\/?p=15547"},"modified":"2015-07-15T00:36:20","modified_gmt":"2015-07-14T21:36:20","slug":"kartlar-yeniden-dagitilirken","status":"publish","type":"post","link":"https:\/\/www.bghaber.org\/bghaber\/kartlar-yeniden-dagitilirken\/","title":{"rendered":"Kartlar Yeniden Da\u011f\u0131t\u0131l\u0131rken\u2026"},"content":{"rendered":"<div id=\"yiv3519742649yui_3_16_0_1_1436855627031_91384\" class=\"yiv3519742649\"><\/div>\n<div id=\"yiv3519742649yui_3_16_0_1_1436855627031_91382\" class=\"yiv3519742649\"><img data-recalc-dims=\"1\" decoding=\"async\" src=\"https:\/\/i0.wp.com\/www.bghaber.org\/bghaber\/wp-content\/uploads\/2015\/07\/10624786_515761328527442_7016449216087267307_n.jpg?w=640\" alt=\"10624786_515761328527442_7016449216087267307_n\" \/>\u00a0\u00a0Alptekin CEVHERL\u0130<\/div>\n<div id=\"yiv3519742649yui_3_16_0_1_1436855627031_91336\" class=\"yiv3519742649\"><\/div>\n<div id=\"yiv3519742649yui_3_16_0_1_1436855627031_91394\" class=\"yiv3519742649\">\u0130lk devletlerden ve hata kabilelerden g\u00fcn\u00fcm\u00fcze insanl\u0131k stratejik kaynaklar nedeniyle pek \u00e7ok sava\u015f ya\u015fam\u0131\u015f ve bunlarda y\u00fcz milyonlarca insan hayat\u0131n\u0131 kaybetmi\u015ftir. Ki\u015fisel ihtiraslar nedeniyle ya\u015fanm\u0131\u015f birka\u00e7 sava\u015f\u0131 saymazsak d\u00fcnya sava\u015f tarihini var olan kaynaklar\u0131n payla\u015f\u0131m m\u00fccadelesi olarak \u00f6zetleyebiliriz. Elbette bu sava\u015flar\u0131n dini, sosyolojik veya psikolojik pek \u00e7ok sebebi de olmu\u015ftur ama ana itici g\u00fc\u00e7, var olan kaynaklar\u0131n payla\u015f\u0131m\u0131 \u015feklindedir.<\/div>\n<div id=\"yiv3519742649yui_3_16_0_1_1436855627031_91618\" class=\"yiv3519742649\">Eski \u00e7a\u011flarda sava\u015flar uzun haz\u0131rl\u0131klar gerektirir, ancak \u00e7ok k\u0131sa s\u00fcrerdi. B\u00fct\u00fcn bir \u00fclkenin kaderi birka\u00e7 saat i\u00e7erisinde belirlenirdi. Aylar s\u00fcren haz\u0131rl\u0131klar ve sava\u015f meydan\u0131na veya kale \u00f6n\u00fcne ula\u015f\u0131m zorluklar\u0131 ard\u0131ndan saatler ile hesaplanabilecek bir s\u00fcrede neticeye ula\u015f\u0131l\u0131rd\u0131. Mesel\u00e2 Moha\u00e7 Meydan Muharebesi veya Malazgirt Zaferi bunun en g\u00fczel \u00f6rneklerindendir.<\/div>\n<div class=\"yiv3519742649\">Geli\u015fen teknoloji ile birlikte haz\u0131rl\u0131k s\u00fcreleri k\u0131salmaya, silahl\u0131 m\u00fccadele s\u00fcreleri de uzamaya ve \u00e7e\u015fitlenmeye ba\u015flam\u0131\u015ft\u0131r.<\/div>\n<div id=\"yiv3519742649yui_3_16_0_1_1436855627031_91395\" class=\"yiv3519742649\">Bunun ilk \u00f6rne\u011fi olarak \u0130stanbul\u2019un Fethi\u2019ni verebiliriz. \u0130stanbul, Orta\u00e7a\u011f \u015fartlar\u0131na g\u00f6re uzun say\u0131labilecek bir sava\u015f s\u00fcresi neticesi fethedilmi\u015f \u00fcstelik de \u00e7a\u011f\u0131na g\u00f6re \u00e7ok korkun\u00e7 bir teknoloji kullan\u0131lm\u0131\u015ft\u0131r. T\u00fcfekten topa ve gemilerin karadan hareket ettirilmesine kadar o zamanki d\u00fcnyan\u0131n pek de tasavvur edemedi\u011fi yenilikler ger\u00e7ekle\u015ftirilmi\u015ftir. Bunun neticesinde de Orta\u00e7a\u011f\u2019\u0131n kapan\u0131p, Yeni \u00c7a\u011f\u2019\u0131n ba\u015flang\u0131c\u0131 kabul edilmi\u015ftir.<\/div>\n<div id=\"yiv3519742649yui_3_16_0_1_1436855627031_91396\" class=\"yiv3519742649\">Yeni \u00c7a\u011f\u2019\u0131 ge\u00e7i\u015f d\u00f6nemi kabul edersek Yak\u0131n \u00c7a\u011f ile birlikte art\u0131k g\u00fcn\u00fcm\u00fczde sava\u015flar neredeyse hi\u00e7 bitmiyor. Hatta ba\u015fkalar\u0131 sizin ad\u0131n\u0131za sava\u015f\u0131yor, (\u0130\u015e\u0130D, PYD, Taliban, PKK, El Kaide, Hizbullah vb.) siz oturdu\u011funuz yerden belki birka\u00e7 hava operasyonu ile i\u015fin kayma\u011f\u0131n\u0131 yiyorsunuz.<\/div>\n<div id=\"yiv3519742649yui_3_16_0_1_1436855627031_91397\" class=\"yiv3519742649\">SSCB\u2019nin y\u0131k\u0131lmas\u0131 ard\u0131ndan neticelenen so\u011fuk sava\u015f d\u00f6nemi ard\u0131ndan tek kutuplu hale gelen d\u00fcnyam\u0131zda, bug\u00fcn yeniden bir kutupla\u015fma s\u00fcrecinin art\u0131k \u00e7ok belirgin hale geldi\u011fini g\u00f6r\u00fcyoruz\u2026<\/div>\n<div class=\"yiv3519742649\">\u015eimdi ise kartlar yeniden kar\u0131l\u0131yor\u2026<\/div>\n<div class=\"yiv3519742649\">Muhtemelen de yak\u0131nda da\u011f\u0131t\u0131lacak.<\/div>\n<div id=\"yiv3519742649yui_3_16_0_1_1436855627031_91398\" class=\"yiv3519742649\">\u015eu an i\u00e7in \u00f6nemli olan ise kime hangi kart\u0131n gelece\u011finden ziyade kimlerin oyuncu oldu\u011fu!<\/div>\n<div class=\"yiv3519742649\">E\u011fer masada oturmuyorsan\u0131z kime hangi kart\u0131n geldi\u011finden ziyade, oyunun sonunda ne olaca\u011f\u0131n\u0131z\u0131 d\u00fc\u015f\u00fcnmeniz gerekir.<\/div>\n<div class=\"yiv3519742649\">\u015eu anda T\u00fcrkiye\u2019miz masaya oturmakla, yanc\u0131 olmak aras\u0131nda ciddi bir yol ayr\u0131m\u0131nda g\u00f6z\u00fckmektedir.<\/div>\n<div class=\"yiv3519742649\">\u015eu anda ba\u015fat oyuncu olarak ABD, Rusya Federasyonu ve \u00c7in g\u00f6r\u00fcn\u00fcyor. Almanya \u00f6nc\u00fcl\u00fc\u011f\u00fcndeki AB ise i\u00e7 sorunlar\u0131yla hemhal olmu\u015f vaziyette birli\u011fini koruma tela\u015f\u0131na d\u00fc\u015fm\u00fc\u015f. Ama masaya oturmas\u0131 muhtemel olan d\u00f6rd\u00fcnc\u00fc oyuncudur. A\u015fa\u011f\u0131 yukar\u0131 2\u2019nci D\u00fcnya Sava\u015f\u0131\u2019ndaki ekip aynen masadad\u0131r. Japonya ve \u0130talya ise masaya oturmaktan ziyade yanc\u0131 durumuna gelmi\u015ftir. (Yanc\u0131: 1- Kahvelerde oynanan oyunlar\u0131 seyreden ve bedavadan yiyip i\u00e7en kimse. 2- D\u00fc\u015fmana kar\u015f\u0131 ilerleyen bir kuvvetin yandan gelebilecek bask\u0131nlardan korunmak amac\u0131yla olu\u015fturdu\u011fu emniyet birli\u011fi.)<\/div>\n<div class=\"yiv3519742649\">Birinci D\u00fcnya Sava\u015f\u0131\u2019nda T\u00fcrk-\u0130sl\u00e2m D\u00fcnyas\u0131\u2019n\u0131 temsilen masada olan tek akt\u00f6r Osmanl\u0131 Devleti\u2019ydi. Gen\u00e7 T\u00fcrkiye Cumhuriyeti ise sava\u015f\u0131n y\u0131k\u0131c\u0131 etkilerinden kurtulmak i\u00e7in 2\u2019nci D\u00fcnya Sava\u015f\u0131\u2019na girmeyerek mant\u0131kl\u0131 bir politika izlemi\u015f askeri ve ekonomik olarak meydana gelen sava\u015f s\u00fcrecindeki bu din\u00e7 kuvvetini sava\u015f sonras\u0131nda yeteri kadar kullanma becerisini g\u00f6stermedi\u011fi i\u00e7in; 12 Ada, Bat\u0131 Trakya, Musul-Kerk\u00fck, K\u0131br\u0131s ve Batum gibi konularda hi\u00e7bir f\u0131rsat\u0131 de\u011ferlendirememi\u015ftir. \u00dcstelik SSCB\u2019den gelen tazyikle birlikte kendini ABD\u2019nin kollar\u0131 aras\u0131nda buluvermi\u015ftir.<\/div>\n<div class=\"yiv3519742649\">O g\u00fcnden bug\u00fcne seviyeli bir birliktelik ya\u015fayan ABD \u2013 T\u00fcrkiye ili\u015fkileri, K\u0131br\u0131s Bar\u0131\u015f Harek\u00e2t\u0131 ve 1 Mart Tezkeresi gibi durumlar\u0131 saymazsak genel olarak masadaki ABD\u2019nin yan\u0131nda yanc\u0131 g\u00f6r\u00fcnt\u00fcs\u00fc verilerek devam etmi\u015ftir.<\/div>\n<div id=\"yiv3519742649yui_3_16_0_1_1436855627031_91399\" class=\"yiv3519742649\">Ancak son yirmi y\u0131lda Muavenet Muhribi\u2019nin vurulmas\u0131, \u00c7eki\u00e7 G\u00fc\u00e7\u2019\u00fcn PKK ter\u00f6r \u00f6rg\u00fct\u00fcne yard\u0131mlar\u0131, \u00c7uval rezaleti, T\u00fcrk \u00d6zel Polis Timi\u2019nin pusuya d\u00fc\u015f\u00fcr\u00fclmesi gibi hadiselerle ABD taraf\u0131ndan T\u00fcrkiye s\u00fcrekli olarak uyar\u0131lm\u0131\u015ft\u0131r. Bu ise elbette T\u00fcrkiye i\u00e7erisinde dozu gittik\u00e7e artan bir Amerikan kar\u015f\u0131tl\u0131\u011f\u0131 olu\u015fmas\u0131na neden olmu\u015ftur. NATO\u2019da m\u00fcttefik olan T\u00fcrkiye ve ABD ayn\u0131 zamanda asl\u0131nda pek \u00e7ok alanda \u00e7\u0131kar birlikteli\u011fine sahip olmalar\u0131na ra\u011fmen gittik\u00e7e uzakla\u015fmaya ba\u015flam\u0131\u015flard\u0131r. Bunun en a\u00e7\u0131k \u00f6rne\u011fi ise Irak ve Suriye konusunda ortaya \u00e7\u0131km\u0131\u015ft\u0131r. Irak\u2019\u0131n kuzeyindeki fiili durum ile Suriye konusunda Ankara\u2019ya net bir mesaj iletemeyen Va\u015fington y\u00f6netiminin gizli ajandas\u0131 olup olmad\u0131\u011f\u0131 ve Suriye\u2019nin kuzeyinde de bir oldubitti ile fiili durum meydana getirmek istedi\u011fi kanaati T\u00fcrk kamuoyunda ciddi ciddi tart\u0131\u015f\u0131l\u0131r olmu\u015ftur.<\/div>\n<div class=\"yiv3519742649\">Ek 1\u2019de g\u00f6r\u00fclece\u011fi gibi ABD Devleti taraf\u0131ndan rutin olarak ger\u00e7ekle\u015ftirilen d\u00fcnya \u00e7ap\u0131ndaki kamuoyu ara\u015ft\u0131rmas\u0131n\u0131n sonuncusunda T\u00fcrkiye\u2019deki ABD sevgisi nefret k\u0131sm\u0131na d\u00fc\u015fm\u00fc\u015ft\u00fcr. Sevmeyen durumundaki \u00fclkelere dikkat ederseniz T\u00fcrkiye hari\u00e7 hi\u00e7 biri NATO \u00fcyesi de\u011fildir. Ancak ilgin\u00e7 bir ayr\u0131nt\u0131 daha vard\u0131r ki, ABD\u2019nin ye\u015fil ku\u015fak projesi kapsam\u0131ndaki eski dostlar\u0131 olan \u00dcrd\u00fcn ve Pakistan da T\u00fcrkiye\u2019ye benzer bir \u015fekilde ABD\u2019yi sevmeyen \u00fclkeler haline gelmi\u015ftir. Pakistan, ABD\u2019nin Taliban ile m\u00fccadelesine en anlaml\u0131 deste\u011fi vermesine ra\u011fmen bizzat ABD hava kuvvetleri taraf\u0131ndan s\u00fcrekli bombalanmas\u0131 nedeniyle; \u00dcrd\u00fcn ise Suriye\u2019deki i\u00e7 sava\u015fta ABD\u2019nin uygulad\u0131\u011f\u0131 mu\u011fl\u00e2k tav\u0131r ve Filistin nedeniyle \u00f6nemli \u00f6l\u00e7\u00fcde ABD\u2019ye olan sempatisini kaybetmi\u015ftir.<\/div>\n<div id=\"yiv3519742649yui_3_16_0_1_1436855627031_91400\" class=\"yiv3519742649\">Oysa ABD\u2019nin her \u00fc\u00e7 \u00fclkeye de \u00e7ok ciddi alamda ihtiyac\u0131 vard\u0131r. Ne T\u00fcrkiye\u2019nin yerini yeni m\u00fcttefik aday\u0131 \u0130ran tutabilir, ne de Irak ve Suriye\u2019nin kuzeyinde olu\u015fturaca\u011f\u0131 yapay devlet bu imk\u00e2na sahiptir. Ayn\u0131 \u015fekilde Pakistan\u2019\u0131n Orta Asya\u2019daki stratejik imk\u00e2nlar\u0131n\u0131 b\u00f6lgede verebilecek ba\u015fka bir g\u00fc\u00e7 yoktur. Ayn\u0131 \u015fekilde \u0130srail\u2019e kar\u015f\u0131 olu\u015fabilecek muhtemel bir Arap kalk\u0131\u015fmas\u0131nda da bunu frenleyebilecek \u00dcrd\u00fcn d\u0131\u015f\u0131nda ba\u015fka bir devlet yoktur.<\/div>\n<div class=\"yiv3519742649\">ABD\u2019nin durumunu daha net olarak g\u00f6zler \u00f6n\u00fcne koyan bir ba\u015fka tablo ile konuyu s\u00fcrd\u00fcrelim. Ek 2\u2019de ABD\u2019ye vize uygulayan \u00fclkelerin listesi ve d\u00fcnya \u00fczerindeki konumlar\u0131 var.<\/div>\n<div class=\"yiv3519742649\">Dikkat ettiyseniz bu tabloda mant\u0131ks\u0131z olan 4 unsur var. Birincisi NATO \u00fcyesi T\u00fcrkiye, 2\u2019nci Arap Yar\u0131madas\u0131\u2019ndaki de\u011fi\u015fmez m\u00fcttefiki Suudi Arabistan ve 3\u2019\u00fcnc\u00fc olarak da Avustralya ve 4\u2019\u00fcnc\u00fc olarak da Pakistan.<\/div>\n<div class=\"yiv3519742649\">Peki, ABD bunu neden yap\u0131yor?<\/div>\n<div id=\"yiv3519742649yui_3_16_0_1_1436855627031_91401\" class=\"yiv3519742649\">Bu soruya cevap aramadan \u00f6nce yaz\u0131m\u0131z\u0131n ba\u015f\u0131ndaki 4 oyuncuyu k\u0131saca g\u00f6rmemiz gerekli.<\/div>\n<div id=\"yiv3519742649yui_3_16_0_1_1436855627031_91408\" class=\"yiv3519742649\">Rusya\u2019n\u0131n Ukrayna\u2019dan K\u0131r\u0131m\u2019\u0131 ve Donetsk\u2019i, Moldova\u2019dan Trans Dinyester\u2019i, G\u00fcrcistan\u2019dan Abhazya ve G\u00fcney Osetya\u2019y\u0131, Azerbaycan\u2019dan ise Karaba\u011f\u2019\u0131 yerel g\u00fc\u00e7ler ve\/veya silahland\u0131rd\u0131\u011f\u0131 militanlar\u0131nca ele ge\u00e7irdi\u011fi ve kendi stratejik hedefleri do\u011frultusunda yeniden SSCB d\u00f6nemine d\u00f6nme arzusu ta\u015f\u0131d\u0131\u011f\u0131 bilinen bir ger\u00e7ek. (Ek 3)<\/div>\n<div class=\"yiv3519742649\">Bu konuda BDT \u00fclkelerini s\u00fcrekli s\u0131k\u0131\u015ft\u0131rarak onlar\u0131 her alanda elinde tutmak i\u00e7in yo\u011fun bir \u00e7aba da harc\u0131yor. Turuncu devrimlerle elden ka\u00e7\u0131rd\u0131\u011f\u0131 Ukrayna, G\u00fcrcistan ve K\u0131rg\u0131zistan gibi \u00fclkeleri yeniden ama bu kez silah zoruyla yan\u0131na \u00e7ekmeye \u00e7al\u0131\u015f\u0131yor. Ukrayna ve G\u00fcrcistan buna direnirken K\u0131rg\u0131zistan ise biraz da Kazakistan\u2019\u0131n g\u00fcvence vermesiyle birlikte 14 Temmuz 2015 itibariyle Putin\u2019in de onay\u0131yla art\u0131k resmen \u2018Avrasya Birli\u011fi\u2019 \u00fcyesi oldu.<\/div>\n<div class=\"yiv3519742649\">Buna kar\u015f\u0131l\u0131k ABD ise, Ermenistan\u2019da enerji isyan\u0131n\u0131 te\u015fvik ederek bir nevi yeni bir turuncu devrim ile Ermenileri yan\u0131na \u00e7ekmenin ve b\u00f6ylece Azerbaycan\u2019\u0131n da tatmin edilerek Ermenistan\u2019\u0131 i\u00e7inden \u00e7\u0131k\u0131lamaz hale gelen T\u00fcrk ablukas\u0131ndan kurtarmay\u0131 pl\u00e2nlamakta b\u00f6ylece Kafkasya\u2019da s\u0131n\u0131rlar\u0131 koruyarak T\u00fcrkiye, Azerbaycan, G\u00fcrcistan ve Ermenistan aras\u0131nda en az\u0131ndan i\u015fbirli\u011fi olu\u015fumunu tesis etmeyi tasarlamaktad\u0131r. Bu konuda ayr\u0131ca T\u00fcrkiye ve Ermenistan\u2019\u0131 soyk\u0131r\u0131m iddialar\u0131 konusunda herkesi tatmin edecek bir d\u00fczleme getirme projesi de vard\u0131r.<\/div>\n<div id=\"yiv3519742649yui_3_16_0_1_1436855627031_91409\" class=\"yiv3519742649\">Rusya ayr\u0131ca Irak\u2019ta yapt\u0131\u011f\u0131 hatay\u0131 tekrar etmek istememekte ve Suriye konusunda \u015eam y\u00f6netimine Lazkiye\u2019deki askeri \u00fcss\u00fcn\u00fc de kullanarak her t\u00fcrl\u00fc deste\u011fi sa\u011flamaktad\u0131r. Bu da Esed y\u00f6netiminin bunca karga\u015faya ra\u011fmen h\u00e2l\u00e2 b\u00f6lgede etkin bir g\u00fc\u00e7 olmas\u0131n\u0131 sa\u011flamaktad\u0131r. \u0130\u015fin daha da ilginci ABD hava kuvvetlerinin deste\u011fiyle PYD\u2019nin Barzani\u2019ye denize \u00e7\u0131kmak i\u00e7in yol olarak a\u00e7t\u0131\u011f\u0131 kuzey Suriye koridorunun da \u00f6n\u00fcndeki iki engelden birini Ruslar te\u015fkil etmektedir. (Di\u011fer engel ise T\u00fcrkiye\u2019mizin Hatay vilayetidir.)<\/div>\n<div id=\"yiv3519742649yui_3_16_0_1_1436855627031_91410\" class=\"yiv3519742649\">\u00c7in ise binlerce y\u0131ll\u0131k tarihine ve kalabal\u0131k n\u00fcfusuna ra\u011fmen \u00e7a\u011flar boyunca genelde T\u00fcrk hakimiyetinde ya\u015fad\u0131\u011f\u0131 veya T\u00fcrklerle m\u00fccadele etti\u011fi i\u00e7in asla f\u00fctuhat sahibi olamam\u0131\u015ft\u0131r. Bu konuda ciddi bir tecr\u00fcbesi ve k\u00fclt\u00fcr\u00fc yoktur. Sadece yak\u0131n kom\u015fular\u0131n\u0131n hatalar\u0131ndan istifade ederek onlar\u0131n bir k\u0131s\u0131m topraklar\u0131n\u0131 o da 2\u2019nci D\u00fcnya Sava\u015f\u0131 ard\u0131ndan i\u015fgal edebilmi\u015f bir \u00fclkedir. Do\u011fu T\u00fcrkistan, Tibet ve \u0130\u00e7 Mo\u011folistan bu bak\u0131mdan \u00c7in\u2019in kanayan yaras\u0131d\u0131r. Bu nedenle de kartlar kar\u0131l\u0131rken oyuncu durumunda olan \u00c7in ayn\u0131 zamanda kalabal\u0131k n\u00fcfusu ve teknoloji kopyalamas\u0131 d\u0131\u015f\u0131nda \u00e7ok ciddi bir art\u0131ya sahip de\u011fildir. B\u00f6lgedeki T\u00fcrk devletleriyle, Japonya\u2019yla ve G\u00fcney Kore\u2019yle de ciddi sorunlar\u0131 vard\u0131r. Buna kar\u015f\u0131l\u0131k \u015eangay \u0130\u015fbirli\u011fi \u00d6rg\u00fct\u00fc ile Rusya ile yak\u0131nla\u015fm\u0131\u015ft\u0131r.<\/div>\n<div class=\"yiv3519742649\">AB ise \u0130zlanda\u2019da ba\u015flayan ve en on Yunanistan\u2019da ayyuka \u00e7\u0131kan Avro ekonomik krizi nedeniyle tarihinin en g\u00fc\u00e7 d\u00f6nemini ya\u015famaktad\u0131r. Avrupa\u2019n\u0131n ya\u015fl\u0131 halklar\u0131, Almanya ve Fransa\u2019n\u0131n s\u0131rt\u0131ndan daha ne kadar ge\u00e7inebilir \u015f\u00fcphelidir\u2026 Buna kar\u015f\u0131n AB Projesi revize edilir ve K\u0131br\u0131s Rum kesimi, Yunanistan, Bulgaristan vb. y\u00fck olu\u015fturan \u00fclkeler birlik d\u0131\u015f\u0131na \u00f6telenirse veya bunlar\u0131n olmad\u0131\u011f\u0131 \u00fcst kurul mant\u0131\u011f\u0131yla S\u00fcper AB veya Elit AB olu\u015fturulursa masan\u0131n yeniden ciddi bir oyuncusu olma ihtimali y\u00fcksektir.<\/div>\n<div class=\"yiv3519742649\">Bu durumda T\u00fcrkiye ne yapacakt\u0131r?<\/div>\n<div class=\"yiv3519742649\">G\u00f6r\u00fcld\u00fc\u011f\u00fc gibi T\u00fcrkiye \u00c7in ile Do\u011fu T\u00fcrkistan konusunda, Rusya ile K\u0131r\u0131m, G\u00fcrcistan ve Karaba\u011f konusunda ve ABD ile g\u00fcneyimizde olu\u015fturulmak istenen yapay ku\u015fak konusunda s\u0131k\u0131nt\u0131lar ya\u015famaktad\u0131r. AB ile de K\u0131br\u0131s nedeniyle yakla\u015f\u0131k 60 y\u0131ld\u0131r sorun ya\u015famaktad\u0131r.<\/div>\n<div class=\"yiv3519742649\">Asl\u0131nda bu sorunlar\u0131n hi\u00e7 biri de a\u015f\u0131lamayacak \u00f6l\u00e7\u00fcde de\u011fildir. Ancak muhataplar\u0131m\u0131z\u0131n anla\u015fma yolu yerine inatla projelerini s\u00fcrd\u00fcrmeleri tehlikeli boyutlara ula\u015fm\u0131\u015ft\u0131r.<\/div>\n<div id=\"yiv3519742649yui_3_16_0_1_1436855627031_91411\" class=\"yiv3519742649\">\u00c7in Do\u011fu T\u00fcrkistan\u2019\u0131 tamamen eritme konusunda, Rusya yay\u0131lmac\u0131 anlay\u0131\u015f\u0131n\u0131 s\u00fcrd\u00fcrme konusunda, AB ise kendi medeniyetinin temelinde Helen k\u00fclt\u00fcr\u00fc oldu\u011fu masal\u0131na inand\u0131\u011f\u0131 ve bu inatlar\u0131n\u0131 s\u00fcrd\u00fcrd\u00fckleri m\u00fcddet\u00e7e bu zordur.<\/div>\n<div id=\"yiv3519742649yui_3_16_0_1_1436855627031_91412\" class=\"yiv3519742649\">ABD ise dengesiz ve kaypak bir politika s\u00fcrd\u00fcrerek T\u00fcrkiye\u2019yi tedirgin etmeye devam etmektedir. \u0130ran ile anla\u015fmaya vararak \u0130ran\u2019\u0131n n\u00fckleer g\u00fc\u00e7 olmas\u0131na sar\u0131 \u0131\u015f\u0131k yakarken, bir yandan da \u0130ran pazar\u0131n\u0131 ele ge\u00e7irme ve \u0130srail\u2019in ekonomik g\u00fc\u00e7 kullan\u0131larak g\u00fcvenceye al\u0131nmas\u0131n\u0131 sa\u011flamaktad\u0131r. Di\u011fer yandan Azerbaycan\u2019dan ald\u0131\u011f\u0131m\u0131z bilgilere g\u00f6re \u0130ran\u2019\u0131n K\u00fcrdistan eyaletinden G\u00fcney Bat\u0131 Azerbaycan\u2019a \u00f6zellikle de Urumiye \u00e7evresine n\u00fcfus kayd\u0131r\u0131larak b\u00f6lgenin etnik yap\u0131s\u0131 T\u00fcrkler aleyhine bozulmaya devam edilmektedir. B\u00f6ylece T\u00fcrkiye\u2019nin g\u00fcney ve do\u011fusundaki 3 kom\u015fusuyla s\u0131n\u0131rlar\u0131 da hukuken olmasa da fiilen Erbil y\u00f6netiminin kontrol\u00fcne ge\u00e7mektedir. K\u0131sacas\u0131 T\u00fcrkiye\u2019nin etraf\u0131 yeni bir ku\u015fak projesi ile \u00e7evrelenmektedir.<\/div>\n<div id=\"yiv3519742649yui_3_16_0_1_1436855627031_91614\" class=\"yiv3519742649\">E\u011fer ki, 3\u2019nc\u00fc D\u00fcnya Sava\u015f\u0131 \u00e7\u0131kacaksa bu tablodan g\u00f6r\u00fcld\u00fc\u011f\u00fc kadar\u0131yla T\u00fcrkiye\u2019nin 2\u2019nci D\u00fcnya Sava\u015f\u0131\u2019nda oldu\u011fu gibi tarafs\u0131z kalma \u015fans\u0131 yoktur. Hatta T\u00fcrkiye ne yaz\u0131k ki cephe \u00fclkesi g\u00f6r\u00fcn\u00fcm\u00fcndedir.<\/div>\n<div class=\"yiv3519742649\">Ya 1\u2019nci D\u00fcnya Sava\u015f\u0131\u2019ndaki gibi masada olacakt\u0131r, ya da yanc\u0131 olarak bir g\u00fcc\u00fcn yan\u0131nda sava\u015fa girecektir.<\/div>\n<div class=\"yiv3519742649\">1\u2019nci D\u00fcnya Sava\u015f\u0131\u2019nda masada olmam\u0131za ra\u011fmen basiretsizce ordumuzun y\u00f6netimini m\u00fcttefiklere b\u0131rak\u0131p askerlerimizi insan kayna\u011f\u0131 gibi g\u00f6ren bir zihniyete teslim edersek galip tarafta olsak bile sonu\u00e7ta kaybeden olaca\u011f\u0131m\u0131z kesindir.<\/div>\n<div id=\"yiv3519742649yui_3_16_0_1_1436855627031_91413\" class=\"yiv3519742649\">Ya da masada olmak i\u00e7in var g\u00fcc\u00fcm\u00fczle \u00e7al\u0131\u015fmam\u0131z gereklidir. Bu konuda n\u00fckleer enerji santralleri T\u00fcrkiye ekonomisi i\u00e7in olmazsa olmaz birer g\u00fc\u00e7 kayna\u011f\u0131 olacakt\u0131r. Boru hatlar\u0131 projeleri elimizi g\u00fc\u00e7lendirecektir. Savunma sanayi projeleri h\u0131zla geli\u015ftirilip ger\u00e7ek m\u00fcttefiklere destek verebilecek duruma getirilmelidir. Ancak bu arada etraf\u0131m\u0131z\u0131 sarmakta olan ku\u015fa\u011fa kar\u015f\u0131 somut ve net bir tav\u0131r i\u00e7inde olunmas\u0131 ka\u00e7\u0131n\u0131lmazd\u0131r.<\/div>\n<div id=\"yiv3519742649yui_3_16_0_1_1436855627031_91565\" class=\"yiv3519742649\">\u015eimdi ayn\u0131 soruyu yine soruyoruz:<\/div>\n<div id=\"yiv3519742649yui_3_16_0_1_1436855627031_91564\" class=\"yiv3519742649\">ABD bunlar\u0131 neden yap\u0131yor?<\/div>\n<div id=\"yiv3519742649yui_3_16_0_1_1436855627031_91563\" class=\"yiv3519742649\">Hayali B\u00fcy\u00fck Ortado\u011fu Projesi\u2019ni hayata ge\u00e7irmek i\u00e7in 22 \u00fclkeyi kar\u0131\u015ft\u0131r\u0131p; T\u00fcrkiye gibi bir m\u00fcttefikten vazge\u00e7mek ne kadar rasyoneldir, tart\u0131\u015f\u0131l\u0131r\u2026 T\u00fcrkiye, \u0130srail i\u00e7in bir tehdit midir, tart\u0131\u015f\u0131l\u0131r\u2026<\/div>\n<div id=\"yiv3519742649yui_3_16_0_1_1436855627031_91414\" class=\"yiv3519742649\">Di\u011fer \u015f\u0131k ise T\u00fcrkiye\u2019nin \u2018S\u00fcper G\u00fc\u00e7\u2019 olma ihtimalidir. E\u011fer ki T\u00fcrkiye\u2019nin geli\u015ferek masaya oturacak 5\u2019nci taraf olma ihtimali bu kadar g\u00fc\u00e7l\u00fc ise ABD\u2019nin bu konuda asl\u0131nda destek olmas\u0131 \u00e7\u0131karlar\u0131 gere\u011fidir. \u00c7\u00fcnk\u00fc muhtemel taraflar g\u00f6z \u00f6n\u00fcne al\u0131nd\u0131\u011f\u0131nda, T\u00fcrk milletinin binlerce y\u0131ll\u0131k tarihi zaten ABD\u2019nin muhtemel rakipleriyle m\u00fccadele i\u00e7inde ge\u00e7mi\u015ftir. Bu bak\u0131mdan Anglo-Sakson blok kal\u0131c\u0131 bir d\u00fcnya bar\u0131\u015f\u0131 i\u00e7in T\u00fcrkiye ile i\u015fbirli\u011fi yapmak zorundad\u0131r. Aksi durumda ilk kez kaybeden taraf olma ihtimalleri kuvvetlidir.<\/div>\n<div id=\"bghab-3877647730\" class=\"bghab-yazi-altinda bghab-entity-placement\"><div class=\"bghab-adlabel\">Reklamlar<\/div><script async src=\"https:\/\/pagead2.googlesyndication.com\/pagead\/js\/adsbygoogle.js\"><\/script>\r\n<!-- bghaber-yaz\u0131-sonu -->\r\n<ins class=\"adsbygoogle\"\r\n     style=\"display:block\"\r\n     data-ad-client=\"ca-pub-6203283170189293\"\r\n     data-ad-slot=\"4222328180\"\r\n     data-ad-format=\"auto\"\r\n     data-full-width-responsive=\"true\"><\/ins>\r\n<script>\r\n     (adsbygoogle = window.adsbygoogle || []).push({});\r\n<\/script><\/div><br style=\"clear: both; display: block; float: none;\"\/>","protected":false},"excerpt":{"rendered":"<p>\u00a0\u00a0Alptekin CEVHERL\u0130 \u0130lk devletlerden ve hata kabilelerden g\u00fcn\u00fcm\u00fcze insanl\u0131k stratejik kaynaklar nedeniyle pek \u00e7ok sava\u015f ya\u015fam\u0131\u015f ve bunlarda y\u00fcz milyonlarca insan hayat\u0131n\u0131 kaybetmi\u015ftir. Ki\u015fisel ihtiraslar<\/p>\n","protected":false},"author":13,"featured_media":15552,"comment_status":"closed","ping_status":"closed","sticky":false,"template":"","format":"standard","meta":{"advanced_seo_description":"","jetpack_seo_html_title":"","jetpack_seo_noindex":false,"_jetpack_memberships_contains_paid_content":false,"footnotes":""},"categories":[6],"tags":[],"class_list":["post-15547","post","type-post","status-publish","format-standard","has-post-thumbnail","hentry","category-yorum"],"jetpack_featured_media_url":"https:\/\/i0.wp.com\/www.bghaber.org\/bghaber\/wp-content\/uploads\/2015\/07\/10624786_515761328527442_7016449216087267307_n.jpg?fit=147%2C176&ssl=1","jetpack_sharing_enabled":true,"jetpack_likes_enabled":true,"jetpack-related-posts":[],"jetpack_shortlink":"https:\/\/wp.me\/pc2PfJ-42L","_links":{"self":[{"href":"https:\/\/www.bghaber.org\/bghaber\/wp-json\/wp\/v2\/posts\/15547","targetHints":{"allow":["GET"]}}],"collection":[{"href":"https:\/\/www.bghaber.org\/bghaber\/wp-json\/wp\/v2\/posts"}],"about":[{"href":"https:\/\/www.bghaber.org\/bghaber\/wp-json\/wp\/v2\/types\/post"}],"author":[{"embeddable":true,"href":"https:\/\/www.bghaber.org\/bghaber\/wp-json\/wp\/v2\/users\/13"}],"replies":[{"embeddable":true,"href":"https:\/\/www.bghaber.org\/bghaber\/wp-json\/wp\/v2\/comments?post=15547"}],"version-history":[{"count":0,"href":"https:\/\/www.bghaber.org\/bghaber\/wp-json\/wp\/v2\/posts\/15547\/revisions"}],"wp:featuredmedia":[{"embeddable":true,"href":"https:\/\/www.bghaber.org\/bghaber\/wp-json\/wp\/v2\/media\/15552"}],"wp:attachment":[{"href":"https:\/\/www.bghaber.org\/bghaber\/wp-json\/wp\/v2\/media?parent=15547"}],"wp:term":[{"taxonomy":"category","embeddable":true,"href":"https:\/\/www.bghaber.org\/bghaber\/wp-json\/wp\/v2\/categories?post=15547"},{"taxonomy":"post_tag","embeddable":true,"href":"https:\/\/www.bghaber.org\/bghaber\/wp-json\/wp\/v2\/tags?post=15547"}],"curies":[{"name":"wp","href":"https:\/\/api.w.org\/{rel}","templated":true}]}}