{"id":15544,"date":"2015-07-15T00:07:42","date_gmt":"2015-07-14T21:07:42","guid":{"rendered":"http:\/\/www.bghaber.org\/bghaber\/?p=15544"},"modified":"2015-07-15T12:00:21","modified_gmt":"2015-07-15T09:00:21","slug":"cocuklara-helal-gida-tartismasi-kanada-buyuleyiciliginde","status":"publish","type":"post","link":"https:\/\/www.bghaber.org\/bghaber\/cocuklara-helal-gida-tartismasi-kanada-buyuleyiciliginde\/","title":{"rendered":"\u00c7ocuklara hel\u00e2l g\u0131da tart\u0131\u015fmas\u0131 Kanada B\u00fcy\u00fcleyicili\u011finde"},"content":{"rendered":"<div><img data-recalc-dims=\"1\" height=\"225\" width=\"300\" decoding=\"async\" src=\"https:\/\/i0.wp.com\/www.bghaber.org\/bghaber\/wp-content\/uploads\/2015\/07\/iki-sava%C5%9F%C3%A7%C4%B1-001-300x225.jpg?resize=300%2C225\" alt=\"iki-sava\u015f\u00e7\u0131-001\" \/><\/div>\n<div>Mektupta K\u0131rcaali \u0130li n\u00fcfusunun \u00fc\u00e7te ikisinin M\u00fcsl\u00fcman dinine mensup olmas\u0131na ra\u011fmen ailelerin bilgisi olmadan kre\u015flerde \u00e7ocuklara domuz eti yedirildi\u011fi belirtiliyor.<\/div>\n<div><\/div>\n<div>\u0130smi ge\u00e7en iki vatanda\u015f, daha \u00f6nce Bulgaristan Ba\u015fm\u00fcft\u00fcl\u00fc\u011f\u00fc\u2019ne ve Ba\u015fsavc\u0131l\u0131\u011f\u0131\u2019na konuyla ilgili mektup yazm\u0131\u015ft\u0131, ancak M\u00fcft\u00fcl\u00fckten yan\u0131t gelmemi\u015fti, Bakanlar Kurulu\u2019ndan ise \u015fu yan\u0131t gelmi\u015fti:<\/div>\n<div><strong><em>Bulgaristan l\u00e2ik bir devlettir. Belediye ve devlet e\u011fitim kurumlar\u0131nda ve hastahanelerde \u00a0\u00e7ocuklar\u0131n annelerinin babalar\u0131n\u0131n dinine g\u00f6re de\u011fil, \u00e7ocuklar\u0131n kalori ihtiya\u00e7lar\u0131na uygun olarak beslenilir.<\/em><\/strong><\/div>\n<div><\/div>\n<div>Cevdet Mustafa ile Mehmet Tevfik kre\u015flerde M\u00fcsl\u00fcman \u00e7ocuklara 2 ya\u015f\u0131ndan itibaren domuz \u00fcr\u00fcnleri i\u00e7eren yemekler yedirilmesinden \u015fik\u00e2yet ediyor.<\/div>\n<div><\/div>\n<div>Bulgaristan h\u00fck\u00fcmetinin, vatanda\u015flar\u0131n dinini umursamad\u0131\u011f\u0131 da vurgulan\u0131yor.<\/div>\n<div><\/div>\n<div>Bulgaristan d\u0131\u015f\u0131nda her \u00fclkede ailelerin, \u00e7ocuklar\u0131n\u0131 kendi dinlerine g\u00f6re e\u011fitme hakk\u0131na sahip oldu\u011fu belirtiliyor ve \u015fu ifadelere yer veriliyor:<\/div>\n<div><strong><em>Domuz eti yememe kural\u0131 zorunludur. Biz de \u00e7ocuklar\u0131m\u0131za b\u00f6yle \u00f6\u011fretiyoruz. Bulgar h\u00fck\u00fcmeti, domuz etinin daha kalorili ve besleyici oldu\u011funu d\u00fc\u015f\u00fcn\u00fcyor diye biz de bu kural\u0131 de\u011fi\u015ftiremeyiz. Fakat Bulgar okullar\u0131nda veya \u00e7ocuk kre\u015flerinde \u00e7ocuklar\u0131m\u0131za 3 veya 5 ya\u015f\u0131ndan itibaren domuz eti sunuldu\u011funda ben ve e\u015fim, \u00e7ocuklar\u0131m\u0131z\u0131 dinimize g\u00f6re e\u011fitme ve \u00e7ocuklar\u0131m\u0131z\u0131n beslenme rejimini belirleme hakk\u0131 gibi s\u0131radan insan\u00ee hakk\u0131m\u0131z\u0131 kaybetmi\u015f oluyoruz.<\/em><\/strong><\/div>\n<div><\/div>\n<div>Kanada\u2019n\u0131n farkl\u0131 dinden ve k\u00fclt\u00fcrden gelen topluluklar\u0131n hakk\u0131n\u0131 koruma konusunda \u00f6rnek bir \u00fclke oldu\u011fu ve farkl\u0131 k\u00fclt\u00fcrlerden gelen halklar\u0131n huzur i\u00e7inde ya\u015fad\u0131\u011f\u0131 ifade ediliyor.<\/div>\n<div><\/div>\n<div>Mektupta \u015fu ifadelere de yer veriliyor:<\/div>\n<div><strong><em>Say\u0131n B\u00fcy\u00fckel\u00e7i, Eski Za\u011fra \u0130dare Mahkemesi\u2019nin 7 May\u0131s 2015 tarihli 287 <\/em><\/strong><strong><em>\/ 2013 No\u2019lu davas\u0131nda da g\u00f6r\u00fcld\u00fc\u011f\u00fc \u00fczere hapishane mahk\u00fbmlar\u0131n\u0131n liberal M\u00fcsl\u00fcman ailelerinden daha fazla hakka sahip oldu\u011fu bir \u00fclkede ya\u015famak istemiyoruz.<\/em><\/strong><\/div>\n<div><\/div>\n<div>Ayd\u0131n Osman \u00a0<strong>T <\/strong><strong>HABER<\/strong><\/div>\n<div id=\"bghab-2374796068\" class=\"bghab-yazi-altinda bghab-entity-placement\"><div class=\"bghab-adlabel\">Reklamlar<\/div><script async src=\"https:\/\/pagead2.googlesyndication.com\/pagead\/js\/adsbygoogle.js\"><\/script>\r\n<!-- bghaber-yaz\u0131-sonu -->\r\n<ins class=\"adsbygoogle\"\r\n     style=\"display:block\"\r\n     data-ad-client=\"ca-pub-6203283170189293\"\r\n     data-ad-slot=\"4222328180\"\r\n     data-ad-format=\"auto\"\r\n     data-full-width-responsive=\"true\"><\/ins>\r\n<script>\r\n     (adsbygoogle = window.adsbygoogle || []).push({});\r\n<\/script><\/div><br style=\"clear: both; display: block; float: none;\"\/>","protected":false},"excerpt":{"rendered":"<p>Mektupta K\u0131rcaali \u0130li n\u00fcfusunun \u00fc\u00e7te ikisinin M\u00fcsl\u00fcman dinine mensup olmas\u0131na ra\u011fmen ailelerin bilgisi olmadan kre\u015flerde \u00e7ocuklara domuz eti yedirildi\u011fi belirtiliyor. \u0130smi ge\u00e7en iki vatanda\u015f, daha<\/p>\n","protected":false},"author":13,"featured_media":15464,"comment_status":"closed","ping_status":"closed","sticky":false,"template":"","format":"standard","meta":{"advanced_seo_description":"","jetpack_seo_html_title":"","jetpack_seo_noindex":false,"_jetpack_memberships_contains_paid_content":false,"footnotes":""},"categories":[5],"tags":[],"class_list":["post-15544","post","type-post","status-publish","format-standard","has-post-thumbnail","hentry","category-yasam"],"jetpack_featured_media_url":"https:\/\/i0.wp.com\/www.bghaber.org\/bghaber\/wp-content\/uploads\/2015\/07\/iki-sava%C5%9F%C3%A7%C4%B1-001-scaled.jpg?fit=2560%2C1920&ssl=1","jetpack_sharing_enabled":true,"jetpack_likes_enabled":true,"jetpack-related-posts":[],"jetpack_shortlink":"https:\/\/wp.me\/pc2PfJ-42I","_links":{"self":[{"href":"https:\/\/www.bghaber.org\/bghaber\/wp-json\/wp\/v2\/posts\/15544","targetHints":{"allow":["GET"]}}],"collection":[{"href":"https:\/\/www.bghaber.org\/bghaber\/wp-json\/wp\/v2\/posts"}],"about":[{"href":"https:\/\/www.bghaber.org\/bghaber\/wp-json\/wp\/v2\/types\/post"}],"author":[{"embeddable":true,"href":"https:\/\/www.bghaber.org\/bghaber\/wp-json\/wp\/v2\/users\/13"}],"replies":[{"embeddable":true,"href":"https:\/\/www.bghaber.org\/bghaber\/wp-json\/wp\/v2\/comments?post=15544"}],"version-history":[{"count":0,"href":"https:\/\/www.bghaber.org\/bghaber\/wp-json\/wp\/v2\/posts\/15544\/revisions"}],"wp:featuredmedia":[{"embeddable":true,"href":"https:\/\/www.bghaber.org\/bghaber\/wp-json\/wp\/v2\/media\/15464"}],"wp:attachment":[{"href":"https:\/\/www.bghaber.org\/bghaber\/wp-json\/wp\/v2\/media?parent=15544"}],"wp:term":[{"taxonomy":"category","embeddable":true,"href":"https:\/\/www.bghaber.org\/bghaber\/wp-json\/wp\/v2\/categories?post=15544"},{"taxonomy":"post_tag","embeddable":true,"href":"https:\/\/www.bghaber.org\/bghaber\/wp-json\/wp\/v2\/tags?post=15544"}],"curies":[{"name":"wp","href":"https:\/\/api.w.org\/{rel}","templated":true}]}}